{"id":3495,"date":"2025-04-24T23:50:37","date_gmt":"2025-04-24T21:50:37","guid":{"rendered":"https:\/\/catholicus.eu\/pl\/?p=3495"},"modified":"2025-04-24T23:50:37","modified_gmt":"2025-04-24T21:50:37","slug":"swiety-sojusz-tajna-sluzba-watykanu-ktora-w-cieniu-walczyla-o-swiatlo","status":"publish","type":"post","link":"https:\/\/catholicus.eu\/pl\/swiety-sojusz-tajna-sluzba-watykanu-ktora-w-cieniu-walczyla-o-swiatlo\/","title":{"rendered":"\u015awi\u0119ty Sojusz: Tajna s\u0142u\u017cba Watykanu, kt\u00f3ra w cieniu walczy\u0142a o \u015bwiat\u0142o"},"content":{"rendered":"\n<h3 class=\"wp-block-heading\">Wprowadzenie: Tajemnica, wiara i duchowa si\u0142a<\/h3>\n\n\n\n<p>W cichych korytarzach Watykanu, gdzie historia splata si\u0119 z wieczno\u015bci\u0105, przez wieki istnia\u0142a organizacja, o kt\u00f3rej ma\u0142o kto wiedzia\u0142 i jeszcze mniej os\u00f3b rozumia\u0142o jej misj\u0119: <strong>\u015awi\u0119ty Sojusz<\/strong>, papieska tajna s\u0142u\u017cba. Nie by\u0142a to agencja rodem z Hollywood, lecz <strong>milcz\u0105ca stra\u017c wiary<\/strong>, niewidzialna tarcza chroni\u0105ca nie tylko Papie\u017ca, ale sam Ko\u015bci\u00f3\u0142 przed zagro\u017ceniami zewn\u0119trznymi i wewn\u0119trznymi.<\/p>\n\n\n\n<p>Ale co to ma wsp\u00f3lnego z Tob\u0105, drogi Czytelniku, kt\u00f3ry mo\u017ce chcesz lepiej zrozumie\u0107 swoj\u0105 wiar\u0119, rozpozna\u0107 swoje miejsce w \u015bwiecie i pozosta\u0107 wiernym w tych burzliwych czasach?<\/p>\n\n\n\n<p>Ten artyku\u0142 to <strong>podr\u00f3\u017c w czasie<\/strong>, ale te\u017c <strong>przewodnik, jak \u201etajny pakt\u201d mo\u017ce nas nauczy\u0107 odwagi, czujno\u015bci i wierno\u015bci w \u015bwiecie, gdzie prawda jest nieustannie atakowana<\/strong>.<\/p>\n\n\n\n<hr class=\"wp-block-separator has-alpha-channel-opacity\"\/>\n\n\n\n<h3 class=\"wp-block-heading\">1. Czym by\u0142 \u015awi\u0119ty Sojusz?<\/h3>\n\n\n\n<p>\u015awi\u0119ty Sojusz (<em>Santa Alleanza<\/em> po w\u0142osku, znany tak\u017ce jako <em>L\u2019Ente<\/em> lub \u201etajna s\u0142u\u017cba papieska\u201d) by\u0142 watyka\u0144sk\u0105 organizacj\u0105 wywiadowcz\u0105, kt\u00f3rej pocz\u0105tki si\u0119gaj\u0105 \u2013 wed\u0142ug niekt\u00f3rych \u017ar\u00f3de\u0142 \u2013 XVI wieku, a mo\u017ce i wcze\u015bniej. Oficjalnie zosta\u0142 ustanowiony przez papie\u017ca Piusa V w XVI wieku w celu walki z ekspansj\u0105 protestantyzmu oraz ochrony Papie\u017ca przed fizycznymi, politycznymi i duchowymi zagro\u017ceniami. Organizacja dzia\u0142a\u0142a w najwy\u017cszym stopniu dyskretnie.<\/p>\n\n\n\n<p>Jej agentami byli \u2013 wed\u0142ug \u015bwiadectw \u2013 ksi\u0119\u017ca, oddani \u015bwieccy, dyplomaci i zakonnicy z konkretnymi zadaniami: <strong>infiltrowa\u0107, obserwowa\u0107, interweniowa\u0107&#8230; i modli\u0107 si\u0119<\/strong>.<\/p>\n\n\n\n<p>Nie nosili broni, lecz r\u00f3\u017ca\u0144ce, habity i niezachwian\u0105 wierno\u015b\u0107 Namiestnikowi Chrystusa. Ich walka by\u0142a duchowa, ale r\u00f3wnie\u017c bardzo konkretna: <strong>ochrona dokument\u00f3w, rozbijanie spisk\u00f3w, wykrywanie ruch\u00f3w antykatolickich, herezji i skorumpowanego duchowie\u0144stwa<\/strong>.<\/p>\n\n\n\n<hr class=\"wp-block-separator has-alpha-channel-opacity\"\/>\n\n\n\n<h3 class=\"wp-block-heading\">2. Ukryta historia: kiedy wiara broni si\u0119 w ciszy<\/h3>\n\n\n\n<h4 class=\"wp-block-heading\">Pocz\u0105tki w czasach duchowej wojny<\/h4>\n\n\n\n<p>Po Soborze Trydenckim (1545\u20131563), w samym \u015brodku Reformacji protestanckiej, Watykan zda\u0142 sobie spraw\u0119, \u017ce walka o dusze toczy si\u0119 r\u00f3wnie\u017c na polu informacji. Papie\u017c Pius V, dominikanin i cz\u0142owiek g\u0142\u0119bokiej modlitwy, skonsolidowa\u0142 t\u0119 specjaln\u0105 s\u0142u\u017cb\u0119, przekonany, \u017ce nie wystarczy g\u0142osi\u0107 \u2013 <strong>Ko\u015bci\u00f3\u0142 musi r\u00f3wnie\u017c broni\u0107 si\u0119 przed subtelnymi atakami i wewn\u0119trznymi wrogami<\/strong>.<\/p>\n\n\n\n<p>Na przestrzeni wiek\u00f3w \u015awi\u0119ty Sojusz przyjmowa\u0142 r\u00f3\u017cne nazwy i formy. W wiekach sekularyzacji \u2013 XIX i XX \u2013 walczy\u0142 z masonami, nazistami, komunistami, a tak\u017ce z zagro\u017ceniami pochodz\u0105cymi z samej Kurii Rzymskiej.<\/p>\n\n\n\n<h4 class=\"wp-block-heading\">Anegdota: spowiednik-szpieg<\/h4>\n\n\n\n<p>Opowiada si\u0119, \u017ce jeden jezuita, b\u0119d\u0105cy jednocze\u015bnie spowiednikiem i agentem \u015awi\u0119tego Sojuszu, odkry\u0142 spisek maj\u0105cy na celu otrucie papie\u017ca Leona XIII, s\u0142uchaj\u0105c spowiedzi watyka\u0144skiego kucharza. Nie z\u0142ama\u0142 piecz\u0119ci konfesjona\u0142u, ale w spos\u00f3b po\u015bredni zdo\u0142a\u0142 udaremni\u0107 zamach. <strong>Tak dzia\u0142ali: z roztropno\u015bci\u0105, dyskrecj\u0105 i gorliwo\u015bci\u0105 dla prawdy<\/strong>.<\/p>\n\n\n\n<hr class=\"wp-block-separator has-alpha-channel-opacity\"\/>\n\n\n\n<h3 class=\"wp-block-heading\">3. Teologia czujno\u015bci: \u201eCzuwajcie i m\u00f3dlcie si\u0119\u201d<\/h3>\n\n\n\n<p>Jezus m\u00f3wi jasno:<\/p>\n\n\n\n<blockquote class=\"wp-block-quote is-layout-flow wp-block-quote-is-layout-flow\">\n<p><strong>\u201eCzuwajcie i m\u00f3dlcie si\u0119, aby\u015bcie nie ulegli pokusie; duch wprawdzie ochoczy, ale cia\u0142o s\u0142abe.\u201d<\/strong> (Mt 26,41)<\/p>\n<\/blockquote>\n\n\n\n<p>To wezwanie stanowi <strong>serce teologiczne \u015awi\u0119tego Sojuszu<\/strong>. Jego cz\u0142onkowie wiedzieli, \u017ce walka duchowa toczy si\u0119 nie tylko na o\u0142tarzach, ale r\u00f3wnie\u017c w centrach w\u0142adzy, w mediach, na uniwersytetach, w umys\u0142ach.<\/p>\n\n\n\n<p>\u015awi\u0119ty Sojusz uosabia\u0142 <strong>zapomniany wymiar Ewangelii: duchow\u0105 czujno\u015b\u0107<\/strong>. Nie chodzi\u0142o o paranoj\u0119 ani kontrol\u0119, lecz o <strong>strze\u017cenie depozytu wiary<\/strong>. \u015awi\u0119ty Pawe\u0142 nawo\u0142uje do przywdziania zbroi Bo\u017cej (Ef 6,10\u201317). Ta organizacja by\u0142a w pe\u0142nym tego s\u0142owa znaczeniu <strong>\u201eniewidzialn\u0105 armi\u0105\u201d, kt\u00f3ra ka\u017cdego dnia wk\u0142ada\u0142a t\u0119 zbroj\u0119<\/strong>.<\/p>\n\n\n\n<hr class=\"wp-block-separator has-alpha-channel-opacity\"\/>\n\n\n\n<h3 class=\"wp-block-heading\">4. Czy istnieje dzisiaj?<\/h3>\n\n\n\n<p>Oficjalnie \u015awi\u0119ty Sojusz zosta\u0142 rozwi\u0105zany przez papie\u017ca Paw\u0142a VI w latach 70. XX wieku podczas reformy watyka\u0144skich struktur bezpiecze\u0144stwa. Zast\u0105piono go wsp\u00f3\u0142czesn\u0105 <strong>S\u0142u\u017cb\u0105 Informacji i Bezpiecze\u0144stwa Watykanu<\/strong>, instytucj\u0105 znacznie bardziej sformalizowan\u0105.<\/p>\n\n\n\n<p>Jednak <strong>teologiczna idea \u015awi\u0119tego Sojuszu nadal \u017cyje<\/strong>. W \u015bwiecie, gdzie zagro\u017cenia dla wiary narastaj\u0105 \u2013 ju\u017c nie mieczem, lecz prawem, ideologiami i relatywizmem \u2013 <strong>ka\u017cdy ochrzczony jest wezwany, by sta\u0107 si\u0119 cz\u0119\u015bci\u0105 nowego \u201esojuszu\u201d: tych, kt\u00f3rzy czuwaj\u0105, modl\u0105 si\u0119 i broni\u0105 prawdy.<\/strong><\/p>\n\n\n\n<hr class=\"wp-block-separator has-alpha-channel-opacity\"\/>\n\n\n\n<h3 class=\"wp-block-heading\">5. Zastosowania praktyczne: jak sta\u0107 si\u0119 duchowym cz\u0142onkiem Sojuszu<\/h3>\n\n\n\n<h4 class=\"wp-block-heading\">a) \u017byj w czujno\u015bci: ucz si\u0119 rozeznawa\u0107<\/h4>\n\n\n\n<p>Nie wierz we wszystko, co widzisz lub s\u0142yszysz. <strong>Rozeznawaj.<\/strong> Oce\u0144 idee, mody, trendy. Zadaj sobie pytanie: <strong>Czy to zbli\u017ca mnie do Chrystusa, czy oddala? Jaki duch za tym stoi?<\/strong><\/p>\n\n\n\n<h4 class=\"wp-block-heading\">b) M\u00f3dl si\u0119 inteligentnie: R\u00f3\u017caniec to twoja bro\u0144<\/h4>\n\n\n\n<p>Jak agenci \u015awi\u0119tego Sojuszu, uczy\u0144 z <strong>R\u00f3\u017ca\u0144ca swoj\u0105 duchow\u0105 bro\u0144<\/strong>. Papie\u017c Pius V, za\u0142o\u017cyciel organizacji, promowa\u0142 go jako or\u0119\u017c przeciw z\u0142u. Nie lekcewa\u017c go.<\/p>\n\n\n\n<h4 class=\"wp-block-heading\">c) Kszta\u0142\u0107 sw\u00f3j umys\u0142: poznaj swoj\u0105 wiar\u0119<\/h4>\n\n\n\n<p>Ignorancja jest <strong>jedn\u0105 z g\u0142\u00f3wnych bram, przez kt\u00f3re wchodzi b\u0142\u0105d<\/strong>. Czytaj Katechizm, studiuj nauk\u0119 Ko\u015bcio\u0142a, si\u0119gaj po wiarygodne \u017ar\u00f3d\u0142a. Prawdziwy op\u00f3r rodzi si\u0119 w umy\u015ble.<\/p>\n\n\n\n<h4 class=\"wp-block-heading\">d) Bro\u0144 prawdy z mi\u0142o\u015bci\u0105<\/h4>\n\n\n\n<p>Gdy zobaczysz niesprawiedliwo\u015b\u0107, b\u0142\u0119dy doktrynalne lub \u015bwi\u0119tokradztwa \u2013 <strong>nie milcz<\/strong>, ale m\u00f3w z mi\u0142o\u015bci\u0105. B\u0105d\u017a \u015bwiadkiem prawdy, <strong>nie fanatykiem<\/strong>, ale \u015bwiat\u0142em.<\/p>\n\n\n\n<h4 class=\"wp-block-heading\">e) Ufaj Opatrzno\u015bci<\/h4>\n\n\n\n<p>\u015awi\u0119ty Sojusz dzia\u0142a\u0142 w ciszy, ale z ufno\u015bci\u0105. Wiedzieli, \u017ce <strong>wszystko zale\u017cy od Boga<\/strong>. My robimy swoje, ale <strong>to On zbawia<\/strong>. To tak\u017ce cz\u0119\u015b\u0107 walki duchowej.<\/p>\n\n\n\n<hr class=\"wp-block-separator has-alpha-channel-opacity\"\/>\n\n\n\n<h3 class=\"wp-block-heading\">6. Zako\u0144czenie: Wezwanie do stra\u017cnik\u00f3w naszych czas\u00f3w<\/h3>\n\n\n\n<p>Mo\u017ce nigdy nie b\u0119dziesz cz\u0119\u015bci\u0105 tajnej organizacji. Ale je\u015bli kochasz prawd\u0119, \u017cyjesz w czujno\u015bci, modlisz si\u0119 i kszta\u0142cisz swoj\u0105 dusz\u0119 w wierno\u015bci Chrystusowi i Jego Ko\u015bcio\u0142owi, <strong>ju\u017c jeste\u015b duchowym cz\u0142onkiem tego \u015awi\u0119tego Sojuszu.<\/strong><\/p>\n\n\n\n<p>W czasach zam\u0119tu potrzeba nam bardziej ni\u017c kiedykolwiek <strong>m\u0119\u017cczyzn i kobiet gotowych strzec depozytu wiary<\/strong>, kt\u00f3rzy wiedz\u0105, \u017ce trwa bitwa \u2013 <strong>nie nienawi\u015bci\u0105, lecz \u015bwiat\u0142em.<\/strong><\/p>\n\n\n\n<blockquote class=\"wp-block-quote is-layout-flow wp-block-quote-is-layout-flow\">\n<p><strong>\u201eNie daj si\u0119 zwyci\u0119\u017cy\u0107 z\u0142u, ale z\u0142o dobrem zwyci\u0119\u017caj.\u201d<\/strong> (Rz 12,21)<\/p>\n<\/blockquote>\n\n\n\n<hr class=\"wp-block-separator has-alpha-channel-opacity\"\/>\n\n\n\n<h3 class=\"wp-block-heading\">PRAKTYCZNY PRZEWODNIK PASTORALNY: Jak \u017cy\u0107 jako duchowy cz\u0142onek \u015awi\u0119tego Sojuszu<\/h3>\n\n\n\n<figure class=\"wp-block-table\"><table class=\"has-fixed-layout\"><thead><tr><th>Obszar<\/th><th>Konkretne dzia\u0142anie<\/th><th>Polecane \u017ar\u00f3d\u0142o<\/th><\/tr><\/thead><tbody><tr><td>Modlitwa<\/td><td>Codzienne odmawianie R\u00f3\u017ca\u0144ca<\/td><td>\u201ePrzedziwny sekret R\u00f3\u017ca\u0144ca \u015awi\u0119tego\u201d \u2013 \u015bw. Ludwik Maria Grignion de Montfort<\/td><\/tr><tr><td>Nauka<\/td><td>Codzienna (15 min) lektura tradycyjnej teologii katolickiej<\/td><td>Katechizm \u015bw. Piusa X, Nauka \u015bw. Tomasza z Akwinu<\/td><\/tr><tr><td>Czujno\u015b\u0107<\/td><td>Cotygodniowy przegl\u0105d konsumowanych tre\u015bci<\/td><td>Dziennik duchowy, rachunek sumienia medi\u00f3w<\/td><\/tr><tr><td>Apologetyka<\/td><td>Korygowanie b\u0142\u0119d\u00f3w doktrynalnych z mi\u0142o\u015bci\u0105<\/td><td>Tradycyjne podr\u0119czniki apologetyczne<\/td><\/tr><tr><td>\u017bycie sakramentalne<\/td><td>Comiesi\u0119czna spowied\u017a, niedzielna (lub codzienna) Msza<\/td><td>Tradycyjna parafia lub wsp\u00f3lnota wierna Magisterium<\/td><\/tr><tr><td>Post i pokuta<\/td><td>Jeden dzie\u0144 w tygodniu postu lub wstrzemi\u0119\u017aliwo\u015bci za Ko\u015bci\u00f3\u0142<\/td><td>\u015aroda lub pi\u0105tek, zgodnie z tradycj\u0105<\/td><\/tr><\/tbody><\/table><\/figure>\n\n\n\n<hr class=\"wp-block-separator has-alpha-channel-opacity\"\/>\n\n\n\n<h3 class=\"wp-block-heading\">A Ty?<\/h3>\n\n\n\n<p>Czy jeste\u015b got\u00f3w, by by\u0107 stra\u017cnikiem wiary w naszych czasach?<\/p>\n\n\n\n<p>\u015awi\u0119ty Sojusz mo\u017ce ju\u017c nie mie\u0107 siedziby w Watykanie&#8230;<br><strong>ale by\u0107 mo\u017ce ma teraz miejsce w Twoim sercu.<\/strong><\/p>\n\n\n\n<p><strong>Czuwaj, m\u00f3dl si\u0119 i bro\u0144 prawdy!<\/strong><\/p>\n","protected":false},"excerpt":{"rendered":"<p>Wprowadzenie: Tajemnica, wiara i duchowa si\u0142a W cichych korytarzach Watykanu, gdzie historia splata si\u0119 z wieczno\u015bci\u0105, przez wieki istnia\u0142a organizacja, o kt\u00f3rej ma\u0142o kto wiedzia\u0142 i jeszcze mniej os\u00f3b rozumia\u0142o jej misj\u0119: \u015awi\u0119ty Sojusz, papieska tajna s\u0142u\u017cba. Nie by\u0142a to agencja rodem z Hollywood, lecz milcz\u0105ca stra\u017c wiary, niewidzialna tarcza chroni\u0105ca nie tylko Papie\u017ca, ale &hellip;<\/p>\n","protected":false},"author":3,"featured_media":3496,"comment_status":"open","ping_status":"open","sticky":false,"template":"","format":"standard","meta":{"_seopress_robots_primary_cat":"","_seopress_titles_title":"","_seopress_titles_desc":"","_seopress_robots_index":"","footnotes":""},"categories":[38,48],"tags":[996],"class_list":["post-3495","post","type-post","status-publish","format-standard","has-post-thumbnail","","category-historia-i-tradycja","category-historia-kosciola","tag-swiety-sojusz"],"_links":{"self":[{"href":"https:\/\/catholicus.eu\/pl\/wp-json\/wp\/v2\/posts\/3495","targetHints":{"allow":["GET"]}}],"collection":[{"href":"https:\/\/catholicus.eu\/pl\/wp-json\/wp\/v2\/posts"}],"about":[{"href":"https:\/\/catholicus.eu\/pl\/wp-json\/wp\/v2\/types\/post"}],"author":[{"embeddable":true,"href":"https:\/\/catholicus.eu\/pl\/wp-json\/wp\/v2\/users\/3"}],"replies":[{"embeddable":true,"href":"https:\/\/catholicus.eu\/pl\/wp-json\/wp\/v2\/comments?post=3495"}],"version-history":[{"count":1,"href":"https:\/\/catholicus.eu\/pl\/wp-json\/wp\/v2\/posts\/3495\/revisions"}],"predecessor-version":[{"id":3497,"href":"https:\/\/catholicus.eu\/pl\/wp-json\/wp\/v2\/posts\/3495\/revisions\/3497"}],"wp:featuredmedia":[{"embeddable":true,"href":"https:\/\/catholicus.eu\/pl\/wp-json\/wp\/v2\/media\/3496"}],"wp:attachment":[{"href":"https:\/\/catholicus.eu\/pl\/wp-json\/wp\/v2\/media?parent=3495"}],"wp:term":[{"taxonomy":"category","embeddable":true,"href":"https:\/\/catholicus.eu\/pl\/wp-json\/wp\/v2\/categories?post=3495"},{"taxonomy":"post_tag","embeddable":true,"href":"https:\/\/catholicus.eu\/pl\/wp-json\/wp\/v2\/tags?post=3495"}],"curies":[{"name":"wp","href":"https:\/\/api.w.org\/{rel}","templated":true}]}}