{"id":3467,"date":"2025-04-23T00:22:23","date_gmt":"2025-04-22T22:22:23","guid":{"rendered":"https:\/\/catholicus.eu\/pl\/?p=3467"},"modified":"2025-04-23T00:35:05","modified_gmt":"2025-04-22T22:35:05","slug":"miesieczny-plan-wzrostu-w-wierze","status":"publish","type":"post","link":"https:\/\/catholicus.eu\/pl\/miesieczny-plan-wzrostu-w-wierze\/","title":{"rendered":"Miesi\u0119czny Plan Wzrostu w Wierze"},"content":{"rendered":"\n<p><strong>Cel:<\/strong><br>D\u0105\u017cy\u0107 do dojrza\u0142ej, mocnej wiary, prze\u017cywanej sercem, z trwa\u0142ymi nawykami modlitwy, formacji, sakrament\u00f3w i mi\u0142o\u015bci bli\u017aniego.<\/p>\n\n\n\n<hr class=\"wp-block-separator has-alpha-channel-opacity\"\/>\n\n\n\n<h2 class=\"wp-block-heading\">\ud83d\udcc5 Tydzie\u0144 1: Powr\u00f3t do serca \u2013 Odzyskanie tego, co istotne<\/h2>\n\n\n\n<p><strong>Skupienie:<\/strong> Uporz\u0105dkowanie \u017cycia wewn\u0119trznego, przegl\u0105d fundament\u00f3w, powr\u00f3t do rzeczy prostych, ale najwa\u017cniejszych.<\/p>\n\n\n\n<h3 class=\"wp-block-heading\">\ud83d\udcd6 Formacja:<\/h3>\n\n\n\n<ul class=\"wp-block-list\">\n<li>Czytaj codziennie 2 rozdzia\u0142y Ewangelii \u015bw. Marka (16 rozdzia\u0142\u00f3w \u2013 2 dziennie z medytacj\u0105).<\/li>\n\n\n\n<li>Studiuj Katechizm: artyku\u0142y 1\u2013106 (Stworzenie, Objawienie, Wiara).<\/li>\n<\/ul>\n\n\n\n<h3 class=\"wp-block-heading\">\ud83d\ude4f Modlitwa:<\/h3>\n\n\n\n<ul class=\"wp-block-list\">\n<li>20 minut codziennej modlitwy my\u015blnej (mo\u017ce by\u0107 z Ewangeli\u0105).<\/li>\n\n\n\n<li>Modlitwa Anio\u0142 Pa\u0144ski w po\u0142udnie (lub Regina Caeli w okresie wielkanocnym).<\/li>\n\n\n\n<li>R\u00f3\u017caniec przynajmniej trzy razy w tygodniu.<\/li>\n<\/ul>\n\n\n\n<h3 class=\"wp-block-heading\">\ud83d\udd4a Sakramenty:<\/h3>\n\n\n\n<ul class=\"wp-block-list\">\n<li>Spowied\u017a pod koniec tygodnia wraz ze szczeg\u00f3\u0142owym rachunkiem sumienia.<\/li>\n\n\n\n<li>Udzia\u0142 we Mszy \u015awi\u0119tej w niedziel\u0119 z wcze\u015bniejszym przygotowaniem (czytania i modlitwa przed Msz\u0105).<\/li>\n<\/ul>\n\n\n\n<h3 class=\"wp-block-heading\">\ud83d\udee0 Praktyka konkretna:<\/h3>\n\n\n\n<ul class=\"wp-block-list\">\n<li>Zorganizuj sta\u0142e miejsce modlitwy w domu.<\/li>\n\n\n\n<li>Stw\u00f3rz tygodniowy harmonogram uwzgl\u0119dniaj\u0105cy czas dla Boga.<\/li>\n<\/ul>\n\n\n\n<h3 class=\"wp-block-heading\">\u270d\ufe0f Napisz w swoim dzienniku duchowym:<\/h3>\n\n\n\n<ul class=\"wp-block-list\">\n<li>Co przeszkadza mi kocha\u0107 Boga ca\u0142ym sercem?<\/li>\n\n\n\n<li>Co powinienem zmieni\u0107 w tym tygodniu, by zostawi\u0107 wi\u0119cej miejsca Panu?<\/li>\n<\/ul>\n\n\n\n<hr class=\"wp-block-separator has-alpha-channel-opacity\"\/>\n\n\n\n<h2 class=\"wp-block-heading\">\ud83d\udcc5 Tydzie\u0144 2: Wewn\u0119trzna struktura \u2013 Dyscyplina i sta\u0142o\u015b\u0107<\/h2>\n\n\n\n<p><strong>Skupienie:<\/strong> Ustanowienie trwa\u0142ych nawyk\u00f3w, zdyscyplinowanie zmys\u0142\u00f3w, uporz\u0105dkowanie uczu\u0107.<\/p>\n\n\n\n<h3 class=\"wp-block-heading\">\ud83d\udcd6 Formacja:<\/h3>\n\n\n\n<ul class=\"wp-block-list\">\n<li>Rozpocznij lektur\u0119 klasycznej ksi\u0105\u017cki duchowej (np. \u201eO na\u015bladowaniu Chrystusa\u201d lub \u201eDroga\u201d \u015bw. Josemar\u00edi \u2013 2 strony dziennie).<\/li>\n\n\n\n<li>Studiuj Katechizm: artyku\u0142y 107\u2013231 (Chrystus i Zbawienie).<\/li>\n<\/ul>\n\n\n\n<h3 class=\"wp-block-heading\">\ud83d\ude4f Modlitwa:<\/h3>\n\n\n\n<ul class=\"wp-block-list\">\n<li>30 minut codziennej modlitwy (po\u0142owa to lektura duchowa, po\u0142owa rozmowa z Bogiem).<\/li>\n\n\n\n<li>Codzienny r\u00f3\u017caniec (tajemnice wed\u0142ug dnia tygodnia).<\/li>\n\n\n\n<li>Litania do Naj\u015bwi\u0119tszego Serca Jezusowego w pi\u0105tki.<\/li>\n<\/ul>\n\n\n\n<h3 class=\"wp-block-heading\">\ud83d\udd4a Sakramenty:<\/h3>\n\n\n\n<ul class=\"wp-block-list\">\n<li>Msza \u015awi\u0119ta w tygodniu przynajmniej raz.<\/li>\n\n\n\n<li>Cotygodniowa Godzina \u015awi\u0119ta przed Naj\u015bwi\u0119tszym Sakramentem.<\/li>\n<\/ul>\n\n\n\n<h3 class=\"wp-block-heading\">\ud83d\udee0 Praktyka konkretna:<\/h3>\n\n\n\n<ul class=\"wp-block-list\">\n<li>Codzienny \u201eofiarny uczynek\u201d (post od medi\u00f3w spo\u0142eczno\u015bciowych, jedzenia, s\u0142\u00f3w&#8230;).<\/li>\n\n\n\n<li>Post w jeden dzie\u0144 tygodnia (\u015broda lub pi\u0105tek).<\/li>\n<\/ul>\n\n\n\n<h3 class=\"wp-block-heading\">\u270d\ufe0f Napisz w swoim dzienniku duchowym:<\/h3>\n\n\n\n<ul class=\"wp-block-list\">\n<li>Czy jestem sta\u0142y w tym, co obiecuj\u0119 Bogu?<\/li>\n\n\n\n<li>Jakie s\u0105 moje najwi\u0119ksze rozproszenia? Jak mog\u0119 je przezwyci\u0119\u017cy\u0107?<\/li>\n<\/ul>\n\n\n\n<hr class=\"wp-block-separator has-alpha-channel-opacity\"\/>\n\n\n\n<h2 class=\"wp-block-heading\">\ud83d\udcc5 Tydzie\u0144 3: Dar z siebie \u2013 Mi\u0142o\u015b\u0107, s\u0142u\u017cba, hojno\u015b\u0107<\/h2>\n\n\n\n<p><strong>Skupienie:<\/strong> Wyj\u015bcie z siebie, praktykowanie konkretnej mi\u0142o\u015bci, wcielanie wiary w \u017cycie.<\/p>\n\n\n\n<h3 class=\"wp-block-heading\">\ud83d\udcd6 Formacja:<\/h3>\n\n\n\n<ul class=\"wp-block-list\">\n<li>Czytaj Ewangeli\u0119 \u015bw. \u0141ukasza (1 rozdzia\u0142 dziennie).<\/li>\n\n\n\n<li>Studiuj Katechizm: artyku\u0142y 232\u2013421 (Duch \u015awi\u0119ty i Ko\u015bci\u00f3\u0142).<\/li>\n<\/ul>\n\n\n\n<h3 class=\"wp-block-heading\">\ud83d\ude4f Modlitwa:<\/h3>\n\n\n\n<ul class=\"wp-block-list\">\n<li>Modlitwa poranna i wieczorna z aktem ofiarowania i dzi\u0119kczynienia.<\/li>\n\n\n\n<li>Codzienna medytacja nad jedn\u0105 z uczynk\u00f3w mi\u0142osierdzia (cielesnych i duchowych).<\/li>\n\n\n\n<li>R\u00f3\u017caniec jako modlitwa wstawiennicza: ofiaruj go za konkretne osoby.<\/li>\n<\/ul>\n\n\n\n<h3 class=\"wp-block-heading\">\ud83d\udd4a Sakramenty:<\/h3>\n\n\n\n<ul class=\"wp-block-list\">\n<li>Udzia\u0142 we Mszy \u015awi\u0119tej dwa razy w tygodniu.<\/li>\n\n\n\n<li>Przygotowanie do dobrej Komunii przez nawiedzenie Naj\u015bwi\u0119tszego Sakramentu dzie\u0144 wcze\u015bniej.<\/li>\n<\/ul>\n\n\n\n<h3 class=\"wp-block-heading\">\ud83d\udee0 Praktyka konkretna:<\/h3>\n\n\n\n<ul class=\"wp-block-list\">\n<li>Odwied\u017a osob\u0119 samotn\u0105, chor\u0105 lub potrzebuj\u0105c\u0105.<\/li>\n\n\n\n<li>Wykonaj konkretny uczynek mi\u0142osierdzia: podaruj co\u015b, ugotuj, towarzysz, pociesz.<\/li>\n<\/ul>\n\n\n\n<h3 class=\"wp-block-heading\">\u270d\ufe0f Napisz w swoim dzienniku duchowym:<\/h3>\n\n\n\n<ul class=\"wp-block-list\">\n<li>Czy naprawd\u0119 kocham? Kogo jest mi trudno kocha\u0107?<\/li>\n\n\n\n<li>Co B\u00f3g prosi mnie, bym odda\u0142 bez oczekiwania nagrody?<\/li>\n<\/ul>\n\n\n\n<hr class=\"wp-block-separator has-alpha-channel-opacity\"\/>\n\n\n\n<h2 class=\"wp-block-heading\">\ud83d\udcc5 Tydzie\u0144 4: Ku dojrza\u0142o\u015bci \u2013 Wytrwa\u0142o\u015b\u0107, walka, \u015bwi\u0119to\u015b\u0107<\/h2>\n\n\n\n<p><strong>Skupienie:<\/strong> Ugruntowanie, oczyszczenie intencji, zobowi\u0105zanie si\u0119 do \u015bwi\u0119to\u015bci jako codziennej drogi.<\/p>\n\n\n\n<h3 class=\"wp-block-heading\">\ud83d\udcd6 Formacja:<\/h3>\n\n\n\n<ul class=\"wp-block-list\">\n<li>Czytaj jedn\u0105 z List\u00f3w \u015bw. Paw\u0142a dziennie (Filipian, Efezjan, Kolosan, 1 Tesaloniczan).<\/li>\n\n\n\n<li>Studiuj Katechizm: artyku\u0142y 422\u2013682 (\u017bycie w Chrystusie i Eschatologia).<\/li>\n<\/ul>\n\n\n\n<h3 class=\"wp-block-heading\">\ud83d\ude4f Modlitwa:<\/h3>\n\n\n\n<ul class=\"wp-block-list\">\n<li>Codzienny rachunek sumienia z trzema punktami: dzi\u0119kuj\u0119, \u017ca\u0142uj\u0119, postanawiam.<\/li>\n\n\n\n<li>Codzienny r\u00f3\u017caniec i Koronka do Bo\u017cego Mi\u0142osierdzia (o godz. 15:00, je\u015bli to mo\u017cliwe).<\/li>\n\n\n\n<li>Codzienna Modlitwa zawierzenia Karola de Foucauld.<\/li>\n<\/ul>\n\n\n\n<h3 class=\"wp-block-heading\">\ud83d\udd4a Sakramenty:<\/h3>\n\n\n\n<ul class=\"wp-block-list\">\n<li>Msza \u015awi\u0119ta codziennie, je\u015bli to mo\u017cliwe.<\/li>\n\n\n\n<li>Ponowna spowied\u017a i postanowienie cz\u0119stego \u017cycia sakramentalnego.<\/li>\n<\/ul>\n\n\n\n<h3 class=\"wp-block-heading\">\ud83d\udee0 Praktyka konkretna:<\/h3>\n\n\n\n<ul class=\"wp-block-list\">\n<li>Napisz formalne zobowi\u0105zanie do \u017cycia chrze\u015bcija\u0144skiego (kr\u00f3tk\u0105 \u201eregu\u0142\u0119 \u017cycia\u201d).<\/li>\n\n\n\n<li>Porozmawiaj z proboszczem, spowiednikiem lub kierownikiem duchowym o kolejnym kroku: powo\u0142anie? wi\u0119ksze zaanga\u017cowanie? wsp\u00f3lnota s\u0142u\u017cby?<\/li>\n<\/ul>\n\n\n\n<h3 class=\"wp-block-heading\">\u270d\ufe0f Napisz w swoim dzienniku duchowym:<\/h3>\n\n\n\n<ul class=\"wp-block-list\">\n<li>Co przeszkadza mi odda\u0107 si\u0119 ca\u0142kowicie?<\/li>\n\n\n\n<li>Czy jestem got\u00f3w \u017cy\u0107 wol\u0105 Bo\u017c\u0105 ponad moje w\u0142asne plany?<\/li>\n<\/ul>\n\n\n\n<hr class=\"wp-block-separator has-alpha-channel-opacity\"\/>\n\n\n\n<h2 class=\"wp-block-heading\">\ud83c\udfaf Na zako\u0144czenie miesi\u0105ca:<\/h2>\n\n\n\n<ul class=\"wp-block-list\">\n<li><strong>Zr\u00f3b podsumowanie:<\/strong> Jakie zmiany zauwa\u017cy\u0142em w sobie? Jakie opory nadal we mnie trwaj\u0105?<\/li>\n\n\n\n<li><strong>Odnowienie zobowi\u0105zania:<\/strong> Zdecyduj, kt\u00f3re praktyki b\u0119dziesz kontynuowa\u0107.<\/li>\n\n\n\n<li><strong>Po\u015bwi\u0119\u0107 si\u0119 Maryi:<\/strong> Lub odnowienie po\u015bwi\u0119cenia, je\u015bli ju\u017c je uczyni\u0142e\u015b. Ona jest Matk\u0105 wzrostu duchowego.<\/li>\n<\/ul>\n\n\n\n<h1 class=\"wp-block-heading\">\u2728 Gruntowny duchowy rachunek sumienia<\/h1>\n\n\n\n<p><strong>Cel:<\/strong> Lepiej pozna\u0107 w\u0142asn\u0105 dusz\u0119, rozpozna\u0107 dzia\u0142anie Boga w swoim \u017cyciu i nazwa\u0107 wszystko, co mnie od Niego oddziela.<br><strong>Inspiracja:<\/strong> \u201eBadajcie samych siebie, czy trwacie w wierze!\u201d (2 Kor 13,5)<\/p>\n\n\n\n<hr class=\"wp-block-separator has-alpha-channel-opacity\"\/>\n\n\n\n<h3 class=\"wp-block-heading\">\ud83d\udccd 1. Moja relacja z Bogiem \u2013 Mi\u0142o\u015b\u0107 i modlitwa<\/h3>\n\n\n\n<p>Czy kocham Boga ponad wszystko, czy s\u0105 rzeczy, kt\u00f3re zajmuj\u0105 w moim sercu Jego miejsce? (Ludzie, posiadanie, ego, wygoda\u2026)<\/p>\n\n\n\n<p>Czy codziennie rozmawiam z Nim na modlitwie \u2013 czy tylko wtedy, gdy czego\u015b potrzebuj\u0119?<\/p>\n\n\n\n<p>Czy modl\u0119 si\u0119 z przyzwyczajenia lub w roztargnieniu \u2013 czy modl\u0119 si\u0119 sercem?<\/p>\n\n\n\n<p>Czy zaniedbuj\u0119 Msz\u0119 \u015awi\u0119t\u0105, adoracj\u0119, R\u00f3\u017caniec lub inne \u015brodki spotkania z Bogiem?<\/p>\n\n\n\n<p>Czy ufam Bogu tak\u017ce w trudno\u015bciach \u2013 czy narzekam i trac\u0119 odwag\u0119?<\/p>\n\n\n\n<p>Czy szukam Jego woli \u2013 czy raczej narzucam swoj\u0105?<\/p>\n\n\n\n<blockquote class=\"wp-block-quote is-layout-flow wp-block-quote-is-layout-flow\">\n<p>\u201eB\u0119dziesz mi\u0142owa\u0142 Pana Boga swego ca\u0142ym swoim sercem, ca\u0142\u0105 swoj\u0105 dusz\u0105 i ca\u0142ym swoim umys\u0142em.\u201d (Mt 22,37)<\/p>\n<\/blockquote>\n\n\n\n<hr class=\"wp-block-separator has-alpha-channel-opacity\"\/>\n\n\n\n<h3 class=\"wp-block-heading\">\ud83d\udccd 2. Moje \u017cycie sakramentalne \u2013 \u0141aska jako pokarm<\/h3>\n\n\n\n<p>Kiedy ostatni raz si\u0119 spowiada\u0142em(-am)? Czy przyst\u0119puj\u0119 do spowiedzi regularnie i szczerze?<\/p>\n\n\n\n<p>Czy przyjmuj\u0119 Eucharysti\u0119 w stanie \u0142aski u\u015bwi\u0119caj\u0105cej, z przygotowaniem i czci\u0105?<\/p>\n\n\n\n<p>Czy dopu\u015bci\u0142em(-am) si\u0119 \u015bwi\u0119tokradztwa lub przyjmowa\u0142em(-am) sakramenty bez wiary i skruchy?<\/p>\n\n\n\n<p>Czy czcz\u0119 to, co \u015bwi\u0119te \u2013 czy sta\u0142em(-am) si\u0119 oboj\u0119tny(-a)?<\/p>\n\n\n\n<p>Jak\u0105 rol\u0119 pe\u0142ni niedziela i Msza \u015awi\u0119ta w moim tygodniu?<\/p>\n\n\n\n<hr class=\"wp-block-separator has-alpha-channel-opacity\"\/>\n\n\n\n<h3 class=\"wp-block-heading\">\ud83d\udccd 3. Moje \u017cycie wewn\u0119trzne \u2013 Cnota i walka duchowa<\/h3>\n\n\n\n<p>Czy walcz\u0119 z moimi g\u0142\u00f3wnymi grzechami (pycha, nieczysto\u015b\u0107, gniew, lenistwo, zazdro\u015b\u0107, chciwo\u015b\u0107, \u0142akomstwo)?<\/p>\n\n\n\n<p>Czy jestem wytrwa\u0142y(-a) w dobru \u2013 czy ulegam wygodzie?<\/p>\n\n\n\n<p>Czy wzrastam w cnotach (pokora, czysto\u015b\u0107, pos\u0142usze\u0144stwo, umiar, mi\u0142o\u015b\u0107)?<\/p>\n\n\n\n<p>Czy cz\u0119sto ulegam nieczystym my\u015blom, os\u0105dzaniu, krytyce lub plotkom?<\/p>\n\n\n\n<p>Czy otworzy\u0142em(-am) drzwi z\u0142emu przez zabobony, ezoteryk\u0119 lub duchowe zaniedbanie?<\/p>\n\n\n\n<hr class=\"wp-block-separator has-alpha-channel-opacity\"\/>\n\n\n\n<h3 class=\"wp-block-heading\">\ud83d\udccd 4. Moje relacje z innymi \u2013 Mi\u0142o\u015b\u0107 bli\u017aniego i sprawiedliwo\u015b\u0107<\/h3>\n\n\n\n<p>Czy kocham bli\u017aniego jak siebie samego(-\u0105)?<\/p>\n\n\n\n<p>Czy naprawd\u0119 przebaczam \u2013 czy nosz\u0119 w sobie uraz\u0119?<\/p>\n\n\n\n<p>Czy m\u00f3wi\u0142em(-am) \u017ale o innych, k\u0142ama\u0142em(-am), oczernia\u0142em(-am) lub publicznie kogo\u015b poni\u017cy\u0142em(-am)?<\/p>\n\n\n\n<p>Czy jestem sprawiedliwy(-a) w pracy, w rodzinie, w dysponowaniu czasem?<\/p>\n\n\n\n<p>Czy by\u0142em(-am) oboj\u0119tny(-a) na cierpienie innych, egoistyczny(-a) lub zatwardzia\u0142y(-a) sercem?<\/p>\n\n\n\n<p>Czy s\u0142u\u017c\u0119 innym \u2013 czy raczej oczekuj\u0119, \u017ce to mnie b\u0119d\u0105 obs\u0142ugiwa\u0107?<\/p>\n\n\n\n<blockquote class=\"wp-block-quote is-layout-flow wp-block-quote-is-layout-flow\">\n<p>\u201ePo tym wszyscy poznaj\u0105, \u017ce jeste\u015bcie moimi uczniami, je\u015bli b\u0119dziecie si\u0119 wzajemnie mi\u0142owa\u0107.\u201d (J 13,35)<\/p>\n<\/blockquote>\n\n\n\n<hr class=\"wp-block-separator has-alpha-channel-opacity\"\/>\n\n\n\n<h3 class=\"wp-block-heading\">\ud83d\udccd 5. Moje cia\u0142o i zmys\u0142y \u2013 \u015awi\u0105tynia Ducha \u015awi\u0119tego<\/h3>\n\n\n\n<p>Czy dbam o moje cia\u0142o jako dar Bo\u017cy \u2013 czy ulegam nadmiarowi i nadu\u017cyciom?<\/p>\n\n\n\n<p>Czy zgrzeszy\u0142em(-am) nieczysto\u015bci\u0105 (my\u015bli, spojrzenia, czyny, pornografia, masturbacja, cudzo\u0142\u00f3stwo)?<\/p>\n\n\n\n<p>Czy prze\u017cywam swoj\u0105 seksualno\u015b\u0107 zgodnie z Bo\u017cym planem?<\/p>\n\n\n\n<p>Czy u\u017cywam moich oczu, uszu i ust do dobra \u2013 czy pozwalam, by przenika\u0142o mnie to, co nieczyste?<\/p>\n\n\n\n<p>Czy jestem umiarkowany(-a) w jedzeniu, piciu, m\u00f3wieniu i odpoczynku?<\/p>\n\n\n\n<hr class=\"wp-block-separator has-alpha-channel-opacity\"\/>\n\n\n\n<h3 class=\"wp-block-heading\">\ud83d\udccd 6. Moje pos\u0142annictwo w \u015bwiecie \u2013 \u015awiadectwo i apostolat<\/h3>\n\n\n\n<p>Czy \u017cyj\u0119 moj\u0105 wiar\u0105 odwa\u017cnie \u2013 czy si\u0119 jej wstydz\u0119?<\/p>\n\n\n\n<p>Czy dziel\u0119 si\u0119 prawd\u0105 \u2013 czy dostosowuj\u0119 si\u0119 do ducha tego \u015bwiata?<\/p>\n\n\n\n<p>Czy jestem przyk\u0142adem dla mojego otoczenia?<\/p>\n\n\n\n<p>Czy anga\u017cuj\u0119 si\u0119 aktywnie w moj\u0105 parafi\u0119 lub wsp\u00f3lnot\u0119?<\/p>\n\n\n\n<p>Jakie owoce duchowe przynios\u0142o moje \u017cycie w tym miesi\u0105cu \/ roku?<\/p>\n\n\n\n<hr class=\"wp-block-separator has-alpha-channel-opacity\"\/>\n\n\n\n<h3 class=\"wp-block-heading\">\ud83d\udccd 7. Moje powo\u0142anie i zadanie \u017cyciowe \u2013 Sens i wierno\u015b\u0107<\/h3>\n\n\n\n<p>Czy szczerze pytam Boga o moje powo\u0142anie?<\/p>\n\n\n\n<p>Czy \u017cyj\u0119 moim powo\u0142aniem (ma\u0142\u017ce\u0144stwo, celibat, kap\u0142a\u0144stwo, \u017cycie konsekrowane\u2026) z mi\u0142o\u015bci\u0105 i oddaniem?<\/p>\n\n\n\n<p>Czy szukam woli Bo\u017cej \u2013 czy realizuj\u0119 tylko w\u0142asne plany?<\/p>\n\n\n\n<p>Czy odczuwam wezwanie do czego\u015b wi\u0119cej \u2013 ale nie odpowiadam z powodu l\u0119ku lub lenistwa?<\/p>\n\n\n\n<hr class=\"wp-block-separator has-alpha-channel-opacity\"\/>\n\n\n\n<h3 class=\"wp-block-heading\">\ud83d\udcdd Zako\u0144czenie rachunku sumienia:<\/h3>\n\n\n\n<p>Jakie \u0142aski ostatnio otrzyma\u0142em(-am) od Boga, nie dzi\u0119kuj\u0105c Mu za nie?<\/p>\n\n\n\n<p>Jaki grzech najcz\u0119\u015bciej powtarza si\u0119 w moim \u017cyciu?<\/p>\n\n\n\n<p>Jakiego konkretnego kroku domaga si\u0119 teraz ode mnie Pan?<\/p>\n\n\n\n<p>Z czego powinienem(-nam) zrezygnowa\u0107, by \u017cy\u0107 bli\u017cej Niego?<\/p>\n\n\n\n<hr class=\"wp-block-separator has-alpha-channel-opacity\"\/>\n\n\n\n<h3 class=\"wp-block-heading\">\ud83d\ude4c Zalecenia:<\/h3>\n\n\n\n<ul class=\"wp-block-list\">\n<li>Odpraw ten rachunek sumienia przed Naj\u015bwi\u0119tszym Sakramentem, w ciszy i bez po\u015bpiechu.<\/li>\n\n\n\n<li>Zapisz swoje odpowiedzi. Nie musisz robi\u0107 wszystkiego naraz \u2013 jeden punkt dziennie cz\u0119sto przynosi lepsze owoce.<\/li>\n\n\n\n<li>Po zako\u0144czeniu rachunku sumienia przyst\u0105p do dobrej spowiedzi.<\/li>\n\n\n\n<li>Podejmij konkretn\u0105 rezolucj\u0119 \u2013 z dat\u0105, modlitw\u0105 i kontrol\u0105.<\/li>\n\n\n\n<li>Porozmawiaj z kierownikiem duchowym, je\u015bli go masz. Je\u015bli nie, popro\u015b Boga, aby Ci go zes\u0142a\u0142.<\/li>\n<\/ul>\n","protected":false},"excerpt":{"rendered":"<p>Cel:D\u0105\u017cy\u0107 do dojrza\u0142ej, mocnej wiary, prze\u017cywanej sercem, z trwa\u0142ymi nawykami modlitwy, formacji, sakrament\u00f3w i mi\u0142o\u015bci bli\u017aniego. \ud83d\udcc5 Tydzie\u0144 1: Powr\u00f3t do serca \u2013 Odzyskanie tego, co istotne Skupienie: Uporz\u0105dkowanie \u017cycia wewn\u0119trznego, przegl\u0105d fundament\u00f3w, powr\u00f3t do rzeczy prostych, ale najwa\u017cniejszych. \ud83d\udcd6 Formacja: Czytaj codziennie 2 rozdzia\u0142y Ewangelii \u015bw. Marka (16 rozdzia\u0142\u00f3w \u2013 2 dziennie z medytacj\u0105). &hellip;<\/p>\n","protected":false},"author":3,"featured_media":3468,"comment_status":"open","ping_status":"open","sticky":false,"template":"","format":"standard","meta":{"_seopress_robots_primary_cat":"","_seopress_titles_title":"","_seopress_titles_desc":"","_seopress_robots_index":"","footnotes":""},"categories":[57,39],"tags":[983],"class_list":["post-3467","post","type-post","status-publish","format-standard","has-post-thumbnail","","category-cnoty-chrzescijanskie","category-moralnosc-i-zycie-chrzescijanskie","tag-miesieczny-plan-wzrostu-w-wierze"],"_links":{"self":[{"href":"https:\/\/catholicus.eu\/pl\/wp-json\/wp\/v2\/posts\/3467","targetHints":{"allow":["GET"]}}],"collection":[{"href":"https:\/\/catholicus.eu\/pl\/wp-json\/wp\/v2\/posts"}],"about":[{"href":"https:\/\/catholicus.eu\/pl\/wp-json\/wp\/v2\/types\/post"}],"author":[{"embeddable":true,"href":"https:\/\/catholicus.eu\/pl\/wp-json\/wp\/v2\/users\/3"}],"replies":[{"embeddable":true,"href":"https:\/\/catholicus.eu\/pl\/wp-json\/wp\/v2\/comments?post=3467"}],"version-history":[{"count":2,"href":"https:\/\/catholicus.eu\/pl\/wp-json\/wp\/v2\/posts\/3467\/revisions"}],"predecessor-version":[{"id":3470,"href":"https:\/\/catholicus.eu\/pl\/wp-json\/wp\/v2\/posts\/3467\/revisions\/3470"}],"wp:featuredmedia":[{"embeddable":true,"href":"https:\/\/catholicus.eu\/pl\/wp-json\/wp\/v2\/media\/3468"}],"wp:attachment":[{"href":"https:\/\/catholicus.eu\/pl\/wp-json\/wp\/v2\/media?parent=3467"}],"wp:term":[{"taxonomy":"category","embeddable":true,"href":"https:\/\/catholicus.eu\/pl\/wp-json\/wp\/v2\/categories?post=3467"},{"taxonomy":"post_tag","embeddable":true,"href":"https:\/\/catholicus.eu\/pl\/wp-json\/wp\/v2\/tags?post=3467"}],"curies":[{"name":"wp","href":"https:\/\/api.w.org\/{rel}","templated":true}]}}