{"id":3458,"date":"2025-04-22T22:15:15","date_gmt":"2025-04-22T20:15:15","guid":{"rendered":"https:\/\/catholicus.eu\/pl\/?p=3458"},"modified":"2025-04-22T22:15:15","modified_gmt":"2025-04-22T20:15:15","slug":"piec-drog-sw-tomasza-z-akwinu-rozum-i-wiara-w-poszukiwaniu-boga","status":"publish","type":"post","link":"https:\/\/catholicus.eu\/pl\/piec-drog-sw-tomasza-z-akwinu-rozum-i-wiara-w-poszukiwaniu-boga\/","title":{"rendered":"Pi\u0119\u0107 Dr\u00f3g \u015bw. Tomasza z Akwinu: Rozum i Wiara w poszukiwaniu Boga"},"content":{"rendered":"\n<p>W \u015bwiecie, w kt\u00f3rym materializm i sceptycyzm dominuj\u0105 w debacie publicznej, wielu zadaje sobie pytanie:&nbsp;<em>Czy B\u00f3g naprawd\u0119 istnieje? Czy mo\u017cemy udowodni\u0107 Jego istnienie rozumem, czy to tylko kwestia wiary?<\/em><\/p>\n\n\n\n<p>Ponad 700 lat temu wielki doktor Ko\u015bcio\u0142a,&nbsp;<strong>\u015bw. Tomasz z Akwinu<\/strong>, odpowiedzia\u0142 na te pytania argumentami tak mocnymi, \u017ce pozostaj\u0105 aktualne do dzi\u015b. W swoim arcydziele&nbsp;<em>Summa Theologica<\/em>&nbsp;przedstawi\u0142&nbsp;<strong>pi\u0119\u0107 racjonalnych dr\u00f3g<\/strong>&nbsp;dowodz\u0105cych istnienia Boga &#8211; nie odwo\u0142uj\u0105c si\u0119 wy\u0142\u0105cznie do Objawienia, ale u\u017cywaj\u0105c logiki i obserwacji \u015bwiata.<\/p>\n\n\n\n<p>Te &#8222;Pi\u0119\u0107 Dr\u00f3g&#8221; to nie tylko \u0107wiczenie intelektualne, ale \u015bcie\u017cki&nbsp;<strong>wynosz\u0105ce nasz umys\u0142 ku Stw\u00f3rcy<\/strong>, pomagaj\u0105ce dostrzec Jego \u015blad we wszystkim, co istnieje. W tym artykule przeanalizujemy ka\u017cd\u0105 z nich, ich znaczenie w teologii katolickiej i jak mog\u0105 przemieni\u0107 nasze \u017cycie duchowe we wsp\u00f3\u0142czesnym \u015bwiecie.<\/p>\n\n\n\n<hr class=\"wp-block-separator has-alpha-channel-opacity\"\/>\n\n\n\n<h2 class=\"wp-block-heading\"><strong>1. Droga ruchu: B\u00f3g jako Pierwszy Poruszyciel<\/strong><\/h2>\n\n\n\n<p><strong>Tekst kluczowy:<\/strong>&nbsp;<em>&#8222;Na pocz\u0105tku B\u00f3g stworzy\u0142 niebo i ziemi\u0119&#8221;<\/em>&nbsp;(Rdz 1,1).<\/p>\n\n\n\n<p>\u015aw. Tomasz zaobserwowa\u0142, \u017ce&nbsp;<strong>wszystko, co jest w ruchu, jest poruszane przez co\u015b innego<\/strong>. Pi\u0142ka nie toczy si\u0119 sama &#8211; kto\u015b j\u0105 kopn\u0105\u0142; drzewo nie ro\u015bnie bez uprzedniego nasienia. Gdy cofniemy ten \u0142a\u0144cuch przyczyn, dochodzimy do pytania:&nbsp;<em>Kto da\u0142 pierwszy impuls?<\/em><\/p>\n\n\n\n<p>Nie mo\u017ce by\u0107 niesko\u0144czonego ci\u0105gu poruszycieli, bo wtedy&nbsp;<strong>ruch nigdy by nie powsta\u0142<\/strong>. Musi wi\u0119c istnie\u0107&nbsp;<strong>Pierwszy Nieruchomy Poruszyciel<\/strong>, kt\u00f3ry sam nie jest poruszany, ale jest \u017ar\u00f3d\u0142em wszelkiego ruchu.&nbsp;<strong>Tym Poruszycielem jest B\u00f3g<\/strong>.<\/p>\n\n\n\n<p><strong>Praktyczne zastosowanie:<\/strong><\/p>\n\n\n\n<ul class=\"wp-block-list\">\n<li>Gdy obserwujesz zmiany w przyrodzie (p\u0142yn\u0105c\u0105 rzek\u0119, cykl p\u00f3r roku), pami\u0119taj, \u017ce za tym stoi\u00a0<strong>Bo\u017ca d\u0142o\u0144, kt\u00f3ra wszystko podtrzymuje<\/strong>.<\/li>\n\n\n\n<li>\u017byj wdzi\u0119czno\u015bci\u0105, wiedz\u0105c, \u017ce\u00a0<strong>B\u00f3g jest \u017ar\u00f3d\u0142em twojego \u017cycia<\/strong>\u00a0i ka\u017cdego ruchu ku dobru.<\/li>\n<\/ul>\n\n\n\n<hr class=\"wp-block-separator has-alpha-channel-opacity\"\/>\n\n\n\n<h2 class=\"wp-block-heading\"><strong>2. Droga przyczynowo\u015bci: B\u00f3g jako Pierwsza Przyczyna<\/strong><\/h2>\n\n\n\n<p><strong>Tekst kluczowy:<\/strong>&nbsp;<em>&#8222;W Nim bowiem \u017cyjemy, poruszamy si\u0119 i jeste\u015bmy&#8221;<\/em>&nbsp;(Dz 17,28).<\/p>\n\n\n\n<p>Nic nie powstaje z niczego. Ka\u017cdy efekt ma swoj\u0105 przyczyn\u0119: budynek wymaga architekta, zegar &#8211; zegarmistrza. Je\u015bli p\u00f3jdziemy tropem przyczyn,&nbsp;<strong>nie mo\u017ce by\u0107 niesko\u0144czonego regresu<\/strong>, bo wtedy nic by nie istnia\u0142o.<\/p>\n\n\n\n<p>Musi wi\u0119c istnie\u0107&nbsp;<strong>Pierwsza Nieuprzyczynowana Przyczyna<\/strong>, Byt, kt\u00f3ry nie zale\u017cy od niczego, ale jest \u017ar\u00f3d\u0142em wszystkiego innego.&nbsp;<strong>T\u0105 Przyczyn\u0105 jest B\u00f3g<\/strong>.<\/p>\n\n\n\n<p><strong>Praktyczne zastosowanie:<\/strong><\/p>\n\n\n\n<ul class=\"wp-block-list\">\n<li>Zastan\u00f3w si\u0119:\u00a0<em>Kto da\u0142 pocz\u0105tek twojemu istnieniu?<\/em>\u00a0<strong>B\u00f3g chcia\u0142 ci\u0119 od wieczno\u015bci<\/strong>.<\/li>\n\n\n\n<li>W trudno\u015bciach ufaj, \u017ce\u00a0<strong>B\u00f3g jest pocz\u0105tkiem i ko\u0144cem wszystkiego<\/strong>, i nic nie wymyka si\u0119 Jego Opatrzno\u015bci.<\/li>\n<\/ul>\n\n\n\n<hr class=\"wp-block-separator has-alpha-channel-opacity\"\/>\n\n\n\n<h2 class=\"wp-block-heading\"><strong>3. Droga przygodno\u015bci: B\u00f3g jako Konieczny Byt<\/strong><\/h2>\n\n\n\n<p><strong>Tekst kluczowy:<\/strong>&nbsp;<em>&#8222;Zanim g\u00f3ry stan\u0119\u0142y, zanim stworzy\u0142e\u015b ziemi\u0119 i \u015bwiat, od wieku po wiek Ty jeste\u015b Bogiem&#8221;<\/em>&nbsp;(Ps 90,2).<\/p>\n\n\n\n<p>Wszystko, co widzimy w \u015bwiecie, jest&nbsp;<strong>przygodne<\/strong>&nbsp;(mog\u0142oby istnie\u0107 lub nie). Drzewa, gwiazdy, nawet my sami&nbsp;<strong>nie nosimy w sobie racji swego istnienia<\/strong>.<\/p>\n\n\n\n<p>Gdyby wszystko by\u0142o przygodne, w pewnym momencie&nbsp;<strong>nic by nie istnia\u0142o<\/strong>. Musi wi\u0119c istnie\u0107&nbsp;<strong>Byt Konieczny<\/strong>, kt\u00f3ry nie zale\u017cy od niczego, ale istnieje sam przez si\u0119.&nbsp;<strong>Tym Bytem jest B\u00f3g<\/strong>.<\/p>\n\n\n\n<p><strong>Praktyczne zastosowanie:<\/strong><\/p>\n\n\n\n<ul class=\"wp-block-list\">\n<li><strong>Pokora<\/strong>: Uznaj, \u017ce we wszystkim zale\u017cymy od Boga.<\/li>\n\n\n\n<li><strong>Ufno\u015b\u0107<\/strong>: Cho\u0107 wszystko przemija,\u00a0<strong>B\u00f3g pozostaje<\/strong>.<\/li>\n<\/ul>\n\n\n\n<hr class=\"wp-block-separator has-alpha-channel-opacity\"\/>\n\n\n\n<h2 class=\"wp-block-heading\"><strong>4. Droga stopni doskona\u0142o\u015bci: B\u00f3g jako Najwy\u017csze Dobro<\/strong><\/h2>\n\n\n\n<p><strong>Tekst kluczowy:<\/strong>&nbsp;<em>&#8222;B\u0105d\u017acie wi\u0119c wy doskonali, jak doskona\u0142y jest Ojciec wasz niebieski&#8221;<\/em>&nbsp;(Mt 5,48).<\/p>\n\n\n\n<p>W \u015bwiecie widzimy r\u00f3\u017cne stopnie dobra, pi\u0119kna i prawdy. Co\u015b jest bardziej lub mniej sprawiedliwe, bardziej lub mniej pi\u0119kne. Ale te poj\u0119cia&nbsp;<strong>wymagaj\u0105 absolutnego maksimum<\/strong>, doskona\u0142ego wzorca.<\/p>\n\n\n\n<p>Musi wi\u0119c istnie\u0107&nbsp;<strong>co\u015b (lub Kto\u015b), co jest sam\u0105 Doskona\u0142o\u015bci\u0105<\/strong>, \u017ar\u00f3d\u0142em wszelkiego dobra.&nbsp;<strong>Tym Doskona\u0142ym Bytem jest B\u00f3g<\/strong>.<\/p>\n\n\n\n<p><strong>Praktyczne zastosowanie:<\/strong><\/p>\n\n\n\n<ul class=\"wp-block-list\">\n<li><strong>Szukaj prawdziwego pi\u0119kna<\/strong>\u00a0(nie powierzchowno\u015bci).<\/li>\n\n\n\n<li><strong>Kochaj dobro jako odbicie Boga<\/strong>.<\/li>\n<\/ul>\n\n\n\n<hr class=\"wp-block-separator has-alpha-channel-opacity\"\/>\n\n\n\n<h2 class=\"wp-block-heading\"><strong>5. Droga celowo\u015bci: B\u00f3g jako Porz\u0105dkuj\u0105cy Intelekt<\/strong><\/h2>\n\n\n\n<p><strong>Tekst kluczowy:<\/strong>&nbsp;<em>&#8222;Niebiosa g\u0142osz\u0105 chwa\u0142\u0119 Boga, dzie\u0142o r\u0105k Jego niebosk\u0142on obwieszcza&#8221;<\/em>&nbsp;(Ps 19,2).<\/p>\n\n\n\n<p>Wszech\u015bwiat ukazuje&nbsp;<strong>zadziwiaj\u0105cy porz\u0105dek<\/strong>&nbsp;(prawa fizyki, cykle biologiczne). Ten porz\u0105dek nie mo\u017ce by\u0107 dzie\u0142em przypadku, ale wymaga&nbsp;<strong>Najwy\u017cszej Inteligencji, kt\u00f3ra go zaprojektowa\u0142a<\/strong>.<\/p>\n\n\n\n<p>Istnieje wi\u0119c&nbsp;<strong>Inteligentny Byt porz\u0105dkuj\u0105cy wszystko<\/strong>.&nbsp;<strong>Tym Umys\u0142em Stw\u00f3rczym jest B\u00f3g<\/strong>.<\/p>\n\n\n\n<p><strong>Praktyczne zastosowanie:<\/strong><\/p>\n\n\n\n<ul class=\"wp-block-list\">\n<li><strong>Podziwiaj stworzenie jako dzie\u0142o Boga<\/strong>.<\/li>\n\n\n\n<li><strong>\u017byj z celem<\/strong>, wiedz\u0105c, \u017ce jest boski plan dla twojego \u017cycia.<\/li>\n<\/ul>\n\n\n\n<hr class=\"wp-block-separator has-alpha-channel-opacity\"\/>\n\n\n\n<h2 class=\"wp-block-heading\"><strong>Zako\u0144czenie: Wiara i Rozum w Harmonii<\/strong><\/h2>\n\n\n\n<p>\u015aw. Tomasz uczy nas, \u017ce&nbsp;<strong>wiara i rozum nie sprzeciwiaj\u0105 si\u0119 sobie<\/strong>&nbsp;&#8211; uzupe\u0142niaj\u0105 si\u0119. Te Pi\u0119\u0107 Dr\u00f3g to nie tylko argumenty filozoficzne, ale&nbsp;<strong>bramy prowadz\u0105ce do spotkania z Bogiem<\/strong>.<\/p>\n\n\n\n<p>W ha\u0142a\u015bliwym, rozpraszaj\u0105cym \u015bwiecie&nbsp;<strong>powr\u00f3t do tych wiecznych prawd przynosi nam pok\u00f3j i kierunek<\/strong>. Jak m\u00f3wi\u0142 Akwinata:&nbsp;<em>&#8222;Ma\u0142o\u015b\u0107 ludzkiego umys\u0142u nie jest wym\u00f3wk\u0105, by nie szuka\u0107 prawdy, bo sam B\u00f3g da\u0142 nam \u015bwiat\u0142o rozumu, by Go pozna\u0107.&#8221;<\/em><\/p>\n\n\n\n<p><strong>Ostateczne zaproszenie:<\/strong><br>Dzi\u015b zatrzymaj si\u0119 na chwil\u0119,&nbsp;<strong>rozejrzyj i dostrze\u017c \u015blad Boga w stworzeniu<\/strong>.&nbsp;<strong>On nie jest daleko; On jest fundamentem wszystkiego<\/strong>.<\/p>\n\n\n\n<p><em>&#8222;Zbli\u017ccie si\u0119 do Boga, a On zbli\u017cy si\u0119 do was&#8221;<\/em>&nbsp;(Jk 4,8).<\/p>\n\n\n\n<p>Czy jeste\u015b got\u00f3w odpowiedzie\u0107 na to wezwanie?<\/p>\n","protected":false},"excerpt":{"rendered":"<p>W \u015bwiecie, w kt\u00f3rym materializm i sceptycyzm dominuj\u0105 w debacie publicznej, wielu zadaje sobie pytanie:&nbsp;Czy B\u00f3g naprawd\u0119 istnieje? Czy mo\u017cemy udowodni\u0107 Jego istnienie rozumem, czy to tylko kwestia wiary? Ponad 700 lat temu wielki doktor Ko\u015bcio\u0142a,&nbsp;\u015bw. Tomasz z Akwinu, odpowiedzia\u0142 na te pytania argumentami tak mocnymi, \u017ce pozostaj\u0105 aktualne do dzi\u015b. W swoim arcydziele&nbsp;Summa Theologica&nbsp;przedstawi\u0142&nbsp;pi\u0119\u0107 &hellip;<\/p>\n","protected":false},"author":3,"featured_media":3459,"comment_status":"open","ping_status":"open","sticky":false,"template":"","format":"standard","meta":{"_seopress_robots_primary_cat":"","_seopress_titles_title":"","_seopress_titles_desc":"","_seopress_robots_index":"","footnotes":""},"categories":[63,41],"tags":[979],"class_list":["post-3458","post","type-post","status-publish","format-standard","has-post-thumbnail","","category-filozofia-i-wiara","category-wiara-i-kultura","tag-piec-drog-sw-tomasza-z-akwinu"],"_links":{"self":[{"href":"https:\/\/catholicus.eu\/pl\/wp-json\/wp\/v2\/posts\/3458","targetHints":{"allow":["GET"]}}],"collection":[{"href":"https:\/\/catholicus.eu\/pl\/wp-json\/wp\/v2\/posts"}],"about":[{"href":"https:\/\/catholicus.eu\/pl\/wp-json\/wp\/v2\/types\/post"}],"author":[{"embeddable":true,"href":"https:\/\/catholicus.eu\/pl\/wp-json\/wp\/v2\/users\/3"}],"replies":[{"embeddable":true,"href":"https:\/\/catholicus.eu\/pl\/wp-json\/wp\/v2\/comments?post=3458"}],"version-history":[{"count":1,"href":"https:\/\/catholicus.eu\/pl\/wp-json\/wp\/v2\/posts\/3458\/revisions"}],"predecessor-version":[{"id":3460,"href":"https:\/\/catholicus.eu\/pl\/wp-json\/wp\/v2\/posts\/3458\/revisions\/3460"}],"wp:featuredmedia":[{"embeddable":true,"href":"https:\/\/catholicus.eu\/pl\/wp-json\/wp\/v2\/media\/3459"}],"wp:attachment":[{"href":"https:\/\/catholicus.eu\/pl\/wp-json\/wp\/v2\/media?parent=3458"}],"wp:term":[{"taxonomy":"category","embeddable":true,"href":"https:\/\/catholicus.eu\/pl\/wp-json\/wp\/v2\/categories?post=3458"},{"taxonomy":"post_tag","embeddable":true,"href":"https:\/\/catholicus.eu\/pl\/wp-json\/wp\/v2\/tags?post=3458"}],"curies":[{"name":"wp","href":"https:\/\/api.w.org\/{rel}","templated":true}]}}