{"id":3454,"date":"2025-04-22T12:33:14","date_gmt":"2025-04-22T10:33:14","guid":{"rendered":"https:\/\/catholicus.eu\/pl\/?p=3454"},"modified":"2025-04-22T12:33:14","modified_gmt":"2025-04-22T10:33:14","slug":"rytual-potwierdzenia-smierci-papieza-historia-teologia-i-przewodnik-duchowy","status":"publish","type":"post","link":"https:\/\/catholicus.eu\/pl\/rytual-potwierdzenia-smierci-papieza-historia-teologia-i-przewodnik-duchowy\/","title":{"rendered":"Rytua\u0142 potwierdzenia \u015bmierci papie\u017ca: historia, teologia i przewodnik duchowy"},"content":{"rendered":"\n<h2 class=\"wp-block-heading\"><strong>Wprowadzenie: Gdy Stolica Piotrowa staje si\u0119 nieobsadzona<\/strong><\/h2>\n\n\n\n<p>W Ko\u015bciele katolickim papie\u017c to nie tylko biskup Rzymu \u2013 to nast\u0119pca \u015bw. Piotra, Namiestnik Chrystusa na ziemi. Jego \u015bmier\u0107 nie jest wi\u0119c jedynie wydarzeniem medialnym, ale chwil\u0105 o ogromnym znaczeniu duchowym, teologicznym i ko\u015bcielnym. Gdy papie\u017c umiera, ca\u0142y Ko\u015bci\u00f3\u0142 wchodzi w szczeg\u00f3lny czas: <em>Sede Vacante<\/em>, czas oczekiwania, modlitwy i rozeznania.<\/p>\n\n\n\n<p>Ale jak dok\u0142adnie potwierdza si\u0119 \u015bmier\u0107 papie\u017ca? Jakie rytua\u0142y i symbole towarzysz\u0105 tej uroczystej chwili? Jakie maj\u0105 znaczenie \u2013 nie tylko dla Ko\u015bcio\u0142a instytucjonalnego, ale tak\u017ce dla naszego osobistego \u017cycia duchowego?<\/p>\n\n\n\n<p>Ten artyku\u0142 ma na celu dog\u0142\u0119bne przybli\u017cenie rytua\u0142u potwierdzenia \u015bmierci papie\u017ca: jego historii, symboliki, znaczenia teologicznego, a tak\u017ce pokazanie, jak ten obrz\u0119d mo\u017ce pom\u00f3c nam w refleksji nad w\u0142asn\u0105 wiar\u0105, \u017cyciem i przynale\u017cno\u015bci\u0105 do Mistycznego Cia\u0142a Chrystusa.<\/p>\n\n\n\n<hr class=\"wp-block-separator has-alpha-channel-opacity\"\/>\n\n\n\n<h2 class=\"wp-block-heading\"><strong>1. Kr\u00f3tka historia rytua\u0142u<\/strong><\/h2>\n\n\n\n<h3 class=\"wp-block-heading\"><strong>Potrzeba obecna od pierwszych wiek\u00f3w<\/strong><\/h3>\n\n\n\n<p>W pierwszych wiekach chrze\u015bcija\u0144stwa \u015bmier\u0107 papie\u017ca by\u0142a wydarzeniem znanym wsp\u00f3lnocie chrze\u015bcija\u0144skiej Rzymu. Z czasem \u2013 zw\u0142aszcza od \u015bredniowiecza \u2013 Ko\u015bci\u00f3\u0142 rozwin\u0105\u0142 coraz bardziej sformalizowane procedury oficjalnego potwierdzenia zgonu Najwy\u017cszego Kap\u0142ana.<\/p>\n\n\n\n<p>Przez wiele wiek\u00f3w mia\u0142o to miejsce w formie uroczystego i pe\u0142nego symboliki rytua\u0142u. Jednym z najbardziej znanych element\u00f3w by\u0142o uderzenie przez <em>kardyna\u0142a kamerlinga<\/em> srebrnym m\u0142oteczkiem w czo\u0142o papie\u017ca i trzykrotne wypowiedzenie jego chrzcielnego imienia. Wobec braku odpowiedzi og\u0142asza\u0142 on zgon.<\/p>\n\n\n\n<h3 class=\"wp-block-heading\"><strong>Ewolucja i uproszczenie w czasach nowo\u017cytnych<\/strong><\/h3>\n\n\n\n<p>Rytua\u0142 ten, pe\u0142en symboliki, zosta\u0142 stopniowo uproszczony w XX wieku. Dzi\u015b \u015bmier\u0107 papie\u017ca potwierdzana jest na podstawie kryteri\u00f3w medycznych i oficjalnie po\u015bwiadczana przez kamerlinga w obecno\u015bci \u015bwiadk\u00f3w.<\/p>\n\n\n\n<p>Pomimo uproszczenia zewn\u0119trznych gest\u00f3w, wydarzenie to zachowuje g\u0142\u0119bok\u0105 warto\u015b\u0107 teologiczn\u0105 i rytualn\u0105: przypomina, \u017ce Ko\u015bci\u00f3\u0142 \u2013 cho\u0107 za\u0142o\u017cony przez Chrystusa \u2013 kierowany jest przez \u015bmiertelnych ludzi.<\/p>\n\n\n\n<hr class=\"wp-block-separator has-alpha-channel-opacity\"\/>\n\n\n\n<h2 class=\"wp-block-heading\"><strong>2. Wsp\u00f3\u0142czesny rytua\u0142: co dzieje si\u0119, gdy umiera papie\u017c?<\/strong><\/h2>\n\n\n\n<h3 class=\"wp-block-heading\"><strong>G\u0142\u00f3wne etapy procesu:<\/strong><\/h3>\n\n\n\n<ol class=\"wp-block-list\">\n<li><strong>Medyczne potwierdzenie zgonu.<\/strong><br>Papie\u017cowi towarzyszy personel medyczny do ostatniego tchnienia. Po stwierdzeniu \u015bmierci klinicznej rozpoczyna si\u0119 procedura ko\u015bcielna.<\/li>\n\n\n\n<li><strong>Oficjalna weryfikacja przez kamerlinga.<\/strong><br>Kamerling wchodzi do pokoju, w kt\u00f3rym znajduje si\u0119 cia\u0142o papie\u017ca, w towarzystwie kilku \u015bwiadk\u00f3w. Trzykrotnie wypowiada imi\u0119 chrzestne papie\u017ca. Wobec braku odpowiedzi og\u0142asza: <em>\u00abVere Papa mortuus est\u00bb<\/em> (Prawdziwie papie\u017c umar\u0142).<\/li>\n\n\n\n<li><strong>Zniszczenie Pier\u015bcienia Rybaka.<\/strong><br>Papieska piecz\u0119\u0107 zostaje rozbita m\u0142otkiem: to gest symbolizuj\u0105cy koniec w\u0142adzy papie\u017ca jako Namiestnika Chrystusa.<\/li>\n\n\n\n<li><strong>Oficjalne og\u0142oszenie \u015bmierci Ko\u015bcio\u0142owi powszechnemu.<\/strong><br>Dziekan Kolegium Kardynalskiego, w\u0142adze ko\u015bcielne, a wreszcie ca\u0142y \u015bwiat zostaj\u0105 powiadomieni.<\/li>\n\n\n\n<li><strong>Rozpocz\u0119cie okresu <em>Sede Vacante<\/em>.<\/strong><br>Stolica Apostolska wchodzi w szczeg\u00f3lny stan prawny, kt\u00f3ry trwa do wyboru nowego papie\u017ca.<\/li>\n<\/ol>\n\n\n\n<hr class=\"wp-block-separator has-alpha-channel-opacity\"\/>\n\n\n\n<h2 class=\"wp-block-heading\"><strong>3. Znaczenie teologiczne: \u015bmier\u0107 na Katedrze Piotrowej<\/strong><\/h2>\n\n\n\n<h3 class=\"wp-block-heading\"><strong>\u015amier\u0107 pasterza \u2013 obraz Dobrego Pasterza<\/strong><\/h3>\n\n\n\n<p>Posta\u0107 papie\u017ca odzwierciedla obraz Chrystusa Dobrego Pasterza, kt\u00f3ry oddaje \u017cycie za swoje owce (por. <em>J 10,11<\/em>). Nawet jego \u015bmier\u0107 jest aktem s\u0142u\u017cby i ofiary. Ko\u015bci\u00f3\u0142 kontempluje w tej chwili krucho\u015b\u0107 cia\u0142a i wieczno\u015b\u0107 misji.<\/p>\n\n\n\n<p>\u015aw. Pawe\u0142 przypomina nam:<\/p>\n\n\n\n<blockquote class=\"wp-block-quote is-layout-flow wp-block-quote-is-layout-flow\">\n<p>\u201eNikt za\u015b z nas nie \u017cyje dla siebie i nikt nie umiera dla siebie\u2026 i czy \u017cyjemy, i czy umieramy, nale\u017cymy do Pana.\u201d<br>(<em>Rz 14,7\u20138<\/em>)<\/p>\n<\/blockquote>\n\n\n\n<p>Papie\u017c umiera jako s\u0142uga, a jego \u015bmier\u0107 \u2013 daleka od bycia ko\u0144cem \u2013 rozpoczyna czas modlitwy, skupienia i nadziei dla ca\u0142ego Ko\u015bcio\u0142a.<\/p>\n\n\n\n<h3 class=\"wp-block-heading\"><strong>Sede Vacante jako czas eschatologicznego oczekiwania<\/strong><\/h3>\n\n\n\n<p>Gdy Stolica Piotrowa jest nieobsadzona, Ko\u015bci\u00f3\u0142 prze\u017cywa symbolicznie oczekiwanie na Oblubie\u0144ca. To czas przypomnienia, \u017ce naszym prawdziwym Pasterzem jest Chrystus \u2013 a papiestwo, jako boska instytucja, trwa nawet wtedy, gdy jego ziemski przedstawiciel umiera.<\/p>\n\n\n\n<hr class=\"wp-block-separator has-alpha-channel-opacity\"\/>\n\n\n\n<h2 class=\"wp-block-heading\"><strong>4. Duchowe zastosowania w naszym codziennym \u017cyciu<\/strong><\/h2>\n\n\n\n<p>Cho\u0107 \u015bmier\u0107 papie\u017ca mo\u017ce wydawa\u0107 si\u0119 odleg\u0142ym wydarzeniem, oferuje ka\u017cdemu chrze\u015bcijaninowi mo\u017cliwo\u015b\u0107 refleksji nad r\u00f3\u017cnymi aspektami w\u0142asnego \u017cycia:<\/p>\n\n\n\n<h3 class=\"wp-block-heading\"><strong>a) Pami\u0119\u0107 o w\u0142asnej \u015bmiertelno\u015bci<\/strong><\/h3>\n\n\n\n<p>Ko\u015bci\u00f3\u0142, w chwili \u015bmierci swego widzialnego przyw\u00f3dcy, zaprasza nas do refleksji nad w\u0142asn\u0105 \u015bmierci\u0105. Czy jeste\u015bmy gotowi stan\u0105\u0107 przed Bogiem? Czy \u017cyjemy ka\u017cdego dnia w \u015bwietle wieczno\u015bci?<\/p>\n\n\n\n<blockquote class=\"wp-block-quote is-layout-flow wp-block-quote-is-layout-flow\">\n<p>\u201eCzuwajcie wi\u0119c, bo nie znacie dnia ani godziny.\u201d<br>(<em>Mt 25,13<\/em>)<\/p>\n<\/blockquote>\n\n\n\n<h3 class=\"wp-block-heading\"><strong>b) Modlitwa za Ko\u015bci\u00f3\u0142 powszechny<\/strong><\/h3>\n\n\n\n<p>W czasie <em>Sede Vacante<\/em> wierni s\u0105 wezwani do intensywnej modlitwy o jedno\u015b\u0107 Ko\u015bcio\u0142a i wyb\u00f3r nowego papie\u017ca. To wyraz wsp\u00f3\u0142odpowiedzialno\u015bci w wierze.<\/p>\n\n\n\n<h3 class=\"wp-block-heading\"><strong>c) Odnowienie zaufania i pos\u0142usze\u0144stwa Ko\u015bcio\u0142owi<\/strong><\/h3>\n\n\n\n<p>Takie chwile mog\u0105 budzi\u0107 niepok\u00f3j lub zamieszanie. Jednak Ko\u015bci\u00f3\u0142 nie chwieje si\u0119 dlatego, \u017ce zmar\u0142 jego widzialny przyw\u00f3dca \u2013 trwa, poniewa\u017c jego fundamentem jest Chrystus.<\/p>\n\n\n\n<hr class=\"wp-block-separator has-alpha-channel-opacity\"\/>\n\n\n\n<h2 class=\"wp-block-heading\"><strong>5. Praktyczny przewodnik teologiczno-duszpasterski<\/strong><\/h2>\n\n\n\n<h3 class=\"wp-block-heading\"><strong>Co mog\u0119 zrobi\u0107 jako katolik, gdy umiera papie\u017c?<\/strong><\/h3>\n\n\n\n<ol class=\"wp-block-list\">\n<li><strong>Natychmiastowa modlitwa za dusz\u0119 zmar\u0142ego Ojca \u015awi\u0119tego.<\/strong><br>Cho\u0107 Ko\u015bci\u00f3\u0142 nie kanonizuje automatycznie papie\u017cy, zawierza ich Bo\u017cemu mi\u0142osierdziu. Modlitwa za niego to akt mi\u0142o\u015bci.<\/li>\n\n\n\n<li><strong>Udzia\u0142 w Mszach \u015bw. w jego intencji.<\/strong><br>W wielu diecezjach odprawiane s\u0105 specjalne liturgie za zmar\u0142ego papie\u017ca. Udzia\u0142 w nich to spos\u00f3b na duchowe zjednoczenie si\u0119 z Ko\u015bcio\u0142em powszechnym.<\/li>\n\n\n\n<li><strong>Modlitwa za Kolegium Kardynalskie.<\/strong><br>To oni s\u0105 odpowiedzialni za wyb\u00f3r nowego papie\u017ca. Modlitwa za ich otwarto\u015b\u0107 na Ducha \u015awi\u0119tego to duchowy obowi\u0105zek ka\u017cdego wiernego.<\/li>\n\n\n\n<li><strong>Poznawanie nauczania zmar\u0142ego papie\u017ca.<\/strong><br>Czytanie jego encyklik, homilii, list\u00f3w to spos\u00f3b na zachowanie jego dziedzictwa i pog\u0142\u0119bienie wiary.<\/li>\n\n\n\n<li><strong>Towarzyszenie konklawe postem i modlitw\u0105.<\/strong><br>Wyb\u00f3r papie\u017ca to moment \u015bwi\u0119ty. Mo\u017cemy ofiarowa\u0107 osobiste wyrzeczenia, by nowy wybrany by\u0142 pasterzem wed\u0142ug Serca Chrystusa.<\/li>\n<\/ol>\n\n\n\n<hr class=\"wp-block-separator has-alpha-channel-opacity\"\/>\n\n\n\n<h2 class=\"wp-block-heading\"><strong>6. Wezwanie do wierno\u015bci Magisterium<\/strong><\/h2>\n\n\n\n<p>\u015amier\u0107 papie\u017ca mo\u017ce budzi\u0107 niepewno\u015b\u0107 lub kontrowersje. Ale trzeba pami\u0119ta\u0107: Ko\u015bci\u00f3\u0142 nie jest prowadzony tylko przez ludzi, lecz przez Ducha \u015awi\u0119tego. Naszym powo\u0142aniem jest wierno\u015b\u0107 nauczaniu Ko\u015bcio\u0142a i otwarto\u015b\u0107 na dzia\u0142anie Ducha.<\/p>\n\n\n\n<p>Jak pisa\u0142 \u015bw. Ignacy Antioche\u0144ski:<\/p>\n\n\n\n<blockquote class=\"wp-block-quote is-layout-flow wp-block-quote-is-layout-flow\">\n<p>\u201eTam, gdzie jest biskup, tam niech b\u0119dzie i lud; jak tam, gdzie jest Chrystus Jezus, tam jest i Ko\u015bci\u00f3\u0142 katolicki.\u201d<\/p>\n<\/blockquote>\n\n\n\n<hr class=\"wp-block-separator has-alpha-channel-opacity\"\/>\n\n\n\n<h2 class=\"wp-block-heading\"><strong>Zako\u0144czenie: Umrze\u0107, jak si\u0119 \u017cy\u0142o \u2013 w s\u0142u\u017cbie Chrystusowi<\/strong><\/h2>\n\n\n\n<p>\u015amier\u0107 papie\u017ca nie jest strat\u0105 dla Ko\u015bcio\u0142a, lecz uroczystym dope\u0142nieniem \u017cycia oddanego Chrystusowi i jego owczarni. Przypomina nam, \u017ce i my jeste\u015bmy wezwani do wierno\u015bci, s\u0142u\u017cby i ofiary a\u017c do ostatniego tchnienia.<\/p>\n\n\n\n<p>Niech w tej chwili refleksji wybrzmi\u0105 tak\u017ce dla nas s\u0142owa \u015bw. Paw\u0142a:<\/p>\n\n\n\n<blockquote class=\"wp-block-quote is-layout-flow wp-block-quote-is-layout-flow\">\n<p>\u201eW dobrych zawodach wyst\u0105pi\u0142em, bieg uko\u0144czy\u0142em, wiary ustrzeg\u0142em.\u201d<br>(<em>2 Tm 4,7<\/em>)<\/p>\n<\/blockquote>\n","protected":false},"excerpt":{"rendered":"<p>Wprowadzenie: Gdy Stolica Piotrowa staje si\u0119 nieobsadzona W Ko\u015bciele katolickim papie\u017c to nie tylko biskup Rzymu \u2013 to nast\u0119pca \u015bw. Piotra, Namiestnik Chrystusa na ziemi. Jego \u015bmier\u0107 nie jest wi\u0119c jedynie wydarzeniem medialnym, ale chwil\u0105 o ogromnym znaczeniu duchowym, teologicznym i ko\u015bcielnym. Gdy papie\u017c umiera, ca\u0142y Ko\u015bci\u00f3\u0142 wchodzi w szczeg\u00f3lny czas: Sede Vacante, czas oczekiwania, &hellip;<\/p>\n","protected":false},"author":3,"featured_media":3455,"comment_status":"open","ping_status":"open","sticky":false,"template":"","format":"standard","meta":{"_seopress_robots_primary_cat":"","_seopress_titles_title":"","_seopress_titles_desc":"","_seopress_robots_index":"","footnotes":""},"categories":[38,48],"tags":[978,965],"class_list":["post-3454","post","type-post","status-publish","format-standard","has-post-thumbnail","","category-historia-i-tradycja","category-historia-kosciola","tag-rytual-potwierdzenia","tag-smierci-papieza"],"_links":{"self":[{"href":"https:\/\/catholicus.eu\/pl\/wp-json\/wp\/v2\/posts\/3454","targetHints":{"allow":["GET"]}}],"collection":[{"href":"https:\/\/catholicus.eu\/pl\/wp-json\/wp\/v2\/posts"}],"about":[{"href":"https:\/\/catholicus.eu\/pl\/wp-json\/wp\/v2\/types\/post"}],"author":[{"embeddable":true,"href":"https:\/\/catholicus.eu\/pl\/wp-json\/wp\/v2\/users\/3"}],"replies":[{"embeddable":true,"href":"https:\/\/catholicus.eu\/pl\/wp-json\/wp\/v2\/comments?post=3454"}],"version-history":[{"count":1,"href":"https:\/\/catholicus.eu\/pl\/wp-json\/wp\/v2\/posts\/3454\/revisions"}],"predecessor-version":[{"id":3456,"href":"https:\/\/catholicus.eu\/pl\/wp-json\/wp\/v2\/posts\/3454\/revisions\/3456"}],"wp:featuredmedia":[{"embeddable":true,"href":"https:\/\/catholicus.eu\/pl\/wp-json\/wp\/v2\/media\/3455"}],"wp:attachment":[{"href":"https:\/\/catholicus.eu\/pl\/wp-json\/wp\/v2\/media?parent=3454"}],"wp:term":[{"taxonomy":"category","embeddable":true,"href":"https:\/\/catholicus.eu\/pl\/wp-json\/wp\/v2\/categories?post=3454"},{"taxonomy":"post_tag","embeddable":true,"href":"https:\/\/catholicus.eu\/pl\/wp-json\/wp\/v2\/tags?post=3454"}],"curies":[{"name":"wp","href":"https:\/\/api.w.org\/{rel}","templated":true}]}}