{"id":3427,"date":"2025-04-21T17:34:09","date_gmt":"2025-04-21T15:34:09","guid":{"rendered":"https:\/\/catholicus.eu\/pl\/?p=3427"},"modified":"2025-04-21T17:34:10","modified_gmt":"2025-04-21T15:34:10","slug":"stolica-jest-pusta-restauracja-czy-rewolucja-katolicki-przewodnik-na-czas-niepewnosci-papieskiej","status":"publish","type":"post","link":"https:\/\/catholicus.eu\/pl\/stolica-jest-pusta-restauracja-czy-rewolucja-katolicki-przewodnik-na-czas-niepewnosci-papieskiej\/","title":{"rendered":"Stolica jest pust\u0105: Restauracja czy rewolucja? Katolicki przewodnik na czas niepewno\u015bci papieskiej"},"content":{"rendered":"\n<h3 class=\"wp-block-heading\"><strong>Wprowadzenie: Gdy tron Piotrowy wydaje si\u0119 pusty<\/strong><\/h3>\n\n\n\n<p>W chwilach, gdy Stolica Piotrowa jest nieobsadzona, Ko\u015bci\u00f3\u0142 Katolicki prze\u017cywa jedn\u0105 ze swoich najdelikatniejszych pr\u00f3b:&nbsp;<em>Czy nadszed\u0142 czas na przywr\u00f3cenie tradycji, czy kontynuacj\u0119 obranej drogi?<\/em>&nbsp;Historia uczy nas, \u017ce te okresy to nie tylko formalno\u015bci administracyjne, ale czas g\u0142\u0119bokiej refleksji, w kt\u00f3rym Duch \u015awi\u0119ty dzia\u0142a w tajemniczy spos\u00f3b, by prowadzi\u0107 \u0142\u00f3d\u017a Piotrow\u0105.<\/p>\n\n\n\n<p>W tym artykule zg\u0142\u0119bimy:<\/p>\n\n\n\n<ol start=\"1\" class=\"wp-block-list\">\n<li><strong>Teologiczne znaczenie\u00a0<em>Sede Vacante<\/em><\/strong><\/li>\n\n\n\n<li><strong>Historyczne lekcje z kluczowych konklawe<\/strong><\/li>\n\n\n\n<li><strong>Restauracja czy kontynuacja? G\u0142\u0119boko zakorzeniona debata<\/strong><\/li>\n\n\n\n<li><strong>Jak duchowo prze\u017cywa\u0107 ten czas oczekiwania<\/strong><\/li>\n\n\n\n<li><strong>Praktyczny przewodnik: modlitwa, rozeznanie i dzia\u0142anie<\/strong><\/li>\n<\/ol>\n\n\n\n<hr class=\"wp-block-separator has-alpha-channel-opacity\"\/>\n\n\n\n<h3 class=\"wp-block-heading\"><strong>I. Co naprawd\u0119 oznacza nieobsadzona Stolica?<\/strong><\/h3>\n\n\n\n<p><em>Sede Vacante<\/em>&nbsp;(z \u0142ac.&nbsp;<em>Sedes Vacans<\/em>) to okres mi\u0119dzy \u015bmierci\u0105 lub rezygnacj\u0105 papie\u017ca a wyborem jego nast\u0119pcy. To nie tylko &#8222;bezkr\u00f3lewie&#8221;, ale \u015bwi\u0119ty czas, w kt\u00f3rym Ko\u015bci\u00f3\u0142, cho\u0107 pozbawiony widzialnego pasterza, pozostaje podtrzymywany przez Chrystusa, kt\u00f3ry obieca\u0142:&nbsp;<em>&#8222;Ty jeste\u015b Piotr [czyli Ska\u0142a], i na tej Skale zbuduj\u0119 Ko\u015bci\u00f3\u0142 m\u00f3j, a bramy piekielne go nie przemog\u0105&#8221;<\/em>&nbsp;(Mt 16,18).<\/p>\n\n\n\n<p><strong>Kluczowe punkty:<\/strong><\/p>\n\n\n\n<ul class=\"wp-block-list\">\n<li><strong>Ko\u015bci\u00f3\u0142 nie jest bez g\u0142owy<\/strong>: Chrystus jest jego niewidzialnym fundamentem<\/li>\n\n\n\n<li><strong>Kolegium Kardynalskie przejmuje tymczasow\u0105 rol\u0119<\/strong>, ale nie ma w\u0142adzy zmiany dogmat\u00f3w<\/li>\n\n\n\n<li><strong>Wezwanie do pokory<\/strong>: Ko\u015bci\u00f3\u0142 nie zale\u017cy od cz\u0142owieka, ale od Boga<\/li>\n<\/ul>\n\n\n\n<hr class=\"wp-block-separator has-alpha-channel-opacity\"\/>\n\n\n\n<h3 class=\"wp-block-heading\"><strong>II. Lekcje historii: Konklawe, kt\u00f3re kszta\u0142towa\u0142y kierunek<\/strong><\/h3>\n\n\n\n<p>Historia pokazuje, \u017ce okresy&nbsp;<em>Sede Vacante<\/em>&nbsp;to cz\u0119sto czasy \u0142aski i oczyszczenia. Kilka przyk\u0142ad\u00f3w:<\/p>\n\n\n\n<ol start=\"1\" class=\"wp-block-list\">\n<li><strong>Konklawe w Viterbo (1268-1271)<\/strong>: Trwa\u0142o prawie trzy lata z powodu podzia\u0142\u00f3w w\u015br\u00f3d kardyna\u0142\u00f3w. \u015aw. Bonawentura interweniowa\u0142 i po postach i modlitwach wybrano Grzegorza X, kt\u00f3ry ustanowi\u0142 surowsze zasady dla przysz\u0142ych konklawe.<\/li>\n\n\n\n<li><strong>Konklawe 1958<\/strong>: Po \u015bmierci Piusa XII wielu oczekiwa\u0142o kontynuatora jego stanowczej linii, ale Duch \u015awi\u0119ty zaskoczy\u0142 wyborem Jana XXIII i Soborem Watyka\u0144skim II.<\/li>\n\n\n\n<li><strong>Rezygnacja Benedykta XVI (2013)<\/strong>: Bezprecedensowy akt od wiek\u00f3w, kt\u00f3ry doprowadzi\u0142 do pontyfikatu Franciszka, zmieniaj\u0105c styl duszpasterski.<\/li>\n<\/ol>\n\n\n\n<p><strong>Refleksja<\/strong>:&nbsp;<em>Czy to Duch \u015awi\u0119ty prowadzi, czy przewa\u017caj\u0105 ludzkie pr\u0105dy?<\/em><\/p>\n\n\n\n<hr class=\"wp-block-separator has-alpha-channel-opacity\"\/>\n\n\n\n<h3 class=\"wp-block-heading\"><strong>III. Restauracja vs. kontynuacja: G\u0142\u0119boko zakorzeniona debata<\/strong><\/h3>\n\n\n\n<p>Dzi\u015b wielu katolik\u00f3w pyta:&nbsp;<em>Czy nast\u0119pny papie\u017c powinien przywr\u00f3ci\u0107 tradycyjn\u0105 liturgi\u0119, dyscyplin\u0119 ko\u015bcieln\u0105 i doktrynaln\u0105 jasno\u015b\u0107, czy kontynuowa\u0107 bardziej &#8222;duszpasterskie&#8221; podej\u015bcie dostosowane do wsp\u00f3\u0142czesno\u015bci?<\/em><\/p>\n\n\n\n<p><strong>Kluczowe argumenty:<\/strong><br>\u2705&nbsp;<strong>Za restauracj\u0105<\/strong>:<\/p>\n\n\n\n<ul class=\"wp-block-list\">\n<li>Przywr\u00f3cenie utraconej sacrum (np. Msza Trydencka)<\/li>\n\n\n\n<li>Ponowne potwierdzenie wiecznych prawd wobec relatywizmu<\/li>\n\n\n\n<li>Uzdrowienie podzia\u0142u mi\u0119dzy wiar\u0105 a rozumem<\/li>\n<\/ul>\n\n\n\n<p>\u2705&nbsp;<strong>Za kontynuacj\u0105<\/strong>:<\/p>\n\n\n\n<ul class=\"wp-block-list\">\n<li>Utrzymanie Ko\u015bcio\u0142a &#8222;wychodz\u0105cego&#8221; (jak prosi papie\u017c Franciszek)<\/li>\n\n\n\n<li>Dostosowanie j\u0119zyka (bez zmiany dogmatu), by dotrze\u0107 do wi\u0119cej dusz<\/li>\n\n\n\n<li>Unikanie gwa\u0142townych zerwa\u0144, kt\u00f3re powoduj\u0105 dalsze podzia\u0142y<\/li>\n<\/ul>\n\n\n\n<p><strong>Co m\u00f3wi teologia?<\/strong><br>Ko\u015bci\u00f3\u0142 jest&nbsp;<em>semper reformanda<\/em>&nbsp;(zawsze do reformowania), ale&nbsp;<em>nie w doktrynie, tylko w wierno\u015bci Chrystusowi<\/em>. Jak m\u00f3wi\u0142 \u015bw. Wincenty z Lerynu:&nbsp;<em>&#8222;Niech rozw\u00f3j b\u0119dzie rzeczywisty, nie zmiana; niech wzrasta zrozumienie, ale natura niech pozostanie.&#8221;<\/em><\/p>\n\n\n\n<hr class=\"wp-block-separator has-alpha-channel-opacity\"\/>\n\n\n\n<h3 class=\"wp-block-heading\"><strong>IV. Jak duchowo prze\u017cywa\u0107 ten czas: Praktyczny przewodnik<\/strong><\/h3>\n\n\n\n<p>Gdy \u015bwiat spekuluje o nast\u0119pnym papie\u017cu, wierni s\u0105 wezwani do czego\u015b g\u0142\u0119bszego:<\/p>\n\n\n\n<h4 class=\"wp-block-heading\"><strong>1. Modlitwa za konklawe<\/strong><\/h4>\n\n\n\n<ul class=\"wp-block-list\">\n<li>Odmawiaj\u00a0<strong>R\u00f3\u017caniec<\/strong>, prosz\u0105c o wstawiennictwo Maryi, Kr\u00f3lowej Aposto\u0142\u00f3w<\/li>\n\n\n\n<li>Oferuj\u00a0<strong>posty i pokuty<\/strong>\u00a0za czysty wyb\u00f3r<\/li>\n\n\n\n<li>U\u017cyj\u00a0<strong>modlitwy \u015bw. Miko\u0142aja z Fl\u00fce<\/strong>, patrona jedno\u015bci:\u00a0<em>&#8222;Panie, zabierz to, co oddala mnie od Ciebie. Daj mi to, co przybli\u017ca mnie do Ciebie. We\u017a mnie, bym ca\u0142kowicie nale\u017ca\u0142 do Ciebie.&#8221;<\/em><\/li>\n<\/ul>\n\n\n\n<h4 class=\"wp-block-heading\"><strong>2. Rozeznanie, nie polaryzacja<\/strong><\/h4>\n\n\n\n<ul class=\"wp-block-list\">\n<li>Unikaj &#8222;partii ko\u015bcielnych&#8221; (konserwaty\u015bci vs. post\u0119powcy)<\/li>\n\n\n\n<li>Pami\u0119taj:\u00a0<em>&#8222;Kto nie jest przeciwko nam, jest z nami&#8221;<\/em>\u00a0(Mk 9,40)<\/li>\n<\/ul>\n\n\n\n<h4 class=\"wp-block-heading\"><strong>3. Dzia\u0142anie: B\u0105d\u017a \u015bwiat\u0142em w zam\u0119cie<\/strong><\/h4>\n\n\n\n<ul class=\"wp-block-list\">\n<li><strong>Studiuj Katechizm<\/strong>, by nie da\u0107 si\u0119 ponie\u015b\u0107 fa\u0142szywym naukom<\/li>\n\n\n\n<li><strong>\u017byj wiar\u0105 sp\u00f3jnie<\/strong>, \u015bwiadcz\u0105c o Chrystusie w rodzinie i spo\u0142ecze\u0144stwie<\/li>\n\n\n\n<li><strong>Zaufaj Opatrzno\u015bci<\/strong>, jak \u015bw. Katarzyna ze Sieny podczas wielkiej schizmy<\/li>\n<\/ul>\n\n\n\n<hr class=\"wp-block-separator has-alpha-channel-opacity\"\/>\n\n\n\n<h3 class=\"wp-block-heading\"><strong>Zako\u0144czenie: Co robi\u0107 teraz?<\/strong><\/h3>\n\n\n\n<p><em>Sede Vacante<\/em>&nbsp;to nie czas l\u0119ku, ale nadziei. Jako katolicy powinni\u015bmy:<br>\ud83d\udd39&nbsp;<strong>Ufa\u0107<\/strong>, \u017ce Duch \u015awi\u0119ty poprowadzi kardyna\u0142\u00f3w<br>\ud83d\udd39&nbsp;<strong>Dzia\u0142a\u0107<\/strong>&nbsp;z mi\u0142o\u015bci\u0105 i doktrynaln\u0105 stanowczo\u015bci\u0105<br>\ud83d\udd39&nbsp;<strong>Zachowa\u0107 pok\u00f3j<\/strong>, pami\u0119taj\u0105c, \u017ce Ko\u015bci\u00f3\u0142 przetrwa\u0142 gorsze kryzysy<\/p>\n\n\n\n<p><strong>Ostatnie s\u0142owo nale\u017cy do Chrystusa, nie do nag\u0142\u00f3wk\u00f3w.<\/strong><\/p>\n\n\n\n<blockquote class=\"wp-block-quote is-layout-flow wp-block-quote-is-layout-flow\">\n<p><em>&#8222;Nie b\u00f3j si\u0119, ma\u0142a trz\u00f3dko, gdy\u017c spodoba\u0142o si\u0119 Ojcu waszemu da\u0107 wam kr\u00f3lestwo&#8221;<\/em>&nbsp;(\u0141k 12,32).<\/p>\n<\/blockquote>\n\n\n\n<p><strong>Modlitwa ko\u0144cowa:<\/strong><br><em>&#8222;Panie, daj nam Papie\u017ca wed\u0142ug Twego Serca, kt\u00f3ry poprowadzi nas w prawdzie i mi\u0142o\u015bci. Niech b\u0119dzie Piotrem dla mocnych i pasterzem dla s\u0142abych. Amen.&#8221;<\/em><\/p>\n\n\n\n<hr class=\"wp-block-separator has-alpha-channel-opacity\"\/>\n\n\n\n<p>Co my\u015blisz? Jak prze\u017cywasz ten czas oczekiwania? Podziel si\u0119 refleksjami i w\u0119drujmy razem w wierze!<\/p>\n","protected":false},"excerpt":{"rendered":"<p>Wprowadzenie: Gdy tron Piotrowy wydaje si\u0119 pusty W chwilach, gdy Stolica Piotrowa jest nieobsadzona, Ko\u015bci\u00f3\u0142 Katolicki prze\u017cywa jedn\u0105 ze swoich najdelikatniejszych pr\u00f3b:&nbsp;Czy nadszed\u0142 czas na przywr\u00f3cenie tradycji, czy kontynuacj\u0119 obranej drogi?&nbsp;Historia uczy nas, \u017ce te okresy to nie tylko formalno\u015bci administracyjne, ale czas g\u0142\u0119bokiej refleksji, w kt\u00f3rym Duch \u015awi\u0119ty dzia\u0142a w tajemniczy spos\u00f3b, by prowadzi\u0107 &hellip;<\/p>\n","protected":false},"author":3,"featured_media":3428,"comment_status":"open","ping_status":"open","sticky":false,"template":"","format":"standard","meta":{"_seopress_robots_primary_cat":"","_seopress_titles_title":"","_seopress_titles_desc":"","_seopress_robots_index":"","footnotes":""},"categories":[38,48],"tags":[967],"class_list":["post-3427","post","type-post","status-publish","format-standard","has-post-thumbnail","","category-historia-i-tradycja","category-historia-kosciola","tag-stolica-jest-pusta"],"_links":{"self":[{"href":"https:\/\/catholicus.eu\/pl\/wp-json\/wp\/v2\/posts\/3427","targetHints":{"allow":["GET"]}}],"collection":[{"href":"https:\/\/catholicus.eu\/pl\/wp-json\/wp\/v2\/posts"}],"about":[{"href":"https:\/\/catholicus.eu\/pl\/wp-json\/wp\/v2\/types\/post"}],"author":[{"embeddable":true,"href":"https:\/\/catholicus.eu\/pl\/wp-json\/wp\/v2\/users\/3"}],"replies":[{"embeddable":true,"href":"https:\/\/catholicus.eu\/pl\/wp-json\/wp\/v2\/comments?post=3427"}],"version-history":[{"count":1,"href":"https:\/\/catholicus.eu\/pl\/wp-json\/wp\/v2\/posts\/3427\/revisions"}],"predecessor-version":[{"id":3429,"href":"https:\/\/catholicus.eu\/pl\/wp-json\/wp\/v2\/posts\/3427\/revisions\/3429"}],"wp:featuredmedia":[{"embeddable":true,"href":"https:\/\/catholicus.eu\/pl\/wp-json\/wp\/v2\/media\/3428"}],"wp:attachment":[{"href":"https:\/\/catholicus.eu\/pl\/wp-json\/wp\/v2\/media?parent=3427"}],"wp:term":[{"taxonomy":"category","embeddable":true,"href":"https:\/\/catholicus.eu\/pl\/wp-json\/wp\/v2\/categories?post=3427"},{"taxonomy":"post_tag","embeddable":true,"href":"https:\/\/catholicus.eu\/pl\/wp-json\/wp\/v2\/tags?post=3427"}],"curies":[{"name":"wp","href":"https:\/\/api.w.org\/{rel}","templated":true}]}}