{"id":3424,"date":"2025-04-21T16:57:47","date_gmt":"2025-04-21T14:57:47","guid":{"rendered":"https:\/\/catholicus.eu\/pl\/?p=3424"},"modified":"2025-04-21T16:57:47","modified_gmt":"2025-04-21T14:57:47","slug":"gdy-tron-jest-pusty-tajemnicza-i-duchowa-rola-kamerlinga","status":"publish","type":"post","link":"https:\/\/catholicus.eu\/pl\/gdy-tron-jest-pusty-tajemnicza-i-duchowa-rola-kamerlinga\/","title":{"rendered":"Gdy Tron Jest Pusty: Tajemnicza i Duchowa Rola Kamerlinga"},"content":{"rendered":"\n<h3 class=\"wp-block-heading\"><strong>Wprowadzenie: Znacznie wi\u0119cej ni\u017c administrator Watykanu<\/strong><\/h3>\n\n\n\n<p>Gdy papie\u017c umiera lub rezygnuje, oczy ca\u0142ego \u015bwiata zwracaj\u0105 si\u0119 ku Bazylice \u015bw. Piotra. Jednak za bia\u0142ym dymem, kardyna\u0142ami i kamerami kryje si\u0119 posta\u0107 ma\u0142o znana, ale o ogromnym znaczeniu: <strong>Kamerling<\/strong>. Daleko mu do bycia zwyk\u0142ym administratorem \u2014 uosabia r\u00f3wnowag\u0119 mi\u0119dzy tym, co ludzkie, a tym, co boskie, w jednym z najbardziej delikatnych moment\u00f3w w \u017cyciu Ko\u015bcio\u0142a: <strong>Sede Vacante<\/strong>, czyli gdy tron papieski pozostaje pusty.<\/p>\n\n\n\n<p>Ten artyku\u0142 poprowadzi Ci\u0119 przez histori\u0119, symbolik\u0119 oraz teologiczn\u0105 i duszpastersk\u0105 rol\u0119 Kamerlinga. Odkryj, czego ta funkcja mo\u017ce nas nauczy\u0107 o Ko\u015bciele, \u015bmierci, nadziei i naszej w\u0142asnej chrze\u015bcija\u0144skiej drodze.<\/p>\n\n\n\n<hr class=\"wp-block-separator has-alpha-channel-opacity\"\/>\n\n\n\n<h2 class=\"wp-block-heading\"><strong>1. Kim jest Kamerling? Podstawowe informacje<\/strong><\/h2>\n\n\n\n<p>S\u0142owo <em>Kamerling<\/em> pochodzi od \u015bredniowiecznej \u0142aciny (<em>camarlingus<\/em>) i oznacza\u0142o osob\u0119 odpowiedzialn\u0105 za sprawy ekonomiczne i administracyjne Stolicy Apostolskiej. Jego rola staje si\u0119 kluczowa <strong>podczas wakatu papieskiego<\/strong> \u2014 okresu, w kt\u00f3rym nie ma urz\u0119duj\u0105cego papie\u017ca.<\/p>\n\n\n\n<p><strong>Obecnie Kamerlingiem \u015awi\u0119tego Ko\u015bcio\u0142a Rzymskiego jest kardyna\u0142 mianowany przez papie\u017ca, odpowiedzialny za:<\/strong><\/p>\n\n\n\n<ul class=\"wp-block-list\">\n<li>Oficjalne stwierdzenie \u015bmierci papie\u017ca;<\/li>\n\n\n\n<li>Zabezpieczenie i rytualne zniszczenie Pier\u015bcienia Rybaka;<\/li>\n\n\n\n<li>Organizacj\u0119 konklawe w celu wyboru nowego papie\u017ca;<\/li>\n\n\n\n<li>Tymczasowe zarz\u0105dzanie pilnymi sprawami Watykanu.<\/li>\n<\/ul>\n\n\n\n<p>Ale <strong>poza kwestiami organizacyjnymi<\/strong>, Kamerling symbolizuje ci\u0105g\u0142o\u015b\u0107 Ko\u015bcio\u0142a i jego wierno\u015b\u0107 Chrystusowi \u2014 niewidzialnej G\u0142owie Ko\u015bcio\u0142a, nawet wtedy, gdy widzialna G\u0142owa jest nieobecna.<\/p>\n\n\n\n<hr class=\"wp-block-separator has-alpha-channel-opacity\"\/>\n\n\n\n<h2 class=\"wp-block-heading\"><strong>2. Korzenie historyczne: Posta\u0107 mi\u0119dzy \u015bwiat\u0142em a cieniem<\/strong><\/h2>\n\n\n\n<p>Funkcja Kamerlinga si\u0119ga XI wieku, kiedy papie\u017ce potrzebowali zaufanego cz\u0142owieka do prowadzenia spraw doczesnych. W czasach politycznych niepokoj\u00f3w, wygnania i schizmy, Kamerling by\u0142 ostoj\u0105 stabilno\u015bci.<\/p>\n\n\n\n<p>Z biegiem wiek\u00f3w pe\u0142ni\u0142 r\u00f3wnie\u017c rol\u0119 <strong>stra\u017cnika sprawiedliwo\u015bci<\/strong> w zarz\u0105dzaniu maj\u0105tkiem Ko\u015bcio\u0142a, szczeg\u00f3lnie w okresach przej\u015bciowych. Mo\u017cna powiedzie\u0107, \u017ce by\u0142 jak <strong>\u201eJ\u00f3zef\u201d Watykanu<\/strong>, kt\u00f3ry dogl\u0105da\u0142 skarb\u00f3w Domu Bo\u017cego w czasie nieobecno\u015bci Pasterza.<\/p>\n\n\n\n<hr class=\"wp-block-separator has-alpha-channel-opacity\"\/>\n\n\n\n<h2 class=\"wp-block-heading\"><strong>3. Wymiar teologiczny: Ko\u015bci\u00f3\u0142 nigdy nie jest sierot\u0105<\/strong><\/h2>\n\n\n\n<p>Z teologicznego punktu widzenia rola Kamerlinga przypomina nam wa\u017cn\u0105 prawd\u0119: <strong>Ko\u015bci\u00f3\u0142 nale\u017cy do Chrystusa<\/strong>. Jego widzialna struktura mo\u017ce przechodzi\u0107 przez kryzysy, jego liderzy mog\u0105 si\u0119 zmienia\u0107, ale <strong>obecno\u015b\u0107 Ducha \u015awi\u0119tego nigdy nie ustaje<\/strong>.<\/p>\n\n\n\n<blockquote class=\"wp-block-quote is-layout-flow wp-block-quote-is-layout-flow\">\n<p>\u201eA oto Ja jestem z wami przez wszystkie dni, a\u017c do sko\u0144czenia \u015bwiata.\u201d<br><em>(Mt 28,20)<\/em><\/p>\n<\/blockquote>\n\n\n\n<p>Posta\u0107 Kamerlinga jest wi\u0119c <strong>znakiem nadziei i porz\u0105dku po\u015br\u00f3d \u015bmierci i pustki<\/strong>, echem dzia\u0142ania Ducha, kt\u00f3ry dzia\u0142a nawet wtedy, gdy wszystko wydaje si\u0119 zamro\u017cone.<\/p>\n\n\n\n<p><strong>W czasie Sede Vacante<\/strong> nie celebruje si\u0119 sakrament\u00f3w papieskich, nie odbywaj\u0105 si\u0119 audiencje generalne ani nie s\u0105 podejmowane decyzje papieskie. A mimo to, <strong>Ko\u015bci\u00f3\u0142 \u017cyje dalej<\/strong>, jak Maryja przy pustym grobie. Kamerling uosabia <strong>czujne, aktywne i pokorne oczekiwanie<\/strong>.<\/p>\n\n\n\n<hr class=\"wp-block-separator has-alpha-channel-opacity\"\/>\n\n\n\n<h2 class=\"wp-block-heading\"><strong>4. Zastosowania duchowe: Wewn\u0119trzny Kamerling<\/strong><\/h2>\n\n\n\n<p>Czego mo\u017ce nas nauczy\u0107 ta posta\u0107 w codziennym \u017cyciu?<\/p>\n\n\n\n<h3 class=\"wp-block-heading\"><strong>a) Uczy\u0107 si\u0119 strzec tego, co najwa\u017cniejsze<\/strong><\/h3>\n\n\n\n<p>Tak jak Kamerling strze\u017ce skarb\u00f3w Ko\u015bcio\u0142a w oczekiwaniu na nowego papie\u017ca, <strong>ka\u017cdy chrze\u015bcijanin jest wezwany do strze\u017cenia swojej wiary<\/strong>, swojej duszy i wiary swojej rodziny \u2014 zw\u0142aszcza w chwilach ciemno\u015bci i duchowej ciszy.<\/p>\n\n\n\n<blockquote class=\"wp-block-quote is-layout-flow wp-block-quote-is-layout-flow\">\n<p>Czy kiedykolwiek prze\u017cywa\u0142e\u015b swoj\u0105 w\u0142asn\u0105 \u201eSede Vacante\u201d \u2014 bez przewodnictwa, bez odpowiedzi, bez kierunku?<br>Wtedy jeste\u015b wezwany, by sta\u0107 si\u0119 w\u0142asnym Kamerlingiem: trwa\u0107 w wierze, a\u017c Chrystus ponownie przem\u00f3wi do twojego serca.<\/p>\n<\/blockquote>\n\n\n\n<h3 class=\"wp-block-heading\"><strong>b) Przygotowanie do \u015bmierci<\/strong><\/h3>\n\n\n\n<p>Kamerling nie tylko stwierdza \u015bmier\u0107 papie\u017ca \u2014 jest <strong>\u015bwiadkiem wieczno\u015bci<\/strong>, przypomina, \u017ce nawet nast\u0119pca \u015bw. Piotra jest \u015bmiertelny.<br>To zaproszenie, by \u017cy\u0107 z perspektyw\u0105 wieczno\u015bci i wiedzie\u0107, \u017ce \u015bmier\u0107 nie jest ko\u0144cem, ale pocz\u0105tkiem.<\/p>\n\n\n\n<blockquote class=\"wp-block-quote is-layout-flow wp-block-quote-is-layout-flow\">\n<p>\u201eNie mamy tu bowiem miasta trwa\u0142ego, ale szukamy tego, kt\u00f3re ma przyj\u015b\u0107.\u201d<br><em>(Hbr 13,14)<\/em><\/p>\n<\/blockquote>\n\n\n\n<h3 class=\"wp-block-heading\"><strong>c) By\u0107 pomostem w chaosie<\/strong><\/h3>\n\n\n\n<p>Kamerling pe\u0142ni rol\u0119 <strong>pomostu mi\u0119dzy dwoma pontyfikatami<\/strong>. Mo\u017ce i ty jeste\u015b wezwany, by by\u0107 takim pomostem w swojej rodzinie, wsp\u00f3lnocie czy \u015brodowisku, by podtrzymywa\u0107 jedno\u015b\u0107, gdy wszystko wydaje si\u0119 chwiejne.<\/p>\n\n\n\n<hr class=\"wp-block-separator has-alpha-channel-opacity\"\/>\n\n\n\n<h2 class=\"wp-block-heading\"><strong>5. Przewodnik duszpasterski: \u017by\u0107 jak Kamerling duszy<\/strong><\/h2>\n\n\n\n<h3 class=\"wp-block-heading\"><strong>1. Dyscyplina i nadzieja<\/strong><\/h3>\n\n\n\n<p>W czasach duchowego zam\u0119tu nie poddawaj si\u0119 chaosowi. Trwaj w modlitwie, sakramentach, mi\u0142o\u015bci. Jak Kamerling \u2014 <strong>pozosta\u0144 wierny nawet bez wyra\u017anego kierunku.<\/strong><\/p>\n\n\n\n<h3 class=\"wp-block-heading\"><strong>2. Stra\u017cnik sacrum<\/strong><\/h3>\n\n\n\n<p>Zastan\u00f3w si\u0119, czego strze\u017cesz w swoim \u017cyciu. Duszy? Rodziny? Warto\u015bci?<br>Zr\u00f3b duchowy rachunek sumienia i strze\u017c tego, co ci powierzono jako \u015bwi\u0119te.<\/p>\n\n\n\n<h3 class=\"wp-block-heading\"><strong>3. Oderwanie od w\u0142adzy<\/strong><\/h3>\n\n\n\n<p>Kamerling ma w\u0142adz\u0119&#8230; ale tymczasow\u0105. Gdy zostaje wybrany nowy papie\u017c, jego funkcja traci znaczenie. Uczmy si\u0119 s\u0142u\u017cy\u0107 <strong>bez szukania uznania<\/strong> i umie\u0107 ust\u0105pi\u0107, gdy nasza misja dobiega ko\u0144ca.<\/p>\n\n\n\n<h3 class=\"wp-block-heading\"><strong>4. Aktywna czujno\u015b\u0107<\/strong><\/h3>\n\n\n\n<p>Nie \u015bpij duchowo. W ciemno\u015bci \u2014 czuwaj. M\u00f3dl si\u0119.<\/p>\n\n\n\n<blockquote class=\"wp-block-quote is-layout-flow wp-block-quote-is-layout-flow\">\n<p>\u201eNiech b\u0119d\u0105 przepasane biodra wasze i zapalone pochodnie.\u201d <em>(\u0141k 12,35)<\/em><\/p>\n<\/blockquote>\n\n\n\n<hr class=\"wp-block-separator has-alpha-channel-opacity\"\/>\n\n\n\n<h2 class=\"wp-block-heading\"><strong>6. Kamerling dzisiaj: Znak \u017cywego Ko\u015bcio\u0142a<\/strong><\/h2>\n\n\n\n<p>W \u015bwiecie, gdzie przyw\u00f3dcy przemijaj\u0105, a instytucje si\u0119 chwiej\u0105, posta\u0107 Kamerlinga przypomina nam, \u017ce Ko\u015bci\u00f3\u0142 jest rzeczywisto\u015bci\u0105 \u017cyw\u0105, mistyczn\u0105 i ludzk\u0105.<br>Nie opiera si\u0119 na jednym cz\u0142owieku, lecz na Duchu, kt\u00f3ry go prowadzi.<\/p>\n\n\n\n<p><strong>Kamerling nie jest symbolem pustki, lecz nadziei.<\/strong><br>Nie oznacza Ko\u015bcio\u0142a osieroconego, lecz <strong>Oblubienic\u0119 wiernie czekaj\u0105c\u0105 na Oblubie\u0144ca.<\/strong><\/p>\n\n\n\n<hr class=\"wp-block-separator has-alpha-channel-opacity\"\/>\n\n\n\n<h2 class=\"wp-block-heading\"><strong>Zako\u0144czenie: Stra\u017cnicy Tajemnicy<\/strong><\/h2>\n\n\n\n<p>Ostatecznie ka\u017cdy chrze\u015bcijanin jest ma\u0142ym Kamerlingiem: <strong>stra\u017cnikiem tajemnicy wiary, stra\u017cnikiem duszy, \u015bwiadkiem nadziei.<\/strong><\/p>\n\n\n\n<p>W chwilach \u201eSede Vacante\u201d naszego \u017cycia \u2014 gdy wszystko wydaje si\u0119 zawieszone lub zagubione \u2014 b\u0105d\u017amy wiern\u0105 obecno\u015bci\u0105, jak Kamerling, ufaj\u0105c, \u017ce <strong>Chrystus nigdy nie opuszcza swojego Ko\u015bcio\u0142a ani swojego ludu.<\/strong><\/p>\n\n\n\n<blockquote class=\"wp-block-quote is-layout-flow wp-block-quote-is-layout-flow\">\n<p>\u201ePan bowiem nie odrzuca na zawsze. Cho\u0107 zasmuca, zmi\u0142uje si\u0119 wed\u0142ug obfito\u015bci swojej \u0142askawo\u015bci.\u201d<br><em>(Lamentacje 3,31\u201332)<\/em><\/p>\n<\/blockquote>\n\n\n\n<hr class=\"wp-block-separator has-alpha-channel-opacity\"\/>\n\n\n\n<p>Czy dzi\u015b czujesz si\u0119 wezwany, by by\u0107 stra\u017cnikiem, czuwaj\u0105cym, nosicielem nadziei po\u015br\u00f3d niepewno\u015bci?<br>Zatem \u2014 bez mitry, bez pastora\u0142u, bez kamer i ceremonii \u2014 <strong>\u017cyj jak Kamerling duszy.<\/strong><\/p>\n","protected":false},"excerpt":{"rendered":"<p>Wprowadzenie: Znacznie wi\u0119cej ni\u017c administrator Watykanu Gdy papie\u017c umiera lub rezygnuje, oczy ca\u0142ego \u015bwiata zwracaj\u0105 si\u0119 ku Bazylice \u015bw. Piotra. Jednak za bia\u0142ym dymem, kardyna\u0142ami i kamerami kryje si\u0119 posta\u0107 ma\u0142o znana, ale o ogromnym znaczeniu: Kamerling. Daleko mu do bycia zwyk\u0142ym administratorem \u2014 uosabia r\u00f3wnowag\u0119 mi\u0119dzy tym, co ludzkie, a tym, co boskie, w &hellip;<\/p>\n","protected":false},"author":3,"featured_media":3425,"comment_status":"open","ping_status":"open","sticky":false,"template":"","format":"standard","meta":{"_seopress_robots_primary_cat":"","_seopress_titles_title":"","_seopress_titles_desc":"","_seopress_robots_index":"","footnotes":""},"categories":[66,41],"tags":[966],"class_list":["post-3424","post","type-post","status-publish","format-standard","has-post-thumbnail","","category-kultura-popularna-i-katolicyzm","category-wiara-i-kultura","tag-kamerlinga"],"_links":{"self":[{"href":"https:\/\/catholicus.eu\/pl\/wp-json\/wp\/v2\/posts\/3424","targetHints":{"allow":["GET"]}}],"collection":[{"href":"https:\/\/catholicus.eu\/pl\/wp-json\/wp\/v2\/posts"}],"about":[{"href":"https:\/\/catholicus.eu\/pl\/wp-json\/wp\/v2\/types\/post"}],"author":[{"embeddable":true,"href":"https:\/\/catholicus.eu\/pl\/wp-json\/wp\/v2\/users\/3"}],"replies":[{"embeddable":true,"href":"https:\/\/catholicus.eu\/pl\/wp-json\/wp\/v2\/comments?post=3424"}],"version-history":[{"count":1,"href":"https:\/\/catholicus.eu\/pl\/wp-json\/wp\/v2\/posts\/3424\/revisions"}],"predecessor-version":[{"id":3426,"href":"https:\/\/catholicus.eu\/pl\/wp-json\/wp\/v2\/posts\/3424\/revisions\/3426"}],"wp:featuredmedia":[{"embeddable":true,"href":"https:\/\/catholicus.eu\/pl\/wp-json\/wp\/v2\/media\/3425"}],"wp:attachment":[{"href":"https:\/\/catholicus.eu\/pl\/wp-json\/wp\/v2\/media?parent=3424"}],"wp:term":[{"taxonomy":"category","embeddable":true,"href":"https:\/\/catholicus.eu\/pl\/wp-json\/wp\/v2\/categories?post=3424"},{"taxonomy":"post_tag","embeddable":true,"href":"https:\/\/catholicus.eu\/pl\/wp-json\/wp\/v2\/tags?post=3424"}],"curies":[{"name":"wp","href":"https:\/\/api.w.org\/{rel}","templated":true}]}}