{"id":3407,"date":"2025-04-20T15:03:51","date_gmt":"2025-04-20T13:03:51","guid":{"rendered":"https:\/\/catholicus.eu\/pl\/?p=3407"},"modified":"2025-04-20T15:03:51","modified_gmt":"2025-04-20T13:03:51","slug":"koscioly-sui-iuris-piekno-jednosci-w-katolickiej-roznorodnosci","status":"publish","type":"post","link":"https:\/\/catholicus.eu\/pl\/koscioly-sui-iuris-piekno-jednosci-w-katolickiej-roznorodnosci\/","title":{"rendered":"Ko\u015bcio\u0142y\u00a0Sui Iuris: Pi\u0119kno Jedno\u015bci w Katolickiej R\u00f3\u017cnorodno\u015bci"},"content":{"rendered":"\n<h2 class=\"wp-block-heading\"><strong>Wprowadzenie: Jedno\u015b\u0107 bez Uniformizacji<\/strong><\/h2>\n\n\n\n<p>W coraz bardziej podzielonym \u015bwiecie, gdzie r\u00f3\u017cnice cz\u0119sto staj\u0105 si\u0119 \u017ar\u00f3d\u0142em podzia\u0142\u00f3w, Ko\u015bci\u00f3\u0142 Katolicki oferuje wyj\u0105tkowe \u015bwiadectwo:&nbsp;<em>jedno\u015b\u0107 w r\u00f3\u017cnorodno\u015bci<\/em>. Ta rzeczywisto\u015b\u0107 szczeg\u00f3lnie wyra\u017ca si\u0119 w&nbsp;<strong>Ko\u015bcio\u0142ach&nbsp;<em>Sui Iuris<\/em><\/strong>&nbsp;\u2013 katolickich wsp\u00f3lnotach, kt\u00f3re cho\u0107 w pe\u0142ni zjednoczone z Papie\u017cem, zachowuj\u0105 w\u0142asne tradycje liturgiczne, teologiczne i duchowe.<\/p>\n\n\n\n<p>Ale czym dok\u0142adnie s\u0105 te Ko\u015bcio\u0142y? Dlaczego s\u0105 wa\u017cne dzi\u015b? I przede wszystkim \u2013 jak mog\u0105 ubogaci\u0107 nasz\u0105 wiar\u0119? W tym artykule zg\u0142\u0119bimy ich histori\u0119, teologiczne znaczenie i duszpastersk\u0105 aktualno\u015b\u0107, oferuj\u0105c praktyczny przewodnik \u017cycia katolicko\u015bci\u0105 w ca\u0142ej jej pe\u0142ni.<\/p>\n\n\n\n<hr class=\"wp-block-separator has-alpha-channel-opacity\"\/>\n\n\n\n<h2 class=\"wp-block-heading\"><strong>1. Czym jest Ko\u015bci\u00f3\u0142&nbsp;<em>Sui Iuris<\/em>?<\/strong><\/h2>\n\n\n\n<p>Termin&nbsp;<em>&#8222;Sui Iuris&#8221;<\/em>&nbsp;(oznaczaj\u0105cy &#8222;w\u0142asnego prawa&#8221;) odnosi si\u0119 do&nbsp;<strong>autonomicznego Ko\u015bcio\u0142a partykularnego w katolickiej wsp\u00f3lnocie<\/strong>, posiadaj\u0105cego w\u0142asn\u0105 hierarchi\u0119, liturgi\u0119, duchowo\u015b\u0107 i dyscyplin\u0119, przy uznaniu najwy\u017cszego autorytetu Papie\u017ca. W przeciwie\u0144stwie do obrz\u0105dk\u00f3w (czyli tradycji liturgicznych), Ko\u015bci\u00f3\u0142&nbsp;<em>Sui Iuris<\/em>&nbsp;to pe\u0142na struktura ko\u015bcielna z odr\u0119bn\u0105 to\u017csamo\u015bci\u0105.<\/p>\n\n\n\n<h3 class=\"wp-block-heading\"><strong>Przyk\u0142ady Ko\u015bcio\u0142\u00f3w&nbsp;<em>Sui Iuris<\/em>:<\/strong><\/h3>\n\n\n\n<ul class=\"wp-block-list\">\n<li><strong>Ko\u015bci\u00f3\u0142 \u0141aci\u0144ski<\/strong>\u00a0(najliczniejszy, do kt\u00f3rego nale\u017cy wi\u0119kszo\u015b\u0107 katolik\u00f3w zachodnich)<\/li>\n\n\n\n<li><strong>Ko\u015bci\u00f3\u0142 Maronicki<\/strong>\u00a0(tradycji syryjskiej, nigdy nie oddzielony od Rzymu)<\/li>\n\n\n\n<li><strong>Grecko-Katolicki Ko\u015bci\u00f3\u0142 Ukrai\u0144ski<\/strong>\u00a0(obrz\u0105dku bizantyjskiego)<\/li>\n\n\n\n<li><strong>Ko\u015bci\u00f3\u0142 Koptyjsko-Katolicki<\/strong>\u00a0(tradycji aleksandryjskiej)<\/li>\n\n\n\n<li><strong>Ko\u015bci\u00f3\u0142 Syro-Malabarski<\/strong>\u00a0(z Indii, z bardzo staro\u017cytn\u0105 liturgi\u0105)<\/li>\n<\/ul>\n\n\n\n<p>Te Ko\u015bcio\u0142y nie s\u0105 &#8222;oddzielnymi ga\u0142\u0119ziami&#8221;, lecz przejawami jedynego Ko\u015bcio\u0142a Chrystusowego, ka\u017cdy z w\u0142asnym duchowym bogactwem.<\/p>\n\n\n\n<hr class=\"wp-block-separator has-alpha-channel-opacity\"\/>\n\n\n\n<h2 class=\"wp-block-heading\"><strong>2. Historyczne Korzenie: Dlaczego istnieje wiele Ko\u015bcio\u0142\u00f3w w Katolicyzmie?<\/strong><\/h2>\n\n\n\n<p>R\u00f3\u017cnorodno\u015b\u0107 w Ko\u015bciele nie jest wynalazkiem wsp\u00f3\u0142czesno\u015bci, ale rzeczywisto\u015bci\u0105 od najwcze\u015bniejszych wiek\u00f3w. Chrze\u015bcija\u0144stwo szybko rozprzestrzeni\u0142o si\u0119 w basenie Morza \u015ar\u00f3dziemnego, Azji i Afryce, dostosowuj\u0105c si\u0119 do lokalnych kultur bez utraty jedno\u015bci w wierze.<\/p>\n\n\n\n<h3 class=\"wp-block-heading\"><strong>Kluczowe momenty historyczne:<\/strong><\/h3>\n\n\n\n<ul class=\"wp-block-list\">\n<li><strong>Sobory Powszechne<\/strong>\u00a0(jak Nicejski czy Chalcedo\u0144ski) okre\u015bli\u0142y wsp\u00f3ln\u0105 doktryn\u0119, ale niekt\u00f3re wsp\u00f3lnoty od\u0142\u0105czy\u0142y si\u0119 przez spory teologiczne (np. Koptowie prawos\u0142awni czy nestorianie)<\/li>\n\n\n\n<li><strong>Unia z Rzymem<\/strong>: Wiele tych wsp\u00f3lnot z czasem powr\u00f3ci\u0142o do pe\u0142nej jedno\u015bci z Ko\u015bcio\u0142em katolickim, zachowuj\u0105c tradycje (jak grekokatolicy po Soborze Florenckim czy Syro-Malabarczycy w XVI w.)<\/li>\n\n\n\n<li><strong>Sob\u00f3r Watyka\u0144ski II<\/strong>\u00a0potwierdzi\u0142 warto\u015b\u0107 katolickich Ko\u015bcio\u0142\u00f3w wschodnich (<em>Lumen Gentium<\/em>\u00a023,\u00a0<em>Orientalium Ecclesiarum<\/em>)<\/li>\n<\/ul>\n\n\n\n<p>Ta historia uczy nas, \u017ce&nbsp;<strong>jedno\u015b\u0107 nie wymaga jednolito\u015bci<\/strong>, lecz komunii w prawdzie.<\/p>\n\n\n\n<hr class=\"wp-block-separator has-alpha-channel-opacity\"\/>\n\n\n\n<h2 class=\"wp-block-heading\"><strong>3. Znaczenie Teologiczne: Dlaczego to wa\u017cne dzi\u015b?<\/strong><\/h2>\n\n\n\n<p>W zglobalizowanym, lecz podzielonym \u015bwiecie Ko\u015bcio\u0142y&nbsp;<em>Sui Iuris<\/em>&nbsp;nios\u0105&nbsp;<strong>prorocze \u015bwiadectwo<\/strong>:<\/p>\n\n\n\n<h3 class=\"wp-block-heading\"><strong>a) Powszechno\u015b\u0107 (Katolicko\u015b\u0107) Ko\u015bcio\u0142a<\/strong><\/h3>\n\n\n\n<p>\u015aw. Pawe\u0142 m\u00f3wi:&nbsp;<em>&#8222;Nie ma ju\u017c \u017byda ani poganina&#8230; bo wszyscy jeste\u015bcie kim\u015b jednym w Chrystusie&#8221;<\/em>&nbsp;(Ga 3,28). To nie znosi r\u00f3\u017cnic, lecz znaczy, \u017ce&nbsp;<strong>Chrystus je przemienia<\/strong>. Ko\u015bcio\u0142y wschodnie przypominaj\u0105, \u017ce Ewangelia nie jest zwi\u0105zana z jedn\u0105 kultur\u0105.<\/p>\n\n\n\n<h3 class=\"wp-block-heading\"><strong>b) Odpowied\u017a na Relatywizm<\/strong><\/h3>\n\n\n\n<p>Wielu twierdzi, \u017ce &#8222;wszystkie religie s\u0105 jednakowe&#8221;. Ko\u015bcio\u0142y&nbsp;<em>Sui Iuris<\/em>&nbsp;pokazuj\u0105, \u017ce&nbsp;<strong>prawda jest jedna, lecz wyra\u017ca si\u0119 w wielu \u015bwi\u0119tych formach<\/strong>.<\/p>\n\n\n\n<h3 class=\"wp-block-heading\"><strong>c) Autentyczny Ekumenizm<\/strong><\/h3>\n\n\n\n<p>Dialog z prawos\u0142awnymi i innymi chrze\u015bcijanami wzbogaca si\u0119, gdy wida\u0107, \u017ce jedno\u015b\u0107 z Rzymem nie niszczy to\u017csamo\u015bci Ko\u015bcio\u0142\u00f3w.<\/p>\n\n\n\n<hr class=\"wp-block-separator has-alpha-channel-opacity\"\/>\n\n\n\n<h2 class=\"wp-block-heading\"><strong>4. Praktyczny Przewodnik: Jak \u017cy\u0107 tym bogactwem wiary?<\/strong><\/h2>\n\n\n\n<h3 class=\"wp-block-heading\"><strong>a) Poznawa\u0107 i ceni\u0107 inne tradycje<\/strong><\/h3>\n\n\n\n<ul class=\"wp-block-list\">\n<li><strong>Uczestniczy\u0107 w liturgiach wschodnich<\/strong>\u00a0(wiele parafii bizantyjskich czy maronickich go\u015bcinnie przyjmuje odwiedzaj\u0105cych)<\/li>\n\n\n\n<li><strong>Czyta\u0107 o \u015bwi\u0119tych Wschodu<\/strong>\u00a0(np. \u015bw. Janie Chryzostomie czy \u015bw. Teresie z Kalkuty, pochodz\u0105cej z obrz\u0105dku syro-malabarskiego)<\/li>\n<\/ul>\n\n\n\n<h3 class=\"wp-block-heading\"><strong>b) Pog\u0142\u0119bia\u0107 w\u0142asn\u0105 to\u017csamo\u015b\u0107<\/strong><\/h3>\n\n\n\n<ul class=\"wp-block-list\">\n<li>Je\u015bli jeste\u015b katolikiem \u0142aci\u0144skim, odkrywaj pi\u0119kno swej tradycji (Msza trydencka, kult eucharystyczny, r\u00f3\u017caniec)<\/li>\n\n\n\n<li>Je\u015bli nale\u017cysz do Ko\u015bcio\u0142a wschodniego, \u017cyj dziedzictwem (Jutrznia, ikonografia, tradycyjne posty)<\/li>\n<\/ul>\n\n\n\n<h3 class=\"wp-block-heading\"><strong>c) Modli\u0107 si\u0119 o jedno\u015b\u0107 chrze\u015bcijan<\/strong><\/h3>\n\n\n\n<p>Jezus modli\u0142 si\u0119:&nbsp;<em>&#8222;Aby wszyscy stanowili jedno&#8221;<\/em>&nbsp;(J 17,21). Mo\u017cemy:<\/p>\n\n\n\n<ul class=\"wp-block-list\">\n<li>Odmawia\u0107\u00a0<strong>R\u00f3\u017caniec w intencji jedno\u015bci<\/strong><\/li>\n\n\n\n<li>Wspiera\u0107 inicjatywy ekumeniczne\u00a0<strong>bez relatywizowania wiary<\/strong><\/li>\n<\/ul>\n\n\n\n<h3 class=\"wp-block-heading\"><strong>d) By\u0107 \u015bwiadkami jedno\u015bci w r\u00f3\u017cnorodno\u015bci<\/strong><\/h3>\n\n\n\n<p>W spolaryzowanym \u015bwiecie mo\u017cemy pokaza\u0107, \u017ce&nbsp;<strong>mo\u017cna by\u0107 zjednoczonym bez bycia jednakowym<\/strong>&nbsp;\u2013 w rodzinie, parafii i spo\u0142ecze\u0144stwie.<\/p>\n\n\n\n<hr class=\"wp-block-separator has-alpha-channel-opacity\"\/>\n\n\n\n<h2 class=\"wp-block-heading\"><strong>Zako\u0144czenie: Jedna Owczarnia, wiele Obliczy<\/strong><\/h2>\n\n\n\n<p>Ko\u015bcio\u0142y&nbsp;<em>Sui Iuris<\/em>&nbsp;s\u0105 darem Boga dla Jego Ko\u015bcio\u0142a. Ucz\u0105 nas, \u017ce&nbsp;<strong>prawdziwa jedno\u015b\u0107 nie niweluje r\u00f3\u017cnic, lecz je u\u015bwi\u0119ca<\/strong>. W tych czasach podzia\u0142\u00f3w ten model komunii jest bardziej potrzebny ni\u017c kiedykolwiek.<\/p>\n\n\n\n<p><strong>Jak odpowiedzie\u0107?<\/strong><\/p>\n\n\n\n<ul class=\"wp-block-list\">\n<li><strong>Poznawaj<\/strong>\u00a0inne katolickie tradycje<\/li>\n\n\n\n<li><strong>\u017byj<\/strong>\u00a0swoj\u0105 wiar\u0105 g\u0142\u0119boko, niezale\u017cnie od obrz\u0105dku<\/li>\n\n\n\n<li><strong>Kochaj<\/strong>\u00a0wszystkich braci w Chrystusie, pozostaj\u0105c wiernym prawdzie<\/li>\n<\/ul>\n\n\n\n<p>Jak m\u00f3wi\u0142 \u015bw. Jan Pawe\u0142 II:&nbsp;<em>&#8222;Ko\u015bci\u00f3\u0142 musi oddycha\u0107 obydwoma p\u0142ucami: Wschodem i Zachodem&#8221;<\/em>. Niech tak si\u0119 stanie.<\/p>\n\n\n\n<hr class=\"wp-block-separator has-alpha-channel-opacity\"\/>\n\n\n\n<p><strong>Podoba\u0142 Ci si\u0119 ten artyku\u0142? Udost\u0119pnij go, by rozprzestrzenia\u0107 pi\u0119kno katolickiej wiary w ca\u0142ej jej pe\u0142ni.<\/strong><\/p>\n\n\n\n<p>\ud83d\udcd6&nbsp;<em>&#8222;Jeden Pan, jedna wiara, jeden chrzest&#8221;<\/em>&nbsp;(Ef 4,5)<\/p>\n","protected":false},"excerpt":{"rendered":"<p>Wprowadzenie: Jedno\u015b\u0107 bez Uniformizacji W coraz bardziej podzielonym \u015bwiecie, gdzie r\u00f3\u017cnice cz\u0119sto staj\u0105 si\u0119 \u017ar\u00f3d\u0142em podzia\u0142\u00f3w, Ko\u015bci\u00f3\u0142 Katolicki oferuje wyj\u0105tkowe \u015bwiadectwo:&nbsp;jedno\u015b\u0107 w r\u00f3\u017cnorodno\u015bci. Ta rzeczywisto\u015b\u0107 szczeg\u00f3lnie wyra\u017ca si\u0119 w&nbsp;Ko\u015bcio\u0142ach&nbsp;Sui Iuris&nbsp;\u2013 katolickich wsp\u00f3lnotach, kt\u00f3re cho\u0107 w pe\u0142ni zjednoczone z Papie\u017cem, zachowuj\u0105 w\u0142asne tradycje liturgiczne, teologiczne i duchowe. Ale czym dok\u0142adnie s\u0105 te Ko\u015bcio\u0142y? Dlaczego s\u0105 wa\u017cne &hellip;<\/p>\n","protected":false},"author":3,"featured_media":3404,"comment_status":"open","ping_status":"open","sticky":false,"template":"","format":"standard","meta":{"_seopress_robots_primary_cat":"","_seopress_titles_title":"","_seopress_titles_desc":"","_seopress_robots_index":"","footnotes":""},"categories":[38,48],"tags":[960],"class_list":["post-3407","post","type-post","status-publish","format-standard","has-post-thumbnail","","category-historia-i-tradycja","category-historia-kosciola","tag-koscioly-sui-iuris"],"_links":{"self":[{"href":"https:\/\/catholicus.eu\/pl\/wp-json\/wp\/v2\/posts\/3407","targetHints":{"allow":["GET"]}}],"collection":[{"href":"https:\/\/catholicus.eu\/pl\/wp-json\/wp\/v2\/posts"}],"about":[{"href":"https:\/\/catholicus.eu\/pl\/wp-json\/wp\/v2\/types\/post"}],"author":[{"embeddable":true,"href":"https:\/\/catholicus.eu\/pl\/wp-json\/wp\/v2\/users\/3"}],"replies":[{"embeddable":true,"href":"https:\/\/catholicus.eu\/pl\/wp-json\/wp\/v2\/comments?post=3407"}],"version-history":[{"count":1,"href":"https:\/\/catholicus.eu\/pl\/wp-json\/wp\/v2\/posts\/3407\/revisions"}],"predecessor-version":[{"id":3408,"href":"https:\/\/catholicus.eu\/pl\/wp-json\/wp\/v2\/posts\/3407\/revisions\/3408"}],"wp:featuredmedia":[{"embeddable":true,"href":"https:\/\/catholicus.eu\/pl\/wp-json\/wp\/v2\/media\/3404"}],"wp:attachment":[{"href":"https:\/\/catholicus.eu\/pl\/wp-json\/wp\/v2\/media?parent=3407"}],"wp:term":[{"taxonomy":"category","embeddable":true,"href":"https:\/\/catholicus.eu\/pl\/wp-json\/wp\/v2\/categories?post=3407"},{"taxonomy":"post_tag","embeddable":true,"href":"https:\/\/catholicus.eu\/pl\/wp-json\/wp\/v2\/tags?post=3407"}],"curies":[{"name":"wp","href":"https:\/\/api.w.org\/{rel}","templated":true}]}}