{"id":3400,"date":"2025-04-20T14:15:28","date_gmt":"2025-04-20T12:15:28","guid":{"rendered":"https:\/\/catholicus.eu\/pl\/?p=3400"},"modified":"2025-04-20T14:15:28","modified_gmt":"2025-04-20T12:15:28","slug":"kronokrator-pan-czasu-krol-wiecznosci","status":"publish","type":"post","link":"https:\/\/catholicus.eu\/pl\/kronokrator-pan-czasu-krol-wiecznosci\/","title":{"rendered":"Kronokrator: Pan Czasu, Kr\u00f3l Wieczno\u015bci"},"content":{"rendered":"\n<h3 class=\"wp-block-heading\">Wst\u0119p: Odkrywaj\u0105c na nowo Pana Czasu<\/h3>\n\n\n\n<p>\u017byjemy w epoce, w kt\u00f3rej czas sta\u0142 si\u0119 tyranem. P\u0119dzimy z jednego zobowi\u0105zania do drugiego, wpatrzeni w zegarek, przyt\u0142oczeni przepe\u0142nionymi kalendarzami. Wszystko jest pilne, wszystko powinno by\u0142o by\u0107 zrobione \u201ena wczoraj\u201d. Ale czy kiedykolwiek zada\u0142e\u015b sobie pytanie: <strong>kto jest prawdziwym Panem czasu<\/strong>?<\/p>\n\n\n\n<p>W tradycji chrze\u015bcija\u0144skiej istnieje pot\u0119\u017cna, majestatyczna i ma\u0142o znana posta\u0107, kt\u00f3ra udziela odpowiedzi na to pytanie: <strong>Kronokrator<\/strong>, czyli \u201ePan Czasu\u201d. Ten staro\u017cytny i tajemniczy tytu\u0142 zaprasza nas do kontemplacji g\u0142\u0119bszego wymiaru bosko\u015bci Chrystusa \u2013 Jego absolutnego panowania nie tylko nad przestrzeni\u0105, ale tak\u017ce nad <strong>czasem<\/strong>: przesz\u0142o\u015bci\u0105, tera\u017aniejszo\u015bci\u0105 i przysz\u0142o\u015bci\u0105.<\/p>\n\n\n\n<p>Ten artyku\u0142 zabierze Ci\u0119 w podr\u00f3\u017c, podczas kt\u00f3rej odkryjesz, kim jest Kronokrator, jak wi\u0105\u017ce si\u0119 z Pantokratorem, jakie ma znaczenie teologiczne i w jaki spos\u00f3b ta wizja mo\u017ce przemieni\u0107 Twoje \u017cycie duchowe. Bo uznanie Chrystusa za Kronokratora to nie tylko akt teologiczny: to <strong>kompas, kt\u00f3ry pozwala \u017cy\u0107 w pokoju po\u015br\u00f3d wsp\u00f3\u0142czesnych burz<\/strong>.<\/p>\n\n\n\n<hr class=\"wp-block-separator has-alpha-channel-opacity\"\/>\n\n\n\n<h3 class=\"wp-block-heading\">1. Etymologia i znaczenie: co oznacza \u201eKronokrator\u201d?<\/h3>\n\n\n\n<p>Termin <strong>Kronokrator<\/strong> pochodzi ze staro\u017cytnej greki:<\/p>\n\n\n\n<ul class=\"wp-block-list\">\n<li><strong>Chronos (\u03c7\u03c1\u03cc\u03bd\u03bf\u03c2)<\/strong> = czas<\/li>\n\n\n\n<li><strong>Krator (\u03ba\u03c1\u03ac\u03c4\u03c9\u03c1)<\/strong> = w\u0142adca, panuj\u0105cy<\/li>\n<\/ul>\n\n\n\n<p>Dos\u0142ownie <em>Kronokrator<\/em> oznacza: <strong>\u201eTen, kt\u00f3ry panuje nad czasem\u201d<\/strong>. To majestatyczny tytu\u0142 przedstawiaj\u0105cy Chrystusa jako Pana czasu \u2013 w opozycji do naszego wsp\u00f3\u0142czesnego do\u015bwiadczenia zniewolenia czasem. Cho\u0107 ten obraz jest rzadko spotykany w ikonografii zachodniej, ma swoje korzenie w teologii wschodniej i u Ojc\u00f3w Ko\u015bcio\u0142a, gdzie <strong>czas i wieczno\u015b\u0107<\/strong> s\u0105 w centrum tajemnicy Wcielenia.<\/p>\n\n\n\n<hr class=\"wp-block-separator has-alpha-channel-opacity\"\/>\n\n\n\n<h3 class=\"wp-block-heading\">2. Zwi\u0105zek z Pantokratorem: Dwa oblicza jednego Kr\u00f3la<\/h3>\n\n\n\n<p>Bardziej znany jest tytu\u0142 <strong>Pantokrator<\/strong>, co oznacza \u201eWszechmog\u0105cy\u201d lub \u201eW\u0142adca wszystkiego\u201d. Obraz ten przedstawia Chrystusa jako S\u0119dziego, Kr\u00f3la i Pana Wszech\u015bwiata. Cz\u0119sto spotyka si\u0119 go w kopu\u0142ach ko\u015bcio\u0142\u00f3w wschodnich, gdzie przypomina, \u017ce Chrystus <strong>przenika wszystko i wszystko podtrzymuje swoj\u0105 moc\u0105<\/strong>.<\/p>\n\n\n\n<p>Zwi\u0105zek mi\u0119dzy <strong>Pantokratorem<\/strong> a <strong>Kronokratorem<\/strong> jest g\u0142\u0119boki. Oba tytu\u0142y wyra\u017caj\u0105 panowanie Chrystusa, ale z r\u00f3\u017cnym akcentem:<\/p>\n\n\n\n<ul class=\"wp-block-list\">\n<li><strong>Pantokrator<\/strong> panuje nad <strong>przestrzeni\u0105, wszech\u015bwiatem, materi\u0105<\/strong>.<\/li>\n\n\n\n<li><strong>Kronokrator<\/strong> panuje nad <strong>czasem, histori\u0105, ludzkim losem<\/strong>.<\/li>\n<\/ul>\n\n\n\n<p>Obie postacie \u0142\u0105cz\u0105 si\u0119 w jednej rzeczywisto\u015bci Wcielonego S\u0142owa \u2013 <strong>Alfy i Omegi<\/strong> (Ap 22,13), Tego, \u201ekt\u00f3ry by\u0142, kt\u00f3ry jest i kt\u00f3ry przychodzi\u201d. Chrystus nie tylko panuje nad rzeczami \u2013 <strong>On panuje nad samym czasem<\/strong>.<\/p>\n\n\n\n<hr class=\"wp-block-separator has-alpha-channel-opacity\"\/>\n\n\n\n<h3 class=\"wp-block-heading\">3. Chrystus i czas: spojrzenie teologiczne<\/h3>\n\n\n\n<p>W biblijnym rozumieniu B\u00f3g jest wieczny \u2013 czyli <strong>poza czasem<\/strong>. Ale w Jezusie Chrystusie Wieczny wkracza w czas. Wcielenie to wielki akt, w kt\u00f3rym B\u00f3g dobrowolnie poddaje si\u0119 czasowi ludzkiemu, aby <strong>go odkupi\u0107<\/strong>.<\/p>\n\n\n\n<blockquote class=\"wp-block-quote is-layout-flow wp-block-quote-is-layout-flow\">\n<p>\u201eGdy nadesz\u0142a pe\u0142nia czasu, zes\u0142a\u0142 B\u00f3g Syna swego, zrodzonego z niewiasty\u2026\u201d (Ga 4,4)<\/p>\n<\/blockquote>\n\n\n\n<p>Tutaj objawia si\u0119 zasadnicza prawda: <strong>czas nie jest wrogiem cz\u0142owieka, lecz miejscem zbawienia<\/strong>. Chrystus, narodzony w konkretnym momencie historii, umar\u0142 i zmartwychwsta\u0142 w czasie \u2013 i przemieni\u0142 go w <strong>czas \u0142aski<\/strong>. Ka\u017cda sekunda, ka\u017cda minuta, ka\u017cdy dzie\u0144 mo\u017ce sta\u0107 si\u0119 <strong>okazj\u0105 do spotkania Boga<\/strong>.<\/p>\n\n\n\n<hr class=\"wp-block-separator has-alpha-channel-opacity\"\/>\n\n\n\n<h3 class=\"wp-block-heading\">4. Pocz\u0105tki poj\u0119cia: Od staro\u017cytno\u015bci do teologii chrze\u015bcija\u0144skiej<\/h3>\n\n\n\n<p>Koncepcja czasu by\u0142a ju\u017c sakralna przed chrze\u015bcija\u0144stwem. Grecy rozr\u00f3\u017cniali dwa rodzaje czasu:<\/p>\n\n\n\n<ul class=\"wp-block-list\">\n<li><strong>Chronos<\/strong>: czas chronologiczny, mierzalny, kt\u00f3ry p\u0142ynie (zegarkowy)<\/li>\n\n\n\n<li><strong>Kairos<\/strong>: czas jako\u015bciowy, odpowiedni moment, czas \u0142aski<\/li>\n<\/ul>\n\n\n\n<p>Chrystus jako Kronokrator panuje nad oboma. On rz\u0105dzi <strong>ci\u0105g\u0142ym p\u0142yni\u0119ciem czasu (chronos)<\/strong> i jednocze\u015bnie otwiera drzwi do <strong>chwil \u0142aski (kairos)<\/strong>. Teologia Ojc\u00f3w Ko\u015bcio\u0142a, zw\u0142aszcza \u015bw. Augustyna, rozwija t\u0119 wizj\u0119: <strong>czas jest stworzeniem, darem Boga, a Chrystus jest jego Panem<\/strong>.<\/p>\n\n\n\n<p>Bizantyjski teolog Maksym Wyznawca twierdzi\u0142, \u017ce w Chrystusie czas i wieczno\u015b\u0107 zostaj\u0105 pojednane: <strong>On jest punktem styku mi\u0119dzy czasem a wieczno\u015bci\u0105<\/strong>.<\/p>\n\n\n\n<hr class=\"wp-block-separator has-alpha-channel-opacity\"\/>\n\n\n\n<h3 class=\"wp-block-heading\">5. Zastosowanie duchowe: \u017bycie pod panowaniem Kronokratora<\/h3>\n\n\n\n<p>Uznanie Chrystusa za <strong>Kronokratora<\/strong> ca\u0142kowicie zmienia nasz\u0105 relacj\u0119 z czasem. Ju\u017c nie \u017cyjemy pod jarzmem zegarka, po\u015bpiechu i niepokoju. \u017byjemy <strong>w czasie jak w konsekrowanej \u015bwi\u0105tyni<\/strong>, gdzie ka\u017cda chwila mo\u017ce sta\u0107 si\u0119 sakramentem spotkania z Wiecznym.<\/p>\n\n\n\n<p>Oto przewodnik duchowy i duszpasterski, jak \u017cy\u0107 pod panowaniem Chrystusa nad czasem:<\/p>\n\n\n\n<h4 class=\"wp-block-heading\">a) <strong>U\u015bwi\u0119caj sw\u00f3j codzienny czas<\/strong><\/h4>\n\n\n\n<p>Rozpoczynaj i ko\u0144cz dzie\u0144 modlitw\u0105. Ofiaruj sw\u00f3j czas Bogu. <em>Liturgia Godzin<\/em> to uprzywilejowany spos\u00f3b u\u015bwi\u0119cania czasu.<\/p>\n\n\n\n<blockquote class=\"wp-block-quote is-layout-flow wp-block-quote-is-layout-flow\">\n<p>\u201ePanie, Ty by\u0142e\u015b dla nas ucieczk\u0105 z pokolenia na pokolenie.\u201d (Ps 90,1)<\/p>\n<\/blockquote>\n\n\n\n<h4 class=\"wp-block-heading\">b) <strong>Rozpoznawaj chwile \u201eKairos\u201d w swoim \u017cyciu<\/strong><\/h4>\n\n\n\n<p>B\u0105d\u017a czujny na momenty, w kt\u00f3rych B\u00f3g chce do Ciebie m\u00f3wi\u0107. Nie wszystko mierzy si\u0119 produktywno\u015bci\u0105; niekt\u00f3re chwile s\u0105 pe\u0142ne \u0142aski, cho\u0107 wydaj\u0105 si\u0119 \u201ebezu\u017cyteczne\u201d.<\/p>\n\n\n\n<h4 class=\"wp-block-heading\">c) <strong>\u017byj rokiem liturgicznym jako \u015bwi\u0119t\u0105 drog\u0105<\/strong><\/h4>\n\n\n\n<p>Kalendarz liturgiczny to spos\u00f3b, w jaki Ko\u015bci\u00f3\u0142 u\u015bwi\u0119ca czas. \u017byj\u0105c nim \u015bwiadomie, wchodzisz w czas Chrystusa: Adwent, Bo\u017ce Narodzenie, Wielki Post, Wielkanoc, Czas Zwyk\u0142y\u2026 Ka\u017cdy cykl formuje Ci\u0119 jako ucznia.<\/p>\n\n\n\n<h4 class=\"wp-block-heading\">d) <strong>\u0106wicz cierpliwo\u015b\u0107<\/strong><\/h4>\n\n\n\n<p>Skoro Chrystus jest Panem czasu, nie wszystko musi si\u0119 wydarzy\u0107 natychmiast. Ucz si\u0119 czeka\u0107. Czekanie to forma wiary. Jak Maryja: \u201eZachowywa\u0142a wszystkie te sprawy i rozwa\u017ca\u0142a je w swoim sercu.\u201d (\u0141k 2,19)<\/p>\n\n\n\n<h4 class=\"wp-block-heading\">e) <strong>Zaakceptuj swoj\u0105 osobist\u0105 histori\u0119<\/strong><\/h4>\n\n\n\n<p>Wielu d\u017awiga winy przesz\u0142o\u015bci lub l\u0119ki przed przysz\u0142o\u015bci\u0105. Ale je\u015bli Chrystus jest Kronokratorem, to jest r\u00f3wnie\u017c Panem Twojej historii. Mo\u017ce uzdrowi\u0107 Twoje rany i nape\u0142ni\u0107 przysz\u0142o\u015b\u0107 nadziej\u0105.<\/p>\n\n\n\n<h4 class=\"wp-block-heading\">f) <strong>Uczy\u0144 tera\u017aniejszo\u015b\u0107 o\u0142tarzem<\/strong><\/h4>\n\n\n\n<p>Tera\u017aniejszo\u015b\u0107 to jedyne miejsce, gdzie spotykasz Boga. \u017bycie w przesz\u0142o\u015bci lub przysz\u0142o\u015bci odci\u0105ga Ci\u0119 od tego, co najwa\u017cniejsze. Tu i teraz B\u00f3g jest obecny. Tu i teraz mo\u017cesz kocha\u0107.<\/p>\n\n\n\n<hr class=\"wp-block-separator has-alpha-channel-opacity\"\/>\n\n\n\n<h3 class=\"wp-block-heading\">6. Lekarstwo dla wsp\u00f3\u0142czesnego \u015bwiata<\/h3>\n\n\n\n<p>W spo\u0142ecze\u0144stwie, kt\u00f3re czci szybko\u015b\u0107, produktywno\u015b\u0107 i efektywno\u015b\u0107, <strong>Kronokrator<\/strong> wzywa nas do powrotu do tego, co istotne. Przypomina nam, \u017ce <strong>czas jest darem, a nie wrogiem.<\/strong> \u017be po\u015bpiech zabija dusz\u0119 \u2013 i \u017ce tylko ten, kto chodzi z Chrystusem, mo\u017ce \u017cy\u0107 w pokoju, bez strachu o przysz\u0142o\u015b\u0107 i bez wi\u0119z\u00f3w przesz\u0142o\u015bci.<\/p>\n\n\n\n<p>Uznanie Chrystusa za Kronokratora to akt wiary, ale te\u017c wewn\u0119trzna rewolucja. Oznacza, \u017ce nie jeste\u015b ju\u017c <strong>niewolnikiem zegara<\/strong>, ale \u017cyjesz jako <strong>dziecko wieczno\u015bci<\/strong>.<\/p>\n\n\n\n<hr class=\"wp-block-separator has-alpha-channel-opacity\"\/>\n\n\n\n<h3 class=\"wp-block-heading\">Zako\u0144czenie: To nie czas rz\u0105dzi \u2013 to Chrystus<\/h3>\n\n\n\n<p>Chrystus nie jest tylko Pantokratorem, W\u0142adc\u0105 wszech\u015bwiata. Jest r\u00f3wnie\u017c Kronokratorem, Panem czasu. W \u015bwiecie, kt\u00f3ry p\u0119dzi bez celu, <strong>On jest sta\u0142\u0105 osi\u0105, centrum, gdzie czas i wieczno\u015b\u0107 si\u0119 spotykaj\u0105<\/strong>.<\/p>\n\n\n\n<p>Ka\u017cda przemijaj\u0105ca sekunda nie oddala Ci\u0119 od Boga \u2013 je\u015bli prze\u017cywasz j\u0105 z Nim. Przeciwnie, ka\u017cda chwila mo\u017ce sta\u0107 si\u0119 <strong>ofiar\u0105, okazj\u0105, iskr\u0105 wieczno\u015bci<\/strong>.<\/p>\n\n\n\n<blockquote class=\"wp-block-quote is-layout-flow wp-block-quote-is-layout-flow\">\n<p>\u201eJa jestem Alfa i Omega, Pocz\u0105tek i Koniec. Ja pragn\u0105cemu dam darmo ze \u017ar\u00f3d\u0142a wody \u017cycia.\u201d (Ap 21,6)<\/p>\n<\/blockquote>\n\n\n\n<p>Dzi\u015b odwa\u017c si\u0119 uczyni\u0107 najbardziej radykalny akt wiary w \u015bwiecie wsp\u00f3\u0142czesnym: <strong>uznaj Chrystusa za Pana swojego czasu.<\/strong> A zobaczysz, jak wszystko, absolutnie wszystko, nabierze nowego sensu.<\/p>\n","protected":false},"excerpt":{"rendered":"<p>Wst\u0119p: Odkrywaj\u0105c na nowo Pana Czasu \u017byjemy w epoce, w kt\u00f3rej czas sta\u0142 si\u0119 tyranem. P\u0119dzimy z jednego zobowi\u0105zania do drugiego, wpatrzeni w zegarek, przyt\u0142oczeni przepe\u0142nionymi kalendarzami. Wszystko jest pilne, wszystko powinno by\u0142o by\u0107 zrobione \u201ena wczoraj\u201d. Ale czy kiedykolwiek zada\u0142e\u015b sobie pytanie: kto jest prawdziwym Panem czasu? W tradycji chrze\u015bcija\u0144skiej istnieje pot\u0119\u017cna, majestatyczna i &hellip;<\/p>\n","protected":false},"author":3,"featured_media":3401,"comment_status":"open","ping_status":"open","sticky":false,"template":"","format":"standard","meta":{"_seopress_robots_primary_cat":"","_seopress_titles_title":"","_seopress_titles_desc":"","_seopress_robots_index":"","footnotes":""},"categories":[66,41],"tags":[958],"class_list":["post-3400","post","type-post","status-publish","format-standard","has-post-thumbnail","","category-kultura-popularna-i-katolicyzm","category-wiara-i-kultura","tag-kronokrator"],"_links":{"self":[{"href":"https:\/\/catholicus.eu\/pl\/wp-json\/wp\/v2\/posts\/3400","targetHints":{"allow":["GET"]}}],"collection":[{"href":"https:\/\/catholicus.eu\/pl\/wp-json\/wp\/v2\/posts"}],"about":[{"href":"https:\/\/catholicus.eu\/pl\/wp-json\/wp\/v2\/types\/post"}],"author":[{"embeddable":true,"href":"https:\/\/catholicus.eu\/pl\/wp-json\/wp\/v2\/users\/3"}],"replies":[{"embeddable":true,"href":"https:\/\/catholicus.eu\/pl\/wp-json\/wp\/v2\/comments?post=3400"}],"version-history":[{"count":1,"href":"https:\/\/catholicus.eu\/pl\/wp-json\/wp\/v2\/posts\/3400\/revisions"}],"predecessor-version":[{"id":3402,"href":"https:\/\/catholicus.eu\/pl\/wp-json\/wp\/v2\/posts\/3400\/revisions\/3402"}],"wp:featuredmedia":[{"embeddable":true,"href":"https:\/\/catholicus.eu\/pl\/wp-json\/wp\/v2\/media\/3401"}],"wp:attachment":[{"href":"https:\/\/catholicus.eu\/pl\/wp-json\/wp\/v2\/media?parent=3400"}],"wp:term":[{"taxonomy":"category","embeddable":true,"href":"https:\/\/catholicus.eu\/pl\/wp-json\/wp\/v2\/categories?post=3400"},{"taxonomy":"post_tag","embeddable":true,"href":"https:\/\/catholicus.eu\/pl\/wp-json\/wp\/v2\/tags?post=3400"}],"curies":[{"name":"wp","href":"https:\/\/api.w.org\/{rel}","templated":true}]}}