{"id":3397,"date":"2025-04-20T08:34:48","date_gmt":"2025-04-20T06:34:48","guid":{"rendered":"https:\/\/catholicus.eu\/pl\/?p=3397"},"modified":"2025-04-20T08:34:48","modified_gmt":"2025-04-20T06:34:48","slug":"czemu-szukacie-zyjacego-wsrod-umarlych-lk-245przemieniajaca-moc-zmartwychwstania-w-zyciu-chrzescijanina","status":"publish","type":"post","link":"https:\/\/catholicus.eu\/pl\/czemu-szukacie-zyjacego-wsrod-umarlych-lk-245przemieniajaca-moc-zmartwychwstania-w-zyciu-chrzescijanina\/","title":{"rendered":"&#8222;Czemu szukacie \u017cyj\u0105cego w\u015br\u00f3d umar\u0142ych?&#8221; (\u0141k 24,5):Przemieniaj\u0105ca Moc Zmartwychwstania w \u017byciu Chrze\u015bcijanina"},"content":{"rendered":"\n<h3 class=\"wp-block-heading\"><strong>Wprowadzenie: Przes\u0142anie, Kt\u00f3re Zmienia Wszystko<\/strong><\/h3>\n\n\n\n<p>O \u015bwicie pierwszego dnia tygodnia kobiety uda\u0142y si\u0119 do grobu Jezusa z wonno\u015bciami, by nama\u015bci\u0107 Jego cia\u0142o. Zamiast \u015bmierci spotka\u0142y anio\u0142a, kt\u00f3ry zada\u0142 im pytanie wci\u0105\u017c aktualne:<\/p>\n\n\n\n<blockquote class=\"wp-block-quote is-layout-flow wp-block-quote-is-layout-flow\">\n<p><em>&#8222;Czemu szukacie \u017cyj\u0105cego w\u015br\u00f3d umar\u0142ych?&#8221;<\/em>&nbsp;(\u0141k 24,5)<\/p>\n<\/blockquote>\n\n\n\n<p>Nie by\u0142a to jedynie informacja, ale&nbsp;<strong>radykalne wezwanie do zmiany perspektywy<\/strong>. W \u015bwiecie, kt\u00f3ry cz\u0119sto \u017cyje, jakby Chrystus wci\u0105\u017c spoczywa\u0142 w grobie, Zmartwychwstanie wzywa nas do wiary, nadziei i dzia\u0142ania zgodnego z&nbsp;<strong>Nowym \u017byciem<\/strong>, kt\u00f3re nam ofiarowa\u0142.<\/p>\n\n\n\n<p>Ten artyku\u0142 zbada:<\/p>\n\n\n\n<ol start=\"1\" class=\"wp-block-list\">\n<li><strong>Kontekst historyczny i teologiczny Zmartwychwstania<\/strong><\/li>\n\n\n\n<li><strong>Jego g\u0142\u0119bokie znaczenie dla wiary katolickiej<\/strong><\/li>\n\n\n\n<li><strong>Jak \u017cy\u0107 jako &#8222;zmartwychwstali&#8221; w \u015bwiecie odrzucaj\u0105cym nadziej\u0119<\/strong><\/li>\n\n\n\n<li><strong>Praktyczny przewodnik zastosowania tej prawdy w codzienno\u015bci<\/strong><\/li>\n<\/ol>\n\n\n\n<hr class=\"wp-block-separator has-alpha-channel-opacity\"\/>\n\n\n\n<h3 class=\"wp-block-heading\"><strong>I. Wydarzenie, Kt\u00f3re Podzieli\u0142o Histori\u0119<\/strong><\/h3>\n\n\n\n<h4 class=\"wp-block-heading\"><strong>A. Pusty Gr\u00f3b: Fakt Historyczny, Objawiona Wiara<\/strong><\/h4>\n\n\n\n<p>Zmartwychwstanie to nie mit:<\/p>\n\n\n\n<ul class=\"wp-block-list\">\n<li><strong>Kobiety by\u0142y pierwszymi \u015bwiadkiniami<\/strong>\u00a0(\u0141k 24,1-10) &#8211; szczeg\u00f3\u0142 niewiarygodny w I w. (\u015bwiadectwo kobiet nie by\u0142o uznawane), co potwierdza autentyczno\u015b\u0107<\/li>\n\n\n\n<li><strong>Uczniowie pocz\u0105tkowo w\u0105tpili<\/strong>\u00a0(\u0141k 24,11), pokazuj\u0105c, \u017ce nie byli naiwni, lecz przemienieni przez dowody<\/li>\n\n\n\n<li>\u015aw. Pawe\u0142 stwierdza: bez Zmartwychwstania\u00a0<strong>&#8222;daremna jest nasza wiara&#8221;<\/strong>\u00a0(1 Kor 15,14)<\/li>\n<\/ul>\n\n\n\n<h4 class=\"wp-block-heading\"><strong>B. Teologia Zmartwychwstania: Wi\u0119cej ni\u017c &#8222;Powr\u00f3t&#8221;<\/strong><\/h4>\n\n\n\n<ul class=\"wp-block-list\">\n<li><strong>Nie reanimacja<\/strong>\u00a0(jak \u0141azarz, kt\u00f3ry ponownie umar\u0142), lecz przej\u015bcie do\u00a0<strong>\u017cycia chwalebnego i wiecznego<\/strong><\/li>\n\n\n\n<li><strong>Chrystus jest &#8222;Pierworodnym spo\u015br\u00f3d umar\u0142ych&#8221;<\/strong>\u00a0(Kol 1,18): Jego Zmartwychwstanie to\u00a0<strong>pierwociny<\/strong>\u00a0naszego<\/li>\n\n\n\n<li><strong>Przypiecz\u0119towa\u0142 zwyci\u0119stwo nad grzechem i szatanem<\/strong>: Krzy\u017c by\u0142 bitw\u0105, Zmartwychwstanie &#8211; og\u0142oszonym triumfem<\/li>\n<\/ul>\n\n\n\n<hr class=\"wp-block-separator has-alpha-channel-opacity\"\/>\n\n\n\n<h3 class=\"wp-block-heading\"><strong>II. Dlaczego Wsp\u00f3\u0142czesny \u015awiat Ignoruje T\u0119 Prawd\u0119?<\/strong><\/h3>\n\n\n\n<p>Dzi\u015b wielu \u017cyje, jakby Chrystus nie zmartwychwsta\u0142:<\/p>\n\n\n\n<ul class=\"wp-block-list\">\n<li><strong>Kultura \u015bmierci<\/strong>: Aborcja, eutanazja, rozpacz&#8230; jakby nie by\u0142o \u017cycia wiecznego<\/li>\n\n\n\n<li><strong>Praktyczny materializm<\/strong>: Dzia\u0142anie, jakby liczy\u0142o si\u0119 tylko to, co widzialne<\/li>\n\n\n\n<li><strong>Puste duchowo\u015bci<\/strong>: Poszukiwanie &#8222;transcendencji&#8221; bez Chrystusa, jak kobiety z wonno\u015bciami<\/li>\n<\/ul>\n\n\n\n<p><strong>Zmartwychwstanie jest antidotum<\/strong>: przypomina, \u017ce&nbsp;<strong>z\u0142o nie ma ostatniego s\u0142owa<\/strong><\/p>\n\n\n\n<hr class=\"wp-block-separator has-alpha-channel-opacity\"\/>\n\n\n\n<h3 class=\"wp-block-heading\"><strong>III. Praktyczny Przewodnik: \u017bycie jako Zmartwychwstali<\/strong><\/h3>\n\n\n\n<h4 class=\"wp-block-heading\"><strong>1. Nie Szukajcie w\u015br\u00f3d Umar\u0142ych (\u0141k 24,5)<\/strong><\/h4>\n\n\n\n<ul class=\"wp-block-list\">\n<li><strong>W jakich &#8222;grobach&#8221; szukasz \u017cycia?<\/strong>\n<ul class=\"wp-block-list\">\n<li><strong>Puste przyjemno\u015bci<\/strong>\u00a0(uzale\u017cnienia, konsumpcjonizm)<\/li>\n\n\n\n<li><strong>Ideologie zaprzeczaj\u0105ce Bogu<\/strong>\u00a0(materializm, relatywizm)<\/li>\n\n\n\n<li><strong>Urazy i nieodbyte spowiedzi<\/strong>\u00a0(Chrystus ju\u017c to pokona\u0142!)<\/li>\n<\/ul>\n<\/li>\n<\/ul>\n\n\n\n<p><strong>Konkretny krok<\/strong>:<\/p>\n\n\n\n<ul class=\"wp-block-list\">\n<li>Zbadaj:\u00a0<em>&#8222;Czy szukam szcz\u0119\u015bcia tam, gdzie go nie ma?&#8221;<\/em><\/li>\n\n\n\n<li>M\u00f3dl si\u0119 s\u0142owami\u00a0<strong>Rz 6,4<\/strong>:\u00a0<em>&#8222;Jak Chrystus powsta\u0142 z martwych, chod\u017amy w nowym \u017cyciu&#8221;<\/em><\/li>\n<\/ul>\n\n\n\n<h4 class=\"wp-block-heading\"><strong>2. B\u0105d\u017acie \u015awiadkami Nadziei (1 P 3,15)<\/strong><\/h4>\n\n\n\n<p>\u015awiat potrzebuje&nbsp;<strong>chrze\u015bcijan promieniuj\u0105cych paschaln\u0105 rado\u015bci\u0105<\/strong>, nie twarzy pogrzebowych:<\/p>\n\n\n\n<ul class=\"wp-block-list\">\n<li><strong>M\u00f3w o Chrystusie naturalnie<\/strong>\u00a0(w rodzinie, pracy, mediach)<\/li>\n\n\n\n<li><strong>Pom\u00f3\u017c innym &#8222;ujrze\u0107&#8221; Zmartwychwsta\u0142ego<\/strong>, jak uczniowie z Emaus (\u0141k 24,13-35)<\/li>\n<\/ul>\n\n\n\n<p><strong>Przyk\u0142ad praktyczny<\/strong>:<\/p>\n\n\n\n<ul class=\"wp-block-list\">\n<li>Podziel si\u0119 \u015bwiadectwem, jak B\u00f3g da\u0142 ci\u00a0<strong>nadziej\u0119 w pr\u00f3bie<\/strong><\/li>\n<\/ul>\n\n\n\n<h4 class=\"wp-block-heading\"><strong>3. \u017byj Liturgi\u0105: Aktualizowane Zmartwychwstanie<\/strong><\/h4>\n\n\n\n<ul class=\"wp-block-list\">\n<li><strong>Msza to nie wspomnienie, lecz spotkanie z \u017byj\u0105cym Chrystusem<\/strong><\/li>\n\n\n\n<li><strong>Spowied\u017a to &#8222;powstanie&#8221; z grzechu<\/strong>\u00a0(por. J 20,23)<\/li>\n<\/ul>\n\n\n\n<p><strong>Propozycja<\/strong>:<\/p>\n\n\n\n<ul class=\"wp-block-list\">\n<li><strong>Uczestnicz w niedzielnej Mszy z wiar\u0105<\/strong>: nie &#8222;obowi\u0105zek&#8221;, lecz\u00a0<strong>spotkanie ze Zmartwychwsta\u0142ym<\/strong><\/li>\n<\/ul>\n\n\n\n<h4 class=\"wp-block-heading\"><strong>4. Przemieniaj \u015awiat Czynami<\/strong><\/h4>\n\n\n\n<ul class=\"wp-block-list\">\n<li><strong>Sprawiedliwo\u015b\u0107 spo\u0142eczna<\/strong>: Zmartwychwstanie popycha nas do walki z g\u0142odem, samotno\u015bci\u0105, niesprawiedliwo\u015bci\u0105<\/li>\n\n\n\n<li><strong>Obrona \u017cycia<\/strong>: Skoro Chrystus pokona\u0142 \u015bmier\u0107,\u00a0<strong>nie mo\u017cemy milcze\u0107 o aborcji\/eutanazji!<\/strong><\/li>\n<\/ul>\n\n\n\n<hr class=\"wp-block-separator has-alpha-channel-opacity\"\/>\n\n\n\n<h3 class=\"wp-block-heading\"><strong>Zako\u0144czenie: Czy \u017byjesz, Jakby Chrystus Zmartwychwsta\u0142?<\/strong><\/h3>\n\n\n\n<p>Pytanie anio\u0142a wci\u0105\u017c brzmi:&nbsp;<em>&#8222;Czemu szukacie \u017cyj\u0105cego w\u015br\u00f3d umar\u0142ych?&#8221;<\/em>&nbsp;<strong>Dzi\u015b Chrystus powtarza<\/strong>:<\/p>\n\n\n\n<blockquote class=\"wp-block-quote is-layout-flow wp-block-quote-is-layout-flow\">\n<p><em>&#8222;Ja jestem Zmartwychwstaniem i \u017byciem. Kto we Mnie wierzy, cho\u0107by umar\u0142, \u017cy\u0107 b\u0119dzie&#8221;<\/em>&nbsp;(J 11,25)<\/p>\n<\/blockquote>\n\n\n\n<p><strong>Nie redukuj chrze\u015bcija\u0144stwa do moralizmu lub pustych rytua\u0142\u00f3w<\/strong>. Zmartwychwstanie to&nbsp;<strong>moc na dzi\u015b<\/strong>:<\/p>\n\n\n\n<ul class=\"wp-block-list\">\n<li><strong>Przebaczaj<\/strong>\u00a0jak Zmartwychwsta\u0142y przebaczy\u0142 Piotrowi<\/li>\n\n\n\n<li><strong>Kochaj<\/strong>\u00a0bez l\u0119ku, bo \u015bmier\u0107 nie ma ju\u017c w\u0142adzy<\/li>\n\n\n\n<li><strong>G\u0142o\u015b<\/strong>\u00a0\u015bmia\u0142o:\u00a0<em>Chrystus \u017cyje!<\/em><\/li>\n<\/ul>\n\n\n\n<p><strong>Modlitwa ko\u0144cowa<\/strong>:<br><em>&#8222;Panie Jezu, przypominasz mi dzi\u015b, bym nie szuka\u0142 \u017cycia tam, gdzie go nie ma. Daj mi \u0142ask\u0119 \u017cycia jako \u015bwiadek Twego Zmartwychwstania. Niech moja rodzina, praca i walki b\u0119d\u0105 o\u015bwietlone pewno\u015bci\u0105 Twego zwyci\u0119stwa. Amen.&#8221;<\/em><\/p>\n\n\n\n<hr class=\"wp-block-separator has-alpha-channel-opacity\"\/>\n\n\n\n<p><strong>Jaki konkretny krok podejmiesz w tym tygodniu, by \u017cy\u0107 jako &#8222;zmartwychwsta\u0142y&#8221;?<\/strong><br>(Podziel si\u0119 w komentarzach lub rozwa\u017c w ciszy!).<\/p>\n\n\n\n<p><strong>Weso\u0142ego Alleluja! \ud83c\udf05\u271d\ufe0f<\/strong><\/p>\n\n\n\n<hr class=\"wp-block-separator has-alpha-channel-opacity\"\/>\n\n\n\n<p><strong>Bonus<\/strong>&nbsp;Zalecenia duchowe:<\/p>\n\n\n\n<ul class=\"wp-block-list\">\n<li><strong>Czytaj 1 Kor 15<\/strong>\u00a0(wielki wyk\u0142ad Paw\u0142a o Zmartwychwstaniu)<\/li>\n\n\n\n<li><strong>Odmawiaj Regina C\u00e6li<\/strong>\u00a0zamiast Anio\u0142a Pa\u0144skiego w okresie wielkanocnym<\/li>\n<\/ul>\n","protected":false},"excerpt":{"rendered":"<p>Wprowadzenie: Przes\u0142anie, Kt\u00f3re Zmienia Wszystko O \u015bwicie pierwszego dnia tygodnia kobiety uda\u0142y si\u0119 do grobu Jezusa z wonno\u015bciami, by nama\u015bci\u0107 Jego cia\u0142o. Zamiast \u015bmierci spotka\u0142y anio\u0142a, kt\u00f3ry zada\u0142 im pytanie wci\u0105\u017c aktualne: &#8222;Czemu szukacie \u017cyj\u0105cego w\u015br\u00f3d umar\u0142ych?&#8221;&nbsp;(\u0141k 24,5) Nie by\u0142a to jedynie informacja, ale&nbsp;radykalne wezwanie do zmiany perspektywy. W \u015bwiecie, kt\u00f3ry cz\u0119sto \u017cyje, jakby Chrystus &hellip;<\/p>\n","protected":false},"author":3,"featured_media":3398,"comment_status":"open","ping_status":"open","sticky":false,"template":"","format":"standard","meta":{"_seopress_robots_primary_cat":"","_seopress_titles_title":"","_seopress_titles_desc":"","_seopress_robots_index":"","footnotes":""},"categories":[37,45],"tags":[957],"class_list":["post-3397","post","type-post","status-publish","format-standard","has-post-thumbnail","","category-doktryna-i-wiara","category-pismo-swiete","tag-czemu-szukacie-zyjacego-wsrod-umarlych"],"_links":{"self":[{"href":"https:\/\/catholicus.eu\/pl\/wp-json\/wp\/v2\/posts\/3397","targetHints":{"allow":["GET"]}}],"collection":[{"href":"https:\/\/catholicus.eu\/pl\/wp-json\/wp\/v2\/posts"}],"about":[{"href":"https:\/\/catholicus.eu\/pl\/wp-json\/wp\/v2\/types\/post"}],"author":[{"embeddable":true,"href":"https:\/\/catholicus.eu\/pl\/wp-json\/wp\/v2\/users\/3"}],"replies":[{"embeddable":true,"href":"https:\/\/catholicus.eu\/pl\/wp-json\/wp\/v2\/comments?post=3397"}],"version-history":[{"count":1,"href":"https:\/\/catholicus.eu\/pl\/wp-json\/wp\/v2\/posts\/3397\/revisions"}],"predecessor-version":[{"id":3399,"href":"https:\/\/catholicus.eu\/pl\/wp-json\/wp\/v2\/posts\/3397\/revisions\/3399"}],"wp:featuredmedia":[{"embeddable":true,"href":"https:\/\/catholicus.eu\/pl\/wp-json\/wp\/v2\/media\/3398"}],"wp:attachment":[{"href":"https:\/\/catholicus.eu\/pl\/wp-json\/wp\/v2\/media?parent=3397"}],"wp:term":[{"taxonomy":"category","embeddable":true,"href":"https:\/\/catholicus.eu\/pl\/wp-json\/wp\/v2\/categories?post=3397"},{"taxonomy":"post_tag","embeddable":true,"href":"https:\/\/catholicus.eu\/pl\/wp-json\/wp\/v2\/tags?post=3397"}],"curies":[{"name":"wp","href":"https:\/\/api.w.org\/{rel}","templated":true}]}}