{"id":3394,"date":"2025-04-19T23:55:38","date_gmt":"2025-04-19T21:55:38","guid":{"rendered":"https:\/\/catholicus.eu\/pl\/?p=3394"},"modified":"2025-04-19T23:55:38","modified_gmt":"2025-04-19T21:55:38","slug":"tak-wyrzekam-sie-odkrycie-na-nowo-obietnic-chrztu-swietego-podczas-wigilii-paschalnej","status":"publish","type":"post","link":"https:\/\/catholicus.eu\/pl\/tak-wyrzekam-sie-odkrycie-na-nowo-obietnic-chrztu-swietego-podczas-wigilii-paschalnej\/","title":{"rendered":"\u201eTak, wyrzekam si\u0119!\u201d \u2013 Odkrycie na nowo obietnic chrztu \u015bwi\u0119tego podczas Wigilii Paschalnej"},"content":{"rendered":"\n<h3 class=\"wp-block-heading\"><strong>Wst\u0119p: Nowy ogie\u0144, kt\u00f3ry odnawia \u017cycie<\/strong><\/h3>\n\n\n\n<p>W naj\u015bwi\u0119tsz\u0105 noc w roku \u2013 podczas <strong>Wigilii Paschalnej<\/strong> \u2013 rozbrzmiewaj\u0105 w ko\u015bcio\u0142ach na ca\u0142ym \u015bwiecie pot\u0119\u017cne s\u0142owa, kt\u00f3re wielu z nas wypowiada automatycznie, nie zdaj\u0105c sobie sprawy z ich g\u0142\u0119bi: <strong>\u201eWyrzekam si\u0119!\u201d<\/strong><br>To nie jest pusty rytua\u0142 ani tradycja bez znaczenia. To <strong>duchowy krzyk<\/strong>, <strong>wyznanie wierno\u015bci<\/strong>, <strong>radykalny wyb\u00f3r<\/strong>, kt\u00f3ry odnawia nasz\u0105 to\u017csamo\u015b\u0107 chrze\u015bcija\u0144sk\u0105.<br>Ten artyku\u0142 zaprasza Ci\u0119 do ponownego odkrycia g\u0142\u0119bokiego znaczenia tych s\u0142\u00f3w \u2013 ich historii, teologicznej wagi i przede wszystkim <strong>do tego, jak uczyni\u0107 je stylem codziennego \u017cycia<\/strong>.<\/p>\n\n\n\n<hr class=\"wp-block-separator has-alpha-channel-opacity\"\/>\n\n\n\n<h2 class=\"wp-block-heading\"><strong>1. Historyczne korzenie: Sk\u0105d si\u0119 wzi\u0119\u0142a odnowa chrztu?<\/strong><\/h2>\n\n\n\n<h3 class=\"wp-block-heading\"><strong>Chrzest w Ko\u015bciele pierwotnym<\/strong><\/h3>\n\n\n\n<p>We wczesnym chrze\u015bcija\u0144stwie chrzest by\u0142 postrzegany jako <strong>nowe narodzenie<\/strong>, prawdziwe wej\u015bcie w \u017cycie w Chrystusie. Katechumeni przechodzili przez d\u0142ugi okres przygotowania (katechumenat), by w ko\u0144cu przyj\u0105\u0107 chrzest <strong>w nocy paschalnej<\/strong>, centrum roku liturgicznego.<br>Przy \u015bwietle pascha\u0142u celebrowano <strong>liturgi\u0119 \u015bmierci i zmartwychwstania<\/strong>: umiera\u0142o si\u0119 dla grzechu, by narodzi\u0107 si\u0119 do \u017cycia w Chrystusie.<\/p>\n\n\n\n<p>Jednym z kluczowych moment\u00f3w by\u0142 <strong>akt wyrzeczenia si\u0119 szatana i jego uczynk\u00f3w<\/strong>. Przed chrztem katechumeni <strong>zwracali si\u0119 na zach\u00f3d<\/strong> \u2013 symbol ciemno\u015bci \u2013 i m\u00f3wili: <em>\u201eWyrzekam si\u0119 ciebie, szatanie\u201d<\/em>. Nast\u0119pnie <strong>zwracali si\u0119 na wsch\u00f3d<\/strong> \u2013 symbol Chrystusa, \u015bwiat\u0142o\u015bci \u015bwiata \u2013 i wyznawali wiar\u0119 w Tr\u00f3jc\u0119 \u015awi\u0119t\u0105.<\/p>\n\n\n\n<h3 class=\"wp-block-heading\"><strong>Odnowa liturgiczna XX wieku<\/strong><\/h3>\n\n\n\n<p>Po Soborze Watyka\u0144skim II Ko\u015bci\u00f3\u0142 na nowo odkry\u0142 <strong>wsp\u00f3lnotowy i duchowy<\/strong> wymiar Wigilii Paschalnej, <strong>w\u0142\u0105czaj\u0105c w ni\u0105 odnowienie przyrzecze\u0144 chrzcielnych dla wszystkich wiernych<\/strong>.<br>Ka\u017cdego roku chrze\u015bcijanie s\u0105 zaproszeni, aby <strong>powr\u00f3ci\u0107 do swoich korzeni<\/strong>, <strong>ponownie powiedzie\u0107 \u201etak\u201d Chrystusowi<\/strong> i <strong>\u015bwiadomie wyrzec si\u0119 grzechu<\/strong>.<\/p>\n\n\n\n<hr class=\"wp-block-separator has-alpha-channel-opacity\"\/>\n\n\n\n<h2 class=\"wp-block-heading\"><strong>2. Znaczenie teologiczne: Dlaczego to takie wa\u017cne?<\/strong><\/h2>\n\n\n\n<h3 class=\"wp-block-heading\"><strong>Przymierze, kt\u00f3re trzeba piel\u0119gnowa\u0107<\/strong><\/h3>\n\n\n\n<p>Chrzest to nie tylko ryt inicjacyjny. To <strong>\u015bwi\u0119te przymierze<\/strong>, kt\u00f3re jednoczy nas z Chrystusem, w\u0142\u0105cza do Jego Cia\u0142a \u2013 Ko\u015bcio\u0142a \u2013 i czyni z nas \u015bwi\u0105tyni\u0119 Ducha \u015awi\u0119tego.<br>Jak ka\u017cde przymierze, wymaga ono <strong>wierno\u015bci, \u015bwiadomo\u015bci i ci\u0105g\u0142ego odnawiania<\/strong>. Odnowienie przyrzecze\u0144 chrzcielnych w Wigili\u0119 Paschaln\u0105 nie jest nostalgi\u0105 \u2013 to <strong>nowy pocz\u0105tek duchowy<\/strong>, <strong>reaktywacja \u0142aski chrztu<\/strong> i <strong>\u015bwiadomy wyb\u00f3r \u017cycia chrze\u015bcija\u0144skiego<\/strong>.<\/p>\n\n\n\n<h3 class=\"wp-block-heading\"><strong>Walka duchowa jest rzeczywista<\/strong><\/h3>\n\n\n\n<p>\u015awi\u0119ty Pawe\u0142 przypomina nam:<\/p>\n\n\n\n<blockquote class=\"wp-block-quote is-layout-flow wp-block-quote-is-layout-flow\">\n<p><em>\u201eZatem przez chrzest zanurzyli\u015bmy si\u0119 w \u015bmier\u0107, aby\u015bmy \u2013 jak Chrystus powsta\u0142 z martwych dzi\u0119ki chwale Ojca \u2013 tak i my wkroczyli w nowe \u017cycie.\u201d<\/em> (Rz 6,4)<\/p>\n<\/blockquote>\n\n\n\n<p>To nowe \u017cycie wymaga ci\u0105g\u0142ego nawracania si\u0119 i wyra\u017anego wyrzekania si\u0119 grzechu. Trzy pytania: \u201eCzy wyrzekasz si\u0119 szatana?\u201d, \u201eCzy wyrzekasz si\u0119 wszystkich jego uczynk\u00f3w?\u201d, \u201eCzy wyrzekasz si\u0119 wszystkich jego pokus?\u201d \u2013 to <strong>odwa\u017cne wyznanie wiary<\/strong>, deklaracja, \u017ce <strong>stoimy do walki<\/strong>, \u017ce nie chcemy <strong>s\u0142u\u017cy\u0107 z\u0142u<\/strong>.<\/p>\n\n\n\n<hr class=\"wp-block-separator has-alpha-channel-opacity\"\/>\n\n\n\n<h2 class=\"wp-block-heading\"><strong>3. Zastosowanie w \u017cyciu codziennym: \u017by\u0107 jak ochrzczeni \u2013 \u017cy\u0107 jak zmartwychwstali<\/strong><\/h2>\n\n\n\n<p>Jak prze\u0142o\u017cy\u0107 to wszystko na \u017cycie codzienne? Oto <strong>duchowy i duszpasterski przewodnik<\/strong>: jak <strong>na co dzie\u0144 \u017cy\u0107 obietnicami chrztu<\/strong>.<\/p>\n\n\n\n<h3 class=\"wp-block-heading\"><strong>A. \u201eCzy wyrzekasz si\u0119 szatana?\u201d \u2013 \u015awiadomie odrzucaj z\u0142o<\/strong><\/h3>\n\n\n\n<ul class=\"wp-block-list\">\n<li>Ka\u017cdego dnia po\u015bwi\u0119\u0107 chwil\u0119 na rachunek sumienia. Zapytaj siebie: czy dzi\u015b zrobi\u0142em miejsce dla egoizmu, k\u0142amstwa, urazy?<\/li>\n\n\n\n<li>Zwracaj uwag\u0119 na drobne furtki, przez kt\u00f3re wchodzi z\u0142o: s\u0105dzenie innych, nieczyste my\u015bli, zazdro\u015b\u0107, oboj\u0119tno\u015b\u0107 wobec Boga\u2026<\/li>\n\n\n\n<li>Korzystaj z sakramentali\u00f3w (woda \u015bwi\u0119cona, medaliki, znak krzy\u017ca) jako <strong>\u017cywego przypomnienia chrztu<\/strong>.<\/li>\n<\/ul>\n\n\n\n<h3 class=\"wp-block-heading\"><strong>B. \u201eI wszystkich jego uczynk\u00f3w?\u201d \u2013 Walcz z grzechem strukturalnym<\/strong><\/h3>\n\n\n\n<ul class=\"wp-block-list\">\n<li>Wybieraj Ewangeli\u0119 w codziennych decyzjach: w pracy, w relacjach, w zakupach. Chrzest wzywa nas do <strong>stylu \u017cycia Kr\u00f3lestwa<\/strong>.<\/li>\n\n\n\n<li>Sprzeciwiaj si\u0119 logice tego \u015bwiata: korupcji, fa\u0142szowi, egoizmowi. <strong>B\u0105d\u017a uczciwy, sprawiedliwy, przejrzysty<\/strong>.<\/li>\n<\/ul>\n\n\n\n<h3 class=\"wp-block-heading\"><strong>C. \u201eI wszystkich jego pokus?\u201d \u2013 Rozeznawaj w \u015bwiecie pe\u0142nym chaosu<\/strong><\/h3>\n\n\n\n<ul class=\"wp-block-list\">\n<li>Nie wszystko, co modne i atrakcyjne, jest dobre. Chrze\u015bcijanin cz\u0119sto musi <strong>i\u015b\u0107 pod pr\u0105d<\/strong>.<\/li>\n\n\n\n<li>Piel\u0119gnuj cisz\u0119 serca, codzienn\u0105 modlitw\u0119, aby <strong>rozeznawa\u0107 wol\u0119 Bo\u017c\u0105<\/strong> i zachowa\u0107 wolno\u015b\u0107 wewn\u0119trzn\u0105.<\/li>\n<\/ul>\n\n\n\n<hr class=\"wp-block-separator has-alpha-channel-opacity\"\/>\n\n\n\n<h2 class=\"wp-block-heading\"><strong>4. Po Wigilii Paschalnej: Jak nie zagasi\u0107 ognia<\/strong><\/h2>\n\n\n\n<p>\u0141aska chrztu to nie iskra na chwil\u0119, lecz <strong>ogie\u0144, kt\u00f3ry trzeba piel\u0119gnowa\u0107<\/strong>. Oto jak go podtrzymywa\u0107:<\/p>\n\n\n\n<h3 class=\"wp-block-heading\"><strong>1. Codzienna odnowa<\/strong><\/h3>\n\n\n\n<p>Rozpoczynaj dzie\u0144 znakiem krzy\u017ca i wod\u0105 \u015bwi\u0119con\u0105. Powiedz z serca:<br><em>\u201ePanie, dzi\u015b odnawiam moje przymierze z Tob\u0105. Wyrzekam si\u0119 z\u0142a i wybieram Ciebie.\u201d<\/em><\/p>\n\n\n\n<h3 class=\"wp-block-heading\"><strong>2. Regularna spowied\u017a<\/strong><\/h3>\n\n\n\n<p>Chrzest uczyni\u0142 nas dzie\u0107mi Bo\u017cymi; spowied\u017a <strong>odradza nas<\/strong>, gdy upadamy. Korzystaj cz\u0119sto z tego sakramentu, by <strong>nie zag\u0142uszy\u0107 \u0142aski<\/strong>.<\/p>\n\n\n\n<h3 class=\"wp-block-heading\"><strong>3. Towarzyszenie duchowe<\/strong><\/h3>\n\n\n\n<p>Znajd\u017a kierownika duchowego lub sta\u0142ego spowiednika. \u017bycie z chrztu <strong>nie rozwija si\u0119 samo<\/strong>, ale <strong>we wsp\u00f3lnocie i pod opiek\u0105<\/strong>.<\/p>\n\n\n\n<h3 class=\"wp-block-heading\"><strong>4. \u017bycie eucharystyczne<\/strong><\/h3>\n\n\n\n<p>Eucharystia to pokarm dla ochrzczonych. Niedzielna Msza \u015awi\u0119ta to <strong>kontynuacja Twojego chrzcielnego \u201etak\u201d<\/strong>. Ten sam Chrystus, kt\u00f3ry da\u0142 ci nowe \u017cycie, <strong>karmi ci\u0119 swoim Cia\u0142em<\/strong>.<\/p>\n\n\n\n<hr class=\"wp-block-separator has-alpha-channel-opacity\"\/>\n\n\n\n<h2 class=\"wp-block-heading\"><strong>5. Wezwanie na dzi\u015b: By\u0107 \u015bwiat\u0142em w ciemno\u015bci<\/strong><\/h2>\n\n\n\n<p>W \u015bwiecie, kt\u00f3ry relatywizuje z\u0142o i traci poczucie grzechu, nasze <strong>\u201eTak, wyrzekam si\u0119\u201d<\/strong> to <strong>znak proroczy<\/strong>.<br>Wybra\u0107 dzi\u015b Chrystusa oznacza powiedzie\u0107 <strong>\u201enie\u201d<\/strong> wobec wielu rzeczy, kt\u00f3re nas od Niego oddzielaj\u0105: ideologii, zamieszania moralnego, duchowego letargu.<\/p>\n\n\n\n<p>Ochrzczeni s\u0105 powo\u0142ani do bycia <strong>\u015bwiat\u0142em<\/strong>, <strong>\u015bwiadkami nadziei<\/strong>, <strong>\u017cywym znakiem, \u017ce w Chrystusie mo\u017cliwe jest nowe \u017cycie<\/strong>.<\/p>\n\n\n\n<hr class=\"wp-block-separator has-alpha-channel-opacity\"\/>\n\n\n\n<h2 class=\"wp-block-heading\"><strong>Zako\u0144czenie: Ochrzczeni, by zwyci\u0119\u017ca\u0107 \u2013 pos\u0142ani, by kocha\u0107<\/strong><\/h2>\n\n\n\n<p>Wigilia Paschalna to nie tylko rytua\u0142: to <strong>przej\u015bcie<\/strong>. Chrystus zmartwychwsta\u0142 \u2013 i daje Ci swoje zwyci\u0119stwo. M\u00f3wi\u0105c <strong>\u201eTak, wyrzekam si\u0119\u201d<\/strong>, o\u015bwiadczasz:<br><strong>Moja historia si\u0119 zmieni\u0142a. Ju\u017c nie ja \u017cyj\u0119, ale \u017cyje we mnie Chrystus.<\/strong> (Ga 2,20)<\/p>\n\n\n\n<p>\u017byj zatem jak to, kim jeste\u015b: <strong>dziecko Boga, nosiciel \u015bwiat\u0142a, \u015bwiadek Zmartwychwsta\u0142ego<\/strong>.<br>Niech ka\u017cda Pascha b\u0119dzie <strong>prawdziwym odnowieniem Twojej duszy, Twojego zaanga\u017cowania i Twojej mi\u0142o\u015bci do Chrystusa<\/strong>, kt\u00f3ry dla Ciebie pokona\u0142 \u015bmier\u0107.<\/p>\n","protected":false},"excerpt":{"rendered":"<p>Wst\u0119p: Nowy ogie\u0144, kt\u00f3ry odnawia \u017cycie W naj\u015bwi\u0119tsz\u0105 noc w roku \u2013 podczas Wigilii Paschalnej \u2013 rozbrzmiewaj\u0105 w ko\u015bcio\u0142ach na ca\u0142ym \u015bwiecie pot\u0119\u017cne s\u0142owa, kt\u00f3re wielu z nas wypowiada automatycznie, nie zdaj\u0105c sobie sprawy z ich g\u0142\u0119bi: \u201eWyrzekam si\u0119!\u201dTo nie jest pusty rytua\u0142 ani tradycja bez znaczenia. To duchowy krzyk, wyznanie wierno\u015bci, radykalny wyb\u00f3r, kt\u00f3ry &hellip;<\/p>\n","protected":false},"author":3,"featured_media":3395,"comment_status":"open","ping_status":"open","sticky":false,"template":"","format":"standard","meta":{"_seopress_robots_primary_cat":"","_seopress_titles_title":"","_seopress_titles_desc":"","_seopress_robots_index":"","footnotes":""},"categories":[38,52],"tags":[956,954],"class_list":["post-3394","post","type-post","status-publish","format-standard","has-post-thumbnail","","category-historia-i-tradycja","category-liturgia-i-rok-liturgiczny","tag-odnowa-chrztu","tag-wigilii-paschalnej"],"_links":{"self":[{"href":"https:\/\/catholicus.eu\/pl\/wp-json\/wp\/v2\/posts\/3394","targetHints":{"allow":["GET"]}}],"collection":[{"href":"https:\/\/catholicus.eu\/pl\/wp-json\/wp\/v2\/posts"}],"about":[{"href":"https:\/\/catholicus.eu\/pl\/wp-json\/wp\/v2\/types\/post"}],"author":[{"embeddable":true,"href":"https:\/\/catholicus.eu\/pl\/wp-json\/wp\/v2\/users\/3"}],"replies":[{"embeddable":true,"href":"https:\/\/catholicus.eu\/pl\/wp-json\/wp\/v2\/comments?post=3394"}],"version-history":[{"count":1,"href":"https:\/\/catholicus.eu\/pl\/wp-json\/wp\/v2\/posts\/3394\/revisions"}],"predecessor-version":[{"id":3396,"href":"https:\/\/catholicus.eu\/pl\/wp-json\/wp\/v2\/posts\/3394\/revisions\/3396"}],"wp:featuredmedia":[{"embeddable":true,"href":"https:\/\/catholicus.eu\/pl\/wp-json\/wp\/v2\/media\/3395"}],"wp:attachment":[{"href":"https:\/\/catholicus.eu\/pl\/wp-json\/wp\/v2\/media?parent=3394"}],"wp:term":[{"taxonomy":"category","embeddable":true,"href":"https:\/\/catholicus.eu\/pl\/wp-json\/wp\/v2\/categories?post=3394"},{"taxonomy":"post_tag","embeddable":true,"href":"https:\/\/catholicus.eu\/pl\/wp-json\/wp\/v2\/tags?post=3394"}],"curies":[{"name":"wp","href":"https:\/\/api.w.org\/{rel}","templated":true}]}}