{"id":3391,"date":"2025-04-19T23:29:03","date_gmt":"2025-04-19T21:29:03","guid":{"rendered":"https:\/\/catholicus.eu\/pl\/?p=3391"},"modified":"2025-04-19T23:29:03","modified_gmt":"2025-04-19T21:29:03","slug":"grob-jest-pusty-a-czy-twoje-serce-jest-pelne-jego-obecnosci","status":"publish","type":"post","link":"https:\/\/catholicus.eu\/pl\/grob-jest-pusty-a-czy-twoje-serce-jest-pelne-jego-obecnosci\/","title":{"rendered":"Gr\u00f3b jest pusty! A czy Twoje serce jest pe\u0142ne Jego obecno\u015bci?"},"content":{"rendered":"\n<p><em>Zaproszenie do \u017cycia Zmartwychwstaniem \u2013 dzi\u015b i na zawsze<\/em><\/p>\n\n\n\n<hr class=\"wp-block-separator has-alpha-channel-opacity\"\/>\n\n\n\n<h3 class=\"wp-block-heading\">Wprowadzenie: Krzyk, kt\u00f3ry zmieni\u0142 wszystko<\/h3>\n\n\n\n<p>\u201eNie ma Go tutaj. Zmartwychwsta\u0142!\u201d (\u0141k 24,6). Te s\u0142owa, wypowiedziane przez anio\u0142\u00f3w o \u015bwicie pierwszego dnia tygodnia, przebi\u0142y histori\u0119 niczym b\u0142yskawica w ciemno\u015bciach. Gr\u00f3b, kt\u00f3ry mia\u0142 by\u0107 miejscem \u015bmierci, jest otwarty i pusty. Ale co oznacza ta pustka dzisiaj \u2013 dla Ciebie i dla mnie? Skoro gr\u00f3b jest pusty\u2026 to czy Twoje serce jest pe\u0142ne Jego obecno\u015bci?<\/p>\n\n\n\n<p>Najwa\u017cniejsze pytanie Wielkanocy to nie tylko: \u201eCzy Chrystus zmartwychwsta\u0142?\u201d \u2013 bo to jest fakt historyczny i prawda wiary \u2013 ale: <em>czy Jego Zmartwychwstanie przemieni\u0142o Twoje \u017cycie?<\/em><\/p>\n\n\n\n<p>Ten artyku\u0142 to zaproszenie, by razem przej\u015b\u0107 przez liturgi\u0119, histori\u0119 i teologi\u0119, aby\u015b Ty, drogi Czytelniku, m\u00f3g\u0142 otworzy\u0107 gr\u00f3b swojego serca i pozwoli\u0107 Zmartwychwsta\u0142emu wej\u015b\u0107 do \u015brodka.<\/p>\n\n\n\n<hr class=\"wp-block-separator has-alpha-channel-opacity\"\/>\n\n\n\n<h3 class=\"wp-block-heading\">I. Pusty gr\u00f3b: Fakty historyczne i serce wiary<\/h3>\n\n\n\n<p>Zmartwychwstanie Chrystusa nie jest metafor\u0105 ani bajk\u0105 maj\u0105c\u0105 pocieszy\u0107 smutnych. To <strong>fakt historyczny<\/strong>, potwierdzony przez m\u0119\u017cczyzn i kobiety, kt\u00f3rzy widzieli Go, dotykali, jedli z Nim i szli razem drog\u0105. Jest to r\u00f3wnie\u017c <strong>centrum chrze\u015bcija\u0144stwa<\/strong>: \u201eA je\u015bli Chrystus nie zmartwychwsta\u0142, daremne jest nasze nauczanie, pr\u00f3\u017cna te\u017c wasza wiara\u201d (1 Kor 15,14) \u2013 pisze \u015bw. Pawe\u0142. Wszystko \u2013 g\u0142oszenie, sakramenty, nadzieja \u2013 opiera si\u0119 na tym, \u017ce Ukrzy\u017cowany <strong>pokona\u0142 \u015bmier\u0107<\/strong>.<\/p>\n\n\n\n<p>Ewangelie podkre\u015blaj\u0105 kluczowy szczeg\u00f3\u0142: <strong>gr\u00f3b by\u0142 pusty<\/strong>. Nie symbolicznie, ale realnie. Cia\u0142o Jezusa nie by\u0142o tam, bo <strong>zmartwychwsta\u0142 w tym samym ciele<\/strong>, przemienionym i uwielbionym. Kamie\u0144 zosta\u0142 odsuni\u0119ty nie po to, aby On m\u00f3g\u0142 wyj\u015b\u0107 \u2013 ale <strong>\u017ceby\u015bmy my mogli wej\u015b\u0107<\/strong>.<\/p>\n\n\n\n<p>Prawdziwa moc nie tkwi jednak tylko w fizycznej pustce grobu, ale w <strong>\u017cyciu przemienionym przez t\u0119 pustk\u0119<\/strong>. To milczenie, kt\u00f3re m\u00f3wi. Brak, kt\u00f3ry krzyczy. Tajemnica, kt\u00f3ra pyta: <em>Gdzie jeste\u015b? Czy Twoje serce pe\u0142ne jest \u017cycia czy \u015bmierci? Chrystusa czy \u015bwiata?<\/em><\/p>\n\n\n\n<hr class=\"wp-block-separator has-alpha-channel-opacity\"\/>\n\n\n\n<h3 class=\"wp-block-heading\">II. Tradycja liturgiczna: Od Wigilii do \u017cycia<\/h3>\n\n\n\n<p>Ko\u015bci\u00f3\u0142 nie pozostawia nas jedynie z historycznym wspomnieniem. Ka\u017cdego roku przez <strong>liturgi\u0119 paschaln\u0105<\/strong> wprowadza nas <strong>w Misterium Paschalne<\/strong>, pulsuj\u0105ce centrum naszej wiary. Jej szczytem jest <strong>Wigilia Paschalna<\/strong>, matka wszystkich wigilii. Zaczyna si\u0119 w ciemno\u015bci \u2013 symbolizuj\u0105cej grzech, zam\u0119t, \u017ca\u0142ob\u0119 \u2013 a nast\u0119pnie rozpalany jest nowy ogie\u0144 i \u015bpiewa si\u0119: <em>Lumen Christi<\/em> \u2013 \u015awiat\u0142o Chrystusa.<\/p>\n\n\n\n<p>Obrz\u0119d \u015bwiat\u0142a, \u015bpiew Exsultetu, czytania prowadz\u0105ce przez ca\u0142\u0105 histori\u0119 zbawienia, eksploduj\u0105ce Gloria, pierwsze \u201eAlleluja\u201d po milczeniu Wielkiego Postu \u2013 wszystko to g\u0142osi jedn\u0105 prawd\u0119: <strong>Chrystus \u017cyje i kr\u00f3luje. A Jego zwyci\u0119stwo jest nasz\u0105 nadziej\u0105<\/strong>.<\/p>\n\n\n\n<p>Ta liturgia nie jest teatrem ani inscenizacj\u0105: to <strong>realne uczestnictwo<\/strong> w Zmartwychwstaniu. To, co celebrujemy sakramentalnie, mamy <strong>prze\u017cywa\u0107 egzystencjalnie<\/strong>. Bo je\u015bli gr\u00f3b jest pusty, <strong>nasze \u017cycie nie mo\u017ce pozosta\u0107 takie samo<\/strong>.<\/p>\n\n\n\n<hr class=\"wp-block-separator has-alpha-channel-opacity\"\/>\n\n\n\n<h3 class=\"wp-block-heading\">III. Co oznacza pusty gr\u00f3b dzisiaj?<\/h3>\n\n\n\n<p>We wsp\u00f3\u0142czesnym \u015bwiecie \u2013 pe\u0142nym powierzchowno\u015bci, l\u0119ku, nihilizmu i kultury odrzucenia \u2013 pusty gr\u00f3b to <strong>krzyk przeciwko wewn\u0119trznej \u015bmierci<\/strong>. \u017byjemy w\u015br\u00f3d pi\u0119knie ozdobionych grobowc\u00f3w: chwilowych przyjemno\u015bci, bo\u017ck\u00f3w, pozor\u00f3w, pustych sukces\u00f3w. Ale prawdziwe pytanie brzmi: <strong>kto naprawd\u0119 zmartwychwsta\u0142?<\/strong><\/p>\n\n\n\n<p>Chrystus nie opu\u015bci\u0142 grobu po to, by\u015b Ty pozosta\u0142 duchowo martwy. Jego zwyci\u0119stwo domaga si\u0119 odpowiedzi. Nie wystarczy wiedzie\u0107, \u017ce On zmartwychwsta\u0142 \u2013 <strong>musisz \u017cy\u0107 jako zmartwychwsta\u0142y<\/strong>.<\/p>\n\n\n\n<p>Dzi\u015b, bardziej ni\u017c kiedykolwiek, chrze\u015bcijanie s\u0105 wezwani, by by\u0107 <strong>\u015bwiadkami Zmartwychwsta\u0142ego w \u015bwiecie zagubionym i spragnionym \u015bwiat\u0142a<\/strong>. Nie pustymi s\u0142owami, ale \u017cyciem pe\u0142nym obecno\u015bci, pokoju i ognia.<\/p>\n\n\n\n<hr class=\"wp-block-separator has-alpha-channel-opacity\"\/>\n\n\n\n<h3 class=\"wp-block-heading\">IV. Serce: gr\u00f3b czy tabernakulum?<\/h3>\n\n\n\n<p>\u015aw. Augustyn powiedzia\u0142: \u201eB\u00f3g, kt\u00f3ry ci\u0119 stworzy\u0142 bez ciebie, nie zbawi ci\u0119 bez ciebie\u201d. Gr\u00f3b jest pusty \u2013 tak. Ale <strong>czy twoje serce te\u017c?<\/strong> A mo\u017ce jest <strong>pe\u0142ne Chrystusa<\/strong>?<\/p>\n\n\n\n<p>To wielka paschalna tajemnica: <strong>gr\u00f3b jest pusty, aby serce by\u0142o pe\u0142ne<\/strong>. Nie chodzi o chwilowe emocje, ale o \u017cycie nape\u0142nione Jego obecno\u015bci\u0105.<\/p>\n\n\n\n<p>Zbyt wielu chrze\u015bcijan zadowala si\u0119 letni\u0105, rytualn\u0105, tylko niedzieln\u0105 wiar\u0105. Ale Zmartwychwsta\u0142y nie szuka wielbicieli \u2014 szuka <strong>uczni\u00f3w<\/strong>. Nie widz\u00f3w \u2014 ale <strong>serc p\u0142on\u0105cych<\/strong>, jak serca uczni\u00f3w id\u0105cych do Emaus.<\/p>\n\n\n\n<p>Chrystus \u017cyje. Ale <strong>czy \u017cyje w Tobie?<\/strong> Czy Twoje serce jest tak pe\u0142ne Jego obecno\u015bci, \u017ce przekazuje nadziej\u0119, pok\u00f3j i g\u0142\u0119bok\u0105 rado\u015b\u0107?<\/p>\n\n\n\n<hr class=\"wp-block-separator has-alpha-channel-opacity\"\/>\n\n\n\n<h3 class=\"wp-block-heading\">V. Powo\u0142anie duszpasterskie: B\u0105d\u017a \u015bwiadkiem Zmartwychwsta\u0142ego<\/h3>\n\n\n\n<p>\u017byjemy w trudnych czasach: wojny, podzia\u0142y, relatywizm, kryzys sensu. W tym chaosie chrze\u015bcijanie nie mog\u0105 zamkn\u0105\u0107 si\u0119 w l\u0119ku ani traktowa\u0107 wiary jako sprawy prywatnej. Czas <strong>wyj\u015b\u0107 jak pierwsi \u015bwiadkowie<\/strong>, zanie\u015b\u0107 \u015bwiat\u0142o Paschy \u015bwiatu.<\/p>\n\n\n\n<p>Aposto\u0142owie przeszli od l\u0119ku do odwagi. Od zamkni\u0119tych drzwi do publicznego g\u0142oszenia. Dlaczego? Bo <strong>spotkali Zmartwychwsta\u0142ego<\/strong>. I to spotkanie jest mo\u017cliwe r\u00f3wnie\u017c dzi\u015b: w Eucharystii, w S\u0142owie Bo\u017cym, w modlitwie, w ubogich, w codziennym \u017cyciu.<\/p>\n\n\n\n<p>\u015awiat uwierzy, \u017ce <strong>Chrystus \u017cyje<\/strong>, tylko je\u015bli <strong>zobaczy Go \u017cyj\u0105cego w nas<\/strong>. Nie wystarczy m\u00f3wi\u0107, \u017ce gr\u00f3b jest pusty \u2013 <strong>nasze \u017cycie musi by\u0107 pe\u0142ne Jego obecno\u015bci<\/strong>.<\/p>\n\n\n\n<hr class=\"wp-block-separator has-alpha-channel-opacity\"\/>\n\n\n\n<h3 class=\"wp-block-heading\">VI. Zako\u0144czenie: Nie zostawaj w grobie<\/h3>\n\n\n\n<p>Drogi Czytelniku, <strong>gr\u00f3b jest pusty. Chrystus zmartwychwsta\u0142!<\/strong> \u017baden kamie\u0144 nie powstrzyma Jego mi\u0142o\u015bci. Ale teraz wszystko zale\u017cy od Ciebie. Nie st\u00f3j z daleka \u2013 <em>biegnij, og\u0142aszaj, \u017cyj!<\/em><\/p>\n\n\n\n<p>Zadaj sobie szczerze pytania:<\/p>\n\n\n\n<ul class=\"wp-block-list\">\n<li>Czy moje serce jest pe\u0142ne Chrystusa?<\/li>\n\n\n\n<li>Czy \u017cyj\u0119 jak zmartwychwsta\u0142y czy jak niewolnik przesz\u0142o\u015bci?<\/li>\n\n\n\n<li>Jakie kajdany musz\u0119 zerwa\u0107, by p\u00f3j\u015b\u0107 za Nim?<\/li>\n\n\n\n<li>Jakie groby w moim wn\u0119trzu musz\u0105 jeszcze si\u0119 otworzy\u0107?<\/li>\n<\/ul>\n\n\n\n<p>Zmartwychwstanie to nie koniec. To <strong>nowy pocz\u0105tek<\/strong>. Prawdziwy pocz\u0105tek nowego \u017cycia \u2013 <strong>tu i teraz<\/strong>.<\/p>\n\n\n\n<hr class=\"wp-block-separator has-alpha-channel-opacity\"\/>\n\n\n\n<h3 class=\"wp-block-heading\">Modlitwa ko\u0144cowa<\/h3>\n\n\n\n<blockquote class=\"wp-block-quote is-layout-flow wp-block-quote-is-layout-flow\">\n<p>Panie Jezu,<br>Ty pokona\u0142e\u015b \u015bmier\u0107 i \u017cyjesz na wieki.<br>Nape\u0142nij mnie Twoj\u0105 zmartwychwsta\u0142\u0105 obecno\u015bci\u0105.<br>Usu\u0144 ka\u017cdy kamie\u0144, kt\u00f3ry blokuje Twoje wej\u015bcie,<br>zerwij wszelkie \u0142a\u0144cuchy l\u0119ku i grzechu.<br>Uczy\u0144 moje serce Twoim paschalnym mieszkaniem.<br>Niech ci, kt\u00f3rzy mnie spotkaj\u0105, zobacz\u0105, \u017ce gr\u00f3b jest pusty,<br>bo Ty \u017cyjesz we mnie.<br>Amen.<\/p>\n<\/blockquote>\n\n\n\n<hr class=\"wp-block-separator has-alpha-channel-opacity\"\/>\n\n\n\n<p><strong>Chrystus zmartwychwsta\u0142! Prawdziwie zmartwychwsta\u0142!<\/strong><br>A Ty\u2026 jeste\u015b got\u00f3w \u017cy\u0107 tak, jakby to naprawd\u0119 by\u0142a prawda?<\/p>\n\n\n\n<hr class=\"wp-block-separator has-alpha-channel-opacity\"\/>\n\n\n\n<p>Je\u015bli to przes\u0142anie poruszy\u0142o Twoje serce \u2013 podziel si\u0119 nim. Og\u0142o\u015b \u015bwiatu:<br><strong>Gr\u00f3b jest pusty. Ale moje serce jest pe\u0142ne Jego obecno\u015bci!<\/strong><\/p>\n","protected":false},"excerpt":{"rendered":"<p>Zaproszenie do \u017cycia Zmartwychwstaniem \u2013 dzi\u015b i na zawsze Wprowadzenie: Krzyk, kt\u00f3ry zmieni\u0142 wszystko \u201eNie ma Go tutaj. Zmartwychwsta\u0142!\u201d (\u0141k 24,6). Te s\u0142owa, wypowiedziane przez anio\u0142\u00f3w o \u015bwicie pierwszego dnia tygodnia, przebi\u0142y histori\u0119 niczym b\u0142yskawica w ciemno\u015bciach. Gr\u00f3b, kt\u00f3ry mia\u0142 by\u0107 miejscem \u015bmierci, jest otwarty i pusty. Ale co oznacza ta pustka dzisiaj \u2013 dla &hellip;<\/p>\n","protected":false},"author":3,"featured_media":3392,"comment_status":"open","ping_status":"open","sticky":false,"template":"","format":"standard","meta":{"_seopress_robots_primary_cat":"","_seopress_titles_title":"","_seopress_titles_desc":"","_seopress_robots_index":"","footnotes":""},"categories":[37,45],"tags":[955],"class_list":["post-3391","post","type-post","status-publish","format-standard","has-post-thumbnail","","category-doktryna-i-wiara","category-pismo-swiete","tag-grob-jest-pusty"],"_links":{"self":[{"href":"https:\/\/catholicus.eu\/pl\/wp-json\/wp\/v2\/posts\/3391","targetHints":{"allow":["GET"]}}],"collection":[{"href":"https:\/\/catholicus.eu\/pl\/wp-json\/wp\/v2\/posts"}],"about":[{"href":"https:\/\/catholicus.eu\/pl\/wp-json\/wp\/v2\/types\/post"}],"author":[{"embeddable":true,"href":"https:\/\/catholicus.eu\/pl\/wp-json\/wp\/v2\/users\/3"}],"replies":[{"embeddable":true,"href":"https:\/\/catholicus.eu\/pl\/wp-json\/wp\/v2\/comments?post=3391"}],"version-history":[{"count":1,"href":"https:\/\/catholicus.eu\/pl\/wp-json\/wp\/v2\/posts\/3391\/revisions"}],"predecessor-version":[{"id":3393,"href":"https:\/\/catholicus.eu\/pl\/wp-json\/wp\/v2\/posts\/3391\/revisions\/3393"}],"wp:featuredmedia":[{"embeddable":true,"href":"https:\/\/catholicus.eu\/pl\/wp-json\/wp\/v2\/media\/3392"}],"wp:attachment":[{"href":"https:\/\/catholicus.eu\/pl\/wp-json\/wp\/v2\/media?parent=3391"}],"wp:term":[{"taxonomy":"category","embeddable":true,"href":"https:\/\/catholicus.eu\/pl\/wp-json\/wp\/v2\/categories?post=3391"},{"taxonomy":"post_tag","embeddable":true,"href":"https:\/\/catholicus.eu\/pl\/wp-json\/wp\/v2\/tags?post=3391"}],"curies":[{"name":"wp","href":"https:\/\/api.w.org\/{rel}","templated":true}]}}