{"id":3385,"date":"2025-04-19T17:53:55","date_gmt":"2025-04-19T15:53:55","guid":{"rendered":"https:\/\/catholicus.eu\/pl\/?p=3385"},"modified":"2025-04-19T17:53:55","modified_gmt":"2025-04-19T15:53:55","slug":"gdy-swiatlo-zwycieza-ciemnosc-odkrycie-na-nowo-lucernarium-jako-modlitwy-ktora-rozpala-dusze","status":"publish","type":"post","link":"https:\/\/catholicus.eu\/pl\/gdy-swiatlo-zwycieza-ciemnosc-odkrycie-na-nowo-lucernarium-jako-modlitwy-ktora-rozpala-dusze\/","title":{"rendered":"Gdy \u015bwiat\u0142o zwyci\u0119\u017ca ciemno\u015b\u0107: odkrycie na nowo lucernarium jako modlitwy, kt\u00f3ra rozpala dusz\u0119"},"content":{"rendered":"\n<h3 class=\"wp-block-heading\">Wst\u0119p: potrzeba \u015bwiat\u0142a po\u015br\u00f3d ciemno\u015bci<\/h3>\n\n\n\n<p>\u017byjemy w epoce duchowej ciemno\u015bci. Po\u015bpiech, technologia, powierzchowno\u015b\u0107 i zapomnienie o tradycji liturgicznej przys\u0142oni\u0142y wiele skarb\u00f3w chrze\u015bcija\u0144skiego dziedzictwa. A jednak w samym sercu tych ciemno\u015bci Ko\u015bci\u00f3\u0142 ofiarowuje nam staro\u017cytny i \u015bwietlisty obrz\u0119d: <strong>lucernarium<\/strong> \u2013 modlitw\u0119, kt\u00f3ra nie tylko zapala lamp\u0119, ale <strong>rozpala dusz\u0119<\/strong>. Ten prosty, a zarazem g\u0142\u0119boki gest pomaga nam na nowo odkry\u0107 sens dnia, czasu, \u015bwiat\u0142a\u2026 i samego Chrystusa.<\/p>\n\n\n\n<hr class=\"wp-block-separator has-alpha-channel-opacity\"\/>\n\n\n\n<h3 class=\"wp-block-heading\">1. Czym jest lucernarium?<\/h3>\n\n\n\n<p>Lucernarium to celebracja liturgiczna sprawowana o zmierzchu, gdy ga\u015bnie \u015bwiat\u0142o dzienne, a zapalana jest lampa na czuwanie chrze\u015bcija\u0144skie w nocy. Nazwa pochodzi od \u0142aci\u0144skiego <em>lucerna<\/em> (lampa), a w swej najprostszej formie polega na <strong>zapaleniu lampy i uwielbieniu Boga, prawdziwego \u015bwiat\u0142a \u015bwiata<\/strong>.<\/p>\n\n\n\n<p>To jedna z najstarszych form modlitwy chrze\u015bcija\u0144skiej, bogata w symbolik\u0119: <strong>czyni obecnym Chrystusa jako \u201e\u015bwiat\u0142o\u015b\u0107 \u015bwiata\u201d (J 8,12)<\/strong> i wyra\u017ca chrze\u015bcija\u0144sk\u0105 nadziej\u0119, \u017ce nawet w ciemno\u015bci \u015bwiat\u0142o ju\u017c zwyci\u0119\u017cy\u0142o.<\/p>\n\n\n\n<hr class=\"wp-block-separator has-alpha-channel-opacity\"\/>\n\n\n\n<h3 class=\"wp-block-heading\">2. Biblijne korzenie lucernarium<\/h3>\n\n\n\n<p>Lucernarium ma swoje korzenie w Pi\u015bmie \u015awi\u0119tym. Ju\u017c w Starym Testamencie \u015bwiat\u0142o by\u0142o znakiem obecno\u015bci Boga:<\/p>\n\n\n\n<ul class=\"wp-block-list\">\n<li><strong>\u201eTwoje s\u0142owo jest lamp\u0105 dla moich st\u00f3p i \u015bwiat\u0142em na mojej \u015bcie\u017cce\u201d<\/strong> (Ps 119,105).<\/li>\n\n\n\n<li>W Ksi\u0119dze Wyj\u015bcia s\u0142up ognia prowadzi lud w nocy (Wj 13,21).<\/li>\n\n\n\n<li>Siedmioramienny \u015bwiecznik (<em>Menora<\/em>) p\u0142on\u0105\u0142 nieprzerwanie w \u015awi\u0105tyni \u2013 znak przymierza i nieustannej modlitwy.<\/li>\n<\/ul>\n\n\n\n<p>W Chrystusie symbol \u015bwiat\u0142a si\u0119 wype\u0142nia:<\/p>\n\n\n\n<ul class=\"wp-block-list\">\n<li><strong>\u201e\u015awiat\u0142o\u015b\u0107 \u015bwieci w ciemno\u015bci, a ciemno\u015b\u0107 jej nie ogarn\u0119\u0142a\u201d<\/strong> (J 1,5).<\/li>\n\n\n\n<li><strong>\u201eJa jestem \u015bwiat\u0142o\u015bci\u0105 \u015bwiata\u201d<\/strong> (J 8,12).<\/li>\n\n\n\n<li>Podczas Przemienienia i Zmartwychwstania \u015bwiat\u0142o objawia chwa\u0142\u0119 Bo\u017c\u0105.<\/li>\n<\/ul>\n\n\n\n<p>Lucernarium to nie tylko rytualny gest \u2013 to <strong>wyznanie wiary w zwyci\u0119stwo \u015bwiat\u0142a Chrystusa nad ciemno\u015bci\u0105 grzechu i \u015bmierci<\/strong>.<\/p>\n\n\n\n<hr class=\"wp-block-separator has-alpha-channel-opacity\"\/>\n\n\n\n<h3 class=\"wp-block-heading\">3. Lucernarium w pierwotnym Ko\u015bciele<\/h3>\n\n\n\n<p>Ju\u017c w pierwszych wiekach chrze\u015bcija\u0144stwa, szczeg\u00f3lnie na Wschodzie, lucernarium odprawiano o zachodzie s\u0142o\u0144ca. Jeden z najstarszych tekst\u00f3w liturgicznych, kt\u00f3ry przetrwa\u0142 do dzi\u015b, to hymn \u201c<strong>Phos Hilaron<\/strong>\u201d (<em>Radosna \u015bwiat\u0142o\u015bci<\/em>), do dzi\u015b \u015bpiewany w Ko\u015bcio\u0142ach wschodnich i niekt\u00f3rych obrz\u0105dkach katolickich. Rozpoczyna si\u0119 s\u0142owami:<\/p>\n\n\n\n<blockquote class=\"wp-block-quote is-layout-flow wp-block-quote-is-layout-flow\">\n<p>\u201eRadosna \u015bwiat\u0142o\u015bci \u015bwi\u0119tej chwa\u0142y nie\u015bmiertelnego Ojca niebieskiego, \u015bwi\u0119ty i b\u0142ogos\u0142awiony Jezusie Chryste\u2026\u201d<\/p>\n<\/blockquote>\n\n\n\n<p>Hymn ten \u015bpiewano w \u015bwi\u0105tyni w chwili zapalania lampy w sanktuarium, zaznaczaj\u0105c, \u017ce <strong>noc nie jest czasem l\u0119ku, lecz oczekiwania z nadziej\u0105 chrze\u015bcija\u0144sk\u0105<\/strong>.<\/p>\n\n\n\n<p>Ojcowie Ko\u015bcio\u0142a, tacy jak \u015bw. Bazyli Wielki czy Klemens Aleksandryjski, podkre\u015blali wag\u0119 tej wieczornej modlitwy w codziennym \u017cyciu chrze\u015bcijanina.<\/p>\n\n\n\n<hr class=\"wp-block-separator has-alpha-channel-opacity\"\/>\n\n\n\n<h3 class=\"wp-block-heading\">4. Historyczny rozw\u00f3j lucernarium<\/h3>\n\n\n\n<p>Z czasem lucernarium zosta\u0142o w\u0142\u0105czone do Liturgii Godzin, szczeg\u00f3lnie do Nieszpor\u00f3w. W tradycji \u0142aci\u0144skiej stopniowo zosta\u0142o os\u0142abione lub wch\u0142oni\u0119te przez inne formy liturgiczne \u2013 a\u017c prawie zanik\u0142o. Jednak <strong>nigdy nie zosta\u0142o ca\u0142kowicie zapomniane<\/strong> i w szczeg\u00f3lnych momentach \u2013 jak <strong>Wigilia Paschalna<\/strong> \u2013 ukazuje si\u0119 z ca\u0142\u0105 moc\u0105.<\/p>\n\n\n\n<p>Dzi\u015b, dzi\u0119ki odnowie liturgicznej i duchowej, wielu wiernych na nowo odkrywa lucernarium jako <strong>prost\u0105, domow\u0105 i g\u0142\u0119boko duchow\u0105 form\u0119 u\u015bwi\u0119cania wieczoru<\/strong>.<\/p>\n\n\n\n<hr class=\"wp-block-separator has-alpha-channel-opacity\"\/>\n\n\n\n<h3 class=\"wp-block-heading\">5. Lucernarium dzisiaj: \u015bwiat\u0142o na nasze czasy<\/h3>\n\n\n\n<p>Dlaczego warto dzi\u015b na nowo odkrywa\u0107 lucernarium? Bo w \u015bwiecie pe\u0142nym zam\u0119tu, w kt\u00f3rym dzie\u0144 ko\u0144czy si\u0119 zm\u0119czeniem, ekranami lub l\u0119kiem, <strong>ten gest staje si\u0119 aktem proroczym<\/strong>.<\/p>\n\n\n\n<h4 class=\"wp-block-heading\">a) Modlitwa dla rodziny<\/h4>\n\n\n\n<p>Wsp\u00f3lne zebranie si\u0119 wieczorem, zapalenie lampy i uwielbienie Chrystusa jako \u015bwiat\u0142o\u015bci to pi\u0119kny i prosty spos\u00f3b, by:<\/p>\n\n\n\n<ul class=\"wp-block-list\">\n<li>Podzi\u0119kowa\u0107 za dzie\u0144.<\/li>\n\n\n\n<li>Powierzy\u0107 noc Bogu.<\/li>\n\n\n\n<li>Przekaza\u0107 wiar\u0119 dzieciom.<\/li>\n\n\n\n<li>Uczyni\u0107 dom \u201ema\u0142ym Ko\u015bcio\u0142em domowym\u201d.<\/li>\n<\/ul>\n\n\n\n<h4 class=\"wp-block-heading\">b) Akt liturgiczny o wielkiej mocy<\/h4>\n\n\n\n<p>Odprawiane we wsp\u00f3lnocie (parafia, klasztor, grupa modlitewna), lucernarium mo\u017ce poprzedza\u0107 Nieszpory lub rozpocz\u0105\u0107 czuwanie.<\/p>\n\n\n\n<p>To r\u00f3wnie\u017c znakomite przygotowanie duchowe do wieczornej Mszy \u015awi\u0119tej lub szczeg\u00f3lnych celebracji \u2013 jak Ofiarowanie Pa\u0144skie, Wigilia Paschalna czy pogrzeby \u2013 przypominaj\u0105c, \u017ce \u201edla wierz\u0105cych w Ciebie, Panie, \u017cycie si\u0119 nie ko\u0144czy, lecz zmienia\u201d.<\/p>\n\n\n\n<h4 class=\"wp-block-heading\">c) Modlitwa walki duchowej<\/h4>\n\n\n\n<p>Nawet w samotno\u015bci lucernarium mo\u017ce sta\u0107 si\u0119 <strong>aktem duchowego oporu<\/strong>. Zapalenie lampy z wiar\u0105 i wypowiedzenie:<\/p>\n\n\n\n<blockquote class=\"wp-block-quote is-layout-flow wp-block-quote-is-layout-flow\">\n<p>\u201ePan moim \u015bwiat\u0142em i zbawieniem: kog\u00f3\u017c mia\u0142bym si\u0119 l\u0119ka\u0107?\u201d (Ps 27,1)<\/p>\n<\/blockquote>\n\n\n\n<p>to gest odwagi, zaufania i chrze\u015bcija\u0144skiej nadziei.<\/p>\n\n\n\n<hr class=\"wp-block-separator has-alpha-channel-opacity\"\/>\n\n\n\n<h3 class=\"wp-block-heading\">6. Jak sprawowa\u0107 lucernarium w domu lub wsp\u00f3lnocie?<\/h3>\n\n\n\n<p>Nie ma jednej, sztywnej formy, ale oto prosta propozycja:<\/p>\n\n\n\n<p><strong>Propozycja lucernarium (w rodzinie lub wsp\u00f3lnocie):<\/strong><\/p>\n\n\n\n<ol class=\"wp-block-list\">\n<li><strong>Rozpocz\u0105\u0107 w ciemno\u015bci lub p\u00f3\u0142mroku.<\/strong><\/li>\n\n\n\n<li><strong>Zapali\u0107 lamp\u0119 lub \u015bwiec\u0119<\/strong>, wypowiadaj\u0105c antyfon\u0119 lub wers: \u201eChryste, \u015bwiat\u0142o\u015bci \u015bwiata, uwielbiamy Ci\u0119 i b\u0142ogos\u0142awimy.\u201d<\/li>\n\n\n\n<li><strong>Pie\u015b\u0144 lub hymn<\/strong>, np. <em>Phos Hilaron<\/em> lub inny stosowny.<\/li>\n\n\n\n<li><strong>Psalm wieczorny<\/strong> (np. Ps 141, Ps 27, Ps 119).<\/li>\n\n\n\n<li><strong>Kr\u00f3tkie czytanie biblijne<\/strong> (np. J 1,1\u20139; 1 Tes 5,5\u20136).<\/li>\n\n\n\n<li><strong>Modlitwy spontaniczne lub intencje.<\/strong><\/li>\n\n\n\n<li><strong>Ojcze nasz.<\/strong><\/li>\n\n\n\n<li><strong>Modlitwa ko\u0144cowa i b\u0142ogos\u0142awie\u0144stwo.<\/strong><\/li>\n<\/ol>\n\n\n\n<p>Dzieci mog\u0105 w\u0142\u0105czy\u0107 si\u0119 przez zapalanie \u015bwiecy, czytanie wersetu, \u015bpiew lub niesienie lampy.<\/p>\n\n\n\n<hr class=\"wp-block-separator has-alpha-channel-opacity\"\/>\n\n\n\n<h3 class=\"wp-block-heading\">7. Wymiar teologiczny: Chrystus, prawdziwa \u015bwiat\u0142o\u015b\u0107<\/h3>\n\n\n\n<p>W centrum lucernarium znajduje si\u0119 prawda fundamentalna: <strong>Jezus jest \u015bwiat\u0142o\u015bci\u0105 \u015bwiec\u0105c\u0105 w naszych ciemno\u015bciach<\/strong>. To nie tylko poetycka metafora, lecz <strong>rzeczywisto\u015b\u0107 ontologiczna, duchowa i eschatologiczna<\/strong>.<\/p>\n\n\n\n<ul class=\"wp-block-list\">\n<li><strong>Ontologiczna<\/strong>: Chrystus jest \u015bwiat\u0142em wiecznym Ojca, zrodzonym, a nie stworzonym, Bogiem prawdziwym z Boga prawdziwego.<\/li>\n\n\n\n<li><strong>Duchowa<\/strong>: Jego \u015bwiat\u0142o\u015b\u0107 o\u015bwieca, oczyszcza, pociesza.<\/li>\n\n\n\n<li><strong>Eschatologiczna<\/strong>: u ko\u0144ca czas\u00f3w \u201enie b\u0119dzie ju\u017c nocy\u2026 albowiem Pan B\u00f3g b\u0119dzie ich \u015bwiat\u0142o\u015bci\u0105\u201d (Ap 22,5).<\/li>\n<\/ul>\n\n\n\n<p>Za ka\u017cdym razem, gdy zapalamy p\u0142omie\u0144 na chwa\u0142\u0119 Chrystusa, <strong>antycypujemy wieczno\u015b\u0107<\/strong>, w kt\u00f3rej b\u0119dziemy \u017cy\u0107 \u201ew \u015bwiat\u0142o\u015bci nieprzemijaj\u0105cej\u201d.<\/p>\n\n\n\n<hr class=\"wp-block-separator has-alpha-channel-opacity\"\/>\n\n\n\n<h3 class=\"wp-block-heading\">8. Zaproszenie do powrotu do istoty<\/h3>\n\n\n\n<p>Lucernarium nie jest gestem staro\u017cytnym, ale <strong>kompasem na dzisiejsze czasy<\/strong>. W kulturze, kt\u00f3ra czci szybko\u015b\u0107, ha\u0142as i sztuczne \u015bwiat\u0142a, ten ryt przypomina nam:<\/p>\n\n\n\n<ul class=\"wp-block-list\">\n<li>\u017be istnieje duchowy rytm dnia, kt\u00f3ry warto na nowo odkry\u0107.<\/li>\n\n\n\n<li>\u017be ciemno\u015b\u0107 nie ma ostatniego s\u0142owa \u2013 \u015bwiat\u0142o wci\u0105\u017c \u015bwieci.<\/li>\n\n\n\n<li>\u017be jeste\u015bmy wezwani, by p\u0142on\u0105\u0107 \u2013 jak \u017cywe lampy przed Bogiem.<\/li>\n<\/ul>\n\n\n\n<hr class=\"wp-block-separator has-alpha-channel-opacity\"\/>\n\n\n\n<h3 class=\"wp-block-heading\">Zako\u0144czenie: Miejcie zapalone lampy<\/h3>\n\n\n\n<p>Drogi Czytelniku, a mo\u017ce dzi\u015b wieczorem spr\u00f3bujesz wy\u0142\u0105czy\u0107 \u015bwiat\u0142a na chwil\u0119, zapali\u0107 \u015bwiec\u0119, przeczyta\u0107 Psalm \u2013 i pozwoli\u0107, by <strong>Chrystus by\u0142 Twoim \u015bwiat\u0142em<\/strong>?<\/p>\n\n\n\n<p>Mo\u017ce w tym prostym ge\u015bcie odkryjesz, \u017ce <strong>nie jeste\u015b sam<\/strong>, \u017ce <strong>\u015bwiat\u0142o nadal \u015bwieci w nocy<\/strong>, \u017ce <strong>B\u00f3g jest blisko<\/strong>. Lucernarium to nie tylko modlitwa \u2013 to <strong>styl \u017cycia roz\u015bwietlony przez Chrystusa<\/strong>, w\u0142a\u015bnie \u2013 i szczeg\u00f3lnie \u2013 po\u015br\u00f3d ciemno\u015bci \u015bwiata.<\/p>\n\n\n\n<hr class=\"wp-block-separator has-alpha-channel-opacity\"\/>\n\n\n\n<blockquote class=\"wp-block-quote is-layout-flow wp-block-quote-is-layout-flow\">\n<p><strong>\u201eNiech Chrystus b\u0119dzie \u015bwiat\u0142em, kt\u00f3re o\u015bwieca Twoj\u0105 noc. Niech rozpali Twoje serce. A gdy zapalasz lamp\u0119, niech Twoja dusza tak\u017ce p\u0142onie ogniem Ducha \u015awi\u0119tego.\u201d<\/strong><\/p>\n<\/blockquote>\n\n\n\n<p>Czy masz odwag\u0119 zapali\u0107 ten p\u0142omie\u0144?<\/p>\n","protected":false},"excerpt":{"rendered":"<p>Wst\u0119p: potrzeba \u015bwiat\u0142a po\u015br\u00f3d ciemno\u015bci \u017byjemy w epoce duchowej ciemno\u015bci. Po\u015bpiech, technologia, powierzchowno\u015b\u0107 i zapomnienie o tradycji liturgicznej przys\u0142oni\u0142y wiele skarb\u00f3w chrze\u015bcija\u0144skiego dziedzictwa. A jednak w samym sercu tych ciemno\u015bci Ko\u015bci\u00f3\u0142 ofiarowuje nam staro\u017cytny i \u015bwietlisty obrz\u0119d: lucernarium \u2013 modlitw\u0119, kt\u00f3ra nie tylko zapala lamp\u0119, ale rozpala dusz\u0119. Ten prosty, a zarazem g\u0142\u0119boki gest pomaga &hellip;<\/p>\n","protected":false},"author":3,"featured_media":3386,"comment_status":"open","ping_status":"open","sticky":false,"template":"","format":"standard","meta":{"_seopress_robots_primary_cat":"","_seopress_titles_title":"","_seopress_titles_desc":"","_seopress_robots_index":"","footnotes":""},"categories":[38,52],"tags":[951],"class_list":["post-3385","post","type-post","status-publish","format-standard","has-post-thumbnail","","category-historia-i-tradycja","category-liturgia-i-rok-liturgiczny","tag-lucernarium"],"_links":{"self":[{"href":"https:\/\/catholicus.eu\/pl\/wp-json\/wp\/v2\/posts\/3385","targetHints":{"allow":["GET"]}}],"collection":[{"href":"https:\/\/catholicus.eu\/pl\/wp-json\/wp\/v2\/posts"}],"about":[{"href":"https:\/\/catholicus.eu\/pl\/wp-json\/wp\/v2\/types\/post"}],"author":[{"embeddable":true,"href":"https:\/\/catholicus.eu\/pl\/wp-json\/wp\/v2\/users\/3"}],"replies":[{"embeddable":true,"href":"https:\/\/catholicus.eu\/pl\/wp-json\/wp\/v2\/comments?post=3385"}],"version-history":[{"count":1,"href":"https:\/\/catholicus.eu\/pl\/wp-json\/wp\/v2\/posts\/3385\/revisions"}],"predecessor-version":[{"id":3387,"href":"https:\/\/catholicus.eu\/pl\/wp-json\/wp\/v2\/posts\/3385\/revisions\/3387"}],"wp:featuredmedia":[{"embeddable":true,"href":"https:\/\/catholicus.eu\/pl\/wp-json\/wp\/v2\/media\/3386"}],"wp:attachment":[{"href":"https:\/\/catholicus.eu\/pl\/wp-json\/wp\/v2\/media?parent=3385"}],"wp:term":[{"taxonomy":"category","embeddable":true,"href":"https:\/\/catholicus.eu\/pl\/wp-json\/wp\/v2\/categories?post=3385"},{"taxonomy":"post_tag","embeddable":true,"href":"https:\/\/catholicus.eu\/pl\/wp-json\/wp\/v2\/tags?post=3385"}],"curies":[{"name":"wp","href":"https:\/\/api.w.org\/{rel}","templated":true}]}}