{"id":3382,"date":"2025-04-19T17:26:39","date_gmt":"2025-04-19T15:26:39","guid":{"rendered":"https:\/\/catholicus.eu\/pl\/?p=3382"},"modified":"2025-04-19T17:26:39","modified_gmt":"2025-04-19T15:26:39","slug":"z-ciemnosci-do-swiatla-wigilia-paschalna-i-odrodzenie-chrzescijanskiego-serca","status":"publish","type":"post","link":"https:\/\/catholicus.eu\/pl\/z-ciemnosci-do-swiatla-wigilia-paschalna-i-odrodzenie-chrzescijanskiego-serca\/","title":{"rendered":"Z ciemno\u015bci do \u015bwiat\u0142a: Wigilia Paschalna i odrodzenie chrze\u015bcija\u0144skiego serca"},"content":{"rendered":"\n<p><strong>Wst\u0119p: Naj\u015bwi\u0119tsza noc w roku<\/strong><\/p>\n\n\n\n<p>Co roku miliony chrze\u015bcijan gromadz\u0105 si\u0119 w ciemno\u015bci Wielkiej Soboty, aby celebrowa\u0107 co\u015b absolutnie niezwyk\u0142ego: <strong>zwyci\u0119stwo nad \u015bmierci\u0105, triumf \u015bwiat\u0142a i odrodzenie ludzko\u015bci w Zmartwychwsta\u0142ym Chrystusie.<\/strong><\/p>\n\n\n\n<p>To nie jest zwyk\u0142a Msza. To nie jest tylko ceremonia. To <strong>matka wszystkich wigilii<\/strong>, bij\u0105ce serce roku liturgicznego: <strong>Wigilia Paschalna<\/strong>.<\/p>\n\n\n\n<p>Ale\u2026 ilu katolik\u00f3w naprawd\u0119 j\u0105 zna? Ilu prze\u017cywa j\u0105 z g\u0142\u0119bi\u0105 ducha? Dlaczego zaczyna si\u0119 noc\u0105? Dlaczego rozpala si\u0119 ogie\u0144? Dlaczego jest tyle czyta\u0144? Co dok\u0142adnie \u015bwi\u0119tujemy tej nocy? A przede wszystkim \u2014 <strong>jak ta noc mo\u017ce przemieni\u0107 moje \u017cycie?<\/strong><\/p>\n\n\n\n<p>Ten artyku\u0142 pragnie odpowiedzie\u0107 na te pytania \u2014 i na wiele innych. <strong>Razem zanurzmy si\u0119 w misterium Paschy: jej histori\u0119, teologi\u0119 i \u2014 co najwa\u017cniejsze \u2014 jej duchowe znaczenie dla dzisiejszego \u017cycia chrze\u015bcija\u0144skiego.<\/strong><\/p>\n\n\n\n<hr class=\"wp-block-separator has-alpha-channel-opacity\"\/>\n\n\n\n<h2 class=\"wp-block-heading\">1. <strong>Rzut oka na histori\u0119: Staro\u017cytne korzenie wiecznej nocy<\/strong><\/h2>\n\n\n\n<p>Wigilia Paschalna nie jest nowoczesnym wynalazkiem, ani jedynie tradycj\u0105. To celebracja, kt\u00f3ra <strong>wyp\u0142ywa z serca pierwotnego Ko\u015bcio\u0142a<\/strong>, liturgiczne echo tej \u015bwi\u0119tej nocy, gdy Chrystus powsta\u0142 z martwych.<\/p>\n\n\n\n<p>Ju\u017c w II wieku \u015bw. Justyn M\u0119czennik i inni Ojcowie Ko\u015bcio\u0142a opisuj\u0105 t\u0119 nocn\u0105 celebracj\u0119 z\u0142o\u017con\u0105 z <strong>czyta\u0144 biblijnych, chrzt\u00f3w, Eucharystii i radosnego oczekiwania na wsch\u00f3d s\u0142o\u0144ca.<\/strong> To by\u0142a noc, w kt\u00f3rej katechumeni \u2014 po miesi\u0105cach przygotowa\u0144 \u2014 byli w ko\u0144cu ochrzczeni. To by\u0142a noc, gdy \u201eAlleluja\u201d, milcz\u0105ce przez ca\u0142y Wielki Post, <strong>rozbrzmiewa\u0142o zn\u00f3w z moc\u0105.<\/strong><\/p>\n\n\n\n<p>Przez wieki Wigilia Paschalna by\u0142a <strong>centrum roku liturgicznego<\/strong>, momentem, w kt\u00f3rym wszystko si\u0119 dope\u0142nia: Adwent, Wielki Post, Triduum \u2014 wszystko kulminuje tutaj. Dopiero w ostatnich wiekach, z powod\u00f3w praktycznych i duszpasterskich, uczestnictwo os\u0142ab\u0142o, a \u015bwiadomo\u015b\u0107 jej warto\u015bci przygas\u0142a.<\/p>\n\n\n\n<p><strong>Dzi\u015b jednak liturgiczne i duchowe odrodzenie zaprasza nas do ponownego odkrycia tego skarbu Tradycji.<\/strong><\/p>\n\n\n\n<hr class=\"wp-block-separator has-alpha-channel-opacity\"\/>\n\n\n\n<h2 class=\"wp-block-heading\">2. <strong>Struktura Wigilii Paschalnej: Droga \u015bwiat\u0142a<\/strong><\/h2>\n\n\n\n<p>Wigilia Paschalna sk\u0142ada si\u0119 z <strong>czterech podstawowych cz\u0119\u015bci<\/strong>, pe\u0142nych symboli i g\u0142\u0119boko zwi\u0105zanych z \u017cyciem duchowym chrze\u015bcijanina.<\/p>\n\n\n\n<h3 class=\"wp-block-heading\"><strong>I. Liturgia \u015awiat\u0142a: Nowy ogie\u0144 i pascha\u0142<\/strong><\/h3>\n\n\n\n<p>Celebracja rozpoczyna si\u0119 na zewn\u0105trz ko\u015bcio\u0142a lub w przedsionku. Rozpala si\u0119 nowy ogie\u0144 \u2014 symbol \u015bwiat\u0142a Chrystusa, kt\u00f3re zwyci\u0119\u017ca ciemno\u015b\u0107. Od tego ognia zapala si\u0119 <strong>pascha\u0142<\/strong>, widzialny znak Zmartwychwsta\u0142ego Chrystusa.<\/p>\n\n\n\n<blockquote class=\"wp-block-quote is-layout-flow wp-block-quote-is-layout-flow\">\n<p><em>\u201eJa jestem \u015bwiat\u0142o\u015bci\u0105 \u015bwiata. Kto idzie za Mn\u0105, nie b\u0119dzie chodzi\u0142 w ciemno\u015bci, lecz b\u0119dzie mia\u0142 \u015bwiat\u0142o \u017cycia.\u201d<\/em> (J 8,12)<\/p>\n<\/blockquote>\n\n\n\n<p>To \u015bwiat\u0142o prze\u0142amuje ciemno\u015b\u0107 ko\u015bcio\u0142a \u2014 znak \u015bwiata bez Chrystusa. Ka\u017cdy wierny zapala swoj\u0105 \u015bwiec\u0119 od pascha\u0142u \u2014 i ko\u015bci\u00f3\u0142 stopniowo si\u0119 roz\u015bwietla: <strong>lud Bo\u017cy pozwala si\u0119 o\u015bwieci\u0107 Zmartwychwsta\u0142emu.<\/strong><\/p>\n\n\n\n<h3 class=\"wp-block-heading\"><strong>II. Liturgia S\u0142owa: Historia zbawienia<\/strong><\/h3>\n\n\n\n<p>Czytanych jest do siedmiu czyta\u0144 ze Starego Testamentu, przeplatanych psalmami i modlitwami, kt\u00f3re opowiadaj\u0105 dzieje zbawienia: stworzenie, ofiar\u0119 Abrahama, przej\u015bcie przez Morze Czerwone\u2026 Wszystko kulminuje w <strong>og\u0142oszeniu Zmartwychwstania.<\/strong><\/p>\n\n\n\n<p>To <strong>\u017cywa biblijna katecheza<\/strong>, kt\u00f3ra przypomina nam, jak B\u00f3g dzia\u0142a\u0142 w historii, by nas zbawi\u0107. Kto s\u0142ucha sercem, odkrywa <strong>r\u00f3wnie\u017c swoj\u0105 w\u0142asn\u0105 histori\u0119<\/strong> \u2014 bo B\u00f3g tak\u017ce ciebie szuka\u0142 i umi\u0142owa\u0142.<\/p>\n\n\n\n<h3 class=\"wp-block-heading\"><strong>III. Liturgia Chrzcielna: Narodzi\u0107 si\u0119 na nowo z Chrystusem<\/strong><\/h3>\n\n\n\n<p>Je\u015bli s\u0105 katechumeni, s\u0105 w tym momencie ochrzczeni. W przeciwnym razie wszyscy wierni <strong>odnawiaj\u0105 przyrzeczenia chrzcielne.<\/strong> B\u0142ogos\u0142awiona zostaje woda, \u015bpiewa si\u0119 litani\u0119 do Wszystkich \u015awi\u0119tych, przypomina si\u0119, \u017ce <strong>na Chrzcie umarli\u015bmy z Chrystusem, aby z Nim powsta\u0107 do nowego \u017cycia.<\/strong><\/p>\n\n\n\n<blockquote class=\"wp-block-quote is-layout-flow wp-block-quote-is-layout-flow\">\n<p><em>\u201eZostali\u015bmy razem z Nim pogrzebani przez chrzest w \u015bmierci, aby\u015bmy i my wkroczyli w nowe \u017cycie.\u201d<\/em> (Rz 6,4)<\/p>\n<\/blockquote>\n\n\n\n<p>To mocny moment, by <strong>odnowi\u0107 swoj\u0105 chrze\u015bcija\u0144sk\u0105 to\u017csamo\u015b\u0107<\/strong>, \u015bwiadomie wyrzec si\u0119 grzechu i wybra\u0107 Chrystusa \u2014 woln\u0105 i mi\u0142uj\u0105c\u0105 decyzj\u0105.<\/p>\n\n\n\n<h3 class=\"wp-block-heading\"><strong>IV. Liturgia Eucharystyczna: Uczta \u017cycia wiecznego<\/strong><\/h3>\n\n\n\n<p>Na koniec sprawowana jest Eucharystia z pe\u0142n\u0105 uroczysto\u015bci\u0105. To <strong>pierwsza Msza Wielkanocna<\/strong>, moment, w kt\u00f3rym Ko\u015bci\u00f3\u0142 <strong>nie tylko wspomina, ale sakramentalnie uobecnia Zmartwychwstanie.<\/strong> Chrystus staje si\u0119 obecny na o\u0142tarzu, aby nas nakarmi\u0107 swoim Cia\u0142em i Krwi\u0105.<\/p>\n\n\n\n<p>To <strong>uczta zmartwychwsta\u0142ych<\/strong>, gdzie Baranek ofiarowany daje nam \u017cycie wieczne. To <strong>szczyt tej nocy i przedsmak nieba.<\/strong><\/p>\n\n\n\n<hr class=\"wp-block-separator has-alpha-channel-opacity\"\/>\n\n\n\n<h2 class=\"wp-block-heading\">3. <strong>Znaczenie teologiczne: Wi\u0119cej ni\u017c wspomnienie \u2014 \u017cywa rzeczywisto\u015b\u0107<\/strong><\/h2>\n\n\n\n<p>Wigilia Paschalna <strong>nie jest tylko wspomnieniem<\/strong>, jak rocznica dawnego wydarzenia. To <strong>sakrament czasu<\/strong>, w kt\u00f3rym misterium paschalne staje si\u0119 rzeczywiste i obecne.<\/p>\n\n\n\n<p>Chrystus <strong>umiera i zmartwychwstaje sakramentalnie tej nocy<\/strong>, a poprzez liturgi\u0119 my <strong>prawdziwie uczestniczymy w tym przej\u015bciu.<\/strong><\/p>\n\n\n\n<p>S\u0142owo <em>Pascha<\/em> pochodzi z hebrajskiego <em>Pessach<\/em> \u2014 oznacza <strong>przej\u015bcie<\/strong>: z niewoli do wolno\u015bci, ze \u015bmierci do \u017cycia, z grzechu do \u0142aski. I to nie tylko wydarzenie przesz\u0142o\u015bci \u2014 <strong>to przej\u015bcie dokonuje si\u0119 dzi\u015b, dla ciebie.<\/strong><\/p>\n\n\n\n<h3 class=\"wp-block-heading\">Co jeszcze ci\u0119 zniewala?<\/h3>\n\n\n\n<h3 class=\"wp-block-heading\">Jak\u0105 ciemno\u015b\u0107 trzeba przezwyci\u0119\u017cy\u0107?<\/h3>\n\n\n\n<h3 class=\"wp-block-heading\">Czy jeste\u015b got\u00f3w i\u015b\u0107 w \u015bwiat\u0142o\u015bci z Chrystusem?<\/h3>\n\n\n\n<hr class=\"wp-block-separator has-alpha-channel-opacity\"\/>\n\n\n\n<h2 class=\"wp-block-heading\">4. <strong>Jak \u017cy\u0107 Pasch\u0105 na co dzie\u0144<\/strong><\/h2>\n\n\n\n<p>Samo uczestnictwo w Wigilii to za ma\u0142o. Prawdziwe wyzwanie to <strong>\u017cy\u0107 jak zmartwychwsta\u0142y ka\u017cdego dnia.<\/strong> Oto przewodnik duchowy i duszpasterski:<\/p>\n\n\n\n<h3 class=\"wp-block-heading\">\u2705 <strong>Przygotuj serce<\/strong><\/h3>\n\n\n\n<ul class=\"wp-block-list\">\n<li>Skorzystaj z sakramentu pokuty w Wielkim Tygodniu.<\/li>\n\n\n\n<li>Przeczytaj wcze\u015bniej teksty liturgiczne.<\/li>\n\n\n\n<li>Przyjd\u017a do ko\u015bcio\u0142a wcze\u015bniej, w ciszy i skupieniu.<\/li>\n<\/ul>\n\n\n\n<h3 class=\"wp-block-heading\">\u2705 <strong>S\u0142uchaj sercem<\/strong><\/h3>\n\n\n\n<ul class=\"wp-block-list\">\n<li>Nie tylko uszami: pozw\u00f3l, by S\u0142owo ci\u0119 poruszy\u0142o. Zapytaj: \u201eCo B\u00f3g dzi\u015b do mnie m\u00f3wi?\u201d<\/li>\n\n\n\n<li>Zanotuj, co ci\u0119 najbardziej dotkn\u0119\u0142o.<\/li>\n<\/ul>\n\n\n\n<h3 class=\"wp-block-heading\">\u2705 <strong>Odn\u00f3w przyrzeczenia chrzcielne z przekonaniem<\/strong><\/h3>\n\n\n\n<ul class=\"wp-block-list\">\n<li>Powiedz z moc\u0105: \u201eWyrzekam si\u0119! Wierz\u0119!\u201d<\/li>\n\n\n\n<li>Pomy\u015bl o swoim chrzcie. Czy \u017cyjesz jako dziecko Boga?<\/li>\n<\/ul>\n\n\n\n<h3 class=\"wp-block-heading\">\u2705 <strong>Przyjmij Eucharysti\u0119 z czci\u0105<\/strong><\/h3>\n\n\n\n<ul class=\"wp-block-list\">\n<li>To Zmartwychwsta\u0142y Chrystus ci\u0119 karmi. Przyjmij Go z mi\u0142o\u015bci\u0105, nie z przyzwyczajenia.<\/li>\n<\/ul>\n\n\n\n<h3 class=\"wp-block-heading\">\u2705 <strong>Prze\u017cywaj Wielkanoc przez 50 dni<\/strong><\/h3>\n\n\n\n<ul class=\"wp-block-list\">\n<li>Tak: Wielkanoc trwa 50 dni! To czas rado\u015bci, modlitwy, Alleluja!<\/li>\n\n\n\n<li>Zmie\u0144 przestrze\u0144: kwiaty, \u015bwiece, \u015bpiew. Wiara wyra\u017ca si\u0119 r\u00f3wnie\u017c zmys\u0142ami.<\/li>\n<\/ul>\n\n\n\n<h3 class=\"wp-block-heading\">\u2705 <strong>Zmartwychwstanie w codzienno\u015bci<\/strong><\/h3>\n\n\n\n<ul class=\"wp-block-list\">\n<li>Co znaczy zmartwychwsta\u0107 z Chrystusem? Kocha\u0107 wi\u0119cej. Przebacza\u0107. Zacz\u0105\u0107 od nowa. Czyni\u0107 dobro.<\/li>\n\n\n\n<li>Wykonaj konkretny gest: odwied\u017a chorego, pojednaj si\u0119 z kim\u015b, zanie\u015b \u015bwiat\u0142o komu\u015b w ciemno\u015bci.<\/li>\n<\/ul>\n\n\n\n<hr class=\"wp-block-separator has-alpha-channel-opacity\"\/>\n\n\n\n<h2 class=\"wp-block-heading\">5. <strong>Zako\u0144czenie: Wielkanoc to nie koniec, lecz pocz\u0105tek<\/strong><\/h2>\n\n\n\n<p>Wigilia Paschalna to nie tylko pi\u0119kna liturgia; to <strong>pot\u0119\u017cne og\u0142oszenie<\/strong>: Chrystus pokona\u0142 \u015bmier\u0107 i otworzy\u0142 niebo.<\/p>\n\n\n\n<p>Co wi\u0119cej: to <strong>zaproszenie, by powsta\u0107 z Nim<\/strong>, tu i teraz.<\/p>\n\n\n\n<blockquote class=\"wp-block-quote is-layout-flow wp-block-quote-is-layout-flow\">\n<p><em>\u201eJe\u015bli wi\u0119c razem z Chrystusem powstali\u015bcie z martwych, szukajcie tego, co w g\u00f3rze, gdzie przebywa Chrystus.\u201d<\/em> (Kol 3,1)<\/p>\n<\/blockquote>\n\n\n\n<p>Drogi Czytelniku, <strong>nie pozw\u00f3l, by ta Wielkanoc przesz\u0142a bez \u015bladu.<\/strong> Niech to b\u0119dzie ta Pascha, w kt\u00f3rej Chrystus rozpali tw\u00f3j wewn\u0119trzny ogie\u0144, roz\u015bwietli twoj\u0105 noc i poprowadzi ci\u0119 drog\u0105 \u015bwiat\u0142a.<\/p>\n\n\n\n<p>Powsta\u0144. We\u017a swoj\u0105 \u015bwiec\u0119. Id\u017a za Zmartwychwsta\u0142ym.<br><strong>Noc przemin\u0119\u0142a, nadszed\u0142 dzie\u0144. Chrystus zmartwychwsta\u0142! Prawdziwie zmartwychwsta\u0142! Alleluja!<\/strong><\/p>\n","protected":false},"excerpt":{"rendered":"<p>Wst\u0119p: Naj\u015bwi\u0119tsza noc w roku Co roku miliony chrze\u015bcijan gromadz\u0105 si\u0119 w ciemno\u015bci Wielkiej Soboty, aby celebrowa\u0107 co\u015b absolutnie niezwyk\u0142ego: zwyci\u0119stwo nad \u015bmierci\u0105, triumf \u015bwiat\u0142a i odrodzenie ludzko\u015bci w Zmartwychwsta\u0142ym Chrystusie. To nie jest zwyk\u0142a Msza. To nie jest tylko ceremonia. To matka wszystkich wigilii, bij\u0105ce serce roku liturgicznego: Wigilia Paschalna. Ale\u2026 ilu katolik\u00f3w naprawd\u0119 &hellip;<\/p>\n","protected":false},"author":3,"featured_media":3383,"comment_status":"open","ping_status":"open","sticky":false,"template":"","format":"standard","meta":{"_seopress_robots_primary_cat":"","_seopress_titles_title":"","_seopress_titles_desc":"","_seopress_robots_index":"","footnotes":""},"categories":[38,52],"tags":[950],"class_list":["post-3382","post","type-post","status-publish","format-standard","has-post-thumbnail","","category-historia-i-tradycja","category-liturgia-i-rok-liturgiczny","tag-wigilia-paschalna"],"_links":{"self":[{"href":"https:\/\/catholicus.eu\/pl\/wp-json\/wp\/v2\/posts\/3382","targetHints":{"allow":["GET"]}}],"collection":[{"href":"https:\/\/catholicus.eu\/pl\/wp-json\/wp\/v2\/posts"}],"about":[{"href":"https:\/\/catholicus.eu\/pl\/wp-json\/wp\/v2\/types\/post"}],"author":[{"embeddable":true,"href":"https:\/\/catholicus.eu\/pl\/wp-json\/wp\/v2\/users\/3"}],"replies":[{"embeddable":true,"href":"https:\/\/catholicus.eu\/pl\/wp-json\/wp\/v2\/comments?post=3382"}],"version-history":[{"count":1,"href":"https:\/\/catholicus.eu\/pl\/wp-json\/wp\/v2\/posts\/3382\/revisions"}],"predecessor-version":[{"id":3384,"href":"https:\/\/catholicus.eu\/pl\/wp-json\/wp\/v2\/posts\/3382\/revisions\/3384"}],"wp:featuredmedia":[{"embeddable":true,"href":"https:\/\/catholicus.eu\/pl\/wp-json\/wp\/v2\/media\/3383"}],"wp:attachment":[{"href":"https:\/\/catholicus.eu\/pl\/wp-json\/wp\/v2\/media?parent=3382"}],"wp:term":[{"taxonomy":"category","embeddable":true,"href":"https:\/\/catholicus.eu\/pl\/wp-json\/wp\/v2\/categories?post=3382"},{"taxonomy":"post_tag","embeddable":true,"href":"https:\/\/catholicus.eu\/pl\/wp-json\/wp\/v2\/tags?post=3382"}],"curies":[{"name":"wp","href":"https:\/\/api.w.org\/{rel}","templated":true}]}}