{"id":3348,"date":"2025-04-18T01:17:44","date_gmt":"2025-04-17T23:17:44","guid":{"rendered":"https:\/\/catholicus.eu\/pl\/?p=3348"},"modified":"2025-04-18T01:17:44","modified_gmt":"2025-04-17T23:17:44","slug":"dlaczego-data-wielkanocy-zmienia-sie-co-roku-odkryj-tajemnice-kalendarza-paschalnego-i-jego-potezne-duchowe-przeslanie","status":"publish","type":"post","link":"https:\/\/catholicus.eu\/pl\/dlaczego-data-wielkanocy-zmienia-sie-co-roku-odkryj-tajemnice-kalendarza-paschalnego-i-jego-potezne-duchowe-przeslanie\/","title":{"rendered":"Dlaczego data Wielkanocy zmienia si\u0119 co roku? Odkryj tajemnic\u0119 kalendarza paschalnego i jego pot\u0119\u017cne duchowe przes\u0142anie"},"content":{"rendered":"\n<h2 class=\"wp-block-heading\">Wprowadzenie: Tajemnica, kt\u00f3ra powraca co roku<\/h2>\n\n\n\n<p>Dlaczego co roku obchodzimy Wielkanoc w innym terminie? Dlaczego czasem wypada w marcu, a innym razem w kwietniu? Dlaczego nie zawsze pokrywa si\u0119 z Wielkanoc\u0105 prawos\u0142awn\u0105? To pytania, kt\u00f3re zadaje sobie wielu katolik\u00f3w, nie wiedz\u0105c, \u017ce za tymi r\u00f3\u017cnicami kryj\u0105 si\u0119 wieki historii, z\u0142o\u017cone obliczenia astronomiczne i g\u0142\u0119bokie przes\u0142anie duchowe. W tym artykule zag\u0142\u0119bimy si\u0119 w fascynuj\u0105cy \u015bwiat <strong>kalendarza paschalnego<\/strong>, analizuj\u0105c jego pochodzenie, rozw\u00f3j, znaczenie teologiczne i aktualno\u015b\u0107 dla naszej wiary dzisiaj.<\/p>\n\n\n\n<hr class=\"wp-block-separator has-alpha-channel-opacity\"\/>\n\n\n\n<h2 class=\"wp-block-heading\">I. Pocz\u0105tki kalendarza paschalnego: mi\u0119dzy histori\u0105 a objawieniem<\/h2>\n\n\n\n<h3 class=\"wp-block-heading\">1. Pascha \u017cydowska: punkt wyj\u015bcia<\/h3>\n\n\n\n<p>Wszystko zaczyna si\u0119 od <strong>Paschy \u017cydowskiej (Pesach)<\/strong>, kt\u00f3ra upami\u0119tnia wyzwolenie ludu Izraela z niewoli egipskiej. Jezus, jako wierny \u017byd, celebrowa\u0142 to \u015bwi\u0119to z uczniami podczas Ostatniej Wieczerzy. Dlatego Misterium Paschalne chrze\u015bcijan (M\u0119ka, \u015amier\u0107 i Zmartwychwstanie Chrystusa) jest nierozerwalnie zwi\u0105zane z t\u0105 \u017cydowsk\u0105 uroczysto\u015bci\u0105.<\/p>\n\n\n\n<h3 class=\"wp-block-heading\">2. Wyzwanie ustalenia wsp\u00f3lnej daty<\/h3>\n\n\n\n<p>Ju\u017c w pierwszych wiekach chrze\u015bcija\u0144stwa pojawi\u0142o si\u0119 zasadnicze pytanie:<br><strong>Kiedy powinni\u015bmy \u015bwi\u0119towa\u0107 Zmartwychwstanie Pana?<\/strong><br>Niekt\u00f3rzy chrze\u015bcijanie w Azji Mniejszej obchodzili Wielkanoc 14 dnia miesi\u0105ca nisan (sta\u0142a data kalendarza \u017cydowskiego), niezale\u017cnie od dnia tygodnia. Inni, zw\u0142aszcza w Rzymie, nalegali, by \u015bwi\u0119to przypada\u0142o zawsze w <strong>niedziel\u0119<\/strong>, ku czci dnia Zmartwychwstania. Sp\u00f3r ten nazwano <strong>kontrowersj\u0105 kwartodecyma\u0144sk\u0105<\/strong>.<\/p>\n\n\n\n<p><strong>Sob\u00f3r nicejski (325 r.)<\/strong>, jeden z najwa\u017cniejszych w historii Ko\u015bcio\u0142a, ustanowi\u0142 zasad\u0119 powszechn\u0105:<\/p>\n\n\n\n<blockquote class=\"wp-block-quote is-layout-flow wp-block-quote-is-layout-flow\">\n<p><strong>Wielkanoc chrze\u015bcija\u0144ska b\u0119dzie obchodzona w pierwsz\u0105 niedziel\u0119 po pierwszej pe\u0142ni ksi\u0119\u017cyca po r\u00f3wnonocy wiosennej.<\/strong><\/p>\n<\/blockquote>\n\n\n\n<hr class=\"wp-block-separator has-alpha-channel-opacity\"\/>\n\n\n\n<h2 class=\"wp-block-heading\">II. Computus: jak oblicza si\u0119 dat\u0119 Wielkanocy<\/h2>\n\n\n\n<h3 class=\"wp-block-heading\">1. Czym jest Computus?<\/h3>\n\n\n\n<p><strong>Computus<\/strong> to zbi\u00f3r zasad i oblicze\u0144 astronomiczno-matematycznych u\u017cywanych przez Ko\u015bci\u00f3\u0142 do wyznaczenia daty Wielkanocy ka\u017cdego roku. S\u0142owo pochodzi z \u0142aciny i oznacza \u201eobliczanie\u201d.<\/p>\n\n\n\n<p>Ten proces jest z\u0142o\u017cony, poniewa\u017c \u0142\u0105czy <strong>elementy kalendarza s\u0142onecznego i ksi\u0119\u017cycowego<\/strong>, \u0142\u0105cz\u0105c kalendarz cywilny z rytmem kalendarza \u017cydowskiego.<\/p>\n\n\n\n<p>Podstawowa zasada brzmi:<\/p>\n\n\n\n<blockquote class=\"wp-block-quote is-layout-flow wp-block-quote-is-layout-flow\">\n<p><strong>Wielkanoc obchodzona jest w pierwsz\u0105 niedziel\u0119 po pierwszej wiosennej pe\u0142ni ksi\u0119\u017cyca (tzw. pe\u0142nia paschalna) po r\u00f3wnonocy (21 marca).<\/strong><\/p>\n<\/blockquote>\n\n\n\n<p>Oznacza to, \u017ce Wielkanoc mo\u017ce przypa\u015b\u0107 mi\u0119dzy <strong>22 marca a 25 kwietnia<\/strong>.<\/p>\n\n\n\n<h3 class=\"wp-block-heading\">2. Kalendarz s\u0142oneczny i ksi\u0119\u017cycowy<\/h3>\n\n\n\n<ul class=\"wp-block-list\">\n<li><strong>Kalendarz s\u0142oneczny<\/strong>: opiera si\u0119 na ruchu S\u0142o\u0144ca. Przyk\u0142ad: kalendarz gregoria\u0144ski (kt\u00f3rym pos\u0142ugujemy si\u0119 dzi\u015b), maj\u0105cy 365 dni i lata przest\u0119pne.<\/li>\n\n\n\n<li><strong>Kalendarz ksi\u0119\u017cycowy<\/strong>: opiera si\u0119 na fazach Ksi\u0119\u017cyca. Przyk\u0142ad: kalendarz \u017cydowski i islamski.<\/li>\n<\/ul>\n\n\n\n<p>Chrze\u015bcija\u0144stwo przyjmuje <strong>syntez\u0119 obu system\u00f3w<\/strong>: ustala dat\u0119 r\u00f3wnonocy (element s\u0142oneczny), ale wykorzystuje faz\u0119 ksi\u0119\u017cyca do wyznaczenia daty \u015bwi\u0119ta.<\/p>\n\n\n\n<h3 class=\"wp-block-heading\">3. Rola algorytmu Gaussa<\/h3>\n\n\n\n<p>Niemiecki matematyk <strong>Carl Friedrich Gauss<\/strong> w XIX wieku opracowa\u0142 <strong>algorytm matematyczny<\/strong> do wyliczania daty Wielkanocy w kalendarzu gregoria\u0144skim.<\/p>\n\n\n\n<p>Uwzgl\u0119dnia on m.in.:<\/p>\n\n\n\n<ul class=\"wp-block-list\">\n<li>Cykl metoniczny (co 19 lat fazy Ksi\u0119\u017cyca powtarzaj\u0105 si\u0119 w tych samych dniach),<\/li>\n\n\n\n<li>Z\u0142ot\u0105 liczb\u0119 roku,<\/li>\n\n\n\n<li>Korekty charakterystyczne dla kalendarza gregoria\u0144skiego.<\/li>\n<\/ul>\n\n\n\n<p>Cho\u0107 dzi\u015b pos\u0142ugujemy si\u0119 gotowymi tabelami i programami komputerowymi, algorytm Gaussa by\u0142 wa\u017cnym krokiem w zrozumieniu z\u0142o\u017cono\u015bci Computus paschalnego.<\/p>\n\n\n\n<hr class=\"wp-block-separator has-alpha-channel-opacity\"\/>\n\n\n\n<h2 class=\"wp-block-heading\">III. R\u00f3\u017cnica mi\u0119dzy Wielkanoc\u0105 katolick\u0105 a prawos\u0142awn\u0105<\/h2>\n\n\n\n<h3 class=\"wp-block-heading\">1. Dwa kalendarze, dwie daty<\/h3>\n\n\n\n<p>Katolicy pos\u0142uguj\u0105 si\u0119 <strong>kalendarzem gregoria\u0144skim<\/strong>, wprowadzonym przez papie\u017ca Grzegorza XIII w 1582 roku, by skorygowa\u0107 b\u0142\u0119dy astronomiczne kalendarza julia\u0144skiego (u\u017cywanego od czas\u00f3w Juliusza Cezara).<\/p>\n\n\n\n<p>Prawos\u0142awni natomiast <strong>wci\u0105\u017c w du\u017cej mierze u\u017cywaj\u0105 kalendarza julia\u0144skiego<\/strong>. Poniewa\u017c ten kalendarz jest op\u00f3\u017aniony o 13 dni wzgl\u0119dem gregoria\u0144skiego, daty r\u00f3wnonocy i pe\u0142ni ksi\u0119\u017cyca s\u0105 obliczane inaczej.<\/p>\n\n\n\n<h3 class=\"wp-block-heading\">2. Efekt: r\u00f3\u017cne daty Wielkanocy<\/h3>\n\n\n\n<p>Chocia\u017c wz\u00f3r obliczania jest ten sam, <strong>katolicka i prawos\u0142awna Wielkanoc rzadko przypadaj\u0105 w tym samym dniu<\/strong>. W niekt\u00f3rych latach r\u00f3\u017cnica wynosi tydzie\u0144 lub dwa, a czasem \u2013 cho\u0107 rzadko \u2013 \u015bwi\u0119ta pokrywaj\u0105 si\u0119.<\/p>\n\n\n\n<h3 class=\"wp-block-heading\">3. Wsp\u00f3lna przysz\u0142o\u015b\u0107?<\/h3>\n\n\n\n<p>W ostatnich dekadach dialog ekumeniczny mi\u0119dzy katolikami a prawos\u0142awnymi d\u0105\u017cy do <strong>ustalenia wsp\u00f3lnej daty Wielkanocy<\/strong>. Papie\u017c Franciszek kilkakrotnie wyra\u017ca\u0142 pragnienie, by tak si\u0119 sta\u0142o jako znak jedno\u015bci chrze\u015bcijan. Na razie jednak nie osi\u0105gni\u0119to ostatecznego porozumienia.<\/p>\n\n\n\n<hr class=\"wp-block-separator has-alpha-channel-opacity\"\/>\n\n\n\n<h2 class=\"wp-block-heading\">IV. Znaczenie teologiczne i duszpasterskie kalendarza paschalnego<\/h2>\n\n\n\n<h3 class=\"wp-block-heading\">1. Wi\u0119cej ni\u017c data: Wydarzenie<\/h3>\n\n\n\n<p>Fakt, \u017ce Wielkanoc nie ma sta\u0142ej daty, przypomina nam co\u015b g\u0142\u0119bokiego:<\/p>\n\n\n\n<blockquote class=\"wp-block-quote is-layout-flow wp-block-quote-is-layout-flow\">\n<p><strong>Zmartwychwstanie nie jest tylko rocznic\u0105. To Wydarzenie, kt\u00f3re przekracza czas.<\/strong><\/p>\n<\/blockquote>\n\n\n\n<p>Obchodzi\u0107 Wielkanoc to nie tylko wspomina\u0107 przesz\u0142o\u015b\u0107, ale <strong>na nowo do\u015bwiadczy\u0107 \u017byj\u0105cego Chrystusa<\/strong>, kt\u00f3ry dzia\u0142a tak\u017ce dzisiaj \u2013 w naszym \u017cyciu i w \u015bwiecie.<\/p>\n\n\n\n<h3 class=\"wp-block-heading\">2. Czas \u015bwi\u0119ty, kt\u00f3ry przemienia<\/h3>\n\n\n\n<p>Ca\u0142y kalendarz liturgiczny obraca si\u0119 wok\u00f3\u0142 Wielkanocy. Od niej zale\u017c\u0105:<\/p>\n\n\n\n<ul class=\"wp-block-list\">\n<li><strong>Wielki Post<\/strong> (40 dni przygotowania),<\/li>\n\n\n\n<li><strong>Okres Wielkanocny<\/strong> (50 dni a\u017c do Zes\u0142ania Ducha \u015awi\u0119tego),<\/li>\n\n\n\n<li>Inne \u015bwi\u0119ta ruchome, jak Wniebowst\u0105pienie i Bo\u017ce Cia\u0142o.<\/li>\n<\/ul>\n\n\n\n<p>Kalendarz paschalny narzuca wi\u0119c <strong>duchowy rytm<\/strong>, prowadz\u0105c nas drog\u0105 nawr\u00f3cenia, \u015bmierci dla grzechu i zmartwychwstania do nowego \u017cycia.<\/p>\n\n\n\n<h3 class=\"wp-block-heading\">3. Boska pedagogia<\/h3>\n\n\n\n<p>W swojej pedagogii B\u00f3g uczy nas, \u017ce \u017cycie chrze\u015bcija\u0144skie to <strong>cykliczna droga<\/strong>, gdzie czas si\u0119 nie powtarza bezsensownie, ale<\/p>\n\n\n\n<blockquote class=\"wp-block-quote is-layout-flow wp-block-quote-is-layout-flow\">\n<p><strong>ka\u017cdego roku wprowadza nas g\u0142\u0119biej w misterium paschalne.<\/strong><\/p>\n<\/blockquote>\n\n\n\n<p>Wielkanoc przypomina nam, \u017ce <strong>po ka\u017cdym Wielkim Pi\u0105tku nadchodzi niedziela<\/strong>, \u017ce \u015bmier\u0107 nie ma ostatniego s\u0142owa, a mi\u0142o\u015b\u0107 Boga odnawia si\u0119 ka\u017cdego roku \u2013 dla ka\u017cdego z nas.<\/p>\n\n\n\n<hr class=\"wp-block-separator has-alpha-channel-opacity\"\/>\n\n\n\n<h2 class=\"wp-block-heading\">V. Zako\u0144czenie: Duchowy kompas na nasze czasy<\/h2>\n\n\n\n<p>W \u015bwiecie coraz bardziej oderwanym od rytm\u00f3w \u015bwi\u0119tych, <strong>kalendarz paschalny jest kompasem prowadz\u0105cym nas do tego, co najwa\u017cniejsze<\/strong>. Uczy nas patrze\u0107 w niebo, by zrozumie\u0107 ziemi\u0119, kontemplowa\u0107 s\u0142o\u0144ce i ksi\u0119\u017cyc nie tylko jako cia\u0142a niebieskie, ale jako <strong>milcz\u0105cych \u015bwiadk\u00f3w historii zbawienia<\/strong>.<\/p>\n\n\n\n<p>Ten staro\u017cytny Computus, ten tysi\u0105cletni rachunek, pozostaje dzi\u015b <strong>drog\u0105 duchow\u0105<\/strong>, zaproszeniem do wej\u015bcia w Misterium Chrystusa z otwartym sercem.<\/p>\n\n\n\n<h3 class=\"wp-block-heading\">Niech ka\u017cda Wielkanoc, kt\u00f3r\u0105 prze\u017cywamy, nie b\u0119dzie tylko dat\u0105 w kalendarzu, lecz \u017cywym odnowieniem naszej wiary, do\u015bwiadczeniem Zmartwychwstania i okazj\u0105 do narodzin do nowego \u017cycia.<\/h3>\n","protected":false},"excerpt":{"rendered":"<p>Wprowadzenie: Tajemnica, kt\u00f3ra powraca co roku Dlaczego co roku obchodzimy Wielkanoc w innym terminie? Dlaczego czasem wypada w marcu, a innym razem w kwietniu? Dlaczego nie zawsze pokrywa si\u0119 z Wielkanoc\u0105 prawos\u0142awn\u0105? To pytania, kt\u00f3re zadaje sobie wielu katolik\u00f3w, nie wiedz\u0105c, \u017ce za tymi r\u00f3\u017cnicami kryj\u0105 si\u0119 wieki historii, z\u0142o\u017cone obliczenia astronomiczne i g\u0142\u0119bokie przes\u0142anie &hellip;<\/p>\n","protected":false},"author":3,"featured_media":3349,"comment_status":"open","ping_status":"open","sticky":false,"template":"","format":"standard","meta":{"_seopress_robots_primary_cat":"","_seopress_titles_title":"","_seopress_titles_desc":"","_seopress_robots_index":"","footnotes":""},"categories":[64,41],"tags":[937,935,936],"class_list":["post-3348","post","type-post","status-publish","format-standard","has-post-thumbnail","","category-nauka-i-religia","category-wiara-i-kultura","tag-computus","tag-data-wielkanocy","tag-kalendarza-paschalnego"],"_links":{"self":[{"href":"https:\/\/catholicus.eu\/pl\/wp-json\/wp\/v2\/posts\/3348","targetHints":{"allow":["GET"]}}],"collection":[{"href":"https:\/\/catholicus.eu\/pl\/wp-json\/wp\/v2\/posts"}],"about":[{"href":"https:\/\/catholicus.eu\/pl\/wp-json\/wp\/v2\/types\/post"}],"author":[{"embeddable":true,"href":"https:\/\/catholicus.eu\/pl\/wp-json\/wp\/v2\/users\/3"}],"replies":[{"embeddable":true,"href":"https:\/\/catholicus.eu\/pl\/wp-json\/wp\/v2\/comments?post=3348"}],"version-history":[{"count":1,"href":"https:\/\/catholicus.eu\/pl\/wp-json\/wp\/v2\/posts\/3348\/revisions"}],"predecessor-version":[{"id":3350,"href":"https:\/\/catholicus.eu\/pl\/wp-json\/wp\/v2\/posts\/3348\/revisions\/3350"}],"wp:featuredmedia":[{"embeddable":true,"href":"https:\/\/catholicus.eu\/pl\/wp-json\/wp\/v2\/media\/3349"}],"wp:attachment":[{"href":"https:\/\/catholicus.eu\/pl\/wp-json\/wp\/v2\/media?parent=3348"}],"wp:term":[{"taxonomy":"category","embeddable":true,"href":"https:\/\/catholicus.eu\/pl\/wp-json\/wp\/v2\/categories?post=3348"},{"taxonomy":"post_tag","embeddable":true,"href":"https:\/\/catholicus.eu\/pl\/wp-json\/wp\/v2\/tags?post=3348"}],"curies":[{"name":"wp","href":"https:\/\/api.w.org\/{rel}","templated":true}]}}