{"id":3342,"date":"2025-04-18T00:15:09","date_gmt":"2025-04-17T22:15:09","guid":{"rendered":"https:\/\/catholicus.eu\/pl\/?p=3342"},"modified":"2025-04-18T00:15:10","modified_gmt":"2025-04-17T22:15:10","slug":"itinerarium-z-bordeaux-duchowa-pielgrzymka-do-zrodel-chrzescijanskiej-tradycji","status":"publish","type":"post","link":"https:\/\/catholicus.eu\/pl\/itinerarium-z-bordeaux-duchowa-pielgrzymka-do-zrodel-chrzescijanskiej-tradycji\/","title":{"rendered":"Itinerarium z Bordeaux: Duchowa Pielgrzymka do \u0179r\u00f3de\u0142 Chrze\u015bcija\u0144skiej Tradycji"},"content":{"rendered":"\n<h2 class=\"wp-block-heading\"><strong>Wprowadzenie: Historyczny i Duchowy Skarb<\/strong><\/h2>\n\n\n\n<p>W p\u0119dz\u0105cym \u015bwiecie, gdzie wiara bywa cz\u0119sto prze\u017cywana powierzchownie, ponowne odkrywanie korzeni naszej chrze\u015bcija\u0144skiej tradycji mo\u017ce sta\u0107 si\u0119 \u015bwiat\u0142em rozja\u015bniaj\u0105cym nasz\u0105 drog\u0119.&nbsp;<em>Itinerarium Burdigalense<\/em>&nbsp;(czyli&nbsp;<em>Itinerarium z Bordeaux<\/em>) to jeden z tych ukrytych skarb\u00f3w, kt\u00f3ry \u0142\u0105czy nas z pierwszymi pielgrzymami &#8211; tymi odwa\u017cnymi duszami, kt\u00f3re poruszone \u017carliw\u0105 wiar\u0105 wyrusza\u0142y do Ziemi \u015awi\u0119tej, pod\u0105\u017caj\u0105c \u015bladami Chrystusa.<\/p>\n\n\n\n<p>Spisane w 333 roku przez anonimowego pielgrzyma z Bordeaux, to dzie\u0142o jest najstarszym zachowanym opisem chrze\u015bcija\u0144skiej pielgrzymki. To nie tylko dziennik podr\u00f3\u017cy, ale \u015bwiadectwo wiary, duchowy przewodnik pokazuj\u0105cy, jak pierwsi chrze\u015bcijanie prze\u017cywali swoj\u0105 pobo\u017cno\u015b\u0107.<\/p>\n\n\n\n<p>W tym artykule zg\u0142\u0119bimy:<\/p>\n\n\n\n<ol start=\"1\" class=\"wp-block-list\">\n<li><strong>Kontekst historyczny Itinerarium Burdigalense<\/strong><\/li>\n\n\n\n<li><strong>Jego teologiczne i duchowe znaczenie<\/strong><\/li>\n\n\n\n<li><strong>Praktyczny przewodnik jak \u017cy\u0107 dzi\u015b duchowo\u015bci\u0105 pielgrzymowania<\/strong><\/li>\n\n\n\n<li><strong>Jak zastosowa\u0107 te nauki w celebracji Wielkiego Tygodnia<\/strong><\/li>\n<\/ol>\n\n\n\n<hr class=\"wp-block-separator has-alpha-channel-opacity\"\/>\n\n\n\n<h2 class=\"wp-block-heading\"><strong>1. <em>Itinerarium z Bordeaux<\/em>: Historia i Znaczenie<\/strong><\/h2>\n\n\n\n<h3 class=\"wp-block-heading\"><strong>Czym dok\u0142adnie jest?<\/strong><\/h3>\n\n\n\n<p><em>Itinerarium Burdigalense<\/em>&nbsp;to manuskrypt opisuj\u0105cy podr\u00f3\u017c pielgrzyma z Bordeaux (Francja) do Jerozolimy, szczeg\u00f3\u0142owo przedstawiaj\u0105cy trasy, odwiedzane miasta i &#8211; co najwa\u017cniejsze &#8211; miejsca \u015bwi\u0119te zwi\u0105zane z \u017cyciem Jezusa.<\/p>\n\n\n\n<p>W przeciwie\u0144stwie do p\u00f3\u017aniejszych relacji (jak ta Egerii z IV wieku), tekst jest zwi\u0119z\u0142y, niemal jak rejestr odleg\u0142o\u015bci i postoj\u00f3w. Jednak jego warto\u015b\u0107 tkwi w staro\u017cytno\u015bci i w tym, jak odzwierciedla pobo\u017cno\u015b\u0107 pierwszych chrze\u015bcijan wobec&nbsp;<em>loca sancta<\/em>&nbsp;(miejsc \u015bwi\u0119tych).<\/p>\n\n\n\n<h3 class=\"wp-block-heading\"><strong>Anonimowy Pielgrzym: Kim by\u0142?<\/strong><\/h3>\n\n\n\n<p>Nie znamy jego imienia, ale jego podr\u00f3\u017c m\u00f3wi o sercu spragnionym Boga. W czasach, gdy chrze\u015bcija\u0144stwo dopiero wychodzi\u0142o z podziemia (po Edykcie Mediola\u0144skim w 313 r.), ten pielgrzym podj\u0105\u0142 si\u0119 niebezpiecznej w\u0119dr\u00f3wki, pokazuj\u0105c, \u017ce pragnienie st\u0105pania po ziemi, gdzie Chrystus \u017cy\u0142, umar\u0142 i zmartwychwsta\u0142, by\u0142o ju\u017c g\u0142\u0119boko zakorzenione.<\/p>\n\n\n\n<h3 class=\"wp-block-heading\"><strong>Trasa: Droga Wiary<\/strong><\/h3>\n\n\n\n<p>Itinerarium obejmuje:<\/p>\n\n\n\n<ul class=\"wp-block-list\">\n<li><strong>Z Bordeaux do Konstantynopola<\/strong>: przez Itali\u0119 i Ba\u0142kany<\/li>\n\n\n\n<li><strong>Z Konstantynopola do Ziemi \u015awi\u0119tej<\/strong>: z wizyt\u0105 w Antiochii, Tyrze i Cezarei<\/li>\n\n\n\n<li><strong>Jerozolim\u0119 i jej \u015bwi\u0119te miejsca<\/strong>: G\u00f3r\u0119 Oliwn\u0105, Gr\u00f3b Pa\u0144ski, Wieczernik, Betlejem itp.<\/li>\n<\/ul>\n\n\n\n<p>Fascynuj\u0105ce jest to, \u017ce cho\u0107 tekst jest kr\u00f3tki, ka\u017cdy przystanek przywo\u0142uje fragment Biblii, ukazuj\u0105c jak geografia staje si\u0119 &#8222;teografi\u0105&#8221; (pismem Bo\u017cym).<\/p>\n\n\n\n<hr class=\"wp-block-separator has-alpha-channel-opacity\"\/>\n\n\n\n<h2 class=\"wp-block-heading\"><strong>2. Znaczenie Teologiczne: Dlaczego jest wa\u017cne dzi\u015b?<\/strong><\/h2>\n\n\n\n<h3 class=\"wp-block-heading\"><strong>Pielgrzymowanie jako \u017bywy Sakrament<\/strong><\/h3>\n\n\n\n<p>Katechizm Ko\u015bcio\u0142a Katolickiego (pkt 1674) opisuje pielgrzymki jako &#8222;znaki naszej w\u0119dr\u00f3wki do Domu Ojca&#8221;.&nbsp;<em>Itinerarium Burdigalense<\/em>&nbsp;przypomina nam, \u017ce pielgrzymowanie to nie religijna turystyka, ale akt wiary, kt\u00f3ry:<\/p>\n\n\n\n<ul class=\"wp-block-list\">\n<li><strong>\u0141\u0105czy nas z histori\u0105 zbawienia<\/strong>\u00a0(jak Abraham, kt\u00f3ry wyruszy\u0142 nie wiedz\u0105c dok\u0105d &#8211; Hbr 11,8)<\/li>\n\n\n\n<li><strong>Upodabnia nas do pielgrzymuj\u0105cego Chrystusa<\/strong>\u00a0(\u0141k 9,58: &#8222;Lisy maj\u0105 nory, lecz Syn Cz\u0142owieczy nie ma miejsca, gdzie by g\u0142ow\u0119 m\u00f3g\u0142 oprze\u0107&#8221;)<\/li>\n\n\n\n<li><strong>Odnawia nasze nawr\u00f3cenie<\/strong>, bo ka\u017cda zewn\u0119trzna droga powinna odzwierciedla\u0107 drog\u0119 wewn\u0119trzn\u0105<\/li>\n<\/ul>\n\n\n\n<h3 class=\"wp-block-heading\"><strong>Jerozolima: Serce Paschalnego Misterium<\/strong><\/h3>\n\n\n\n<p>Pielgrzym z Bordeaux przybywa do Jerozolimy w prze\u0142omowym momencie &#8211; kr\u00f3tko po tym, jak \u015bw. Helena (matka Konstantyna) odnalaz\u0142a Krzy\u017c \u015awi\u0119ty i zbudowano pierwsze bazyliki. Jego relacja pozwala nam wyobrazi\u0107 sobie, jak ju\u017c wtedy celebrowano liturgi\u0119 w tych miejscach, szczeg\u00f3lnie podczas Wielkiego Tygodnia.<\/p>\n\n\n\n<hr class=\"wp-block-separator has-alpha-channel-opacity\"\/>\n\n\n\n<h2 class=\"wp-block-heading\"><strong>3. Praktyczny Przewodnik: Jak Dzi\u015b \u017by\u0107 Duchem Itinerarium<\/strong><\/h2>\n\n\n\n<h3 class=\"wp-block-heading\"><strong>A. Wewn\u0119trzna Pielgrzymka: Droga Duszy<\/strong><\/h3>\n\n\n\n<p>Nie wszyscy mog\u0105 podr\u00f3\u017cowa\u0107 do Ziemi \u015awi\u0119tej, ale wszyscy jeste\u015bmy wezwani, by by\u0107 pielgrzymami w duchu.<\/p>\n\n\n\n<p><strong>\u0106wiczenie duchowe:<\/strong><\/p>\n\n\n\n<ol start=\"1\" class=\"wp-block-list\">\n<li><strong>Wybierz &#8222;\u015bwi\u0119te miejsce&#8221; w swoim \u017cyciu<\/strong>\u00a0(ko\u015bci\u00f3\u0142, krucyfiks w domu, chwil\u0119 modlitwy)<\/li>\n\n\n\n<li><strong>Rozwa\u017c fragment Pisma<\/strong>\u00a0zwi\u0105zany z tym miejscem (np. Golgota &#8211; J 19,17-30)<\/li>\n\n\n\n<li><strong>Z\u0142\u00f3\u017c ofiar\u0119<\/strong>\u00a0(spacer, post, uczynek mi\u0142osierdzia) jako znak twojej pielgrzymki<\/li>\n<\/ol>\n\n\n\n<h3 class=\"wp-block-heading\"><strong>B. Wielki Tydzie\u0144: Odnawiaj\u0105c Drog\u0119 Chrystusa<\/strong><\/h3>\n\n\n\n<p><em>Itinerarium Burdigalense<\/em>&nbsp;wspomina kluczowe miejsca M\u0119ki. Mo\u017cemy na\u015bladowa\u0107 anonimowego pielgrzyma wed\u0142ug tego planu:<\/p>\n\n\n\n<p><strong>Niedziela Palmowa:<\/strong><\/p>\n\n\n\n<ul class=\"wp-block-list\">\n<li><strong>Lektura:<\/strong>\u00a0Mt 21,1-11 (wjazd do Jerozolimy)<\/li>\n\n\n\n<li><strong>Dzia\u0142anie:<\/strong>\u00a0Pob\u0142ogos\u0142aw palmy i rozwa\u017c jak przyjmujesz Chrystusa w swoim sercu<\/li>\n<\/ul>\n\n\n\n<p><strong>Wielki Czwartek:<\/strong><\/p>\n\n\n\n<ul class=\"wp-block-list\">\n<li><strong>Lektura:<\/strong>\u00a0J 13,1-15 (umycie n\u00f3g)<\/li>\n\n\n\n<li><strong>Dzia\u0142anie:<\/strong>\u00a0Odwied\u017a siedem ko\u015bcio\u0142\u00f3w (stara tradycja), odtwarzaj\u0105c drog\u0119 Jezusa z Wieczernika do Getsemani<\/li>\n<\/ul>\n\n\n\n<p><strong>Wielki Pi\u0105tek:<\/strong><\/p>\n\n\n\n<ul class=\"wp-block-list\">\n<li><strong>Lektura:<\/strong>\u00a0J 18-19 (M\u0119ka)<\/li>\n\n\n\n<li><strong>Dzia\u0142anie:<\/strong>\u00a0Odm\u00f3w Drog\u0119 Krzy\u017cow\u0105, wyobra\u017caj\u0105c sobie ka\u017cd\u0105 stacj\u0119 jako etap pielgrzymki Krzy\u017ca<\/li>\n<\/ul>\n\n\n\n<p><strong>Wielka Sobota:<\/strong><\/p>\n\n\n\n<ul class=\"wp-block-list\">\n<li><strong>Lektura:<\/strong>\u00a01 P 3,18-22 (Chrystus w grobie)<\/li>\n\n\n\n<li><strong>Dzia\u0142anie:<\/strong>\u00a0Zachowaj milczenie i przygotuj serce na Zmartwychwstanie<\/li>\n<\/ul>\n\n\n\n<p><strong>Niedziela Wielkanocna:<\/strong><\/p>\n\n\n\n<ul class=\"wp-block-list\">\n<li><strong>Lektura:<\/strong>\u00a0Mt 28,1-10<\/li>\n\n\n\n<li><strong>Dzia\u0142anie:<\/strong>\u00a0\u015awi\u0119tuj z rado\u015bci\u0105, jak pielgrzym przybywaj\u0105cy do Grobu i odkrywaj\u0105cy: &#8222;Nie ma Go tu, zmartwychwsta\u0142!&#8221;<\/li>\n<\/ul>\n\n\n\n<hr class=\"wp-block-separator has-alpha-channel-opacity\"\/>\n\n\n\n<h2 class=\"wp-block-heading\"><strong>Zako\u0144czenie: Wezwanie do Bycia Pielgrzymami w XXI Wieku<\/strong><\/h2>\n\n\n\n<p><em>Itinerarium Burdigalense<\/em>&nbsp;to nie tylko dokument historyczny, ale zaproszenie do prze\u017cywania naszej wiary z t\u0105 sam\u0105 pasj\u0105 co pierwsi chrze\u015bcijanie. W \u015bwiecie poszukuj\u0105cym odpowiedzi, niesiemy pewno\u015b\u0107, \u017ce Chrystus jest Drog\u0105 (J 14,6).<\/p>\n\n\n\n<p><strong>Jak odpowiesz na to wezwanie?<\/strong><\/p>\n\n\n\n<ul class=\"wp-block-list\">\n<li><strong>Je\u015bli mo\u017cesz<\/strong>, odwied\u017a sanktuarium lub wyrusz na pielgrzymk\u0119<\/li>\n\n\n\n<li><strong>Je\u015bli nie<\/strong>, uczy\u0144 sw\u00f3j dom &#8222;miejscem \u015bwi\u0119tym&#8221;, gdzie ka\u017cdy dzie\u0144 jest krokiem ku Bogu<\/li>\n<\/ul>\n\n\n\n<p>Niech nasza w\u0119dr\u00f3wka, jak pielgrzyma z Bordeaux, prowadzi nas do niebieskiej Jerozolimy &#8211; naszej prawdziwej ojczyzny.<\/p>\n\n\n\n<blockquote class=\"wp-block-quote is-layout-flow wp-block-quote-is-layout-flow\">\n<p><em>&#8222;Szcz\u0119\u015bliwi, kt\u00f3rzy mieszkaj\u0105 w domu Twoim, Panie: nieustannie Ci\u0119 wychwalaj\u0105!&#8221;<\/em>&nbsp;(Ps 84,5)<\/p>\n<\/blockquote>\n\n\n\n<p><strong>B\u0142ogos\u0142awionej pielgrzymki!<\/strong><\/p>\n","protected":false},"excerpt":{"rendered":"<p>Wprowadzenie: Historyczny i Duchowy Skarb W p\u0119dz\u0105cym \u015bwiecie, gdzie wiara bywa cz\u0119sto prze\u017cywana powierzchownie, ponowne odkrywanie korzeni naszej chrze\u015bcija\u0144skiej tradycji mo\u017ce sta\u0107 si\u0119 \u015bwiat\u0142em rozja\u015bniaj\u0105cym nasz\u0105 drog\u0119.&nbsp;Itinerarium Burdigalense&nbsp;(czyli&nbsp;Itinerarium z Bordeaux) to jeden z tych ukrytych skarb\u00f3w, kt\u00f3ry \u0142\u0105czy nas z pierwszymi pielgrzymami &#8211; tymi odwa\u017cnymi duszami, kt\u00f3re poruszone \u017carliw\u0105 wiar\u0105 wyrusza\u0142y do Ziemi \u015awi\u0119tej, pod\u0105\u017caj\u0105c &hellip;<\/p>\n","protected":false},"author":3,"featured_media":3343,"comment_status":"open","ping_status":"open","sticky":false,"template":"","format":"standard","meta":{"_seopress_robots_primary_cat":"","_seopress_titles_title":"","_seopress_titles_desc":"","_seopress_robots_index":"","footnotes":""},"categories":[40,62],"tags":[933],"class_list":["post-3342","post","type-post","status-publish","format-standard","has-post-thumbnail","","category-modlitwa-i-duchowosc","category-sakramentalia-i-pielgrzymki","tag-itinerarium-z-bordeaux"],"_links":{"self":[{"href":"https:\/\/catholicus.eu\/pl\/wp-json\/wp\/v2\/posts\/3342","targetHints":{"allow":["GET"]}}],"collection":[{"href":"https:\/\/catholicus.eu\/pl\/wp-json\/wp\/v2\/posts"}],"about":[{"href":"https:\/\/catholicus.eu\/pl\/wp-json\/wp\/v2\/types\/post"}],"author":[{"embeddable":true,"href":"https:\/\/catholicus.eu\/pl\/wp-json\/wp\/v2\/users\/3"}],"replies":[{"embeddable":true,"href":"https:\/\/catholicus.eu\/pl\/wp-json\/wp\/v2\/comments?post=3342"}],"version-history":[{"count":1,"href":"https:\/\/catholicus.eu\/pl\/wp-json\/wp\/v2\/posts\/3342\/revisions"}],"predecessor-version":[{"id":3344,"href":"https:\/\/catholicus.eu\/pl\/wp-json\/wp\/v2\/posts\/3342\/revisions\/3344"}],"wp:featuredmedia":[{"embeddable":true,"href":"https:\/\/catholicus.eu\/pl\/wp-json\/wp\/v2\/media\/3343"}],"wp:attachment":[{"href":"https:\/\/catholicus.eu\/pl\/wp-json\/wp\/v2\/media?parent=3342"}],"wp:term":[{"taxonomy":"category","embeddable":true,"href":"https:\/\/catholicus.eu\/pl\/wp-json\/wp\/v2\/categories?post=3342"},{"taxonomy":"post_tag","embeddable":true,"href":"https:\/\/catholicus.eu\/pl\/wp-json\/wp\/v2\/tags?post=3342"}],"curies":[{"name":"wp","href":"https:\/\/api.w.org\/{rel}","templated":true}]}}