{"id":3333,"date":"2025-04-17T13:27:20","date_gmt":"2025-04-17T11:27:20","guid":{"rendered":"https:\/\/catholicus.eu\/pl\/?p=3333"},"modified":"2025-04-17T13:27:20","modified_gmt":"2025-04-17T11:27:20","slug":"czy-judasz-przyjal-komunie-podczas-ostatniej-wieczerzy-komunia-zdrada-i-tajemnica-boskiej-milosci","status":"publish","type":"post","link":"https:\/\/catholicus.eu\/pl\/czy-judasz-przyjal-komunie-podczas-ostatniej-wieczerzy-komunia-zdrada-i-tajemnica-boskiej-milosci\/","title":{"rendered":"Czy Judasz przyj\u0105\u0142 Komuni\u0119 podczas Ostatniej Wieczerzy? Komunia, zdrada i tajemnica Boskiej Mi\u0142o\u015bci"},"content":{"rendered":"\n<p><strong>WST\u0118P<\/strong><\/p>\n\n\n\n<p>Ma\u0142o kt\u00f3re wydarzenie w historii ludzko\u015bci jest tak wznios\u0142e i zarazem dramatyczne jak Ostatnia Wieczerza. Tamtej nocy w Wieczerniku zawiera si\u0119 ca\u0142a historia zbawienia: B\u00f3g staje si\u0119 cz\u0142owiekiem, dzieli si\u0119 swoim Cia\u0142em i Krwi\u0105 z przyjaci\u00f3\u0142mi, ustanawia Sakrament Mi\u0142o\u015bci.<br>A jednak po\u015br\u00f3d Dwunastu by\u0142 kto\u015b, komu Jezus umy\u0142 nogi jak pozosta\u0142ym, lecz kto ju\u017c wcze\u015bniej sprzeda\u0142 Go za trzydzie\u015bci srebrnik\u00f3w.<br>Rodzi si\u0119 pytanie, kt\u00f3re od wiek\u00f3w zadaj\u0105 sobie wierni, teologowie i \u015bwi\u0119ci:<br><strong>Czy Judasz przyj\u0105\u0142 Komuni\u0119 \u015awi\u0119t\u0105?<\/strong><br>A je\u015bli tak\u2026 jak to mo\u017cliwe, \u017ce kto\u015b przyjmuje Cia\u0142o Syna Bo\u017cego i jednocze\u015bnie Go zdradza?<\/p>\n\n\n\n<p>To pytanie nie jest wy\u0142\u0105cznie historyczne czy teologiczne \u2014 ma <strong>g\u0142\u0119bokie znaczenie duchowe i duszpasterskie r\u00f3wnie\u017c dla nas dzisiaj<\/strong>. Bo za ka\u017cdym razem, gdy uczestniczymy we Mszy \u015awi\u0119tej, r\u00f3wnie\u017c zasiadamy przy stole Pana. Z jakim sercem do Niego podchodzimy? Z \u017cyw\u0105 wiar\u0105 czy z oboj\u0119tno\u015bci\u0105? Z mi\u0142o\u015bci\u0105\u2026 czy ze zdrad\u0105?<\/p>\n\n\n\n<p>Przyjrzyjmy si\u0119 tej tajemnicy \u2014 w \u015bwietle Pisma \u015awi\u0119tego, Tradycji Ko\u015bcio\u0142a, m\u0105dro\u015bci \u015bwi\u0119tych i z otwartym sercem.<\/p>\n\n\n\n<hr class=\"wp-block-separator has-alpha-channel-opacity\"\/>\n\n\n\n<h3 class=\"wp-block-heading\">1. CO M\u00d3WI\u0104 EWANGELIE?<\/h3>\n\n\n\n<p>Opisy Ostatniej Wieczerzy znajdujemy we wszystkich czterech Ewangeliach. Jednak Ewangeli\u015bci synoptyczni (Mateusz, Marek i \u0141ukasz) oraz Jan <strong>przedstawiaj\u0105 r\u00f3\u017cne kolejno\u015bci wydarze\u0144<\/strong>, szczeg\u00f3lnie dotycz\u0105ce ujawnienia zdrajcy i ustanowienia Eucharystii.<\/p>\n\n\n\n<ul class=\"wp-block-list\">\n<li>W <strong>Mt 26,20\u201329<\/strong> i <strong>Mk 14,17\u201325<\/strong> Jezus zapowiada zdrad\u0119 <strong>przed<\/strong> ustanowieniem Eucharystii.<\/li>\n\n\n\n<li>W <strong>\u0141k 22,14\u201323<\/strong> Eucharystia zostaje ustanowiona <strong>przed<\/strong> zapowiedzi\u0105 zdrady.<\/li>\n\n\n\n<li><strong>J 13<\/strong> nie zawiera opisu ustanowienia Eucharystii, lecz skupia si\u0119 na umywaniu n\u00f3g i chwili, gdy Jezus podaje Judaszowi kawa\u0142ek chleba \u2014 znak jego rych\u0142ej zdrady.<\/li>\n<\/ul>\n\n\n\n<p>Zatem: <strong>czy Judasz przyj\u0105\u0142 Eucharysti\u0119?<\/strong><br>Czy by\u0142 obecny, gdy Jezus konsekrowa\u0142 chleb i wino?<\/p>\n\n\n\n<hr class=\"wp-block-separator has-alpha-channel-opacity\"\/>\n\n\n\n<h3 class=\"wp-block-heading\">2. PROBLEM DYSKUTOWANY W TEOLOGII<\/h3>\n\n\n\n<p>Na przestrzeni wiek\u00f3w w Ko\u015bciele ukszta\u0142towa\u0142y si\u0119 <strong>dwie g\u0142\u00f3wne opinie teologiczne<\/strong> na ten temat.<\/p>\n\n\n\n<h4 class=\"wp-block-heading\">a. <strong>Tak, Judasz przyj\u0105\u0142 Komuni\u0119.<\/strong><\/h4>\n\n\n\n<p>To stanowisko zajmowali Ojcowie Ko\u015bcio\u0142a, tacy jak <strong>\u015bw. Augustyn<\/strong> i <strong>\u015bw. Jan Chryzostom<\/strong>, oraz wielu p\u00f3\u017aniejszych teolog\u00f3w. Wed\u0142ug nich:<\/p>\n\n\n\n<ul class=\"wp-block-list\">\n<li>Judasz pozosta\u0142 do ko\u0144ca Wieczerzy i przyj\u0105\u0142 Cia\u0142o i Krew Chrystusa jak pozostali.<\/li>\n\n\n\n<li>Jezus, wiedz\u0105c o zdradzie, <strong>ofiarowa\u0142 mu samego siebie<\/strong> jako ostatni gest mi\u0142o\u015bci i szans\u0119 na nawr\u00f3cenie.<\/li>\n\n\n\n<li>Judasz odrzuci\u0142 t\u0119 \u0142ask\u0119, a jego Komunia sta\u0142a si\u0119 <strong>\u015bwi\u0119tokradczym aktem najwy\u017cszej zdrady<\/strong>.<\/li>\n<\/ul>\n\n\n\n<p>To podej\u015bcie podkre\u015bla <strong>niesko\u0144czone mi\u0142osierdzie Chrystusa<\/strong>, kt\u00f3ry daje szans\u0119 zbawienia do ostatniej chwili.<\/p>\n\n\n\n<h4 class=\"wp-block-heading\">b. <strong>Nie, Judasz nie przyj\u0105\u0142 Komunii.<\/strong><\/h4>\n\n\n\n<p>Tak uwa\u017ca\u0142 m.in. <strong>\u015bw. Tomasz z Akwinu<\/strong> i wielu \u015bredniowiecznych teolog\u00f3w. Ich argumenty:<\/p>\n\n\n\n<ul class=\"wp-block-list\">\n<li>W J 13 czytamy: <em>\u201ePo spo\u017cyciu kawa\u0142ka chleba natychmiast wyszed\u0142. A by\u0142a noc.\u201d<\/em><\/li>\n\n\n\n<li>\u00d3w \u201ekawa\u0142ek chleba\u201d nie by\u0142 Eucharysti\u0105, lecz gestem go\u015bcinno\u015bci (chleb zanurzony w sosie).<\/li>\n\n\n\n<li>Judasz <strong>opu\u015bci\u0142 sal\u0119 przed ustanowieniem Eucharystii<\/strong>, a wi\u0119c nie przyj\u0105\u0142 Cia\u0142a Pana.<\/li>\n<\/ul>\n\n\n\n<p>To stanowisko podkre\u015bla, \u017ce Komunia \u015awi\u0119ta wymaga <strong>wewn\u0119trznej dyspozycji<\/strong>, wiary i mi\u0142o\u015bci \u2014 a <strong>Chrystus nie pozwoli\u0142by na tak wielkie \u015bwi\u0119tokradztwo<\/strong> w tak \u015bwi\u0119tej chwili.<\/p>\n\n\n\n<hr class=\"wp-block-separator has-alpha-channel-opacity\"\/>\n\n\n\n<h3 class=\"wp-block-heading\">3. CZEGO NAUCZA KO\u015aCI\u00d3\u0141?<\/h3>\n\n\n\n<p><strong>Ko\u015bci\u00f3\u0142 nigdy nie wypowiedzia\u0142 si\u0119 dogmatycznie<\/strong>, czy Judasz przyj\u0105\u0142 Komuni\u0119, czy nie. Nie ma w tej sprawie obowi\u0105zuj\u0105cego nauczania.<br>To pytanie pozostaje otwarte \u2014 ale o ogromnym znaczeniu duchowym.<\/p>\n\n\n\n<p>Tradycja, liturgia i duszpasterstwo zawsze ukazywa\u0142y Judasza jako <strong>przestrog\u0119 przed niegodnym przyjmowaniem Komunii \u015awi\u0119tej<\/strong>.<\/p>\n\n\n\n<p>Ju\u017c \u015bw. Pawe\u0142 ostrzega\u0142 Koryntian:<\/p>\n\n\n\n<blockquote class=\"wp-block-quote is-layout-flow wp-block-quote-is-layout-flow\">\n<p><em>\u201eKto spo\u017cywa chleb lub pije kielich Pa\u0144ski niegodnie, winny b\u0119dzie Cia\u0142a i Krwi Pa\u0144skiej.\u201d<\/em><br><em>(1 Kor 11,27\u201329)<\/em><\/p>\n<\/blockquote>\n\n\n\n<p>Wielu Ojc\u00f3w Ko\u015bcio\u0142a widzia\u0142o w Judaszu <strong>obraz chrze\u015bcijanina przyst\u0119puj\u0105cego do Komunii w stanie grzechu \u015bmiertelnego<\/strong>: <strong>fizycznie blisko o\u0142tarza<\/strong>, ale <strong>duchowo daleko<\/strong>. Cia\u0142o jest obecne, lecz serce nie.<\/p>\n\n\n\n<hr class=\"wp-block-separator has-alpha-channel-opacity\"\/>\n\n\n\n<h3 class=\"wp-block-heading\">4. ZNACZENIE PASTORALNE: CO TO NAS UCZY DZI\u015a?<\/h3>\n\n\n\n<p>Niezale\u017cnie od tego, czy Judasz przyj\u0105\u0142 Komuni\u0119, jedno jest pewne: <strong>jego serce nie by\u0142o zjednoczone z Jezusem<\/strong>. I to w\u0142a\u015bnie jest kluczowe.<\/p>\n\n\n\n<p>Dzi\u015b miliony katolik\u00f3w przyst\u0119puj\u0105 do Komunii \u2014 cz\u0119sto <strong>bez spowiedzi<\/strong>, <strong>bez przygotowania<\/strong>, <strong>bez \u017cywej wiary w obecno\u015b\u0107 Jezusa<\/strong>. Ile razy i my <strong>post\u0119pujemy jak Judasz<\/strong>?<\/p>\n\n\n\n<h4 class=\"wp-block-heading\">a. <strong>Komunia to nie prawo, lecz dar.<\/strong><\/h4>\n\n\n\n<p>To ogromna \u0142aska, ale wymaga, by\u015bmy byli <strong>w stanie \u0142aski u\u015bwi\u0119caj\u0105cej<\/strong> \u2014 czyli bez grzechu \u015bmiertelnego, pojednani z Bogiem, pragn\u0105cy \u017cy\u0107 w przyja\u017ani z Jezusem.<\/p>\n\n\n\n<h4 class=\"wp-block-heading\">b. <strong>Komunia bez nawr\u00f3cenia to \u015bwi\u0119tokradztwo.<\/strong><\/h4>\n\n\n\n<p>To nie tylko brak pobo\u017cno\u015bci, ale <strong>powa\u017cna obraza Cia\u0142a Chrystusa<\/strong>. Katechizm naucza:<\/p>\n\n\n\n<blockquote class=\"wp-block-quote is-layout-flow wp-block-quote-is-layout-flow\">\n<p><em>\u201eKto ma \u015bwiadomo\u015b\u0107 grzechu ci\u0119\u017ckiego, powinien przyst\u0105pi\u0107 do sakramentu pojednania przed Komuni\u0105.\u201d<\/em><br><em>(KKK 1385)<\/em><\/p>\n<\/blockquote>\n\n\n\n<h4 class=\"wp-block-heading\">c. <strong>Judasz mia\u0142 wszystko \u2014 i odrzuci\u0142.<\/strong><\/h4>\n\n\n\n<p>By\u0142 blisko Jezusa, s\u0142ucha\u0142 Jego s\u0142\u00f3w, widzia\u0142 cuda, siedzia\u0142 z Nim przy stole \u2014 i Go zdradzi\u0142! Bycie <strong>fizycznie blisko Jezusa<\/strong> nie wystarcza. Trzeba by\u0107 <strong>blisko sercem<\/strong>, trzeba <strong>kocha\u0107 i da\u0107 si\u0119 przemienia\u0107<\/strong>.<\/p>\n\n\n\n<hr class=\"wp-block-separator has-alpha-channel-opacity\"\/>\n\n\n\n<h3 class=\"wp-block-heading\">5. JUDASZ I MY: LUSTRO DLA WSP\u00d3\u0141CZESNYCH<\/h3>\n\n\n\n<p>Judasz to nie tylko posta\u0107 z przesz\u0142o\u015bci. To <strong>lustro dla nas, wsp\u00f3\u0142czesnych chrze\u015bcijan<\/strong>.<\/p>\n\n\n\n<ul class=\"wp-block-list\">\n<li>Za ka\u017cdym razem, gdy wybieramy grzech zamiast mi\u0142o\u015bci Boga, <strong>sprzedajemy Jezusa za nasze \u201etrzydzie\u015bci srebrnik\u00f3w\u201d: przyjemno\u015b\u0107, pych\u0119, karier\u0119, pr\u00f3\u017cno\u015b\u0107\u2026<\/strong><\/li>\n\n\n\n<li>Za ka\u017cdym razem, gdy przyst\u0119pujemy do o\u0142tarza <strong>bez spowiedzi<\/strong>, <strong>bez mi\u0142o\u015bci<\/strong>, <strong>bez wiary<\/strong>, <strong>zdradzamy poca\u0142unkiem<\/strong>.<\/li>\n\n\n\n<li>Ale za ka\u017cdym razem, gdy si\u0119 nawracamy z pokor\u0105, <strong>Chrystus przebacza<\/strong> \u2014 tak jak przebaczy\u0142 Piotrowi, kt\u00f3ry si\u0119 Go zapar\u0142.<\/li>\n<\/ul>\n\n\n\n<p>R\u00f3\u017cnica mi\u0119dzy Judaszem a Piotrem <strong>nie polega na grzechu<\/strong>, lecz na <strong>odpowiedzi na Mi\u0142o\u015b\u0107<\/strong>. Piotr zap\u0142aka\u0142, wr\u00f3ci\u0142 \u2014 i zosta\u0142 przebaczony. Judasz rozpaczliwie odrzuci\u0142 mi\u0142osierdzie.<\/p>\n\n\n\n<hr class=\"wp-block-separator has-alpha-channel-opacity\"\/>\n\n\n\n<h3 class=\"wp-block-heading\">6. ZAPROSZENIE WCI\u0104\u017b AKTUALNE: ST\u00d3\u0141 JEST ZASTAWIONY<\/h3>\n\n\n\n<p>Jezus wci\u0105\u017c celebruje Swoj\u0105 Wieczerz\u0119 podczas ka\u017cdej Mszy \u015awi\u0119tej. Wci\u0105\u017c \u0142amie chleb i oddaje si\u0119 nam. Myje nasze nogi, patrzy z mi\u0142o\u015bci\u0105\u2026 i zadaje jedno pytanie:<\/p>\n\n\n\n<p><strong>\u201eCzy mnie mi\u0142ujesz?\u201d<\/strong><\/p>\n\n\n\n<p>Zanim przyst\u0105pisz do Komunii: zbadaj swoje serce. Czy co\u015b trzeba wyzna\u0107? Czy komu\u015b musisz przebaczy\u0107? Czy jest rana, kt\u00f3r\u0105 mo\u017cesz odda\u0107 Panu? <strong>Nie b\u00f3j si\u0119. Biegnij do konfesjona\u0142u. Biegnij do Mi\u0142o\u015bci.<\/strong><\/p>\n\n\n\n<p>Bo je\u015bli dzi\u015b przyjmujesz Komuni\u0119 jak Judasz, ryzykujesz wieczne zgubienie. Ale je\u015bli przyjmujesz jak Jan, oparty o Serce Jezusa, wtedy <strong>Eucharystia ci\u0119 leczy i zbawia<\/strong>.<\/p>\n\n\n\n<hr class=\"wp-block-separator has-alpha-channel-opacity\"\/>\n\n\n\n<h3 class=\"wp-block-heading\"><strong>ZAKO\u0143CZENIE:<\/strong><\/h3>\n\n\n\n<p>Czy Judasz przyj\u0105\u0142 Komuni\u0119 podczas Ostatniej Wieczerzy? Mo\u017ce tak. Mo\u017ce nie. Ale <strong>to nie jest najwa\u017cniejsze pytanie.<\/strong><\/p>\n\n\n\n<p>Najwa\u017cniejsze pytanie brzmi: <strong>jak ty przyjmujesz Komuni\u0119 \u015awi\u0119t\u0105?<\/strong><\/p>\n\n\n\n<p>Niech ta refleksja pomo\u017ce nam wzrasta\u0107 w wierze, \u015bwiadomie prze\u017cywa\u0107 Eucharysti\u0119 i na nowo rozpali\u0107 mi\u0142o\u015b\u0107 do Naj\u015bwi\u0119tszego Sakramentu.<br>Bo wszystko rozstrzyga si\u0119 <strong>w tej chwili, gdy podchodzisz do o\u0142tarza\u2026 a Jezus patrzy na ciebie z mi\u0142o\u015bci\u0105.<\/strong><\/p>\n","protected":false},"excerpt":{"rendered":"<p>WST\u0118P Ma\u0142o kt\u00f3re wydarzenie w historii ludzko\u015bci jest tak wznios\u0142e i zarazem dramatyczne jak Ostatnia Wieczerza. Tamtej nocy w Wieczerniku zawiera si\u0119 ca\u0142a historia zbawienia: B\u00f3g staje si\u0119 cz\u0142owiekiem, dzieli si\u0119 swoim Cia\u0142em i Krwi\u0105 z przyjaci\u00f3\u0142mi, ustanawia Sakrament Mi\u0142o\u015bci.A jednak po\u015br\u00f3d Dwunastu by\u0142 kto\u015b, komu Jezus umy\u0142 nogi jak pozosta\u0142ym, lecz kto ju\u017c wcze\u015bniej &hellip;<\/p>\n","protected":false},"author":3,"featured_media":3334,"comment_status":"open","ping_status":"open","sticky":false,"template":"","format":"standard","meta":{"_seopress_robots_primary_cat":"","_seopress_titles_title":"","_seopress_titles_desc":"","_seopress_robots_index":"","footnotes":""},"categories":[37,45],"tags":[890,930],"class_list":["post-3333","post","type-post","status-publish","format-standard","has-post-thumbnail","","category-doktryna-i-wiara","category-pismo-swiete","tag-judasz","tag-komunia"],"_links":{"self":[{"href":"https:\/\/catholicus.eu\/pl\/wp-json\/wp\/v2\/posts\/3333","targetHints":{"allow":["GET"]}}],"collection":[{"href":"https:\/\/catholicus.eu\/pl\/wp-json\/wp\/v2\/posts"}],"about":[{"href":"https:\/\/catholicus.eu\/pl\/wp-json\/wp\/v2\/types\/post"}],"author":[{"embeddable":true,"href":"https:\/\/catholicus.eu\/pl\/wp-json\/wp\/v2\/users\/3"}],"replies":[{"embeddable":true,"href":"https:\/\/catholicus.eu\/pl\/wp-json\/wp\/v2\/comments?post=3333"}],"version-history":[{"count":1,"href":"https:\/\/catholicus.eu\/pl\/wp-json\/wp\/v2\/posts\/3333\/revisions"}],"predecessor-version":[{"id":3335,"href":"https:\/\/catholicus.eu\/pl\/wp-json\/wp\/v2\/posts\/3333\/revisions\/3335"}],"wp:featuredmedia":[{"embeddable":true,"href":"https:\/\/catholicus.eu\/pl\/wp-json\/wp\/v2\/media\/3334"}],"wp:attachment":[{"href":"https:\/\/catholicus.eu\/pl\/wp-json\/wp\/v2\/media?parent=3333"}],"wp:term":[{"taxonomy":"category","embeddable":true,"href":"https:\/\/catholicus.eu\/pl\/wp-json\/wp\/v2\/categories?post=3333"},{"taxonomy":"post_tag","embeddable":true,"href":"https:\/\/catholicus.eu\/pl\/wp-json\/wp\/v2\/tags?post=3333"}],"curies":[{"name":"wp","href":"https:\/\/api.w.org\/{rel}","templated":true}]}}