{"id":3312,"date":"2025-04-15T16:29:59","date_gmt":"2025-04-15T14:29:59","guid":{"rendered":"https:\/\/catholicus.eu\/pl\/?p=3312"},"modified":"2025-04-15T16:29:59","modified_gmt":"2025-04-15T14:29:59","slug":"idzcie-na-caly-swiat-misja-kosciola-katolickiego-od-chrystusa-po-dzis-dzien","status":"publish","type":"post","link":"https:\/\/catholicus.eu\/pl\/idzcie-na-caly-swiat-misja-kosciola-katolickiego-od-chrystusa-po-dzis-dzien\/","title":{"rendered":"\u201eId\u017acie na ca\u0142y \u015bwiat\u201d: Misja Ko\u015bcio\u0142a katolickiego \u2013 od Chrystusa po dzi\u015b dzie\u0144"},"content":{"rendered":"\n<h2 class=\"wp-block-heading\">Wprowadzenie: Wezwanie, kt\u00f3re nigdy nie milknie<\/h2>\n\n\n\n<p class=\"wp-block-paragraph\"><strong>\u201eId\u017acie na ca\u0142y \u015bwiat i g\u0142o\u015bcie Ewangeli\u0119 wszelkiemu stworzeniu\u201d<\/strong> (Mk 16,15)<\/p>\n\n\n\n<p class=\"wp-block-paragraph\">Te s\u0142owa Chrystusa rozbrzmiewaj\u0105 z moc\u0105 przez wieki. Nie s\u0105 one sugesti\u0105 ani propozycj\u0105 \u2014 to Bo\u017cy rozkaz, pilne i powszechne wezwanie. Misja nie jest dodatkiem do Ko\u015bcio\u0142a \u2014 jest jego sercem. Jak pisa\u0142 \u015bw. Pawe\u0142:<br><strong>\u201eBiada mi, gdybym nie g\u0142osi\u0142 Ewangelii!\u201d<\/strong> (1 Kor 9,16)<\/p>\n\n\n\n<p class=\"wp-block-paragraph\">Dzi\u015b \u015bwiat bardziej ni\u017c kiedykolwiek potrzebuje misjonarzy. Nie tylko tych z sanda\u0142ami i plecakami w d\u017cungli, ale tych z otwartym sercem \u2014 w rodzinach, w mediach spo\u0142eczno\u015bciowych, w pracy i na ulicach. Ten artyku\u0142 to zaproszenie do odkrycia misyjnej duszy Ko\u015bcio\u0142a \u2014 i do \u017cycia ni\u0105 tu i teraz.<\/p>\n\n\n\n<hr class=\"wp-block-separator has-alpha-channel-opacity\"\/>\n\n\n\n<h2 class=\"wp-block-heading\">1. Co oznacza \u201emisja\u201d w Ko\u015bciele katolickim?<\/h2>\n\n\n\n<p class=\"wp-block-paragraph\">S\u0142owo \u201emisja\u201d pochodzi z \u0142aciny (<em>missio<\/em> \u2013 pos\u0142anie). W teologii oznacza ono pos\u0142anie Ko\u015bcio\u0142a \u2014 i ka\u017cdego ochrzczonego \u2014 do g\u0142oszenia Ewangelii. To pos\u0142anie wyp\u0142ywa z samego serca Tr\u00f3jcy \u015awi\u0119tej: Ojciec posy\u0142a Syna, Ojciec i Syn posy\u0142aj\u0105 Ducha \u015awi\u0119tego, a Duch posy\u0142a Ko\u015bci\u00f3\u0142.<\/p>\n\n\n\n<h3 class=\"wp-block-heading\">Wymiar teologiczny<\/h3>\n\n\n\n<p class=\"wp-block-paragraph\">Misja ma g\u0142\u0119boki fundament teologiczny: to uczestnictwo w zbawczym dziele Boga. Ewangelizacja nie jest tylko ludzkim wysi\u0142kiem, ale wsp\u00f3\u0142prac\u0105 z Duchem \u015awi\u0119tym. Sob\u00f3r Watyka\u0144ski II w dokumencie <em>Ad Gentes<\/em> (2) m\u00f3wi:<\/p>\n\n\n\n<blockquote class=\"wp-block-quote is-layout-flow wp-block-quote-is-layout-flow\">\n<p class=\"wp-block-paragraph\">\u201eKo\u015bci\u00f3\u0142 pielgrzymuj\u0105cy jest z natury swojej misyjny.\u201d<\/p>\n<\/blockquote>\n\n\n\n<h3 class=\"wp-block-heading\">Wymiar duchowy<\/h3>\n\n\n\n<p class=\"wp-block-paragraph\">Bycie misjonarzem to nie tylko <em>dzia\u0142anie<\/em>, ale <em>bycie<\/em>: \u015bwiadkiem Chrystusa. By\u0107 \u015bwiat\u0142em, sol\u0105, zaczynem (por. Mt 5,13\u201314). G\u0142osi\u0107 \u017cyciem to, co wyznaje si\u0119 ustami. To wymaga modlitwy, pokory, ci\u0105g\u0142ego nawracania si\u0119 i g\u0142\u0119bokiej jedno\u015bci z Bogiem.<\/p>\n\n\n\n<hr class=\"wp-block-separator has-alpha-channel-opacity\"\/>\n\n\n\n<h2 class=\"wp-block-heading\">2. Historia misyjna Ko\u015bcio\u0142a<\/h2>\n\n\n\n<h3 class=\"wp-block-heading\">a. Pierwsze wieki: \u015bwiadkowie a\u017c po m\u0119cze\u0144stwo<\/h3>\n\n\n\n<p class=\"wp-block-paragraph\">Po Zes\u0142aniu Ducha \u015awi\u0119tego Aposto\u0142owie rozeszli si\u0119 po ca\u0142ym znanym \u015bwiecie. Piotr uda\u0142 si\u0119 do Rzymu, Jakub do Hiszpanii, Tomasz do Indii\u2026 G\u0142oszenie Ewangelii cz\u0119sto oznacza\u0142o nara\u017cenie \u017cycia. Wielu przypiecz\u0119towa\u0142o swoj\u0105 misj\u0119 krwi\u0105. Ko\u015bci\u00f3\u0142 wzrasta\u0142 na m\u0119cze\u0144stwie.<\/p>\n\n\n\n<h3 class=\"wp-block-heading\">b. \u015aredniowiecze: mnisi i kr\u00f3lowie misjonarze<\/h3>\n\n\n\n<p class=\"wp-block-paragraph\">Po upadku Cesarstwa Rzymskiego Europa by\u0142a podzielona. Misjonarze, jak \u015bw. Patryk w Irlandii, \u015bw. Bonifacy w Niemczech czy \u015bwi\u0119ci Cyryl i Metody w\u015br\u00f3d S\u0142owian, nie\u015bli \u015bwiat\u0142o Ewangelii. Klasztory sta\u0142y si\u0119 o\u015brodkami ewangelizacji, kultury i mi\u0142osierdzia.<\/p>\n\n\n\n<h3 class=\"wp-block-heading\">c. Ewangelizacja obu Ameryk, Azji i Afryki<\/h3>\n\n\n\n<p class=\"wp-block-paragraph\">Odkrycie Nowego \u015awiata by\u0142o now\u0105 Pi\u0119\u0107dziesi\u0105tnic\u0105. Misjonarze tacy jak \u015bw. Franciszek Ksawery w Azji, Bartolom\u00e9 de Las Casas czy b\u0142. Jun\u00edpero Serra w Ameryce, wraz z wieloma franciszkanami, dominikanami i jezuitami, nie\u015bli wiar\u0119 milionom. By\u0142y b\u0142\u0119dy, ale tak\u017ce ogromna gorliwo\u015b\u0107.<\/p>\n\n\n\n<h3 class=\"wp-block-heading\">d. XIX wiek: misje w Afryce i Oceanii<\/h3>\n\n\n\n<p class=\"wp-block-paragraph\">W XIX wieku powsta\u0142y nowe zgromadzenia misyjne, jak Ojcowie Biali czy Siostry Ducha \u015awi\u0119tego. Afryka, Azja i Oceania staj\u0105 si\u0119 \u017cyznym gruntem dla Ewangelii. \u015awi\u0119ta Teresa od Dzieci\u0105tka Jezus \u2014 patronka misji, mimo \u017ce nigdy nie opu\u015bci\u0142a klasztoru \u2014 przypomina, \u017ce modlitwa jest dusz\u0105 ka\u017cdej misji.<\/p>\n\n\n\n<h3 class=\"wp-block-heading\">e. XX i XXI wiek: misje wsz\u0119dzie, dla ka\u017cdego<\/h3>\n\n\n\n<p class=\"wp-block-paragraph\">Dzi\u015b misje to nie tylko wyprawy w dalekie kraje. Ka\u017cdy ochrzczony jest misjonarzem. \u015aw. Jan Pawe\u0142 II w <em>Redemptoris Missio<\/em> potwierdza, \u017ce <em>misja do narod\u00f3w<\/em> nadal pozostaje priorytetem, ale musi \u0142\u0105czy\u0107 si\u0119 z now\u0105 ewangelizacj\u0105 kultur zsekularyzowanych.<\/p>\n\n\n\n<hr class=\"wp-block-separator has-alpha-channel-opacity\"\/>\n\n\n\n<h2 class=\"wp-block-heading\">3. Dlaczego misja jest nadal \u2014 i na nowo \u2014 pilna<\/h2>\n\n\n\n<p class=\"wp-block-paragraph\">\u017byjemy w czasach relatywizmu, sekularyzmu i oboj\u0119tno\u015bci religijnej. Wielu ludzi nigdy nie spotka\u0142o autentycznie Chrystusa. A wielu ochrzczonych utraci\u0142o wiar\u0119.<\/p>\n\n\n\n<p class=\"wp-block-paragraph\">Papie\u017c Franciszek m\u00f3wi wprost:<\/p>\n\n\n\n<blockquote class=\"wp-block-quote is-layout-flow wp-block-quote-is-layout-flow\">\n<p class=\"wp-block-paragraph\">\u201eWol\u0119 Ko\u015bci\u00f3\u0142 poturbowany, poraniony i brudny, bo wyszed\u0142 na ulice, ni\u017c Ko\u015bci\u00f3\u0142 chory z powodu zamkni\u0119cia i wygodnego trzymania si\u0119 w\u0142asnych pewnik\u00f3w.\u201d (<em>Evangelii Gaudium<\/em>, 49)<\/p>\n<\/blockquote>\n\n\n\n<p class=\"wp-block-paragraph\">Wsp\u00f3\u0142czesne \u201eperyferie\u201d to nie tylko geografia. To tak\u017ce samotno\u015b\u0107, uzale\u017cnienia, brak sensu, wewn\u0119trzne rany. I tam w\u0142a\u015bnie jeste\u015bmy pos\u0142ani.<\/p>\n\n\n\n<hr class=\"wp-block-separator has-alpha-channel-opacity\"\/>\n\n\n\n<h2 class=\"wp-block-heading\">4. Jak \u017cy\u0107 misj\u0105 na co dzie\u0144 \u2013 Praktyczny przewodnik<\/h2>\n\n\n\n<h3 class=\"wp-block-heading\">a. Zacznij od domu<\/h3>\n\n\n\n<p class=\"wp-block-paragraph\">Pierwsz\u0105 misj\u0105 jest rodzina. Przekazywanie wiary dzieciom, \u017cycie sakramentami, tworzenie chrze\u015bcija\u0144skiego klimatu w codzienno\u015bci. Rodzina to pierwsze pole misyjne.<\/p>\n\n\n\n<h3 class=\"wp-block-heading\">b. Dawaj \u015bwiadectwo tam, gdzie jeste\u015b<\/h3>\n\n\n\n<p class=\"wp-block-paragraph\">W pracy, w szkole, na ulicy \u2014 co m\u00f3wi twoje \u017cycie? Sp\u00f3jne \u015bwiadectwo, uprzejmo\u015b\u0107 i nadzieja m\u00f3wi\u0105 wi\u0119cej ni\u017c tysi\u0105c s\u0142\u00f3w. Nie chodzi o narzucanie, ale o radosne proponowanie.<\/p>\n\n\n\n<h3 class=\"wp-block-heading\">c. Wykorzystuj media spo\u0142eczno\u015bciowe misyjnie<\/h3>\n\n\n\n<p class=\"wp-block-paragraph\">Internet to nowy kontynent misyjny. Dziel si\u0119 warto\u015bciowymi tre\u015bciami, komentuj z szacunkiem, inspiruj innych. Jeden post mo\u017ce by\u0107 ziarnem.<\/p>\n\n\n\n<h3 class=\"wp-block-heading\">d. M\u00f3dl si\u0119 za misje i misjonarzy<\/h3>\n\n\n\n<p class=\"wp-block-paragraph\">Nigdy nie lekcewa\u017c mocy modlitwy. Odmawiaj r\u00f3\u017caniec, ofiaruj Msze, wspieraj duchowo i materialnie misjonarzy. \u015aw. Teresa m\u00f3wi\u0142a:<\/p>\n\n\n\n<blockquote class=\"wp-block-quote is-layout-flow wp-block-quote-is-layout-flow\">\n<p class=\"wp-block-paragraph\">\u201eChc\u0119 by\u0107 mi\u0142o\u015bci\u0105 w sercu Ko\u015bcio\u0142a.\u201d<\/p>\n<\/blockquote>\n\n\n\n<h3 class=\"wp-block-heading\">e. Zaanga\u017cuj si\u0119 w grupy misyjne<\/h3>\n\n\n\n<p class=\"wp-block-paragraph\">W wielu parafiach i wsp\u00f3lnotach dzia\u0142aj\u0105 grupy misyjne. Mo\u017cesz pom\u00f3c w katechezie, ewangelizacji, wolontariacie lub wsparciu misji.<\/p>\n\n\n\n<h3 class=\"wp-block-heading\">f. Rozeznaj, czy B\u00f3g nie wzywa ci\u0119 do czego\u015b wi\u0119kszego<\/h3>\n\n\n\n<p class=\"wp-block-paragraph\">A je\u015bli B\u00f3g wzywa ci\u0119, by zostawi\u0107 wszystko i p\u00f3j\u015b\u0107 za Nim? Wielu m\u0142odych odkrywa powo\u0142anie misyjne w ciszy modlitwy lub w krzyku ubogich. Nie b\u00f3j si\u0119 powiedzie\u0107 \u201etak\u201d.<\/p>\n\n\n\n<hr class=\"wp-block-separator has-alpha-channel-opacity\"\/>\n\n\n\n<h2 class=\"wp-block-heading\">5. Zasoby do pog\u0142\u0119bienia ducha misyjnego<\/h2>\n\n\n\n<ul class=\"wp-block-list\">\n<li><strong>Evangelii Nuntiandi<\/strong> (Pawe\u0142 VI) \u2013 podstawowy dokument o ewangelizacji<\/li>\n\n\n\n<li><strong>Redemptoris Missio<\/strong> (Jan Pawe\u0142 II) \u2013 o misyjnej naturze Ko\u015bcio\u0142a<\/li>\n\n\n\n<li><strong>Evangelii Gaudium<\/strong> (Franciszek) \u2013 o Ko\u015bciele wychodz\u0105cym<\/li>\n\n\n\n<li><strong>Papieskie Dzie\u0142a Misyjne<\/strong> \u2013 konkretne wsparcie dla misji na \u015bwiecie<\/li>\n\n\n\n<li>Filmy i dokumenty: <em>Misja<\/em>, <em>Milczenie<\/em>, <em>Molokai<\/em> itd.<\/li>\n<\/ul>\n\n\n\n<hr class=\"wp-block-separator has-alpha-channel-opacity\"\/>\n\n\n\n<h2 class=\"wp-block-heading\">Zako\u0144czenie: Ty te\u017c jeste\u015b misj\u0105<\/h2>\n\n\n\n<p class=\"wp-block-paragraph\">Misja to nie przesz\u0142o\u015b\u0107 ani tylko dla wybranych. To serce \u017cycia chrze\u015bcija\u0144skiego. \u015awiat potrzebuje \u015bwiadk\u00f3w, kt\u00f3rzy m\u00f3wi\u0105 o Bogu j\u0119zykiem mi\u0142o\u015bci, sp\u00f3jno\u015bci i nadziei.<\/p>\n\n\n\n<p class=\"wp-block-paragraph\">Chrystus wci\u0105\u017c m\u00f3wi:<\/p>\n\n\n\n<blockquote class=\"wp-block-quote is-layout-flow wp-block-quote-is-layout-flow\">\n<p class=\"wp-block-paragraph\">\u201e\u017bniwo wprawdzie wielkie, ale robotnik\u00f3w ma\u0142o. Pro\u015bcie wi\u0119c Pana \u017cniwa, aby wyprawi\u0142 robotnik\u00f3w na swoje \u017cniwo.\u201d (\u0141k 10,2)<\/p>\n<\/blockquote>\n\n\n\n<p class=\"wp-block-paragraph\">Odpowiesz?<\/p>\n","protected":false},"excerpt":{"rendered":"<p>Wprowadzenie: Wezwanie, kt\u00f3re nigdy nie milknie \u201eId\u017acie na ca\u0142y \u015bwiat i g\u0142o\u015bcie Ewangeli\u0119 wszelkiemu stworzeniu\u201d (Mk 16,15) Te s\u0142owa Chrystusa rozbrzmiewaj\u0105 z moc\u0105 przez wieki. Nie s\u0105 one sugesti\u0105 ani propozycj\u0105 \u2014 to Bo\u017cy rozkaz, pilne i powszechne wezwanie. Misja nie jest dodatkiem do Ko\u015bcio\u0142a \u2014 jest jego sercem. Jak pisa\u0142 \u015bw. Pawe\u0142:\u201eBiada mi, gdybym &hellip;<\/p>\n","protected":false},"author":3,"featured_media":3313,"comment_status":"open","ping_status":"open","sticky":false,"template":"","format":"standard","meta":{"_seopress_titles_title":"","_seopress_titles_desc":"","_seopress_robots_index":"","_seopress_robots_follow":"","_seopress_robots_imageindex":"","_seopress_robots_snippet":"","_seopress_robots_primary_cat":"","_seopress_robots_breadcrumbs":"","_seopress_robots_freeze_modified_date":"","_seopress_robots_custom_modified_date":"","_seopress_robots_canonical":"","_seopress_social_fb_title":"","_seopress_social_fb_desc":"","_seopress_social_fb_img":"","_seopress_social_fb_img_attachment_id":0,"_seopress_social_fb_img_width":0,"_seopress_social_fb_img_height":0,"_seopress_social_twitter_title":"","_seopress_social_twitter_desc":"","_seopress_social_twitter_img":"","_seopress_social_twitter_img_attachment_id":0,"_seopress_social_twitter_img_width":0,"_seopress_social_twitter_img_height":0,"_seopress_redirections_value":"","_seopress_redirections_enabled":"","_seopress_redirections_enabled_regex":"","_seopress_redirections_logged_status":"","_seopress_redirections_param":"","_seopress_redirections_type":0,"_seopress_analysis_target_kw":"","footnotes":""},"categories":[38,48],"tags":[920],"class_list":["post-3312","post","type-post","status-publish","format-standard","has-post-thumbnail","","category-historia-i-tradycja","category-historia-kosciola","tag-misja"],"_links":{"self":[{"href":"https:\/\/catholicus.eu\/pl\/wp-json\/wp\/v2\/posts\/3312","targetHints":{"allow":["GET"]}}],"collection":[{"href":"https:\/\/catholicus.eu\/pl\/wp-json\/wp\/v2\/posts"}],"about":[{"href":"https:\/\/catholicus.eu\/pl\/wp-json\/wp\/v2\/types\/post"}],"author":[{"embeddable":true,"href":"https:\/\/catholicus.eu\/pl\/wp-json\/wp\/v2\/users\/3"}],"replies":[{"embeddable":true,"href":"https:\/\/catholicus.eu\/pl\/wp-json\/wp\/v2\/comments?post=3312"}],"version-history":[{"count":1,"href":"https:\/\/catholicus.eu\/pl\/wp-json\/wp\/v2\/posts\/3312\/revisions"}],"predecessor-version":[{"id":3314,"href":"https:\/\/catholicus.eu\/pl\/wp-json\/wp\/v2\/posts\/3312\/revisions\/3314"}],"wp:featuredmedia":[{"embeddable":true,"href":"https:\/\/catholicus.eu\/pl\/wp-json\/wp\/v2\/media\/3313"}],"wp:attachment":[{"href":"https:\/\/catholicus.eu\/pl\/wp-json\/wp\/v2\/media?parent=3312"}],"wp:term":[{"taxonomy":"category","embeddable":true,"href":"https:\/\/catholicus.eu\/pl\/wp-json\/wp\/v2\/categories?post=3312"},{"taxonomy":"post_tag","embeddable":true,"href":"https:\/\/catholicus.eu\/pl\/wp-json\/wp\/v2\/tags?post=3312"}],"curies":[{"name":"wp","href":"https:\/\/api.w.org\/{rel}","templated":true}]}}