{"id":3204,"date":"2025-04-07T22:45:43","date_gmt":"2025-04-07T20:45:43","guid":{"rendered":"https:\/\/catholicus.eu\/pl\/?p=3204"},"modified":"2025-04-07T22:45:43","modified_gmt":"2025-04-07T20:45:43","slug":"swieci-mlodziankowie-i-dzieciecy-biskup-meczennicy-wiary-w-swiecie-ktory-wciaz-przesladuje-niewinnosc","status":"publish","type":"post","link":"https:\/\/catholicus.eu\/pl\/swieci-mlodziankowie-i-dzieciecy-biskup-meczennicy-wiary-w-swiecie-ktory-wciaz-przesladuje-niewinnosc\/","title":{"rendered":"\u015awi\u0119ci M\u0142odziankowie i Dzieci\u0119cy Biskup: M\u0119czennicy Wiary w \u015awiecie, Kt\u00f3ry Wci\u0105\u017c Prze\u015bladuje Niewinno\u015b\u0107"},"content":{"rendered":"\n<h3 class=\"wp-block-heading\"><strong>Wprowadzenie: Historia, Kt\u00f3ra Rezonuje Dzi\u015b<\/strong><\/h3>\n\n\n\n<p>W \u015bwiecie, gdzie niewinne \u017cycie wci\u0105\u017c jest zagro\u017cone &#8211; od aborcji po prze\u015bladowania religijne &#8211; wspomnienie&nbsp;<strong>\u015awi\u0119tych M\u0142odziank\u00f3w<\/strong>&nbsp;i fascynuj\u0105ca posta\u0107&nbsp;<strong>Dzieci\u0119cego Biskupa<\/strong>&nbsp;przemawiaj\u0105 do nas z prorocz\u0105 moc\u0105. Dlaczego Ko\u015bci\u00f3\u0142 czci te dzieci\u0119ce ofiary? Co m\u00f3wi nam ich m\u0119cze\u0144stwo w XXI wieku, gdzie czysto\u015b\u0107 i wiara s\u0105 cz\u0119sto wyszydzane?<\/p>\n\n\n\n<p>Ten artyku\u0142 to nie tylko historyczna podr\u00f3\u017c, ale&nbsp;<strong>wezwanie do obrony niewinno\u015bci<\/strong>&nbsp;w czasach, kt\u00f3re uwa\u017caj\u0105 j\u0105 za &#8222;zbywaln\u0105&#8221;. Odkryjmy razem g\u0142\u0119bokie znaczenie teologiczne i pal\u0105c\u0105 aktualno\u015b\u0107 tych \u015bwiadectw.<\/p>\n\n\n\n<hr class=\"wp-block-separator has-alpha-channel-opacity\"\/>\n\n\n\n<h3 class=\"wp-block-heading\"><strong>I. \u015awi\u0119ci M\u0142odziankowie: Pierwszy Holocaust i Jego Wieczne Znaczenie<\/strong><\/h3>\n\n\n\n<h4 class=\"wp-block-heading\"><strong>Opis Biblijny: Herod i Tch\u00f3rzostwo W\u0142adzy<\/strong><\/h4>\n\n\n\n<p>Ewangelia wed\u0142ug&nbsp;<strong>\u015awi\u0119tego Mateusza (2,16-18)<\/strong>&nbsp;opisuje, jak&nbsp;<strong>Herod Wielki<\/strong>, czuj\u0105c si\u0119 zagro\u017cony wie\u015bci\u0105 o narodzinach &#8222;Kr\u00f3la \u017bydowskiego&#8221;, rozkaza\u0142 wymordowa\u0107 wszystkich ch\u0142opc\u00f3w&nbsp;<strong>do drugiego roku \u017cycia<\/strong>&nbsp;w Betlejem. Ten akt okrucie\u0144stwa, znany jako&nbsp;<strong>&#8222;Rze\u017a Niewini\u0105tek&#8221;<\/strong>, wype\u0142ni\u0142 proroctwo Jeremiasza:&nbsp;<em>&#8222;W Rama s\u0142ycha\u0107 krzyk, p\u0142acz i j\u0119k wielki. Rachel op\u0142akuje swe dzieci&#8221;<\/em>&nbsp;(Jr 31,15).<\/p>\n\n\n\n<p>Ale dlaczego Ko\u015bci\u00f3\u0142 czci ich jako&nbsp;<strong>m\u0119czennik\u00f3w<\/strong>, skoro nie wybrali \u015bmierci dla Chrystusa? Tu kryje si\u0119 g\u0142\u0119boka prawda:&nbsp;<strong>B\u00f3g liczy ka\u017cde \u017cycie, nawet to, kt\u00f3re nie mo\u017ce m\u00f3wi\u0107<\/strong>. Ich \u015bmier\u0107 nie by\u0142a daremna; sta\u0142a si\u0119&nbsp;<strong>pierwszym krwawym \u015bwiadectwem przyj\u015bcia Mesjasza<\/strong>.<\/p>\n\n\n\n<h4 class=\"wp-block-heading\"><strong>Teologia M\u0119cze\u0144stwa Niewinnych<\/strong><\/h4>\n\n\n\n<p>Ojcowie Ko\u015bcio\u0142a, jak&nbsp;<strong>\u015awi\u0119ty Augustyn<\/strong>, nazywali ich&nbsp;<em>&#8222;m\u0119cze\u0144skimi kwiatami&#8221;<\/em>&nbsp;&#8211; kwiatami \u015bci\u0119tymi przed rozkwitem. Nie wyznali Chrystusa s\u0142owami, ale ich krew sta\u0142a si\u0119&nbsp;<strong>nasieniem pierwotnego Ko\u015bcio\u0142a<\/strong>. Dzi\u015b ich przyk\u0142ad znajduje echo w:<\/p>\n\n\n\n<ul class=\"wp-block-list\">\n<li><strong>Nienarodzonych<\/strong>, ofiarach aborcji<\/li>\n\n\n\n<li><strong>Prze\u015bladowanych dzieciach<\/strong>\u00a0w re\u017cimach antychrze\u015bcija\u0144skich<\/li>\n\n\n\n<li><strong>Niewinnych cierpi\u0105cych<\/strong>\u00a0z powodu cudzej niegodziwo\u015bci<\/li>\n<\/ul>\n\n\n\n<p>Ich \u015bwi\u0119to (28 grudnia) przypomina nam, \u017ce&nbsp;<strong>B\u00f3g nigdy nie opuszcza swoich maluczkich<\/strong>&nbsp;(por. Ps 68,6).<\/p>\n\n\n\n<hr class=\"wp-block-separator has-alpha-channel-opacity\"\/>\n\n\n\n<h3 class=\"wp-block-heading\"><strong>II. Dzieci\u0119cy Biskup: Legenda czy Rzeczywisto\u015b\u0107? Symbol Czysto\u015bci<\/strong><\/h3>\n\n\n\n<p>W\u015br\u00f3d \u015bredniowiecznych tradycji pojawia si\u0119 posta\u0107&nbsp;<strong>Dzieci\u0119cego Biskupa<\/strong>, zwi\u0105zana ze \u015awi\u0119tymi M\u0142odziankami. Wed\u0142ug opowie\u015bci, jedno z dzieci zabitych przez Heroda&nbsp;<strong>na kr\u00f3tko zmartwychwsta\u0142o<\/strong>&nbsp;i z nadprzyrodzon\u0105 m\u0105dro\u015bci\u0105 zosta\u0142o og\u0142oszone &#8222;biskupem&#8221; przez inne dzieci.<\/p>\n\n\n\n<h4 class=\"wp-block-heading\"><strong>Pochodzenie i Symbolika<\/strong><\/h4>\n\n\n\n<p>Ta pobo\u017cna legenda, cho\u0107 niebiblijna, odzwierciedla&nbsp;<strong>duchow\u0105 prawd\u0119<\/strong>:<\/p>\n\n\n\n<ol start=\"1\" class=\"wp-block-list\">\n<li><strong>Dzieci\u0144stwo jako Wz\u00f3r \u015awi\u0119to\u015bci<\/strong>: Jezus powiedzia\u0142\u00a0<em>&#8222;Je\u015bli nie staniecie si\u0119 jak dzieci, nie wejdziecie do Kr\u00f3lestwa Niebieskiego&#8221;<\/em>\u00a0(Mt 18,3). Dzieci\u0119cy Biskup uciele\u015bnia\u00a0<strong>m\u0105dro\u015b\u0107 pokornych<\/strong><\/li>\n\n\n\n<li><strong>Ko\u015bci\u00f3\u0142 Prze\u015bladowany ale Zwyci\u0119ski<\/strong>: Jak M\u0142odziankowie, chrze\u015bcijanie cierpi\u0105, ale\u00a0<strong>Chrystus zwyci\u0119\u017ca<\/strong>\u00a0(Ap 12,11)<\/li>\n<\/ol>\n\n\n\n<h4 class=\"wp-block-heading\"><strong>Dlaczego M\u00f3wi\u0107 o Nim Dzi\u015b?<\/strong><\/h4>\n\n\n\n<p>W kulturze, kt\u00f3ra&nbsp;<strong>infantylizuje doros\u0142ych, ale deprawuje dzieci<\/strong>&nbsp;(przez ideologie gender, przedwczesn\u0105 seksualizacj\u0119 itp.), Dzieci\u0119cy Biskup jest&nbsp;<strong>wezwaniem do ochrony duchowej niewinno\u015bci<\/strong>.<\/p>\n\n\n\n<hr class=\"wp-block-separator has-alpha-channel-opacity\"\/>\n\n\n\n<h3 class=\"wp-block-heading\"><strong>III. Aktualno\u015b\u0107: Gdzie s\u0105 Dzisiejsi &#8222;Herodowie&#8221;?<\/strong><\/h3>\n\n\n\n<p>\u015awi\u0119ci M\u0142odziankowie to nie tylko pami\u0119\u0107; s\u0105&nbsp;<strong>zwierciad\u0142em wsp\u00f3\u0142czesnych niesprawiedliwo\u015bci<\/strong>:<\/p>\n\n\n\n<ol start=\"1\" class=\"wp-block-list\">\n<li><strong>Aborcja<\/strong>: Miliony dzieci zabijanych w \u0142onach matek, podczas gdy politycy oklaskuj\u0105 &#8222;post\u0119powe&#8221; prawa<\/li>\n\n\n\n<li><strong>Prze\u015bladowania Religijne<\/strong>: W krajach jak Nigeria czy Korea P\u00f3\u0142nocna ca\u0142e rodziny s\u0105 mordowane za wiar\u0119<\/li>\n\n\n\n<li><strong>Kryzys Dzieci\u0144stwa<\/strong>: Dzieci indoktrynowane w szko\u0142ach, wystawiane na pornografi\u0119 lub sprzedawane w sieciach handlu lud\u017ami<\/li>\n<\/ol>\n\n\n\n<p><strong>Jak odpowiedzie\u0107?<\/strong><\/p>\n\n\n\n<ul class=\"wp-block-list\">\n<li><strong>Broni\u0107 \u017cycia<\/strong>\u00a0z mi\u0142o\u015bci\u0105 i stanowczo\u015bci\u0105 (ruchy pro-life, adopcje)<\/li>\n\n\n\n<li><strong>Wychowywa\u0107 w wierze<\/strong>\u00a0najm\u0142odszych (katecheza, chrze\u015bcija\u0144skie rodziny)<\/li>\n\n\n\n<li><strong>Pot\u0119pia\u0107 z\u0142o<\/strong>, jak Jan Chrzciciel wobec Heroda<\/li>\n<\/ul>\n\n\n\n<hr class=\"wp-block-separator has-alpha-channel-opacity\"\/>\n\n\n\n<h3 class=\"wp-block-heading\"><strong>Zako\u0144czenie: Powo\u0142ani, By By\u0107 G\u0142osem Bezg\u0142osnych<\/strong><\/h3>\n\n\n\n<p>\u015awi\u0119ci M\u0142odziankowie i Dzieci\u0119cy Biskup ucz\u0105 nas, \u017ce&nbsp;<strong>niewinno\u015b\u0107 jest \u015bwi\u0119ta<\/strong>. W \u015bwiecie, kt\u00f3ry idolizuje w\u0142adz\u0119 i przyjemno\u015b\u0107, ich \u015bwiadectwo wo\u0142a:&nbsp;<strong>Czysto\u015b\u0107 jest cenniejsza ni\u017c z\u0142oto!<\/strong><\/p>\n\n\n\n<p>Dzi\u015b, jak \u015awi\u0119ta Rodzina uciekaj\u0105ca do Egiptu, jeste\u015bmy wezwani do:<\/p>\n\n\n\n<ul class=\"wp-block-list\">\n<li><strong>Ochrony s\u0142abych<\/strong><\/li>\n\n\n\n<li><strong>Odwa\u017cnego \u017cycia wiar\u0105<\/strong>, nawet gdy to kosztuje<\/li>\n\n\n\n<li><strong>Wiary, \u017ce B\u00f3g pisze prosto po krzywych liniach<\/strong><\/li>\n<\/ul>\n\n\n\n<p>Niech ich wstawiennictwo da nam&nbsp;<strong>odwag\u0119 bycia \u015bwiat\u0142em w ciemno\u015bci<\/strong>.<\/p>\n\n\n\n<p><strong>&#8222;\u015awi\u0119ci M\u0142odziankowie modl\u0105 si\u0119 za nas. Czy my b\u0119dziemy modli\u0107 si\u0119 za dzisiejszych niewinnych?&#8221;<\/strong><\/p>\n\n\n\n<hr class=\"wp-block-separator has-alpha-channel-opacity\"\/>\n\n\n\n<p><em>Podoba\u0142 Ci si\u0119 ten artyku\u0142? Udost\u0119pnij go i do\u0142\u0105cz do obrony \u017cycia i wiary. Zostaw komentarz z modlitw\u0105 za m\u0119czennik\u00f3w naszych czas\u00f3w!<\/em><\/p>\n","protected":false},"excerpt":{"rendered":"<p>Wprowadzenie: Historia, Kt\u00f3ra Rezonuje Dzi\u015b W \u015bwiecie, gdzie niewinne \u017cycie wci\u0105\u017c jest zagro\u017cone &#8211; od aborcji po prze\u015bladowania religijne &#8211; wspomnienie&nbsp;\u015awi\u0119tych M\u0142odziank\u00f3w&nbsp;i fascynuj\u0105ca posta\u0107&nbsp;Dzieci\u0119cego Biskupa&nbsp;przemawiaj\u0105 do nas z prorocz\u0105 moc\u0105. Dlaczego Ko\u015bci\u00f3\u0142 czci te dzieci\u0119ce ofiary? Co m\u00f3wi nam ich m\u0119cze\u0144stwo w XXI wieku, gdzie czysto\u015b\u0107 i wiara s\u0105 cz\u0119sto wyszydzane? Ten artyku\u0142 to nie &hellip;<\/p>\n","protected":false},"author":3,"featured_media":3205,"comment_status":"open","ping_status":"open","sticky":false,"template":"","format":"standard","meta":{"_seopress_robots_primary_cat":"","_seopress_titles_title":"","_seopress_titles_desc":"","_seopress_robots_index":"","footnotes":""},"categories":[40,61],"tags":[882,308],"class_list":["post-3204","post","type-post","status-publish","format-standard","has-post-thumbnail","","category-modlitwa-i-duchowosc","category-swieci-i-kalendarz-liturgiczny","tag-dzieciecy-biskup","tag-swieci-mlodziankowie"],"_links":{"self":[{"href":"https:\/\/catholicus.eu\/pl\/wp-json\/wp\/v2\/posts\/3204","targetHints":{"allow":["GET"]}}],"collection":[{"href":"https:\/\/catholicus.eu\/pl\/wp-json\/wp\/v2\/posts"}],"about":[{"href":"https:\/\/catholicus.eu\/pl\/wp-json\/wp\/v2\/types\/post"}],"author":[{"embeddable":true,"href":"https:\/\/catholicus.eu\/pl\/wp-json\/wp\/v2\/users\/3"}],"replies":[{"embeddable":true,"href":"https:\/\/catholicus.eu\/pl\/wp-json\/wp\/v2\/comments?post=3204"}],"version-history":[{"count":1,"href":"https:\/\/catholicus.eu\/pl\/wp-json\/wp\/v2\/posts\/3204\/revisions"}],"predecessor-version":[{"id":3206,"href":"https:\/\/catholicus.eu\/pl\/wp-json\/wp\/v2\/posts\/3204\/revisions\/3206"}],"wp:featuredmedia":[{"embeddable":true,"href":"https:\/\/catholicus.eu\/pl\/wp-json\/wp\/v2\/media\/3205"}],"wp:attachment":[{"href":"https:\/\/catholicus.eu\/pl\/wp-json\/wp\/v2\/media?parent=3204"}],"wp:term":[{"taxonomy":"category","embeddable":true,"href":"https:\/\/catholicus.eu\/pl\/wp-json\/wp\/v2\/categories?post=3204"},{"taxonomy":"post_tag","embeddable":true,"href":"https:\/\/catholicus.eu\/pl\/wp-json\/wp\/v2\/tags?post=3204"}],"curies":[{"name":"wp","href":"https:\/\/api.w.org\/{rel}","templated":true}]}}