{"id":3191,"date":"2025-04-07T18:09:50","date_gmt":"2025-04-07T16:09:50","guid":{"rendered":"https:\/\/catholicus.eu\/pl\/?p=3191"},"modified":"2025-04-07T18:09:50","modified_gmt":"2025-04-07T16:09:50","slug":"archidiakoni-zapomniani-straznicy-kosciola-ktorych-dzis-musimy-na-nowo-odkryc","status":"publish","type":"post","link":"https:\/\/catholicus.eu\/pl\/archidiakoni-zapomniani-straznicy-kosciola-ktorych-dzis-musimy-na-nowo-odkryc\/","title":{"rendered":"Archidiakoni: Zapomniani stra\u017cnicy Ko\u015bcio\u0142a, kt\u00f3rych dzi\u015b musimy na nowo odkry\u0107"},"content":{"rendered":"\n<p>W \u015bwi\u0119tej strukturze Ko\u015bcio\u0142a katolickiego istniej\u0105 postacie, kt\u00f3re czas zepchn\u0105\u0142 w cie\u0144 zapomnienia, a kt\u00f3rych przyk\u0142ad wci\u0105\u017c ja\u015bnieje jako \u015bwiadectwo m\u0105dro\u015bci, pasterskiego autorytetu i wiernej s\u0142u\u017cby Ludowi Bo\u017cemu. <strong>Archidiakon<\/strong> to jedna z takich postaci: dawna godno\u015b\u0107 ko\u015bcielna, niegdy\u015b pe\u0142na w\u0142adzy i wp\u0142ywu, dzi\u015b niemal nieznana, a jednak wci\u0105\u017c g\u0142\u0119boko aktualna.<\/p>\n\n\n\n<p>Ten artyku\u0142 to nie tylko podr\u00f3\u017c w przesz\u0142o\u015b\u0107, by zrozumie\u0107, kim by\u0142 archidiakon, ale r\u00f3wnie\u017c duchowa refleksja nad tym, czego ten urz\u0105d mo\u017ce nas nauczy\u0107 dzi\u015b \u2014 w Ko\u015bciele poszukuj\u0105cym klarowno\u015bci, struktury i wiernych \u015bwiadk\u00f3w Chrystusa.<\/p>\n\n\n\n<hr class=\"wp-block-separator has-alpha-channel-opacity\"\/>\n\n\n\n<h2 class=\"wp-block-heading\">Kim by\u0142 archidiakon?<\/h2>\n\n\n\n<p>S\u0142owo <em>archidiakon<\/em> pochodzi z greckiego <em>archidi\u00e1konos<\/em>, co dos\u0142ownie oznacza \u201epierwszy diakon\u201d lub \u201eg\u0142\u00f3wny diakon\u201d. Cho\u0107 brzmi jak jedno z ogniw diakonatu, przez wiele stuleci archidiakon by\u0142 <strong>jedn\u0105 z najbardziej wp\u0142ywowych postaci w strukturze Ko\u015bcio\u0142a<\/strong>, ust\u0119puj\u0105c cz\u0119sto jedynie biskupowi.<\/p>\n\n\n\n<p>Archidiakon by\u0142 w praktyce <strong>praw\u0105 r\u0119k\u0105 biskupa<\/strong> \u2014 nadzorowa\u0142 duchowie\u0144stwo, sprawowa\u0142 s\u0105dy w imieniu ordynariusza, czuwa\u0142 nad przestrzeganiem dyscypliny ko\u015bcielnej i zarz\u0105dza\u0142 dobrami materialnymi Ko\u015bcio\u0142a. Jednak jego rola nie by\u0142a jedynie administracyjna \u2014 obejmowa\u0142a r\u00f3wnie\u017c wymiar duchowy i pasterski.<\/p>\n\n\n\n<hr class=\"wp-block-separator has-alpha-channel-opacity\"\/>\n\n\n\n<h2 class=\"wp-block-heading\">Pocz\u0105tki: urz\u0105d zrodzony w sercu pierwotnego Ko\u015bcio\u0142a<\/h2>\n\n\n\n<p>Ju\u017c w pierwszych wiekach chrze\u015bcija\u0144stwa, gdy Ko\u015bci\u00f3\u0142 formowa\u0142 si\u0119 w cieniu prze\u015bladowa\u0144, sta\u0142o si\u0119 jasne, \u017ce biskup nie jest w stanie samodzielnie ogarn\u0105\u0107 wszystkich obowi\u0105zk\u00f3w. Potrzebni byli zaufani wsp\u00f3\u0142pracownicy, dziel\u0105cy z nim odpowiedzialno\u015b\u0107 i w\u0142adz\u0119. Tak narodzi\u0142 si\u0119 urz\u0105d archidiakona \u2014 prawdziwego <strong>\u201enadzorcy nadzoruj\u0105cych\u201d<\/strong>.<\/p>\n\n\n\n<p>Od IV wieku spotykamy pisemne \u015bwiadectwa, \u017ce archidiakoni dzia\u0142ali jako <strong>delegaci biskupi<\/strong>, zw\u0142aszcza w du\u017cych diecezjach, gdzie rozleg\u0142o\u015b\u0107 terenu i rosn\u0105ca liczba duchowie\u0144stwa wymaga\u0142y autorytetu po\u015bredniego.<\/p>\n\n\n\n<p>Z czasem archidiakon sta\u0142 si\u0119 czym\u015b w rodzaju <strong>wikariusza generalnego przed oficjalnym ustanowieniem tego urz\u0119du<\/strong> \u2014 by\u0142 twarz\u0105 Ko\u015bcio\u0142a diecezjalnego, kt\u00f3ry wspomaga\u0142 biskupa w pe\u0142nieniu jego misji.<\/p>\n\n\n\n<hr class=\"wp-block-separator has-alpha-channel-opacity\"\/>\n\n\n\n<h2 class=\"wp-block-heading\">\u015aredniowiecze: z\u0142oty wiek archidiakon\u00f3w<\/h2>\n\n\n\n<p>W \u015bredniowieczu <strong>archidiakon osi\u0105gn\u0105\u0142 szczyt swojej w\u0142adzy i znaczenia<\/strong>. W wielu diecezjach Europy \u2014 zw\u0142aszcza we Francji, W\u0142oszech, Anglii i na P\u00f3\u0142wyspie Iberyjskim \u2014 archidiakon by\u0142 jedn\u0105 z najwy\u017cszych w\u0142adz ko\u015bcielnych na szczeblu lokalnym. Mia\u0142 w\u0142asne s\u0105dy ko\u015bcielne, wizytowa\u0142 parafie, korygowa\u0142 nadu\u017cycia i bywa\u0142 postrachem duchowie\u0144stwa przez sw\u0105 surowo\u015b\u0107.<\/p>\n\n\n\n<p>By\u0142 obro\u0144c\u0105 prawa kanonicznego, promotorem porz\u0105dku liturgicznego, str\u00f3\u017cem moralno\u015bci duchowie\u0144stwa \u2014 mo\u017cna \u015bmia\u0142o powiedzie\u0107, \u017ce pe\u0142ni\u0142 rol\u0119 <strong>\u201epasterza pasterzy\u201d<\/strong>.<\/p>\n\n\n\n<p>Ka\u017cda wi\u0119ksza diecezja mia\u0142a kilku archidiakon\u00f3w terytorialnych, z kt\u00f3rych ka\u017cdy odpowiada\u0142 za okre\u015blon\u0105 cz\u0119\u015b\u0107 diecezji. Ich imiona pojawia\u0142y si\u0119 w synodach, dekretach i listach pasterskich. Ich g\u0142os mia\u0142 znaczenie. Jednak z wielk\u0105 w\u0142adz\u0105 przysz\u0142y r\u00f3wnie\u017c napi\u0119cia.<\/p>\n\n\n\n<hr class=\"wp-block-separator has-alpha-channel-opacity\"\/>\n\n\n\n<h2 class=\"wp-block-heading\">Upadek: konflikty i reformy<\/h2>\n\n\n\n<p>Wp\u0142ywy archidiakon\u00f3w nie zawsze by\u0142y mile widziane. Niekt\u00f3rzy nadu\u017cywali w\u0142adzy, inni popadali w konflikty z biskupami \u2014 pojawi\u0142y si\u0119 napi\u0119cia mi\u0119dzy r\u00f3\u017cnymi poziomami w\u0142adzy w Ko\u015bciele. <strong>Centralizacja w\u0142adzy biskupiej i reformy od XIII wieku<\/strong> zacz\u0119\u0142y ogranicza\u0107 znaczenie archidiakon\u00f3w.<\/p>\n\n\n\n<p>Sob\u00f3r Trydencki (1545\u20131563), cho\u0107 formalnie nie zni\u00f3s\u0142 archidiakonatu, promowa\u0142 bardziej bezpo\u015brednie struktury zarz\u0105dzania diecezj\u0105, jak urz\u0105d wikariusza generalnego. Stopniowo rola archidiakona zacz\u0119\u0142a zanika\u0107, ust\u0119puj\u0105c nowoczesnym rozwi\u0105zaniom administracyjnym.<\/p>\n\n\n\n<p>W wielu diecezjach tytu\u0142 przetrwa\u0142 ju\u017c tylko jako <strong>honorowy lub ceremonialny<\/strong>. Tak oto <strong>archidiakon \u2014 dawny stra\u017cnik ortodoksji i dyscypliny \u2014 sta\u0142 si\u0119 postaci\u0105 historyczn\u0105<\/strong>, wspominan\u0105 jedynie w podr\u0119cznikach historii Ko\u015bcio\u0142a.<\/p>\n\n\n\n<hr class=\"wp-block-separator has-alpha-channel-opacity\"\/>\n\n\n\n<h2 class=\"wp-block-heading\">A dzi\u015b? Co figura archidiakona mo\u017ce nam powiedzie\u0107 w XXI wieku?<\/h2>\n\n\n\n<p>Cho\u0107 dzi\u015b tytu\u0142 archidiakona nie niesie za sob\u0105 realnej w\u0142adzy, to <strong>jego duch i misja pozostaj\u0105 niezwykle aktualne<\/strong>. W czasach zam\u0119tu, skandali, utraty wiary i kryzysu autorytetu, <strong>posta\u0107 archidiakona powraca jako profetyczne wezwanie do odnowy<\/strong>.<\/p>\n\n\n\n<h3 class=\"wp-block-heading\">1. <strong>Potrzeba roztropnego i silnego przewodnictwa pasterskiego<\/strong><\/h3>\n\n\n\n<p>Archidiakon by\u0142 pasterzem pasterzy \u2014 zna\u0142 swoj\u0105 diecezj\u0119, towarzyszy\u0142 kap\u0142anom, napomina\u0142 z mi\u0142o\u015bci\u0105, umacnia\u0142 w prawdzie. Dzi\u015b bardziej ni\u017c kiedykolwiek potrzebujemy duszpasterzy, kt\u00f3rzy <strong>towarzysz\u0105 prezbiterom<\/strong>, wspieraj\u0105 ich wierno\u015b\u0107 i \u2014 je\u015bli trzeba \u2014 bratersko koryguj\u0105.<\/p>\n\n\n\n<h3 class=\"wp-block-heading\">2. <strong>W\u0142adza jako s\u0142u\u017cba Ewangelii, nie jako dominacja<\/strong><\/h3>\n\n\n\n<p>Archidiakon sprawowa\u0142 realny autorytet, ale <strong>by\u0142 to autorytet s\u0142u\u017cebny<\/strong>, w trosce o zbawienie dusz i porz\u0105dek w Ko\u015bciele. W \u015bwiecie nieufnym wobec ka\u017cdej w\u0142adzy, przypomina on, \u017ce <strong>prawdziwa w\u0142adza rodzi si\u0119 z pokory, a nie z ambicji<\/strong>.<\/p>\n\n\n\n<h3 class=\"wp-block-heading\">3. <strong>Dyscyplina i ortodoksja nie wykluczaj\u0105 mi\u0142o\u015bci<\/strong><\/h3>\n\n\n\n<p>Misj\u0105 archidiakona by\u0142o egzekwowanie dyscypliny, obrona wiary i napominanie b\u0142\u0119d\u00f3w. Nie by\u0142 \u201eko\u015bcielnym policjantem\u201d, lecz pasterzem zakochanym w prawdzie. Dzi\u015b, gdy tak wiele m\u00f3wi si\u0119 o \u201etowarzyszeniu\u201d, a tak ma\u0142o o <strong>braterskim napomnieniu<\/strong>, posta\u0107 archidiakona uczy nas \u0142\u0105czy\u0107 <strong>mi\u0142o\u015b\u0107 z prawd\u0105, mi\u0142osierdzie z doktryn\u0105<\/strong>.<\/p>\n\n\n\n<h3 class=\"wp-block-heading\">4. <strong>Na nowo odkry\u0107 diakonat<\/strong><\/h3>\n\n\n\n<p>Archidiakon by\u0142 z natury diakonem \u2014 jego posta\u0107 wzywa nas r\u00f3wnie\u017c do ponownego odkrycia <strong>diakonatu sta\u0142ego<\/strong>: nie tylko jako funkcji liturgicznej, ale jako <strong>pos\u0142ugi jedno\u015bci, s\u0142u\u017cby i duchowego przewodnictwa<\/strong> \u2014 mostu mi\u0119dzy duchowie\u0144stwem a wiernymi.<\/p>\n\n\n\n<hr class=\"wp-block-separator has-alpha-channel-opacity\"\/>\n\n\n\n<h2 class=\"wp-block-heading\">Archidiakon w nas<\/h2>\n\n\n\n<p>Ponad tytu\u0142ami i urz\u0119dami, <strong>posta\u0107 archidiakona jest wezwaniem do zaanga\u017cowania ka\u017cdego wierz\u0105cego w \u017cycie Ko\u015bcio\u0142a<\/strong>. To apel, by czuwa\u0107, uczy\u0107, napomina\u0107, wspiera\u0107, s\u0142u\u017cy\u0107. To zaproszenie, by <strong>nie by\u0107 widzem w duchowym dramacie naszych czas\u00f3w<\/strong>.<\/p>\n\n\n\n<p>Ka\u017cda parafia, ka\u017cda wsp\u00f3lnota i ka\u017cda katolicka rodzina potrzebuje <strong>duchowych archidiakon\u00f3w<\/strong>: kobiet i m\u0119\u017cczyzn czujnych, roztropnych, pobo\u017cnych, kochaj\u0105cych prawd\u0119 i oddanych s\u0142u\u017cbie Kr\u00f3lestwa Bo\u017cego.<\/p>\n\n\n\n<hr class=\"wp-block-separator has-alpha-channel-opacity\"\/>\n\n\n\n<h2 class=\"wp-block-heading\">Zako\u0144czenie: Odkry\u0107 na nowo posta\u0107, by odnowi\u0107 Ko\u015bci\u00f3\u0142<\/h2>\n\n\n\n<p>Archidiakon nie jest reliktem przesz\u0142o\u015bci. Jest <strong>\u017cywym echem Ko\u015bcio\u0142a, kt\u00f3ry rozumia\u0142 wag\u0119 duchowej czujno\u015bci, wierno\u015bci doktrynie i pokornej s\u0142u\u017cby<\/strong>. W niepewnych czasach <strong>jego przyk\u0142ad mo\u017ce by\u0107 dla nas \u015bwiat\u0142em<\/strong> \u2014 prowadz\u0105cym ku wierze, jedno\u015bci i pasterskiej gorliwo\u015bci.<\/p>\n\n\n\n<p>Niech Duch \u015awi\u0119ty wzbudzi w Ko\u015bciele wielu \u201enowych archidiakon\u00f3w\u201d \u2014 niekoniecznie z tytu\u0142em, ale z sercem. Wiernych, odwa\u017cnych, pokornych, m\u0105drych. Bo je\u015bli byli potrzebni kiedy\u015b\u2026 <strong>to dzi\u015b s\u0105 potrzebni jeszcze bardziej.<\/strong><\/p>\n","protected":false},"excerpt":{"rendered":"<p>W \u015bwi\u0119tej strukturze Ko\u015bcio\u0142a katolickiego istniej\u0105 postacie, kt\u00f3re czas zepchn\u0105\u0142 w cie\u0144 zapomnienia, a kt\u00f3rych przyk\u0142ad wci\u0105\u017c ja\u015bnieje jako \u015bwiadectwo m\u0105dro\u015bci, pasterskiego autorytetu i wiernej s\u0142u\u017cby Ludowi Bo\u017cemu. Archidiakon to jedna z takich postaci: dawna godno\u015b\u0107 ko\u015bcielna, niegdy\u015b pe\u0142na w\u0142adzy i wp\u0142ywu, dzi\u015b niemal nieznana, a jednak wci\u0105\u017c g\u0142\u0119boko aktualna. Ten artyku\u0142 to nie tylko &hellip;<\/p>\n","protected":false},"author":3,"featured_media":3192,"comment_status":"open","ping_status":"open","sticky":false,"template":"","format":"standard","meta":{"_seopress_robots_primary_cat":"","_seopress_titles_title":"","_seopress_titles_desc":"","_seopress_robots_index":"","footnotes":""},"categories":[38,48],"tags":[878],"class_list":["post-3191","post","type-post","status-publish","format-standard","has-post-thumbnail","","category-historia-i-tradycja","category-historia-kosciola","tag-archidiakoni"],"_links":{"self":[{"href":"https:\/\/catholicus.eu\/pl\/wp-json\/wp\/v2\/posts\/3191","targetHints":{"allow":["GET"]}}],"collection":[{"href":"https:\/\/catholicus.eu\/pl\/wp-json\/wp\/v2\/posts"}],"about":[{"href":"https:\/\/catholicus.eu\/pl\/wp-json\/wp\/v2\/types\/post"}],"author":[{"embeddable":true,"href":"https:\/\/catholicus.eu\/pl\/wp-json\/wp\/v2\/users\/3"}],"replies":[{"embeddable":true,"href":"https:\/\/catholicus.eu\/pl\/wp-json\/wp\/v2\/comments?post=3191"}],"version-history":[{"count":1,"href":"https:\/\/catholicus.eu\/pl\/wp-json\/wp\/v2\/posts\/3191\/revisions"}],"predecessor-version":[{"id":3193,"href":"https:\/\/catholicus.eu\/pl\/wp-json\/wp\/v2\/posts\/3191\/revisions\/3193"}],"wp:featuredmedia":[{"embeddable":true,"href":"https:\/\/catholicus.eu\/pl\/wp-json\/wp\/v2\/media\/3192"}],"wp:attachment":[{"href":"https:\/\/catholicus.eu\/pl\/wp-json\/wp\/v2\/media?parent=3191"}],"wp:term":[{"taxonomy":"category","embeddable":true,"href":"https:\/\/catholicus.eu\/pl\/wp-json\/wp\/v2\/categories?post=3191"},{"taxonomy":"post_tag","embeddable":true,"href":"https:\/\/catholicus.eu\/pl\/wp-json\/wp\/v2\/tags?post=3191"}],"curies":[{"name":"wp","href":"https:\/\/api.w.org\/{rel}","templated":true}]}}