{"id":3188,"date":"2025-04-07T17:47:50","date_gmt":"2025-04-07T15:47:50","guid":{"rendered":"https:\/\/catholicus.eu\/pl\/?p=3188"},"modified":"2025-04-07T17:47:50","modified_gmt":"2025-04-07T15:47:50","slug":"swiety-wincenty-ferreriusz-prorok-sadu-ktory-uczy-nas-zyc-nadzieja","status":"publish","type":"post","link":"https:\/\/catholicus.eu\/pl\/swiety-wincenty-ferreriusz-prorok-sadu-ktory-uczy-nas-zyc-nadzieja\/","title":{"rendered":"\u015awi\u0119ty Wincenty Ferreriusz: Prorok S\u0105du, kt\u00f3ry uczy nas \u017cy\u0107 nadziej\u0105"},"content":{"rendered":"\n<h3 class=\"wp-block-heading\">\ud83d\udd4a\ufe0f Wst\u0119p: Dlaczego dzi\u015b warto m\u00f3wi\u0107 o \u015bw. Wincentym Ferreriuszu?<\/h3>\n\n\n\n<p>W czasach naznaczonych niepewno\u015bci\u0105, podzia\u0142ami i g\u0142odem prawdy, \u015bwi\u0119ty Wincenty Ferreriusz wy\u0142ania si\u0119 z historii jako posta\u0107 ognia i \u015bwiat\u0142a. Niestrudzony kaznodzieja, cudotw\u00f3rca, doradca papie\u017cy i kr\u00f3l\u00f3w \u2014 a przede wszystkim cz\u0142owiek Bo\u017cy \u2014 mia\u0142 jedno zadanie: obudzi\u0107 u\u015bpione dusze i przygotowa\u0107 je na spotkanie z Panem.<\/p>\n\n\n\n<p>Nazywano go \u201eAnio\u0142em Apokalipsy\u201d \u2014 nie dla efektu dramatycznego, lecz ze wzgl\u0119du na moc, z jak\u0105 g\u0142osi\u0142 S\u0105d Ostateczny, grzech i pilno\u015b\u0107 nawr\u00f3cenia. Ale jego przes\u0142anie nie by\u0142o tylko gro\u017ab\u0105: m\u00f3wi\u0142 tak\u017ce z czu\u0142o\u015bci\u0105 o Bo\u017cym mi\u0142osierdziu, zbawieniu i nadziei w Chrystusie. Dzi\u015b, w \u015bwiecie odurzonym relatywizmem i duchow\u0105 letnio\u015bci\u0105, jego or\u0119dzie jest bardziej aktualne ni\u017c kiedykolwiek.<\/p>\n\n\n\n<hr class=\"wp-block-separator has-alpha-channel-opacity\"\/>\n\n\n\n<h3 class=\"wp-block-heading\">\ud83e\uddec Pocz\u0105tki: Dziecko z Walencji naznaczone przez Boga<\/h3>\n\n\n\n<p>Wincenty Ferreriusz urodzi\u0142 si\u0119 23 stycznia 1350 roku w Walencji, w\u00f3wczas nale\u017c\u0105cej do Korony Aragonii. Jego rodzice, Wilhelm Ferrer i Konstancja Miguel, byli gorliwymi chrze\u015bcijanami. Od najm\u0142odszych lat przejawia\u0142 niezwyk\u0142\u0105 inteligencj\u0119 i g\u0142\u0119bok\u0105 duchowo\u015b\u0107. Wed\u0142ug przekaz\u00f3w, jako dziecko po\u015bci\u0142, modli\u0142 si\u0119 i kocha\u0142 sprawy niebieskie.<\/p>\n\n\n\n<p>W wieku 17 lat wst\u0105pi\u0142 do Zakonu Kaznodziejskiego \u2014 dominikan\u00f3w. Tam odnalaz\u0142 doskona\u0142\u0105 r\u00f3wnowag\u0119 mi\u0119dzy \u017cyciem kontemplacyjnym a misyjnym. Studiowa\u0142 filozofi\u0119 i teologi\u0119 w Barcelonie, L\u00e9ridzie i Tuluzie. Szybko da\u0142 si\u0119 pozna\u0107 jako zdolny teolog i nauczyciel, ale jego prawdziwe powo\u0142anie nie le\u017ca\u0142o w nauczaniu akademickim \u2014 chcia\u0142 ratowa\u0107 dusze.<\/p>\n\n\n\n<hr class=\"wp-block-separator has-alpha-channel-opacity\"\/>\n\n\n\n<h3 class=\"wp-block-heading\">\ud83d\udde3\ufe0f Kaznodzieja Czas\u00f3w Ostatecznych<\/h3>\n\n\n\n<p>Jedn\u0105 z najbardziej uderzaj\u0105cych cech \u015bw. Wincentego Ferreriusza by\u0142 jego charyzmat g\u0142oszenia \u2014 por\u00f3wnywany jedynie do \u015bw. Paw\u0142a. Przemierza\u0142 pieszo ca\u0142\u0105 Europ\u0119: Hiszpani\u0119, Francj\u0119, W\u0142ochy, Niemcy, Szwajcari\u0119, Irlandi\u0119\u2026 A gdziekolwiek si\u0119 pojawia\u0142, tysi\u0105ce ludzi si\u0119 nawraca\u0142y.<\/p>\n\n\n\n<p>G\u0142osi\u0142 na placach, w ko\u015bcio\u0142ach, na ulicach. Bez widowiskowo\u015bci, bez pustych s\u0142\u00f3w \u2014 by\u0142 ogie\u0144. Ogie\u0144, kt\u00f3ry rozpala\u0142 dusze, budzi\u0142 sumienia i przemienia\u0142 zatwardzia\u0142ych grzesznik\u00f3w.<\/p>\n\n\n\n<p>Centralnym tematem jego nauczania by\u0142 <strong>S\u0105d Ostateczny<\/strong>. G\u0142osi\u0142 bez l\u0119ku: czas jest kr\u00f3tki, Chrystus nadchodzi, nie mo\u017cna \u017cy\u0107 tak, jakby nasze czyny nie mia\u0142y konsekwencji. Jego j\u0119zyk by\u0142 bezpo\u015bredni, pe\u0142en biblijnych obraz\u00f3w, a jego s\u0142owa potwierdzane by\u0142y znakami: uzdrowieniami, wizjami, egzorcyzmami \u2014 nawet wskrzeszenia przypisywane s\u0105 jego wstawiennictwu.<\/p>\n\n\n\n<p>To nie by\u0142 teatr. To by\u0142a \u017cywa Ewangelia.<\/p>\n\n\n\n<hr class=\"wp-block-separator has-alpha-channel-opacity\"\/>\n\n\n\n<h3 class=\"wp-block-heading\">\ud83d\udd25 Dlaczego nazywano go \u201eAnio\u0142em Apokalipsy\u201d?<\/h3>\n\n\n\n<p>\u015awi\u0119ty Wincenty Ferreriusz uto\u017csamia\u0142 si\u0119 z anio\u0142em z 14. rozdzia\u0142u Apokalipsy:<\/p>\n\n\n\n<blockquote class=\"wp-block-quote is-layout-flow wp-block-quote-is-layout-flow\">\n<p>\u201eI ujrza\u0142em innego anio\u0142a lec\u0105cego przez \u015brodek nieba, kt\u00f3ry mia\u0142 odwieczn\u0105 Ewangeli\u0119 do og\u0142oszenia mieszka\u0144com ziemi&#8230;\u201d (Ap 14,6)<\/p>\n<\/blockquote>\n\n\n\n<p>Uwa\u017ca\u0142, \u017ce otrzyma\u0142 od Boga specjaln\u0105 misj\u0119: przygotowa\u0107 \u015bwiat na S\u0105d. W czasie Wielkiej Schizmy Zachodniej (gdy dw\u00f3ch, a p\u00f3\u017aniej trzech papie\u017cy ro\u015bci\u0142o sobie prawo do tronu Piotrowego), Wincenty poczu\u0142 si\u0119 wezwany, by g\u0142osi\u0107 pokut\u0119, jedno\u015b\u0107 Ko\u015bcio\u0142a i wierno\u015b\u0107 Chrystusowi.<\/p>\n\n\n\n<p>Nie m\u00f3wi\u0142 o ko\u0144cu \u015bwiata w stylu katastroficznym, lecz o chwili prawdy, kiedy ka\u017cda dusza stanie twarz\u0105 w twarz z Chrystusem. Czy jeste\u015bmy gotowi?<\/p>\n\n\n\n<hr class=\"wp-block-separator has-alpha-channel-opacity\"\/>\n\n\n\n<h3 class=\"wp-block-heading\">\ud83e\udded Cz\u0142owiek swoich czas\u00f3w: mi\u0119dzy polityk\u0105 a proroctwem<\/h3>\n\n\n\n<p>\u015awi\u0119ty Wincenty Ferreriusz nie by\u0142 mnichem zamkni\u0119tym w klasztorze. By\u0142 aktywnym uczestnikiem dziej\u00f3w:<\/p>\n\n\n\n<p>\ud83d\udd39 Podczas Wielkiej Schizmy Zachodniej d\u0105\u017cy\u0142 do pojednania i zjednoczenia Ko\u015bcio\u0142a.<br>\ud83d\udd39 By\u0142 doradc\u0105 kr\u00f3l\u00f3w i ksi\u0105\u017c\u0105t, ale m\u00f3wi\u0142 zawsze z wolno\u015bci\u0105 cz\u0142owieka oddanego tylko Bogu.<br>\ud83d\udd39 W 1412 roku odegra\u0142 kluczow\u0105 rol\u0119 w tzw. Kompromisie z Caspe, kt\u00f3ry rozwi\u0105za\u0142 kryzys sukcesji w Koronie Aragonii.<br>\ud83d\udd39 Jego relacja ze spo\u0142eczno\u015bci\u0105 \u017cydowsk\u0105 jest z\u0142o\u017cona: niekt\u00f3rzy oskar\u017caj\u0105 go o przymusowe nawr\u00f3cenia, ale jego pragnieniem by\u0142o g\u0142osi\u0107 Chrystusa wszystkim \u2014 z gorliwo\u015bci\u0105 misjonarza i dominika\u0144skim zapa\u0142em.<\/p>\n\n\n\n<hr class=\"wp-block-separator has-alpha-channel-opacity\"\/>\n\n\n\n<h3 class=\"wp-block-heading\">\ud83d\udd6f\ufe0f Kiedy obchodzimy wspomnienie \u015bw. Wincentego Ferreriusza?<\/h3>\n\n\n\n<p>Jego wspomnienie liturgiczne przypada na <strong>5 kwietnia<\/strong>. W Wsp\u00f3lnocie Walenckiej (Hiszpania) jest ono obchodzone w poniedzia\u0142ek po drugiej niedzieli Wielkanocy jako uroczysto\u015b\u0107 regionalna.<\/p>\n\n\n\n<p>Nie bez powodu przypada w czasie wielkanocnym: Wincenty by\u0142 g\u0142osicielem Zmartwychwstania \u2014 cho\u0107 zaczyna\u0142 od S\u0105du. Wiedzia\u0142, \u017ce Ewangelia to nie tylko dobra nowina: to radykalne wezwanie. \u017bycie albo \u015bmier\u0107. \u015awiat\u0142o albo ciemno\u015b\u0107. Prawda albo k\u0142amstwo.<\/p>\n\n\n\n<hr class=\"wp-block-separator has-alpha-channel-opacity\"\/>\n\n\n\n<h3 class=\"wp-block-heading\">\u2728 Co m\u00f3wi dzi\u015b do nas \u015bw. Wincenty Ferreriusz?<\/h3>\n\n\n\n<p>Mo\u017cemy my\u015ble\u0107, \u017ce \u015bw. Wincenty nale\u017cy do innej epoki, do przestarza\u0142ej religijno\u015bci. A jednak jego przes\u0142anie jest bardziej aktualne ni\u017c kiedykolwiek. Dlaczego?<\/p>\n\n\n\n<h4 class=\"wp-block-heading\">1. <strong>Przypomina, \u017ce Prawda istnieje<\/strong><\/h4>\n\n\n\n<p>W \u015bwiecie, gdzie wszystko jest wzgl\u0119dne, gdzie wszystko jest \u201eczyj\u0105\u015b opini\u0105\u201d, Wincenty og\u0142asza: istnieje Niebo i Piek\u0142o. Istnieje zbawienie i pot\u0119pienie. A Jezus Chrystus jest jedyn\u0105 Drog\u0105, Prawd\u0105 i \u017byciem.<\/p>\n\n\n\n<h4 class=\"wp-block-heading\">2. <strong>Wzywa do \u017cycia z pilno\u015bci\u0105<\/strong><\/h4>\n\n\n\n<p>Nie w l\u0119ku, ale ze \u015bwiadomo\u015bci\u0105, co naprawd\u0119 si\u0119 liczy. Kiedy ostatni raz byli\u015bmy u spowiedzi? Czy rozmawiali\u015bmy ostatnio z kim\u015b o Bogu?<\/p>\n\n\n\n<h4 class=\"wp-block-heading\">3. <strong>Inspirowa\u0142 do odwa\u017cnej ewangelizacji<\/strong><\/h4>\n\n\n\n<p>Dzi\u015b \u015bwiat potrzebuje p\u0142on\u0105cych serc, a nie letnich s\u0142\u00f3w. Rodzice, katecheci, kap\u0142ani, m\u0142odzi \u2014 \u015bwiat potrzebuje \u015bwiadk\u00f3w takich jak Wincenty!<\/p>\n\n\n\n<h4 class=\"wp-block-heading\">4. <strong>Pokazuje moc nawr\u00f3cenia<\/strong><\/h4>\n\n\n\n<p>Kiedy Wincenty g\u0142osi\u0142, ca\u0142e miasta zmienia\u0142y \u017cycie. To nie przesz\u0142o\u015b\u0107 \u2014 Ewangelia ma dzi\u015b t\u0119 sam\u0105 moc, je\u015bli prze\u017cywamy j\u0105 z radykalizmem.<\/p>\n\n\n\n<hr class=\"wp-block-separator has-alpha-channel-opacity\"\/>\n\n\n\n<h3 class=\"wp-block-heading\">\ud83e\udde1 Zako\u0144czenie: By\u0107 dzi\u015b jak Wincenty Ferreriusz<\/h3>\n\n\n\n<p>Nie wszyscy jeste\u015bmy powo\u0142ani, by pieszo przemierza\u0107 kontynenty, czyni\u0107 cuda czy g\u0142osi\u0107 na placach. Ale <strong>wszyscy jeste\u015bmy powo\u0142ani<\/strong>, by \u017cy\u0107 tym samym ogniem \u2014 ogniem Ducha \u015awi\u0119tego.<\/p>\n\n\n\n<p>\u015awi\u0119ty Wincenty Ferreriusz wo\u0142a do nas z Nieba: <strong>Obud\u017a si\u0119! \u017byj tak, jakby Chrystus przyszed\u0142 dzi\u015b. Bo On przyjdzie. A b\u0142ogos\u0142awiony ten, kto b\u0119dzie czuwa\u0142 z lamp\u0105 zapalon\u0105.<\/strong><\/p>\n\n\n\n<p>Pro\u015bmy o jego wstawiennictwo. Niech da nam swoj\u0105 gorliwo\u015b\u0107 o zbawienie dusz, mi\u0142o\u015b\u0107 do prawdy, odwag\u0119, by niepokoi\u0107 sumienia, i niezachwian\u0105 wiar\u0119 w moc Boga.<\/p>\n\n\n\n<hr class=\"wp-block-separator has-alpha-channel-opacity\"\/>\n\n\n\n<h3 class=\"wp-block-heading\">\ud83d\ude4f Modlitwa do \u015bw. Wincentego Ferreriusza<\/h3>\n\n\n\n<blockquote class=\"wp-block-quote is-layout-flow wp-block-quote-is-layout-flow\">\n<p><em>Chwalebny \u015bwi\u0119ty Wincenty Ferreriuszu,<\/em><br><em>p\u0142omieniu Ewangelii,<\/em><br><em>kaznodziejo S\u0105du i Nadziei,<\/em><br><em>pom\u00f3\u017c nam wyj\u015b\u0107 z letargu grzechu.<\/em><\/p>\n\n\n\n<p><em>Naucz nas \u017cy\u0107 z oczami zwr\u00f3conymi ku Niebu,<\/em><br><em>g\u0142osi\u0107 Prawd\u0119 bez l\u0119ku,<\/em><br><em>i z rado\u015bci\u0105 oczekiwa\u0107 powrotu naszego Pana Jezusa Chrystusa.<\/em><\/p>\n\n\n\n<p><em>M\u00f3dl si\u0119 za nami, aby\u015bmy i my, na ko\u0144cu \u017cycia,<\/em><br><em>mogli powiedzie\u0107: \u201eW dobrych zawodach wyst\u0105pi\u0142em, wiar\u0119 ustrzeg\u0142em.\u201d<\/em><\/p>\n\n\n\n<p><em>Amen.<\/em><\/p>\n<\/blockquote>\n","protected":false},"excerpt":{"rendered":"<p>\ud83d\udd4a\ufe0f Wst\u0119p: Dlaczego dzi\u015b warto m\u00f3wi\u0107 o \u015bw. Wincentym Ferreriuszu? W czasach naznaczonych niepewno\u015bci\u0105, podzia\u0142ami i g\u0142odem prawdy, \u015bwi\u0119ty Wincenty Ferreriusz wy\u0142ania si\u0119 z historii jako posta\u0107 ognia i \u015bwiat\u0142a. Niestrudzony kaznodzieja, cudotw\u00f3rca, doradca papie\u017cy i kr\u00f3l\u00f3w \u2014 a przede wszystkim cz\u0142owiek Bo\u017cy \u2014 mia\u0142 jedno zadanie: obudzi\u0107 u\u015bpione dusze i przygotowa\u0107 je na spotkanie &hellip;<\/p>\n","protected":false},"author":3,"featured_media":3189,"comment_status":"open","ping_status":"open","sticky":false,"template":"","format":"standard","meta":{"_seopress_robots_primary_cat":"","_seopress_titles_title":"","_seopress_titles_desc":"","_seopress_robots_index":"","footnotes":""},"categories":[40,61],"tags":[877],"class_list":["post-3188","post","type-post","status-publish","format-standard","has-post-thumbnail","","category-modlitwa-i-duchowosc","category-swieci-i-kalendarz-liturgiczny","tag-swiety-wincenty-ferreriusz"],"_links":{"self":[{"href":"https:\/\/catholicus.eu\/pl\/wp-json\/wp\/v2\/posts\/3188","targetHints":{"allow":["GET"]}}],"collection":[{"href":"https:\/\/catholicus.eu\/pl\/wp-json\/wp\/v2\/posts"}],"about":[{"href":"https:\/\/catholicus.eu\/pl\/wp-json\/wp\/v2\/types\/post"}],"author":[{"embeddable":true,"href":"https:\/\/catholicus.eu\/pl\/wp-json\/wp\/v2\/users\/3"}],"replies":[{"embeddable":true,"href":"https:\/\/catholicus.eu\/pl\/wp-json\/wp\/v2\/comments?post=3188"}],"version-history":[{"count":1,"href":"https:\/\/catholicus.eu\/pl\/wp-json\/wp\/v2\/posts\/3188\/revisions"}],"predecessor-version":[{"id":3190,"href":"https:\/\/catholicus.eu\/pl\/wp-json\/wp\/v2\/posts\/3188\/revisions\/3190"}],"wp:featuredmedia":[{"embeddable":true,"href":"https:\/\/catholicus.eu\/pl\/wp-json\/wp\/v2\/media\/3189"}],"wp:attachment":[{"href":"https:\/\/catholicus.eu\/pl\/wp-json\/wp\/v2\/media?parent=3188"}],"wp:term":[{"taxonomy":"category","embeddable":true,"href":"https:\/\/catholicus.eu\/pl\/wp-json\/wp\/v2\/categories?post=3188"},{"taxonomy":"post_tag","embeddable":true,"href":"https:\/\/catholicus.eu\/pl\/wp-json\/wp\/v2\/tags?post=3188"}],"curies":[{"name":"wp","href":"https:\/\/api.w.org\/{rel}","templated":true}]}}