{"id":3185,"date":"2025-04-06T23:12:07","date_gmt":"2025-04-06T21:12:07","guid":{"rendered":"https:\/\/catholicus.eu\/pl\/?p=3185"},"modified":"2025-04-06T23:12:07","modified_gmt":"2025-04-06T21:12:07","slug":"indeks-ksiag-zakazanych-cenzura-czy-ochrona-wiary-doglebna-analiza-historii-i-wspolczesnego-znaczenia","status":"publish","type":"post","link":"https:\/\/catholicus.eu\/pl\/indeks-ksiag-zakazanych-cenzura-czy-ochrona-wiary-doglebna-analiza-historii-i-wspolczesnego-znaczenia\/","title":{"rendered":"Indeks Ksi\u0105g Zakazanych: Cenzura czy Ochrona Wiary? Dog\u0142\u0119bna analiza historii i wsp\u00f3\u0142czesnego znaczenia"},"content":{"rendered":"\n<h3 class=\"wp-block-heading\"><strong>Wprowadzenie: Tajemnica wzbudzaj\u0105ca ciekawo\u015b\u0107<\/strong><\/h3>\n\n\n\n<p>W \u015bwiecie, gdzie wolno\u015b\u0107 s\u0142owa uwa\u017cana jest za warto\u015b\u0107 absolutn\u0105, idea &#8222;Indeksu Ksi\u0105g Zakazanych&#8221; brzmi jak relikt mrocznej, represyjnej przesz\u0142o\u015bci. Ale czy rzeczywi\u015bcie tak by\u0142o? Dlaczego Ko\u015bci\u00f3\u0142 Katolicki uwa\u017ca\u0142 przez wieki za konieczne stworzenie listy ksi\u0105\u017cek, kt\u00f3rych wierni nie powinni czyta\u0107?<\/p>\n\n\n\n<p>Ten artyku\u0142 nie tylko zbada pochodzenie i histori\u0119 Index Librorum Prohibitorum, ale przeanalizuje te\u017c jego teologiczne znaczenie, wp\u0142yw kulturowy i &#8211; co najwa\u017cniejsze &#8211; jego aktualno\u015b\u0107 w czasach, gdy dezinformacja i ideologie sprzeczne z wiar\u0105 katolick\u0105 rozprzestrzeniaj\u0105 si\u0119 bez kontroli.<\/p>\n\n\n\n<hr class=\"wp-block-separator has-alpha-channel-opacity\"\/>\n\n\n\n<h3 class=\"wp-block-heading\"><strong>1. Pochodzenie Indeksu: Dlaczego Ko\u015bci\u00f3\u0142 zakazywa\u0142 ksi\u0105\u017cek?<\/strong><\/h3>\n\n\n\n<p>Index Librorum Prohibitorum zosta\u0142 oficjalnie ustanowiony w 1559 roku za pontyfikatu Paw\u0142a IV podczas kontrreformacji. Jednak troska o ortodoksyjno\u015b\u0107 lektur si\u0119ga znacznie wcze\u015bniej:<\/p>\n\n\n\n<ul class=\"wp-block-list\">\n<li><strong>IV-V wiek<\/strong>: Sobory pot\u0119pia\u0142y herezje i pali\u0142y teksty gnostyckie<\/li>\n\n\n\n<li><strong>\u015aredniowiecze<\/strong>: Uniwersytety i Inkwizycja monitorowa\u0142y pisma heretyckie<\/li>\n\n\n\n<li><strong>1450<\/strong>: Wynalazek druku Gutenberga zwielokrotni\u0142 rozprzestrzenianie niebezpiecznych idei<\/li>\n<\/ul>\n\n\n\n<p>Ko\u015bci\u00f3\u0142 jako matka i nauczycielka mia\u0142 obowi\u0105zek chroni\u0107 swoje dzieci przed b\u0142\u0119dami doktrynalnymi, kt\u00f3re mog\u0142y prowadzi\u0107 do duchowej zguby.<\/p>\n\n\n\n<hr class=\"wp-block-separator has-alpha-channel-opacity\"\/>\n\n\n\n<h3 class=\"wp-block-heading\"><strong>2. Jakie ksi\u0105\u017cki by\u0142y zakazane i dlaczego?<\/strong><\/h3>\n\n\n\n<p>Indeks nie by\u0142 zwyk\u0142\u0105 list\u0105 &#8222;niebezpiecznych&#8221; ksi\u0105\u017cek, ale narz\u0119dziem rozeznania. Zawiera\u0142 dzie\u0142a, kt\u00f3re:<\/p>\n\n\n\n<ul class=\"wp-block-list\">\n<li><strong>Podwa\u017ca\u0142y dogmaty<\/strong>\u00a0(jak bosko\u015b\u0107 Chrystusa)<\/li>\n\n\n\n<li><strong>Promowa\u0142y herezje<\/strong>\u00a0(luteranizm, kalwinizm itp.)<\/li>\n\n\n\n<li><strong>Atakowa\u0142y katolick\u0105 moralno\u015b\u0107<\/strong>\u00a0(tre\u015bci obsceniczne lub blu\u017aniercze)<\/li>\n\n\n\n<li><strong>Zawiera\u0142y okultyzm lub zabobony<\/strong><\/li>\n<\/ul>\n\n\n\n<p>Znani autorzy w Indeksie:<\/p>\n\n\n\n<ul class=\"wp-block-list\">\n<li><strong>Galileusz<\/strong>\u00a0(z powodu nieporozumie\u0144 dotycz\u0105cych heliocentryzmu)<\/li>\n\n\n\n<li><strong>Machiavelli<\/strong>\u00a0(&#8222;Ksi\u0105\u017c\u0119&#8221; uznany za niemoralny)<\/li>\n\n\n\n<li><strong>Voltaire i Rousseau<\/strong>\u00a0(o\u015bwieceniowi antykleryka\u0142owie)<\/li>\n\n\n\n<li><strong>Kant i Kartezjusz<\/strong>\u00a0(za skrajny racjonalizm)<\/li>\n<\/ul>\n\n\n\n<p>Co ciekawe,&nbsp;<strong>Bibli\u0119 w j\u0119zykach narodowych<\/strong>&nbsp;te\u017c ograniczano &#8211; nie po to, by ukrywa\u0107 Pismo, ale by zapobiec b\u0142\u0119dnym protestanckim przek\u0142adom.<\/p>\n\n\n\n<hr class=\"wp-block-separator has-alpha-channel-opacity\"\/>\n\n\n\n<h3 class=\"wp-block-heading\"><strong>3. Ewolucja Indeksu: Autorytaryzm czy mi\u0142osierdzie?<\/strong><\/h3>\n\n\n\n<p>Wielu krytykuje Indeks jako cenzur\u0119, ale Ko\u015bci\u00f3\u0142 widzia\u0142 w nim&nbsp;<strong>akt mi\u0142osierdzia<\/strong>:<\/p>\n\n\n\n<ul class=\"wp-block-list\">\n<li><strong>Ksi\u0105\u017cki nie by\u0142y zakazywane arbitralnie<\/strong>, ale by zapobiec\u00a0<strong>zgorszeniu<\/strong><\/li>\n\n\n\n<li><strong>Istnia\u0142y specjalne pozwolenia<\/strong>\u00a0dla uczonych<\/li>\n\n\n\n<li><strong>Nie r\u00f3wna\u0142o si\u0119 to paleniu ksi\u0105\u017cek<\/strong>\u00a0(przesadzony mit)<\/li>\n<\/ul>\n\n\n\n<p>W 1966 roku Vatican II zni\u00f3s\u0142 Indeks &#8211; nie dlatego, \u017ce Ko\u015bci\u00f3\u0142 porzuci\u0142 prawd\u0119, ale poniewa\u017c:<\/p>\n\n\n\n<ul class=\"wp-block-list\">\n<li><strong>Wsp\u00f3\u0142czesna mentalno\u015b\u0107<\/strong>\u00a0wymaga\u0142a nowego podej\u015bcia<\/li>\n\n\n\n<li><strong>Obowi\u0105zkiem chrze\u015bcijanina<\/strong>\u00a0sta\u0142o si\u0119 rozeznawanie przez formacj\u0119, nie tylko unikanie b\u0142\u0119d\u00f3w<\/li>\n<\/ul>\n\n\n\n<hr class=\"wp-block-separator has-alpha-channel-opacity\"\/>\n\n\n\n<h3 class=\"wp-block-heading\"><strong>4. Czy &#8222;Indeks Ksi\u0105g Zakazanych&#8221; mia\u0142by sens dzi\u015b?<\/strong><\/h3>\n\n\n\n<p>W erze cyfrowej, gdzie&nbsp;<strong>relatywizm i dezinformacja<\/strong>&nbsp;rozprzestrzeniaj\u0105 si\u0119, wielu katolik\u00f3w pyta: Czy nie potrzebujemy przewodnika?<\/p>\n\n\n\n<p><strong>Tak, ale w inny spos\u00f3b.<\/strong><\/p>\n\n\n\n<ul class=\"wp-block-list\">\n<li><strong>Zagro\u017cenie dzi\u015b nie pochodzi tylko z ksi\u0105\u017cek<\/strong>, ale z algorytm\u00f3w i medi\u00f3w spo\u0142eczno\u015bciowych<\/li>\n\n\n\n<li><strong>Rozwi\u0105zaniem nie jest zakaz, ale formacja<\/strong>:\n<ul class=\"wp-block-list\">\n<li><strong>Czytanie z teologicznym rozeznaniem<\/strong><\/li>\n\n\n\n<li><strong>Odwo\u0142ywanie si\u0119 do Magisterium Ko\u015bcio\u0142a<\/strong><\/li>\n\n\n\n<li><strong>Promowanie dobrych lektur<\/strong>\u00a0(Katechizm, Ojcowie Ko\u015bcio\u0142a)<\/li>\n<\/ul>\n<\/li>\n<\/ul>\n\n\n\n<p><strong>Wsp\u00f3\u0142czesne przyk\u0142ady<\/strong>: Ksi\u0105\u017cki new age, ideologia gender &#8211; czy nie powinni\u015bmy ich &#8222;duchowo zakazywa\u0107&#8221;? Nie przez cenzur\u0119, ale przez&nbsp;<strong>dobrze uformowan\u0105 wiar\u0119<\/strong>.<\/p>\n\n\n\n<hr class=\"wp-block-separator has-alpha-channel-opacity\"\/>\n\n\n\n<h3 class=\"wp-block-heading\"><strong>5. Zako\u0144czenie: Poza zakazem &#8211; rozeznanie<\/strong><\/h3>\n\n\n\n<p>Indeks by\u0142 produktem swoich czas\u00f3w, stworzonym by&nbsp;<strong>chroni\u0107 dusze<\/strong>. Dzi\u015b Ko\u015bci\u00f3\u0142 ufa, \u017ce wierni,&nbsp;<strong>prowadzeni przez Ducha \u015awi\u0119tego<\/strong>, wybior\u0105 prawd\u0119.<\/p>\n\n\n\n<p><strong>Co mo\u017cemy zrobi\u0107?<\/strong><br>\u2705&nbsp;<strong>Formowa\u0107 si\u0119 w wierze<\/strong>&nbsp;(solidna katolicka doktryna)<br>\u2705&nbsp;<strong>Korzysta\u0107 z wiarygodnych \u017ar\u00f3de\u0142<\/strong>&nbsp;(zatwierdzone katolickie strony)<br>\u2705&nbsp;<strong>Modli\u0107 si\u0119 i rozeznawa\u0107<\/strong>&nbsp;(Duch \u015awi\u0119ty nas prowadzi)<\/p>\n\n\n\n<p><strong>Prawda nie l\u0119ka si\u0119 b\u0142\u0119du, ale b\u0142\u0105d l\u0119ka si\u0119 prawdy.<\/strong><\/p>\n\n\n\n<hr class=\"wp-block-separator has-alpha-channel-opacity\"\/>\n\n\n\n<p><strong>Chcesz list\u0119 polecanych katolickich ksi\u0105\u017cek?<\/strong>&nbsp;Napisz w komentarzu!<\/p>\n\n\n\n<p>\ud83d\udcd6&nbsp;<strong>&#8222;Wszystko badajcie, a co szlachetne &#8211; zachowujcie!&#8221;<\/strong>&nbsp;(1 Tes 5,21)<\/p>\n\n\n\n[UDOST\u0118PNIJ, je\u015bli wierzysz, \u017ce prawd\u0119 nale\u017cy broni\u0107 z mi\u0142o\u015bci\u0105 i m\u0105dro\u015bci\u0105.]\n","protected":false},"excerpt":{"rendered":"<p>Wprowadzenie: Tajemnica wzbudzaj\u0105ca ciekawo\u015b\u0107 W \u015bwiecie, gdzie wolno\u015b\u0107 s\u0142owa uwa\u017cana jest za warto\u015b\u0107 absolutn\u0105, idea &#8222;Indeksu Ksi\u0105g Zakazanych&#8221; brzmi jak relikt mrocznej, represyjnej przesz\u0142o\u015bci. Ale czy rzeczywi\u015bcie tak by\u0142o? Dlaczego Ko\u015bci\u00f3\u0142 Katolicki uwa\u017ca\u0142 przez wieki za konieczne stworzenie listy ksi\u0105\u017cek, kt\u00f3rych wierni nie powinni czyta\u0107? Ten artyku\u0142 nie tylko zbada pochodzenie i histori\u0119 Index Librorum &hellip;<\/p>\n","protected":false},"author":3,"featured_media":3186,"comment_status":"open","ping_status":"open","sticky":false,"template":"","format":"standard","meta":{"_seopress_robots_primary_cat":"","_seopress_titles_title":"","_seopress_titles_desc":"","_seopress_robots_index":"","footnotes":""},"categories":[38,48],"tags":[875],"class_list":["post-3185","post","type-post","status-publish","format-standard","has-post-thumbnail","","category-historia-i-tradycja","category-historia-kosciola","tag-indeks-ksiag-zakazanych"],"_links":{"self":[{"href":"https:\/\/catholicus.eu\/pl\/wp-json\/wp\/v2\/posts\/3185","targetHints":{"allow":["GET"]}}],"collection":[{"href":"https:\/\/catholicus.eu\/pl\/wp-json\/wp\/v2\/posts"}],"about":[{"href":"https:\/\/catholicus.eu\/pl\/wp-json\/wp\/v2\/types\/post"}],"author":[{"embeddable":true,"href":"https:\/\/catholicus.eu\/pl\/wp-json\/wp\/v2\/users\/3"}],"replies":[{"embeddable":true,"href":"https:\/\/catholicus.eu\/pl\/wp-json\/wp\/v2\/comments?post=3185"}],"version-history":[{"count":1,"href":"https:\/\/catholicus.eu\/pl\/wp-json\/wp\/v2\/posts\/3185\/revisions"}],"predecessor-version":[{"id":3187,"href":"https:\/\/catholicus.eu\/pl\/wp-json\/wp\/v2\/posts\/3185\/revisions\/3187"}],"wp:featuredmedia":[{"embeddable":true,"href":"https:\/\/catholicus.eu\/pl\/wp-json\/wp\/v2\/media\/3186"}],"wp:attachment":[{"href":"https:\/\/catholicus.eu\/pl\/wp-json\/wp\/v2\/media?parent=3185"}],"wp:term":[{"taxonomy":"category","embeddable":true,"href":"https:\/\/catholicus.eu\/pl\/wp-json\/wp\/v2\/categories?post=3185"},{"taxonomy":"post_tag","embeddable":true,"href":"https:\/\/catholicus.eu\/pl\/wp-json\/wp\/v2\/tags?post=3185"}],"curies":[{"name":"wp","href":"https:\/\/api.w.org\/{rel}","templated":true}]}}