{"id":3150,"date":"2025-04-06T00:08:58","date_gmt":"2025-04-05T22:08:58","guid":{"rendered":"https:\/\/catholicus.eu\/pl\/?p=3150"},"modified":"2025-04-06T00:08:58","modified_gmt":"2025-04-05T22:08:58","slug":"kiedy-dusza-wola-w-nocy-msza-za-zmarlych-i-jej-tajemnicza-moc","status":"publish","type":"post","link":"https:\/\/catholicus.eu\/pl\/kiedy-dusza-wola-w-nocy-msza-za-zmarlych-i-jej-tajemnicza-moc\/","title":{"rendered":"\u201eKiedy dusza wo\u0142a w nocy\u201d: Msza za Zmar\u0142ych i jej tajemnicza moc"},"content":{"rendered":"\n<p><strong>Wprowadzenie: Mi\u0119dzy cisz\u0105 nocy a wo\u0142aniem wieczno\u015bci<\/strong><\/p>\n\n\n\n<p>By\u0142 czas, gdy dzwony ko\u015bcielne bi\u0142y o p\u00f3\u0142nocy, a \u015bwiece p\u0142on\u0119\u0142y jak gwiazdy w ciemno\u015bci \u015bwi\u0105tyni. By\u0142a to <em>Msza za Zmar\u0142ych<\/em>, Msza Requiem, odprawiana w najg\u0142\u0119bszej nocy \u2014 nie jako cie\u0144, ale jako cicha nadzieja. Dzi\u015b praktyka ta niemal ca\u0142kowicie zanik\u0142a. Ale co oznacza\u0142o celebrowanie Mszy o p\u00f3\u0142nocy za dusze zmar\u0142ych? Jaki by\u0142 jej sens? I co stracili\u015bmy, porzucaj\u0105c j\u0105?<\/p>\n\n\n\n<p>Ten artyku\u0142 to g\u0142\u0119boka podr\u00f3\u017c przez histori\u0119, symbolik\u0119 i duchowo\u015b\u0107 Mszy za Zmar\u0142ych, szczeg\u00f3lnie tej tradycyjnie sprawowanej o p\u00f3\u0142nocy w katolickiej Tradycji. To nie tylko spojrzenie w przesz\u0142o\u015b\u0107, ale zaproszenie do ponownego odkrycia jednej z najpot\u0119\u017cniejszych form wyrazu wiary chrze\u015bcija\u0144skiej: modlitwy za dusze zmar\u0142ych.<\/p>\n\n\n\n<hr class=\"wp-block-separator has-alpha-channel-opacity\"\/>\n\n\n\n<h2 class=\"wp-block-heading\">I. Pocz\u0105tki Mszy za Zmar\u0142ych: \u015awiat\u0142o w nocy<\/h2>\n\n\n\n<h3 class=\"wp-block-heading\">1. Z katakumb: narodziny pobo\u017cno\u015bci za zmar\u0142ych<\/h3>\n\n\n\n<p>Ju\u017c od pierwszych wiek\u00f3w chrze\u015bcija\u0144stwa wierni gromadzili si\u0119 na modlitwie za m\u0119czennik\u00f3w i zmar\u0142ych, szczeg\u00f3lnie w rocznic\u0119 ich \u015bmierci. W katakumbach wsp\u00f3lnota chrze\u015bcija\u0144ska sprawowa\u0142a Eucharysti\u0119 nad grobami \u2013 wyraz g\u0142\u0119bokiej komunii mi\u0119dzy \u017cywymi a zmar\u0142ymi, mi\u0119dzy Ko\u015bcio\u0142em pielgrzymuj\u0105cym a cierpi\u0105cym.<\/p>\n\n\n\n<h3 class=\"wp-block-heading\">2. Liturgia za zmar\u0142ych nabiera kszta\u0142tu<\/h3>\n\n\n\n<p>Z biegiem czasu, wraz z rozwojem struktury Ko\u015bcio\u0142a, kszta\u0142towa\u0142a si\u0119 r\u00f3wnie\u017c liturgia za zmar\u0142ych. <em>Msza Requiem<\/em>, tak nazwana od pierwszych s\u0142\u00f3w introitu (\u201e<em>Requiem aeternam dona eis, Domine&#8230;<\/em>\u201d), sta\u0142a si\u0119 najuroczystsz\u0105 form\u0105 modlitwy o wieczny odpoczynek dla wiernych zmar\u0142ych.<\/p>\n\n\n\n<hr class=\"wp-block-separator has-alpha-channel-opacity\"\/>\n\n\n\n<h2 class=\"wp-block-heading\">II. Msza o p\u00f3\u0142nocy: ciemno\u015b\u0107, nadzieja i tajemnica<\/h2>\n\n\n\n<h3 class=\"wp-block-heading\">1. Dlaczego o p\u00f3\u0142nocy?<\/h3>\n\n\n\n<p>Msza o p\u00f3\u0142nocy nie by\u0142a kaprysem liturgicznym, lecz mia\u0142a g\u0142\u0119bokie symboliczne znaczenie:<\/p>\n\n\n\n<ul class=\"wp-block-list\">\n<li><strong>P\u00f3\u0142noc to granica mi\u0119dzy dwoma dniami<\/strong>, moment absolutnej ciszy, kiedy \u015bwiat zatrzymuje si\u0119 w bezruchu. To najciemniejsza chwila przed \u015bwitem. W tej godzinie modlitwa rozbrzmiewa z najwi\u0119ksz\u0105 si\u0142\u0105 \u2013 jak krzyk przebijaj\u0105cy czas.<\/li>\n\n\n\n<li><strong>Przypomina przyj\u015bcie Oblubie\u0144ca<\/strong>, jak w przypowie\u015bci o pannach roztropnych (Mt 25,1-13), wezwanych do czuwania z zapalonymi lampami. Tak te\u017c Ko\u015bci\u00f3\u0142 czuwa nad swoimi zmar\u0142ymi, oczekuj\u0105c spotkania z Panem.<\/li>\n\n\n\n<li><strong>Wskazuje na S\u0105d Ostateczny<\/strong>, poniewa\u017c tradycja \u017cydowska i chrze\u015bcija\u0144ska \u0142\u0105czy noc i czuwanie z tajemnic\u0105 przej\u015bcia do wieczno\u015bci.<\/li>\n<\/ul>\n\n\n\n<h3 class=\"wp-block-heading\">2. Symbolika nocy<\/h3>\n\n\n\n<p>Msza za zmar\u0142ych sprawowana w nocy przypomina\u0142a wiernym, \u017ce \u015bmier\u0107 nie ma ostatniego s\u0142owa. W ciemno\u015bci ko\u015bcio\u0142a \u015bwiat\u0142o pascha\u0142u \u015bwieci\u0142o z wyj\u0105tkow\u0105 moc\u0105: Chrystus Zmartwychwsta\u0142y jest \u015bwiat\u0142em prowadz\u0105cym dusze do \u017cycia wiecznego.<\/p>\n\n\n\n<hr class=\"wp-block-separator has-alpha-channel-opacity\"\/>\n\n\n\n<h2 class=\"wp-block-heading\">III. Msza Requiem: Liturgiczny skarb Tradycji<\/h2>\n\n\n\n<h3 class=\"wp-block-heading\">1. Czym jest Msza Requiem?<\/h3>\n\n\n\n<p><em>Msza Requiem<\/em> to tradycyjna forma Mszy \u015awi\u0119tej sprawowana za wieczny odpoczynek dusz zmar\u0142ych. Ma ona swoje w\u0142asne, charakterystyczne elementy:<\/p>\n\n\n\n<ul class=\"wp-block-list\">\n<li><strong>Introit<\/strong>: \u201e<em>Requiem aeternam dona eis, Domine&#8230;<\/em>\u201d<\/li>\n\n\n\n<li>Brak <strong>Gloria<\/strong> i <strong>Credo<\/strong>, jako wyraz \u017ca\u0142oby i skupienia.<\/li>\n\n\n\n<li><strong>Sekwencja Dies irae<\/strong>: pot\u0119\u017cny hymn opisuj\u0105cy S\u0105d Ostateczny z poetyck\u0105 i teologiczn\u0105 g\u0142\u0119bi\u0105.<\/li>\n\n\n\n<li><strong>Offertorium, Sanctus, Agnus Dei<\/strong> i modlitwy w\u0142asne za zmar\u0142ych.<\/li>\n\n\n\n<li><strong>Libera me, Domine<\/strong>, cz\u0119sto \u015bpiewane na zako\u0144czenie \u2013 jako ostatnia pro\u015bba za dusz\u0119.<\/li>\n<\/ul>\n\n\n\n<h3 class=\"wp-block-heading\">2. Pi\u0119kno i powaga<\/h3>\n\n\n\n<p>Ta Msza, daleka od bycia ponur\u0105, jest g\u0142\u0119boko przepe\u0142niona nadziej\u0105. Jej uroczysto\u015b\u0107 nie wyra\u017ca rozpaczy, lecz godno\u015b\u0107 \u2013 godno\u015b\u0107 tych, kt\u00f3rzy uznaj\u0105 tajemnic\u0119 \u015bmierci i w pe\u0142ni ufaj\u0105 Bo\u017cemu mi\u0142osierdziu.<\/p>\n\n\n\n<hr class=\"wp-block-separator has-alpha-channel-opacity\"\/>\n\n\n\n<h2 class=\"wp-block-heading\">IV. Co si\u0119 sta\u0142o z Msz\u0105 o p\u00f3\u0142nocy za zmar\u0142ych?<\/h2>\n\n\n\n<h3 class=\"wp-block-heading\">1. Reforma liturgiczna i stopniowe zanikanie<\/h3>\n\n\n\n<p>Po reformie liturgicznej Soboru Watyka\u0144skiego II wiele tradycyjnych form liturgii zosta\u0142o uproszczonych lub zast\u0105pionych. Tradycyjna Msza Requiem sta\u0142a si\u0119 rzadko\u015bci\u0105, szczeg\u00f3lnie noc\u0105. Wprowadzenie j\u0119zyk\u00f3w narodowych, nowa struktura Msza\u0142u i zmiany duszpasterskie przyczyni\u0142y si\u0119 do jej zanikni\u0119cia.<\/p>\n\n\n\n<h3 class=\"wp-block-heading\">2. Zmiana w spojrzeniu na \u015bmier\u0107<\/h3>\n\n\n\n<p>Dzi\u015b \u017cyjemy w kulturze, kt\u00f3ra unika \u015bmierci \u2013 woli j\u0105 ignorowa\u0107, upi\u0119ksza\u0107 lub wypiera\u0107. Idea Mszy o p\u00f3\u0142nocy za zmar\u0142ych mo\u017ce wydawa\u0107 si\u0119 dziwna czy nawet niepokoj\u0105ca. Ale to tylko pokazuje, jak bardzo utracili\u015bmy chrze\u015bcija\u0144skie spojrzenie na \u015bmier\u0107 jako przej\u015bcie do \u017cycia wiecznego.<\/p>\n\n\n\n<hr class=\"wp-block-separator has-alpha-channel-opacity\"\/>\n\n\n\n<h2 class=\"wp-block-heading\">V. Co mo\u017cemy dzi\u015b odzyska\u0107?<\/h2>\n\n\n\n<h3 class=\"wp-block-heading\">1. Odkrycie na nowo warto\u015bci modlitwy za zmar\u0142ych<\/h3>\n\n\n\n<p>Modlitwa za dusze czy\u015b\u0107cowe nie jest opcjonalna ani sentymentalna \u2013 to g\u0142\u0119boki akt mi\u0142o\u015bci i chrze\u015bcija\u0144ski obowi\u0105zek. Msza za zmar\u0142ych jest najpot\u0119\u017cniejsz\u0105 form\u0105 wstawiennictwa. Jak naucza Katechizm Ko\u015bcio\u0142a Katolickiego:<\/p>\n\n\n\n<blockquote class=\"wp-block-quote is-layout-flow wp-block-quote-is-layout-flow\">\n<p>\u201eKo\u015bci\u00f3\u0142 ju\u017c od najdawniejszych czas\u00f3w czci\u0142 pami\u0119\u0107 zmar\u0142ych i sk\u0142ada\u0142 za nich modlitwy wstawiennicze, przede wszystkim Ofiar\u0119 eucharystyczn\u0105, aby oczyszczeni mogli doj\u015b\u0107 do ogl\u0105dania Boga w chwale.\u201d (KKK 1032)<\/p>\n<\/blockquote>\n\n\n\n<h3 class=\"wp-block-heading\">2. Przywracanie Mszy Requiem w jej tradycyjnej formie<\/h3>\n\n\n\n<p>Wielu wiernych na nowo odkrywa dzi\u015b duchowe bogactwo tradycyjnej Mszy, zw\u0142aszcza w czasie \u017ca\u0142oby i modlitwy wstawienniczej. Niekt\u00f3re wsp\u00f3lnoty zaczynaj\u0105 zn\u00f3w celebrowa\u0107 Msze Requiem \u2013 czasem o niezwyk\u0142ych porach, jak o \u015bwicie 2 listopada (wspomnienie Wszystkich Wiernych Zmar\u0142ych).<\/p>\n\n\n\n<h3 class=\"wp-block-heading\">3. \u017bycie w komunii \u015bwi\u0119tych<\/h3>\n\n\n\n<p>Msza za zmar\u0142ych jest konkretnym wyrazem komunii \u015bwi\u0119tych. Modl\u0105c si\u0119 za naszych zmar\u0142ych, pomagamy im. A kiedy osi\u0105gn\u0105 niebo, b\u0119d\u0105 or\u0119dowa\u0107 za nami. Co za wspania\u0142y, niewidzialny \u0142a\u0144cuch mi\u0142o\u015bci \u0142\u0105cz\u0105cy Niebo, Ziemi\u0119 i Czy\u015bciec!<\/p>\n\n\n\n<hr class=\"wp-block-separator has-alpha-channel-opacity\"\/>\n\n\n\n<h2 class=\"wp-block-heading\">Zako\u0144czenie: Echo nocy nie zamilk\u0142o<\/h2>\n\n\n\n<p>Cho\u0107 Msza Requiem o p\u00f3\u0142nocy dzi\u015b jest rzadko\u015bci\u0105, jej duchowa warto\u015b\u0107 pozostaje nienaruszona. Mo\u017ce jest dzi\u015b potrzebna bardziej ni\u017c kiedykolwiek. W \u015bwiecie, kt\u00f3ry boi si\u0119 \u015bmierci i zapomina o zmar\u0142ych, chrze\u015bcijanie s\u0105 wezwani do odkrycia na nowo blasku tej liturgii.<\/p>\n\n\n\n<p>Nocna Msza za zmar\u0142ych nie jest aktem nostalgii, lecz proroctwem. Przypomina nam, \u017ce w najg\u0142\u0119bszych ciemno\u015bciach Chrystus Zmartwychwsta\u0142y jest nasz\u0105 \u015bwiat\u0142o\u015bci\u0105. \u017be \u015bmier\u0107 nie ma ostatniego s\u0142owa. \u017be mi\u0142o\u015b\u0107 zwyci\u0119\u017ca czas. I \u017ce dusze czekaj\u0105 \u2014 w ciszy czy\u015b\u0107ca \u2014 by zosta\u0107 wspomniane, kochane i przede wszystkim\u2026 <strong>wymodlone<\/strong>.<\/p>\n\n\n\n<hr class=\"wp-block-separator has-alpha-channel-opacity\"\/>\n\n\n\n<p><strong>A Ty?<\/strong><br>Czy kiedykolwiek zam\u00f3wi\u0142e\u015b Msz\u0119 za swoich bliskich zmar\u0142ych?<br>Czy pomy\u015bla\u0142e\u015b, by towarzyszy\u0107 im modlitw\u0105 \u2013 szczeg\u00f3lnie noc\u0105?<br>Mo\u017ce nadszed\u0142 czas, by zapali\u0107 \u015bwiec\u0119, otworzy\u0107 msza\u0142 i pozwoli\u0107 m\u00f3wi\u0107 Tajemnicy.<\/p>\n\n\n\n<p>Noc wci\u0105\u017c jest czasem \u0142aski.<br>A Msza, nawet w ciemno\u015bci, pozostaje \u015bwiat\u0142em wieczno\u015bci.<\/p>\n","protected":false},"excerpt":{"rendered":"<p>Wprowadzenie: Mi\u0119dzy cisz\u0105 nocy a wo\u0142aniem wieczno\u015bci By\u0142 czas, gdy dzwony ko\u015bcielne bi\u0142y o p\u00f3\u0142nocy, a \u015bwiece p\u0142on\u0119\u0142y jak gwiazdy w ciemno\u015bci \u015bwi\u0105tyni. By\u0142a to Msza za Zmar\u0142ych, Msza Requiem, odprawiana w najg\u0142\u0119bszej nocy \u2014 nie jako cie\u0144, ale jako cicha nadzieja. Dzi\u015b praktyka ta niemal ca\u0142kowicie zanik\u0142a. Ale co oznacza\u0142o celebrowanie Mszy o p\u00f3\u0142nocy &hellip;<\/p>\n","protected":false},"author":3,"featured_media":3151,"comment_status":"open","ping_status":"open","sticky":false,"template":"","format":"standard","meta":{"_seopress_robots_primary_cat":"","_seopress_titles_title":"","_seopress_titles_desc":"","_seopress_robots_index":"","footnotes":""},"categories":[38,52],"tags":[860,859],"class_list":["post-3150","post","type-post","status-publish","format-standard","has-post-thumbnail","","category-historia-i-tradycja","category-liturgia-i-rok-liturgiczny","tag-msza-requiem","tag-msza-za-zmarlych"],"_links":{"self":[{"href":"https:\/\/catholicus.eu\/pl\/wp-json\/wp\/v2\/posts\/3150","targetHints":{"allow":["GET"]}}],"collection":[{"href":"https:\/\/catholicus.eu\/pl\/wp-json\/wp\/v2\/posts"}],"about":[{"href":"https:\/\/catholicus.eu\/pl\/wp-json\/wp\/v2\/types\/post"}],"author":[{"embeddable":true,"href":"https:\/\/catholicus.eu\/pl\/wp-json\/wp\/v2\/users\/3"}],"replies":[{"embeddable":true,"href":"https:\/\/catholicus.eu\/pl\/wp-json\/wp\/v2\/comments?post=3150"}],"version-history":[{"count":1,"href":"https:\/\/catholicus.eu\/pl\/wp-json\/wp\/v2\/posts\/3150\/revisions"}],"predecessor-version":[{"id":3152,"href":"https:\/\/catholicus.eu\/pl\/wp-json\/wp\/v2\/posts\/3150\/revisions\/3152"}],"wp:featuredmedia":[{"embeddable":true,"href":"https:\/\/catholicus.eu\/pl\/wp-json\/wp\/v2\/media\/3151"}],"wp:attachment":[{"href":"https:\/\/catholicus.eu\/pl\/wp-json\/wp\/v2\/media?parent=3150"}],"wp:term":[{"taxonomy":"category","embeddable":true,"href":"https:\/\/catholicus.eu\/pl\/wp-json\/wp\/v2\/categories?post=3150"},{"taxonomy":"post_tag","embeddable":true,"href":"https:\/\/catholicus.eu\/pl\/wp-json\/wp\/v2\/tags?post=3150"}],"curies":[{"name":"wp","href":"https:\/\/api.w.org\/{rel}","templated":true}]}}