{"id":3138,"date":"2025-04-04T22:03:10","date_gmt":"2025-04-04T20:03:10","guid":{"rendered":"https:\/\/catholicus.eu\/pl\/?p=3138"},"modified":"2025-04-04T22:03:11","modified_gmt":"2025-04-04T20:03:11","slug":"litania-do-wszystkich-swietych-potezne-wezwanie-kosciola-ktore-przyzywa-niebo-podczas-mszy-swietej","status":"publish","type":"post","link":"https:\/\/catholicus.eu\/pl\/litania-do-wszystkich-swietych-potezne-wezwanie-kosciola-ktore-przyzywa-niebo-podczas-mszy-swietej\/","title":{"rendered":"Litania do Wszystkich \u015awi\u0119tych: Pot\u0119\u017cne Wezwanie Ko\u015bcio\u0142a, kt\u00f3re Przyzywa Niebo podczas Mszy \u015awi\u0119tej"},"content":{"rendered":"\n<h2 class=\"wp-block-heading\"><strong>Wprowadzenie: Niebia\u0144skie Echo w Naszej Liturgii<\/strong><\/h2>\n\n\n\n<p>W uroczystej ciszy \u015bwi\u0119ce\u0144 kap\u0142a\u0144skich, podczas Wigilii Paschalnej lub w czasach wielkich pr\u00f3b dla Ko\u015bcio\u0142a, rozbrzmiewa staro\u017cytna pie\u015b\u0144:&nbsp;<em>Litania do Wszystkich \u015awi\u0119tych<\/em>. Ta modlitwa, utkana z imion m\u0119czennik\u00f3w, dziewic i wyznawc\u00f3w, nie jest tylko wspomnieniem przesz\u0142o\u015bci, ale \u017cywym wo\u0142aniem \u0142\u0105cz\u0105cym ziemi\u0119 z niebem.<\/p>\n\n\n\n<p>Ale kiedy i dlaczego t\u0119 litani\u0119 odmawiano podczas Mszy \u015awi\u0119tej? Jak\u0105 g\u0142\u0119bi\u0119 teologiczn\u0105 zawiera? I przede wszystkim &#8211; dlaczego dzi\u015b, w \u015bwiecie, kt\u00f3ry zdaje si\u0119 zapomina\u0107 o sacrum, potrzebujemy odnowi\u0107 jej ducha?<\/p>\n\n\n\n<h2 class=\"wp-block-heading\"><strong>I. Pochodzenie i Historia: Od Katakumb do O\u0142tarza<\/strong><\/h2>\n\n\n\n<h3 class=\"wp-block-heading\"><strong>1. Korzenie w Ko\u015bciele Pierwotnym<\/strong><\/h3>\n\n\n\n<p>Litanie (z greckiego&nbsp;<em>litaneia<\/em>&nbsp;&#8211; &#8222;modlitwa b\u0142agalna&#8221;) pojawi\u0142y si\u0119 w pierwszych wiekach chrze\u015bcija\u0144stwa. M\u0119czennicy, kt\u00f3rych imiona przyzywano, byli \u017cywymi \u015bwiadkami zwyci\u0119stwa wiary nad \u015bmierci\u0105. W katakumbach, gdzie chrze\u015bcijanie gromadzili si\u0119 w ukryciu, pami\u0119\u0107 o Piotrze, Pawle, Cecylii i innych \u015bwi\u0119tych umacnia\u0142a ich nadziej\u0119.<\/p>\n\n\n\n<h3 class=\"wp-block-heading\"><strong>2. Rozw\u00f3j Liturgiczny<\/strong><\/h3>\n\n\n\n<p>Z czasem Ko\u015bci\u00f3\u0142 uporz\u0105dkowa\u0142 te wezwania.&nbsp;<em>Liber Pontificalis<\/em>&nbsp;przypisuje papie\u017cowi Gelazemu I (V wiek) uformalizowanie litanii. U\u017cywano ich podczas procesji b\u0142agalnych, a szczeg\u00f3lnie podczas&nbsp;<em>Mszy \u015awi\u0119ce\u0144<\/em>, gdy przyszli kap\u0142ani i diakoni polecali si\u0119 wstawiennictwu \u015bwi\u0119tych przed przyj\u0119ciem sakramentu.<\/p>\n\n\n\n<h3 class=\"wp-block-heading\"><strong>3. Miejsce w Tradycyjnej Mszy<\/strong><\/h3>\n\n\n\n<p>W staro\u017cytnym rycie rzymskim litania zajmowa\u0142a wa\u017cne miejsce podczas:<\/p>\n\n\n\n<ul class=\"wp-block-list\">\n<li><strong>Wigilii Paschalnej<\/strong>: Przed po\u015bwi\u0119ceniem wody chrzcielnej Ko\u015bci\u00f3\u0142 wo\u0142a\u0142:\u00a0<em>&#8222;Sancte Petre, ora pro nobis!&#8221;<\/em><\/li>\n\n\n\n<li><strong>\u015awi\u0119ce\u0144 Kap\u0142a\u0144skich<\/strong>: Kandydat, le\u017c\u0105c krzy\u017cem, b\u0142aga\u0142 o wstawiennictwo \u015bwi\u0119tych.<\/li>\n\n\n\n<li><strong>Dni Krzy\u017cowych i Czas\u00f3w Pr\u00f3by<\/strong>: Podczas zaraz, wojen czy herezji lud prosi\u0142 o pomoc nieba.<\/li>\n<\/ul>\n\n\n\n<h2 class=\"wp-block-heading\"><strong>II. Struktura i Znaczenie: Mapa \u015awi\u0119tych Obcowania<\/strong><\/h2>\n\n\n\n<p>Litania nie jest przypadkowym spisem, ale&nbsp;<em>niebia\u0144sk\u0105 hierarchi\u0105<\/em>&nbsp;odzwierciedlaj\u0105c\u0105 chwa\u0142\u0119 Boga w Jego \u015bwi\u0119tych:<\/p>\n\n\n\n<ol start=\"1\" class=\"wp-block-list\">\n<li><strong>Przenaj\u015bwi\u0119tsza Tr\u00f3jca<\/strong>\u00a0(wezwana na pocz\u0105tku)<\/li>\n\n\n\n<li><strong>Maryja Dziewica<\/strong>\u00a0(jako jedyna wymieniona osobno)<\/li>\n\n\n\n<li><strong>Anio\u0142owie i Patriarchowie<\/strong>\u00a0(Micha\u0142, Gabriel, Abraham&#8230;)<\/li>\n\n\n\n<li><strong>Prorocy i Aposto\u0142owie<\/strong>\u00a0(Eliasz, Jan Chrzciciel, Piotr i Pawe\u0142&#8230;)<\/li>\n\n\n\n<li><strong>M\u0119czennicy<\/strong>\u00a0(Wawrzyniec, Agnieszka, Sebastian&#8230;)<\/li>\n\n\n\n<li><strong>Wyznawcy i Doktorzy Ko\u015bcio\u0142a<\/strong>\u00a0(Hieronim, Augustyn, Tomasz z Akwinu&#8230;)<\/li>\n\n\n\n<li><strong>Dziewice i Wszyscy \u015awi\u0119ci<\/strong><\/li>\n<\/ol>\n\n\n\n<p>Ka\u017cde imi\u0119 to&nbsp;<em>\u015bwiadectwo \u0142aski<\/em>&nbsp;i przypomnienie, \u017ce \u015bwi\u0119to\u015b\u0107 jest mo\u017cliwa.<\/p>\n\n\n\n<h2 class=\"wp-block-heading\"><strong>III. Dlaczego Odmawiano J\u0105 Rzadziej?<\/strong><\/h2>\n\n\n\n<p>Po reformie liturgicznej posoborowej litani\u0119 ograniczono do szczeg\u00f3lnych okazji (chrzest, \u015bwi\u0119cenia, Wigilia Paschalna). Niekt\u00f3rzy twierdz\u0105, \u017ce chodzi\u0142o o uproszczenie Mszy, ale inni ubolewaj\u0105 nad utrat\u0105 elementu wyra\u017caj\u0105cego&nbsp;<em>jedno\u015b\u0107 Ko\u015bcio\u0142a walcz\u0105cego i triumfuj\u0105cego<\/em>.<\/p>\n\n\n\n<p>Dzi\u015b, w epoce, gdy wielu \u017cyje, jakby Boga nie by\u0142o, odnowienie tej praktyki mog\u0142oby by\u0107 antidotum na sekularyzm.<\/p>\n\n\n\n<h2 class=\"wp-block-heading\"><strong>IV. Aktualno\u015b\u0107: Dlaczego Potrzebujemy Litanii Dzi\u015b bardziej ni\u017c Kiedykolwiek<\/strong><\/h2>\n\n\n\n<ol start=\"1\" class=\"wp-block-list\">\n<li><strong>Przeciw Individualizmowi<\/strong>: W \u015bwiecie gloryfikuj\u0105cym &#8222;self-made mana&#8221; litania przypomina nam o zale\u017cno\u015bci od Boga i \u015bwi\u0119tych.<\/li>\n\n\n\n<li><strong>W Czasach Pr\u00f3by<\/strong>: Jak podczas zarazy w Rzymie (gdy \u015bw. Grzegorz Wielki nakaza\u0142 publiczne litanie), stajemy wobec wojen, prze\u015bladowa\u0144 i upadku moralnego.<\/li>\n\n\n\n<li><strong>By O\u017cywi\u0107 Nadziej\u0119<\/strong>: \u015awi\u0119ci pokonali imperia, herezje i w\u0142asne s\u0142abo\u015bci. Ich wstawiennictwo jest pot\u0119\u017cne.<\/li>\n<\/ol>\n\n\n\n<h2 class=\"wp-block-heading\"><strong>Zako\u0144czenie: Wezwanie do Odnowienia Tradycji<\/strong><\/h2>\n\n\n\n<p><em>Litania do Wszystkich \u015awi\u0119tych<\/em>&nbsp;nie jest reliktem przesz\u0142o\u015bci, ale&nbsp;<em>mostem do nieba<\/em>. W rodzinach, parafiach i wsp\u00f3lnotach mo\u017cemy j\u0105 odmawia\u0107 w decyduj\u0105cych momentach, prosz\u0105c o wstawiennictwo tych, kt\u00f3rzy ju\u017c ogl\u0105daj\u0105 Boga &#8222;twarz\u0105 w twarz&#8221; (1 Kor 13,12).<\/p>\n\n\n\n<p><strong>Odwa\u017cysz si\u0119 ich przywo\u0142a\u0107?<\/strong>&nbsp;<em>&#8222;Sancte Augustine, ora pro nobis! Sancta Teresia, ora pro nobis! Omnes sancti et sanctae Dei, intercedite pro nobis!&#8221;<\/em><\/p>\n\n\n\n<p><em>\u2014 Niech \u015bwi\u0119ci wyprosz\u0105 nam \u0142ask\u0119 wytrwania w wierze, a\u017c pewnego dnia i my do\u0142\u0105czymy do tej chwalebnej procesji. \u2014<\/em><\/p>\n\n\n\n<p>\ud83d\udcd6&nbsp;<strong>Chcesz zg\u0142\u0119bi\u0107 temat?<\/strong>&nbsp;Polecamy:<\/p>\n\n\n\n<ul class=\"wp-block-list\">\n<li><em>&#8222;Kult \u015awi\u0119tych&#8221;<\/em>\u00a0\u015bw. Hieronima<\/li>\n\n\n\n<li><em>&#8222;Litania: Historia i Duch&#8221;<\/em>\u00a0Dom Gu\u00e9rangera<\/li>\n<\/ul>\n\n\n\n<p>\u271d\ufe0f&nbsp;<strong>Kiedy ostatnio odmawia\u0142e\u015b(a\u015b) Litani\u0119 do Wszystkich \u015awi\u0119tych?<\/strong>&nbsp;Podziel si\u0119 do\u015bwiadczeniem w komentarzach!<\/p>\n","protected":false},"excerpt":{"rendered":"<p>Wprowadzenie: Niebia\u0144skie Echo w Naszej Liturgii W uroczystej ciszy \u015bwi\u0119ce\u0144 kap\u0142a\u0144skich, podczas Wigilii Paschalnej lub w czasach wielkich pr\u00f3b dla Ko\u015bcio\u0142a, rozbrzmiewa staro\u017cytna pie\u015b\u0144:&nbsp;Litania do Wszystkich \u015awi\u0119tych. Ta modlitwa, utkana z imion m\u0119czennik\u00f3w, dziewic i wyznawc\u00f3w, nie jest tylko wspomnieniem przesz\u0142o\u015bci, ale \u017cywym wo\u0142aniem \u0142\u0105cz\u0105cym ziemi\u0119 z niebem. Ale kiedy i dlaczego t\u0119 litani\u0119 odmawiano &hellip;<\/p>\n","protected":false},"author":3,"featured_media":3139,"comment_status":"open","ping_status":"open","sticky":false,"template":"","format":"standard","meta":{"_seopress_robots_primary_cat":"","_seopress_titles_title":"","_seopress_titles_desc":"","_seopress_robots_index":"","footnotes":""},"categories":[38,52],"tags":[855],"class_list":["post-3138","post","type-post","status-publish","format-standard","has-post-thumbnail","","category-historia-i-tradycja","category-liturgia-i-rok-liturgiczny","tag-litania-do-wszystkich-swietych"],"_links":{"self":[{"href":"https:\/\/catholicus.eu\/pl\/wp-json\/wp\/v2\/posts\/3138","targetHints":{"allow":["GET"]}}],"collection":[{"href":"https:\/\/catholicus.eu\/pl\/wp-json\/wp\/v2\/posts"}],"about":[{"href":"https:\/\/catholicus.eu\/pl\/wp-json\/wp\/v2\/types\/post"}],"author":[{"embeddable":true,"href":"https:\/\/catholicus.eu\/pl\/wp-json\/wp\/v2\/users\/3"}],"replies":[{"embeddable":true,"href":"https:\/\/catholicus.eu\/pl\/wp-json\/wp\/v2\/comments?post=3138"}],"version-history":[{"count":1,"href":"https:\/\/catholicus.eu\/pl\/wp-json\/wp\/v2\/posts\/3138\/revisions"}],"predecessor-version":[{"id":3140,"href":"https:\/\/catholicus.eu\/pl\/wp-json\/wp\/v2\/posts\/3138\/revisions\/3140"}],"wp:featuredmedia":[{"embeddable":true,"href":"https:\/\/catholicus.eu\/pl\/wp-json\/wp\/v2\/media\/3139"}],"wp:attachment":[{"href":"https:\/\/catholicus.eu\/pl\/wp-json\/wp\/v2\/media?parent=3138"}],"wp:term":[{"taxonomy":"category","embeddable":true,"href":"https:\/\/catholicus.eu\/pl\/wp-json\/wp\/v2\/categories?post=3138"},{"taxonomy":"post_tag","embeddable":true,"href":"https:\/\/catholicus.eu\/pl\/wp-json\/wp\/v2\/tags?post=3138"}],"curies":[{"name":"wp","href":"https:\/\/api.w.org\/{rel}","templated":true}]}}