{"id":3102,"date":"2025-04-03T17:21:34","date_gmt":"2025-04-03T15:21:34","guid":{"rendered":"https:\/\/catholicus.eu\/pl\/?p=3102"},"modified":"2025-04-03T17:21:34","modified_gmt":"2025-04-03T15:21:34","slug":"vidi-aquam-woda-ktora-odnawia-dusze-pochodzenie-historia-i-glebokie-znaczenie-w-tradycji-katolickiej","status":"publish","type":"post","link":"https:\/\/catholicus.eu\/pl\/vidi-aquam-woda-ktora-odnawia-dusze-pochodzenie-historia-i-glebokie-znaczenie-w-tradycji-katolickiej\/","title":{"rendered":"Vidi Aquam: Woda, Kt\u00f3ra Odnawia Dusz\u0119 \u2013 Pochodzenie, Historia i G\u0142\u0119bokie Znaczenie w Tradycji Katolickiej"},"content":{"rendered":"\n<p><em>&#8222;Ujrza\u0142em wod\u0119 wyp\u0142ywaj\u0105c\u0105 spod prawej strony \u015bwi\u0105tyni, alleluja; i wszyscy, do kt\u00f3rych dotar\u0142a ta woda, zostali zbawieni, i b\u0119d\u0105 m\u00f3wi\u0107: Alleluja, alleluja&#8221;<\/em>&nbsp;(Antyfona&nbsp;<em>Vidi Aquam<\/em>)<\/p>\n\n\n\n<h3 class=\"wp-block-heading\"><strong>Wprowadzenie: Woda P\u0142yn\u0105ca z \u015awi\u0119to\u015bci<\/strong><\/h3>\n\n\n\n<p>W \u015bwiecie spragnionym nadziei, gdzie duchowa susza wydaje si\u0119 rozprzestrzenia\u0107, Ko\u015bci\u00f3\u0142 Katolicki oferuje nam pot\u0119\u017cny symbol:&nbsp;<em>Vidi Aquam<\/em>. Te s\u0142owa, uroczy\u015bcie \u015bpiewane w okresie wielkanocnym, to nie tylko zwyk\u0142a pie\u015b\u0144 liturgiczna, ale echo najg\u0142\u0119bszej tajemnicy naszej wiary \u2013 \u017cywej wody wyp\u0142ywaj\u0105cej z Chrystusa, nowej \u015awi\u0105tyni, kt\u00f3ra nas oczyszcza, o\u017cywia i zbawia.<\/p>\n\n\n\n<p>Ale co naprawd\u0119 oznacza&nbsp;<em>Vidi Aquam<\/em>? Dlaczego Ko\u015bci\u00f3\u0142 zachowuje j\u0105 na czas Wielkanocy? I przede wszystkim, jak ta staro\u017cytna antyfona mo\u017ce o\u015bwietli\u0107 nasze duchowe \u017cycie dzi\u015b?<\/p>\n\n\n\n<h3 class=\"wp-block-heading\"><strong>1. Pochodzenie Biblijne i Liturgiczne: Woda P\u0142yn\u0105ca ze \u015awi\u0105tyni<\/strong><\/h3>\n\n\n\n<p><em>Vidi Aquam<\/em>&nbsp;ma swoje korzenie w proroczej wizji Starego Testamentu. W Ksi\u0119dze Ezechiela (47,1-12) prorok kontempluje rzek\u0119 wody wyp\u0142ywaj\u0105c\u0105 ze \u015bwi\u0105tyni jerozolimskiej, nios\u0105c\u0105 \u017cycie wsz\u0119dzie tam, gdzie p\u0142ynie:<\/p>\n\n\n\n<blockquote class=\"wp-block-quote is-layout-flow wp-block-quote-is-layout-flow\">\n<p><em>&#8222;Zaprowadzi\u0142 mnie z powrotem do wej\u015bcia \u015bwi\u0105tyni, a oto spod progu \u015bwi\u0105tyni wyp\u0142ywa\u0142a woda [&#8230;] Dok\u0105dkolwiek dotrze ta rzeka, wszystko b\u0119dzie \u017cy\u0107&#8221;<\/em>&nbsp;(Ez 47,1.9)<\/p>\n<\/blockquote>\n\n\n\n<p>Ten fragment, bogaty w symbolik\u0119, zapowiada przebity bok Chrystusa na krzy\u017cu (J 19,34), z kt\u00f3rego wyp\u0142ywaj\u0105 krew i woda \u2013 znaki sakrament\u00f3w Chrztu i Eucharystii. \u015aw. Augustyn wyja\u015bnia to mistrzowsko:<\/p>\n\n\n\n<blockquote class=\"wp-block-quote is-layout-flow wp-block-quote-is-layout-flow\">\n<p><em>&#8222;Z boku Chrystusa \u015bpi\u0105cego na krzy\u017cu wyp\u0142yn\u0105\u0142 przedziwny sakrament ca\u0142ego Ko\u015bcio\u0142a&#8221;<\/em>&nbsp;(Traktat o Ewangelii Jana)<\/p>\n<\/blockquote>\n\n\n\n<p>Antyfona&nbsp;<em>Vidi Aquam<\/em>&nbsp;przejmuje ten obraz i stosuje go liturgicznie, g\u0142osz\u0105c, \u017ce wod\u0105 zbawienia jest \u0142aska Chrystusa, p\u0142yn\u0105ca przez Jego Ko\u015bci\u00f3\u0142.<\/p>\n\n\n\n<h3 class=\"wp-block-heading\"><strong>2. Historia Liturgiczna: Od Obrz\u0119du Paschalnego do Odnowienia Chrztu<\/strong><\/h3>\n\n\n\n<p><em>Vidi Aquam<\/em>&nbsp;zosta\u0142a wprowadzona do liturgii rzymskiej jako antyfona towarzysz\u0105ca pokropieniu wod\u0105 \u015bwi\u0119con\u0105 podczas niedzielnej Mszy w okresie wielkanocnym. Jej u\u017cycie si\u0119ga co najmniej X wieku, chocia\u017c jej obecna forma zosta\u0142a ustalona w tradycyjnym Mszale Rzymskim.<\/p>\n\n\n\n<p>W rycie przed Soborem Watyka\u0144skim II kap\u0142an kropi\u0142 wiernych wod\u0105 \u015bwi\u0119con\u0105 podczas Wigilii Paschalnej, \u015bpiewaj\u0105c:<\/p>\n\n\n\n<blockquote class=\"wp-block-quote is-layout-flow wp-block-quote-is-layout-flow\">\n<p><em>&#8222;Vidi aquam egredientem de templo, a latere dextro, alleluia&#8221;<\/em>&nbsp;(Ujrza\u0142em wod\u0119 wyp\u0142ywaj\u0105c\u0105 ze \u015bwi\u0105tyni, z prawej strony, alleluja)<\/p>\n<\/blockquote>\n\n\n\n<p>Ten gest to nie tylko wspomnienie, ale uobecnienie Chrztu: ka\u017cda kropla wody \u015bwi\u0119conej przypomina nam, \u017ce zostali\u015bmy zanurzeni w \u015bmierci i zmartwychwstaniu Chrystusa (Rz 6,3-4).<\/p>\n\n\n\n<h3 class=\"wp-block-heading\"><strong>3. Znaczenie Teologiczne: Woda, Duch i Nowe \u017bycie<\/strong><\/h3>\n\n\n\n<p><em>Vidi Aquam<\/em>&nbsp;kondensuje trzy istotne wymiary wiary katolickiej:<\/p>\n\n\n\n<h4 class=\"wp-block-heading\"><strong>a) Woda jako Symbol Ducha \u015awi\u0119tego<\/strong><\/h4>\n\n\n\n<p>Sam Jezus nazwa\u0142 \u017cyw\u0105 wod\u0119 obrazem Ducha (J 7,37-39).&nbsp;<em>Vidi Aquam<\/em>&nbsp;przypomina nam, \u017ce bez Ducha nasza dusza jest pustyni\u0105.<\/p>\n\n\n\n<h4 class=\"wp-block-heading\"><strong>b) Ko\u015bci\u00f3\u0142 jako Nowa \u015awi\u0105tynia<\/strong><\/h4>\n\n\n\n<p>Woda wyp\u0142ywa ze&nbsp;<em>\u015bwi\u0105tyni<\/em>, poniewa\u017c Ko\u015bci\u00f3\u0142 jest Cia\u0142em Chrystusa (1 Kor 3,16). Za ka\u017cdym razem, gdy przyjmujemy sakramenty, pijemy z tego boskiego strumienia.<\/p>\n\n\n\n<h4 class=\"wp-block-heading\"><strong>c) Paschalne Zwyci\u0119stwo nad Grzechem<\/strong><\/h4>\n\n\n\n<p>Powtarzane &#8222;Alleluja&#8221; w pie\u015bni to okrzyk triumfu: \u015bmier\u0107 zosta\u0142a pokonana, a woda Chrztu uczyni\u0142a nas uczestnikami tego zwyci\u0119stwa.<\/p>\n\n\n\n<h3 class=\"wp-block-heading\"><strong>4. Wsp\u00f3\u0142czesne Znaczenie: Antidotum na Duchow\u0105 Susz\u0119<\/strong><\/h3>\n\n\n\n<p>Dzi\u015b wielu \u017cyje w&nbsp;<em>kryzysie pragnienia<\/em>:<\/p>\n\n\n\n<ul class=\"wp-block-list\">\n<li><strong>Sekularyzm:<\/strong>\u00a0\u015awiat pr\u00f3buje przekona\u0107 nas, \u017ce B\u00f3g jest niepotrzebny.<\/li>\n\n\n\n<li><strong>Rozpacz:<\/strong>\u00a0Osobiste i globalne kryzysy przyt\u0142aczaj\u0105 wsp\u00f3\u0142czesnego cz\u0142owieka.<\/li>\n\n\n\n<li><strong>Potrzeba Oczyszczenia:<\/strong>\u00a0Grzech nadal zatruwa dusze i spo\u0142ecze\u0144stwa.<\/li>\n<\/ul>\n\n\n\n<p><em>Vidi Aquam<\/em>&nbsp;jest odpowiedzi\u0105:<\/p>\n\n\n\n<ul class=\"wp-block-list\">\n<li><strong>Przypomina nam, \u017ce \u0142aska zawsze p\u0142ynie.<\/strong>\u00a0Nawet je\u015bli \u015bwiat odrzuca Chrystusa, Jego mi\u0142osierdzie wci\u0105\u017c wyp\u0142ywa w sakramentach.<\/li>\n\n\n\n<li><strong>Wzywa nas do odnowienia naszego Chrztu.<\/strong>\u00a0Za ka\u017cdym razem, gdy \u017cegnamy si\u0119 wod\u0105 \u015bwi\u0119con\u0105, m\u00f3wimy\u00a0<em>tak<\/em>\u00a0naszej to\u017csamo\u015bci jako dzieci Bo\u017ce.<\/li>\n\n\n\n<li><strong>To wezwanie do ewangelizacji.<\/strong>\u00a0Woda p\u0142yn\u0105ca ze \u015awi\u0105tyni musi dotrze\u0107 do wszystkich \u2013 nasz\u0105 misj\u0105 jest nie\u015b\u0107 to \u017cycie \u015bwiatu!<\/li>\n<\/ul>\n\n\n\n<h3 class=\"wp-block-heading\"><strong>Zako\u0144czenie: Pij z Tej Wody, a B\u0119dziesz \u017by\u0142<\/strong><\/h3>\n\n\n\n<p><em>Vidi Aquam<\/em>&nbsp;to nie tylko staro\u017cytna pie\u015b\u0144: to \u017cywa obietnica. W tych czasach zam\u0119tu Ko\u015bci\u00f3\u0142 wskazuje nam strumie\u0144, kt\u00f3ry nigdy nie wysycha: Chrystusa, \u017byw\u0105 Wod\u0119.<\/p>\n\n\n\n<p>Gdy nast\u0119pnym razem us\u0142yszysz t\u0119 antyfon\u0119 lub prze\u017cegnasz si\u0119 wod\u0105 \u015bwi\u0119con\u0105, pami\u0119taj:&nbsp;<em>Ta woda to zbawienie.<\/em>&nbsp;To boskie \u017cycie, kt\u00f3re chce zala\u0107 twoje serce, twoj\u0105 rodzin\u0119, tw\u00f3j \u015bwiat.<\/p>\n\n\n\n<blockquote class=\"wp-block-quote is-layout-flow wp-block-quote-is-layout-flow\">\n<p><em>&#8222;Je\u015bli kto\u015b jest spragniony, niech przyjdzie do Mnie i pije&#8221;<\/em>&nbsp;(J 7,37)<\/p>\n<\/blockquote>\n\n\n\n<p><strong>Alleluja, alleluja.<\/strong><\/p>\n\n\n\n<hr class=\"wp-block-separator has-alpha-channel-opacity\"\/>\n\n\n\n<p>Podoba\u0142 Ci si\u0119 ten artyku\u0142? Podziel si\u0119 nim i pozw\u00f3l, by&nbsp;<em>Vidi Aquam<\/em>&nbsp;odnowi\u0142 tak\u017ce innych. Niech woda \u0142aski p\u0142ynie w twoim \u017cyciu dzi\u015b i zawsze!<\/p>\n","protected":false},"excerpt":{"rendered":"<p>&#8222;Ujrza\u0142em wod\u0119 wyp\u0142ywaj\u0105c\u0105 spod prawej strony \u015bwi\u0105tyni, alleluja; i wszyscy, do kt\u00f3rych dotar\u0142a ta woda, zostali zbawieni, i b\u0119d\u0105 m\u00f3wi\u0107: Alleluja, alleluja&#8221;&nbsp;(Antyfona&nbsp;Vidi Aquam) Wprowadzenie: Woda P\u0142yn\u0105ca z \u015awi\u0119to\u015bci W \u015bwiecie spragnionym nadziei, gdzie duchowa susza wydaje si\u0119 rozprzestrzenia\u0107, Ko\u015bci\u00f3\u0142 Katolicki oferuje nam pot\u0119\u017cny symbol:&nbsp;Vidi Aquam. Te s\u0142owa, uroczy\u015bcie \u015bpiewane w okresie wielkanocnym, to nie tylko &hellip;<\/p>\n","protected":false},"author":3,"featured_media":3103,"comment_status":"open","ping_status":"open","sticky":false,"template":"","format":"standard","meta":{"_seopress_robots_primary_cat":"","_seopress_titles_title":"","_seopress_titles_desc":"","_seopress_robots_index":"","footnotes":""},"categories":[38,52],"tags":[842],"class_list":["post-3102","post","type-post","status-publish","format-standard","has-post-thumbnail","","category-historia-i-tradycja","category-liturgia-i-rok-liturgiczny","tag-vidi-aquam"],"_links":{"self":[{"href":"https:\/\/catholicus.eu\/pl\/wp-json\/wp\/v2\/posts\/3102","targetHints":{"allow":["GET"]}}],"collection":[{"href":"https:\/\/catholicus.eu\/pl\/wp-json\/wp\/v2\/posts"}],"about":[{"href":"https:\/\/catholicus.eu\/pl\/wp-json\/wp\/v2\/types\/post"}],"author":[{"embeddable":true,"href":"https:\/\/catholicus.eu\/pl\/wp-json\/wp\/v2\/users\/3"}],"replies":[{"embeddable":true,"href":"https:\/\/catholicus.eu\/pl\/wp-json\/wp\/v2\/comments?post=3102"}],"version-history":[{"count":1,"href":"https:\/\/catholicus.eu\/pl\/wp-json\/wp\/v2\/posts\/3102\/revisions"}],"predecessor-version":[{"id":3104,"href":"https:\/\/catholicus.eu\/pl\/wp-json\/wp\/v2\/posts\/3102\/revisions\/3104"}],"wp:featuredmedia":[{"embeddable":true,"href":"https:\/\/catholicus.eu\/pl\/wp-json\/wp\/v2\/media\/3103"}],"wp:attachment":[{"href":"https:\/\/catholicus.eu\/pl\/wp-json\/wp\/v2\/media?parent=3102"}],"wp:term":[{"taxonomy":"category","embeddable":true,"href":"https:\/\/catholicus.eu\/pl\/wp-json\/wp\/v2\/categories?post=3102"},{"taxonomy":"post_tag","embeddable":true,"href":"https:\/\/catholicus.eu\/pl\/wp-json\/wp\/v2\/tags?post=3102"}],"curies":[{"name":"wp","href":"https:\/\/api.w.org\/{rel}","templated":true}]}}