{"id":3088,"date":"2025-04-02T22:19:13","date_gmt":"2025-04-02T20:19:13","guid":{"rendered":"https:\/\/catholicus.eu\/pl\/?p=3088"},"modified":"2025-04-02T22:19:13","modified_gmt":"2025-04-02T20:19:13","slug":"zapomniana-moc-sakramentalii-dlaczego-szkaplerz-i-medaliki-to-nie-amulety","status":"publish","type":"post","link":"https:\/\/catholicus.eu\/pl\/zapomniana-moc-sakramentalii-dlaczego-szkaplerz-i-medaliki-to-nie-amulety\/","title":{"rendered":"Zapomniana Moc Sakramentalii: Dlaczego Szkaplerz i Medaliki to Nie Amulety?"},"content":{"rendered":"\n<h2 class=\"wp-block-heading\"><strong>Wprowadzenie: Mi\u0119dzy Przes\u0105dem a Wiar\u0105<\/strong><\/h2>\n\n\n\n<p>W \u015bwiecie poszukuj\u0105cym szybkich rozwi\u0105za\u0144 i magicznych odpowiedzi wielu katolik\u00f3w zapomnia\u0142o o prawdziwej mocy <strong>sakramentalii<\/strong>: szkaplerza, pob\u0142ogos\u0142awionych medalik\u00f3w, wody \u015bwi\u0119conej, \u015bwiec&#8230; Te przedmioty, cz\u0119sto b\u0142\u0119dnie rozumiane, bywaj\u0105 traktowane jak zwyk\u0142e talizmany. Ale wiara katolicka to nie magia ani przes\u0105d \u2013 to <strong>\u017cywa relacja z Bogiem<\/strong>.<\/p>\n\n\n\n<p>Dlaczego wi\u0119c Ko\u015bci\u00f3\u0142 zaleca u\u017cywanie tych sakramentalii? Jak naprawd\u0119 dzia\u0142aj\u0105? I przede wszystkim \u2013 jak mo\u017cemy na nowo odkry\u0107 ich prawdziwe znaczenie w naszym \u017cyciu duchowym?<\/p>\n\n\n\n<hr class=\"wp-block-separator has-alpha-channel-opacity\"\/>\n\n\n\n<h2 class=\"wp-block-heading\"><strong>1. Czym s\u0105 Sakramentalia? (I dlaczego nie s\u0105 Amuletami)<\/strong><\/h2>\n\n\n\n<p>Sakramentalia to <strong>\u015bwi\u0119te znaki ustanowione przez Ko\u015bci\u00f3\u0142<\/strong>, kt\u00f3re przygotowuj\u0105 nas do przyj\u0119cia \u0142aski sakrament\u00f3w i u\u015bwi\u0119caj\u0105 okoliczno\u015bci \u017cycia (KKK 1667). W przeciwie\u0144stwie do sakrament\u00f3w (jak Chrzest czy Eucharystia) <strong>nie udzielaj\u0105 one \u0142aski same z siebie<\/strong>, ale dysponuj\u0105 nas do jej przyj\u0119cia.<\/p>\n\n\n\n<p><strong>Czym r\u00f3\u017cni\u0105 si\u0119 od amulet\u00f3w?<\/strong><\/p>\n\n\n\n<ul class=\"wp-block-list\">\n<li><strong>Amulet<\/strong> u\u017cywany jest przes\u0105dnie, jak gdyby mia\u0142 w\u0142asn\u0105 moc<\/li>\n\n\n\n<li><strong>Sakramentalium<\/strong> to znak wiary zale\u017cny od:\n<ul class=\"wp-block-list\">\n<li><strong>B\u0142ogos\u0142awie\u0144stwa Ko\u015bcio\u0142a<\/strong><\/li>\n\n\n\n<li><strong>Pobo\u017cno\u015bci osoby go u\u017cywaj\u0105cej<\/strong><\/li>\n\n\n\n<li><strong>Dzia\u0142ania Boga<\/strong><\/li>\n<\/ul>\n<\/li>\n<\/ul>\n\n\n\n<p>Katechizm wyra\u017ca si\u0119 jasno:<\/p>\n\n\n\n<blockquote class=\"wp-block-quote is-layout-flow wp-block-quote-is-layout-flow\">\n<p><em>&#8222;Pobo\u017cno\u015b\u0107 ludowa nie mo\u017ce by\u0107 lekcewa\u017cona&#8230; Jednak\u017ce&#8230;&#8221;<\/em> (KKK 1676, 1679)<\/p>\n<\/blockquote>\n\n\n\n<hr class=\"wp-block-separator has-alpha-channel-opacity\"\/>\n\n\n\n<h2 class=\"wp-block-heading\"><strong>2. Szkaplerz: Nie &#8222;Magiczne Ubezpieczenie&#8221;, ale Oddanie si\u0119 Maryi<\/strong><\/h2>\n\n\n\n<p>Jednym z najpot\u0119\u017cniejszych \u2013 a jednocze\u015bnie najbardziej niezrozumianych \u2013 sakramentalii jest <strong>Szkaplerz Karmelita\u0144ski<\/strong>. Tradycja m\u00f3wi, \u017ce Matka Bo\u017ca da\u0142a go \u015bw. Szymonowi Stockowi (XIII w.) z obietnic\u0105:<\/p>\n\n\n\n<blockquote class=\"wp-block-quote is-layout-flow wp-block-quote-is-layout-flow\">\n<p><em>&#8222;Kto w nim umrze, nie dozna ognia piekielnego&#8221;<\/em><\/p>\n<\/blockquote>\n\n\n\n<p>Ale <strong>to nie &#8222;przepustka&#8221; do Nieba<\/strong>. Szkaplerz to:<br>\u2714 <strong>Znak oddania si\u0119 Maryi<\/strong> (jak habit karmelita\u0144ski)<br>\u2714 <strong>Przypomnienie, by \u017cy\u0107 w \u0142asce<\/strong> (nosz\u0105cy powinien na\u015bladowa\u0107 cnoty Maryi)<br>\u2714 <strong>Obietnica matczynej opieki<\/strong> (jak ka\u017cda matka, Maryja wstawia si\u0119 za dzie\u0107mi)<\/p>\n\n\n\n<p><strong>Czy dzia\u0142a, je\u015bli nosi\u0107 go bez nawr\u00f3cenia?<\/strong> Nie. Jak m\u00f3wi\u0142 Pius XII: <em>&#8222;Nie chodzi tylko o pobo\u017cno\u015b\u0107&#8230; ale o zaanga\u017cowanie w \u017cycie chrze\u015bcija\u0144skie&#8221;<\/em><\/p>\n\n\n\n<hr class=\"wp-block-separator has-alpha-channel-opacity\"\/>\n\n\n\n<h2 class=\"wp-block-heading\"><strong>3. Pob\u0142ogos\u0142awione Medaliki: Nie Talizmany, ale Znaki Obecno\u015bci Boga<\/strong><\/h2>\n\n\n\n<p><strong>Cudowny Medalik<\/strong>, <strong>Krzy\u017c \u015bw. Benedykta<\/strong>, <strong>Agnus Dei<\/strong>&#8230; Te medaliki to nie &#8222;magiczne przedmioty&#8221;, ale <strong>znaki zwyci\u0119stwa Chrystusa nad z\u0142em<\/strong>.<\/p>\n\n\n\n<p>Przyk\u0142ady:<\/p>\n\n\n\n<ul class=\"wp-block-list\">\n<li><strong>Cudowny Medalik<\/strong> (dany przez Maryj\u0119 \u015bw. Katarzynie Labour\u00e9) g\u0142osi: <em>&#8222;O Maryjo bez grzechu pocz\u0119ta, m\u00f3dl si\u0119 za nami&#8221;<\/em>*<br><strong>To nie niezniszczalna tarcza, ale zaproszenie do zawierzenia Jej wstawiennictwu<\/strong><\/li>\n\n\n\n<li><strong>Krzy\u017c \u015bw. Benedykta<\/strong> nosi napis <em>&#8222;Vade retro, Satana&#8221;<\/em><br><strong>Nie wyp\u0119dza demon\u00f3w sam z siebie, ale wyznaje nasz\u0105 wiar\u0119 w Chrystusa \u2013 Zwyci\u0119zc\u0119 z\u0142a<\/strong><\/li>\n<\/ul>\n\n\n\n<hr class=\"wp-block-separator has-alpha-channel-opacity\"\/>\n\n\n\n<h2 class=\"wp-block-heading\"><strong>4. Dlaczego Dzi\u015b Potrzebujemy Sakramentalii Jak Nigdy Dot\u0105d<\/strong><\/h2>\n\n\n\n<p>\u017byjemy w czasach <strong>kryzysu wiary i pustych duchowo\u015bci<\/strong>. Wielu zwraca si\u0119 do horoskop\u00f3w, ezoteryki czy &#8222;energii&#8221;, zapominaj\u0105c, \u017ce <strong>B\u00f3g da\u0142 nam prawdziwe \u015brodki \u0142aski<\/strong>.<\/p>\n\n\n\n<p>Sakramentalia przypominaj\u0105 nam:<br>\u2705 <strong>\u017be materia mo\u017ce by\u0107 u\u015bwi\u0119cona<\/strong> (B\u00f3g u\u017cy\u0142 gliny, oleju, chleba&#8230;)<br>\u2705 <strong>\u017be wiara nie jest prywatna, ale wsp\u00f3lnotowa<\/strong> (Ko\u015bci\u00f3\u0142 je b\u0142ogos\u0142awi)<br>\u2705 <strong>\u017be diabe\u0142 jest realny, ale Chrystus ju\u017c zwyci\u0119\u017cy\u0142<\/strong> (sakramentalia to duchowa bro\u0144)<\/p>\n\n\n\n<hr class=\"wp-block-separator has-alpha-channel-opacity\"\/>\n\n\n\n<h2 class=\"wp-block-heading\"><strong>Zako\u0144czenie: Wiara, nie Magia<\/strong><\/h2>\n\n\n\n<p>Szkaplerz, medaliki i inne sakramentalia <strong>to nie czarodziejskie r\u00f3\u017cd\u017cki<\/strong>, ale <strong>pomoce do \u017cycia w \u0142asce<\/strong>. Ich moc nie le\u017cy w samym przedmiocie, ale w:<br>\ud83d\udd39 <strong>B\u0142ogos\u0142awie\u0144stwie Ko\u015bcio\u0142a<\/strong><br>\ud83d\udd39 <strong>Wierze i pobo\u017cno\u015bci u\u017cytkownika<\/strong><br>\ud83d\udd39 <strong>Dzia\u0142aniu Boga poprzez nie<\/strong><\/p>\n\n\n\n<p><strong>Czy u\u017cywasz ich z pobo\u017cno\u015bci\u0105, czy przes\u0105dnie?<\/strong> Dzi\u015b jest dobry dzie\u0144, by odnowi\u0107 ich znaczenie. Jak m\u00f3wi\u0142 \u015bw. Jan Pawe\u0142 II:<\/p>\n\n\n\n<blockquote class=\"wp-block-quote is-layout-flow wp-block-quote-is-layout-flow\">\n<p><em>&#8222;Nabo\u017ce\u0144stwo szkaplerzne prowadzi\u0142o wielu do \u017cycia pod p\u0142aszczem Maryi w autentycznej chrze\u015bcija\u0144skiej duchowo\u015bci&#8221;<\/em><\/p>\n<\/blockquote>\n\n\n\n<p><strong>U\u017cywajmy ich dobrze. Matka Bo\u017ca i \u015bwi\u0119ci na nas czekaj\u0105.<\/strong><\/p>\n\n\n\n<hr class=\"wp-block-separator has-alpha-channel-opacity\"\/>\n\n\n\n<p><strong>Praktyczne Wskaz\u00f3wki:<\/strong><\/p>\n\n\n\n<ul class=\"wp-block-list\">\n<li>M\u00f3dl si\u0119, u\u017cywaj\u0105c sakramentalium (np. <em>&#8222;Maryjo, pom\u00f3\u017c mi \u017cy\u0107 jako Twoje wierne dziecko&#8221;<\/em>)<\/li>\n\n\n\n<li>No\u015b je z wdzi\u0119czno\u015bci\u0105, nie ze strachu<\/li>\n\n\n\n<li>Zaufaj bardziej Bogu ni\u017c przedmiotowi<\/li>\n<\/ul>\n\n\n\n<p><em>Masz ulubione sakramentalium? Podziel si\u0119 w komentarzu!<\/em><\/p>\n\n\n\n<p>\ud83d\udcff <strong>Niech B\u00f3g b\u0142ogos\u0142awi!<\/strong> \ud83d\udcff<\/p>\n","protected":false},"excerpt":{"rendered":"<p>Wprowadzenie: Mi\u0119dzy Przes\u0105dem a Wiar\u0105 W \u015bwiecie poszukuj\u0105cym szybkich rozwi\u0105za\u0144 i magicznych odpowiedzi wielu katolik\u00f3w zapomnia\u0142o o prawdziwej mocy sakramentalii: szkaplerza, pob\u0142ogos\u0142awionych medalik\u00f3w, wody \u015bwi\u0119conej, \u015bwiec&#8230; Te przedmioty, cz\u0119sto b\u0142\u0119dnie rozumiane, bywaj\u0105 traktowane jak zwyk\u0142e talizmany. Ale wiara katolicka to nie magia ani przes\u0105d \u2013 to \u017cywa relacja z Bogiem. Dlaczego wi\u0119c Ko\u015bci\u00f3\u0142 zaleca u\u017cywanie &hellip;<\/p>\n","protected":false},"author":3,"featured_media":3089,"comment_status":"open","ping_status":"open","sticky":false,"template":"","format":"standard","meta":{"_seopress_robots_primary_cat":"","_seopress_titles_title":"","_seopress_titles_desc":"","_seopress_robots_index":"","footnotes":""},"categories":[40,62],"tags":[839],"class_list":["post-3088","post","type-post","status-publish","format-standard","has-post-thumbnail","","category-modlitwa-i-duchowosc","category-sakramentalia-i-pielgrzymki","tag-sakramentalii"],"_links":{"self":[{"href":"https:\/\/catholicus.eu\/pl\/wp-json\/wp\/v2\/posts\/3088","targetHints":{"allow":["GET"]}}],"collection":[{"href":"https:\/\/catholicus.eu\/pl\/wp-json\/wp\/v2\/posts"}],"about":[{"href":"https:\/\/catholicus.eu\/pl\/wp-json\/wp\/v2\/types\/post"}],"author":[{"embeddable":true,"href":"https:\/\/catholicus.eu\/pl\/wp-json\/wp\/v2\/users\/3"}],"replies":[{"embeddable":true,"href":"https:\/\/catholicus.eu\/pl\/wp-json\/wp\/v2\/comments?post=3088"}],"version-history":[{"count":1,"href":"https:\/\/catholicus.eu\/pl\/wp-json\/wp\/v2\/posts\/3088\/revisions"}],"predecessor-version":[{"id":3090,"href":"https:\/\/catholicus.eu\/pl\/wp-json\/wp\/v2\/posts\/3088\/revisions\/3090"}],"wp:featuredmedia":[{"embeddable":true,"href":"https:\/\/catholicus.eu\/pl\/wp-json\/wp\/v2\/media\/3089"}],"wp:attachment":[{"href":"https:\/\/catholicus.eu\/pl\/wp-json\/wp\/v2\/media?parent=3088"}],"wp:term":[{"taxonomy":"category","embeddable":true,"href":"https:\/\/catholicus.eu\/pl\/wp-json\/wp\/v2\/categories?post=3088"},{"taxonomy":"post_tag","embeddable":true,"href":"https:\/\/catholicus.eu\/pl\/wp-json\/wp\/v2\/tags?post=3088"}],"curies":[{"name":"wp","href":"https:\/\/api.w.org\/{rel}","templated":true}]}}