{"id":3040,"date":"2025-04-01T20:28:38","date_gmt":"2025-04-01T18:28:38","guid":{"rendered":"https:\/\/catholicus.eu\/pl\/?p=3040"},"modified":"2025-04-01T20:28:38","modified_gmt":"2025-04-01T18:28:38","slug":"filmowe-cytaty-a-katolicka-rzeczywistosc-czego-nigdy-nie-uslyszysz-na-tradycyjnym-slubie","status":"publish","type":"post","link":"https:\/\/catholicus.eu\/pl\/filmowe-cytaty-a-katolicka-rzeczywistosc-czego-nigdy-nie-uslyszysz-na-tradycyjnym-slubie\/","title":{"rendered":"Filmowe Cytaty a Katolicka Rzeczywisto\u015b\u0107: Czego\u00a0Nigdy\u00a0Nie Us\u0142yszysz na Tradycyjnym \u015alubie"},"content":{"rendered":"\n<h2 class=\"wp-block-heading\"><strong>Wprowadzenie: Gdy Hollywood Zniekszta\u0142ca Sakrament<\/strong><\/h2>\n\n\n\n<p>W \u015bwiecie kina \u015bluby to sceny pe\u0142ne dramatyzmu, romantyzmu i kultowych kwestii, kt\u00f3re zapad\u0142y w zbiorow\u0105 pami\u0119\u0107. Od&nbsp;<em>&#8222;Dop\u00f3ki \u015bmier\u0107 was nie roz\u0142\u0105czy&#8221;<\/em>&nbsp;po&nbsp;<em>&#8222;Je\u015bli kto\u015b ma zastrze\u017cenia, niech m\u00f3wi teraz albo milczy na wieki&#8221;<\/em>&nbsp;&#8211; te zdania wydaj\u0105 si\u0119 tak autentyczne, \u017ce wielu wierzy, i\u017c s\u0105 cz\u0119\u015bci\u0105 katolickiego obrz\u0119du ma\u0142\u017ce\u0144skiego. Jednak rzeczywisto\u015b\u0107 jest zupe\u0142nie inna.<\/p>\n\n\n\n<p>Katolickie ma\u0142\u017ce\u0144stwo to nie romantyczna umowa ani teatralna ceremonia &#8211; to&nbsp;<strong>\u015bwi\u0119ty sakrament<\/strong>, ustanowiony przez Chrystusa (por.&nbsp;<em>Mt 19,6<\/em>), z rytua\u0142em \u015bci\u015ble okre\u015blonym przez Ko\u015bci\u00f3\u0142. W tym artykule obalimy hollywoodzkie mity, przyjrzymy si\u0119 prawdziwemu katolickiemu obrz\u0119dowi i odkryjemy, dlaczego te wzruszaj\u0105ce frazy&nbsp;<strong>nie maj\u0105 miejsca w tradycyjnej liturgii<\/strong>.<\/p>\n\n\n\n<hr class=\"wp-block-separator has-alpha-channel-opacity\"\/>\n\n\n\n<h2 class=\"wp-block-heading\"><strong>1. &#8222;Dop\u00f3ki \u015bmier\u0107 was nie roz\u0142\u0105czy&#8221;: Wsp\u00f3\u0142czesny wymys\u0142?<\/strong><\/h2>\n\n\n\n<h3 class=\"wp-block-heading\"><strong>\u0179r\u00f3d\u0142o nieporozumienia<\/strong><\/h3>\n\n\n\n<p>To chyba najcz\u0119\u015bciej powtarzane zdanie w filmowych \u015blubach, a nawet niekt\u00f3rych ceremoniach cywilnych. Jednak&nbsp;<strong>katolicki obrz\u0119d nie zawiera go dos\u0142ownie<\/strong>. Ko\u015bci\u00f3\u0142 naucza wprawdzie, \u017ce ma\u0142\u017ce\u0144stwo jest&nbsp;<strong>nierozerwalne<\/strong>&nbsp;(<em>&#8222;Co B\u00f3g z\u0142\u0105czy\u0142, cz\u0142owiek niech nie rozdziela&#8221;<\/em>&nbsp;&#8211;&nbsp;<em>Mk 10,9<\/em>), ale nie u\u017cywa tych konkretnych s\u0142\u00f3w.<\/p>\n\n\n\n<h3 class=\"wp-block-heading\"><strong>Jak brzmi prawdziwa formu\u0142a katolicka?<\/strong><\/h3>\n\n\n\n<p>W&nbsp;<strong>Obrz\u0119dzie Ma\u0142\u017ce\u0144stwa wed\u0142ug Msza\u0142u Rzymskiego<\/strong>&nbsp;ma\u0142\u017conkowie sk\u0142adaj\u0105 sobie&nbsp;<strong>przyrzeczenia<\/strong>, nie przysi\u0119gi. Prawid\u0142owa formu\u0142a to:<\/p>\n\n\n\n<blockquote class=\"wp-block-quote is-layout-flow wp-block-quote-is-layout-flow\">\n<p><em>&#8222;Ja, [imi\u0119], bior\u0119 sobie ciebie, [imi\u0119], za \u017con\u0119\/za m\u0119\u017ca i \u015blubuj\u0119 ci mi\u0142o\u015b\u0107, wierno\u015b\u0107 i uczciwo\u015b\u0107 ma\u0142\u017ce\u0144sk\u0105 oraz \u017ce ci\u0119 nie opuszcz\u0119 a\u017c do \u015bmierci.&#8221;<\/em><\/p>\n<\/blockquote>\n\n\n\n<p>Zauwa\u017ccie, \u017ce&nbsp;<em>&#8222;dop\u00f3ki \u015bmier\u0107 nas nie roz\u0142\u0105czy&#8221;<\/em>&nbsp;nie pada, cho\u0107 nierozerwalno\u015b\u0107 jest zawarta w s\u0142owach&nbsp;<em>&#8222;a\u017c do \u015bmierci&#8221;<\/em>.<\/p>\n\n\n\n<h3 class=\"wp-block-heading\"><strong>Dlaczego Ko\u015bci\u00f3\u0142 unika tej formu\u0142y?<\/strong><\/h3>\n\n\n\n<p>Bo katolickie ma\u0142\u017ce\u0144stwo&nbsp;<strong>nie jest umow\u0105 warunkowan\u0105 \u015bmierci\u0105<\/strong>&nbsp;&#8211; to&nbsp;<strong>sakramentalny zwi\u0105zek odzwierciedlaj\u0105cy mi\u0142o\u015b\u0107 Chrystusa do Ko\u015bcio\u0142a<\/strong>&nbsp;(<em>Ef 5,25-32<\/em>). \u015amier\u0107 nie &#8222;zwalnia&#8221; ma\u0142\u017conk\u00f3w z sakramentu &#8211; w niebie ich mi\u0142o\u015b\u0107 doskonali si\u0119 w Bogu.<\/p>\n\n\n\n<hr class=\"wp-block-separator has-alpha-channel-opacity\"\/>\n\n\n\n<h2 class=\"wp-block-heading\"><strong>2. &#8222;Je\u015bli kto\u015b ma zastrze\u017cenia&#8230;&#8221;: S\u0105dowy dramat czy sakrament?<\/strong><\/h2>\n\n\n\n<h3 class=\"wp-block-heading\"><strong>Mit &#8222;ostatniego momentu na sprzeciw&#8221;<\/strong><\/h3>\n\n\n\n<p>Ta filmowa kwestia sugeruje, \u017ce \u015blub mo\u017cna przerwa\u0107, je\u015bli kto\u015b wska\u017ce przeszkody. Cho\u0107 Ko\u015bci\u00f3\u0142&nbsp;<strong>bada przeszkody przed \u015blubem<\/strong>&nbsp;(jak bigamia, pokrewie\u0144stwo czy brak wolno\u015bci),&nbsp;<strong>nigdy nie robi tego podczas ceremonii<\/strong>.<\/p>\n\n\n\n<h3 class=\"wp-block-heading\"><strong>Jak to wygl\u0105da w praktyce?<\/strong><\/h3>\n\n\n\n<p>Przed \u015blubem narzeczeni przechodz\u0105&nbsp;<strong>przygotowanie ma\u0142\u017ce\u0144skie<\/strong>, gdzie sprawdza si\u0119 ewentualne przeszkody. Gdyby kto\u015b mia\u0142 wa\u017cne zastrze\u017cenia, powinien je zg\u0142osi\u0107&nbsp;<strong>wcze\u015bniej<\/strong>, nie podczas mszy.<\/p>\n\n\n\n<h3 class=\"wp-block-heading\"><strong>Dlaczego nie ma tego &#8222;dramatycznego momentu&#8221;?<\/strong><\/h3>\n\n\n\n<p>Bo katolicki \u015blub to nie&nbsp;<strong>publiczny proces<\/strong>&nbsp;&#8211; to&nbsp;<strong>uroczysto\u015b\u0107 wiary<\/strong>. Ko\u015bci\u00f3\u0142 ufa przygotowaniu i szczero\u015bci narzeczonych, nie teatralnym przerwom.<\/p>\n\n\n\n<hr class=\"wp-block-separator has-alpha-channel-opacity\"\/>\n\n\n\n<h2 class=\"wp-block-heading\"><strong>3. &#8222;Og\u0142aszam was m\u0119\u017cem i \u017con\u0105&#8221;: Kto naprawd\u0119 zawiera ma\u0142\u017ce\u0144stwo?<\/strong><\/h2>\n\n\n\n<h3 class=\"wp-block-heading\"><strong>Hollywood kontra teologia katolicka<\/strong><\/h3>\n\n\n\n<p>W filmach ksi\u0105dz lub urz\u0119dnik&nbsp;<strong>&#8222;og\u0142asza&#8221;<\/strong>&nbsp;par\u0119 ma\u0142\u017ce\u0144stwem, jakby jego autorytet nadawa\u0142 wa\u017cno\u015b\u0107 sakramentowi. W katolickim obrz\u0119dzie&nbsp;<strong>to ma\u0142\u017conkowie sami sobie udzielaj\u0105 sakramentu<\/strong>, a kap\u0142an jest kwalifikowanym \u015bwiadkiem Ko\u015bcio\u0142a.<\/p>\n\n\n\n<h3 class=\"wp-block-heading\"><strong>Prawid\u0142owa formu\u0142a katolicka<\/strong><\/h3>\n\n\n\n<p>Ksi\u0105dz niczego nie &#8222;og\u0142asza&#8221; &#8211;&nbsp;<strong>b\u0142ogos\u0142awi zwi\u0105zek zawarty przez ma\u0142\u017conk\u00f3w<\/strong>. Istot\u0105 sakramentu jest ich wzajemna zgoda przed Bogiem.<\/p>\n\n\n\n<h3 class=\"wp-block-heading\"><strong>Kluczowy cytat: &#8222;Co B\u00f3g z\u0142\u0105czy\u0142&#8230;&#8221;<\/strong><\/h3>\n\n\n\n<p>Jezus powiedzia\u0142:&nbsp;<em>&#8222;A tak ju\u017c nie s\u0105 dwoje, lecz jedno cia\u0142o. Co wi\u0119c B\u00f3g z\u0142\u0105czy\u0142, niech cz\u0142owiek nie rozdziela.&#8221;<\/em>&nbsp;(<em>Mt 19,6<\/em>).&nbsp;<strong>To B\u00f3g \u0142\u0105czy, nie ksi\u0105dz.<\/strong><\/p>\n\n\n\n<hr class=\"wp-block-separator has-alpha-channel-opacity\"\/>\n\n\n\n<h2 class=\"wp-block-heading\"><strong>4. Inne fa\u0142szywe (lecz popularne) filmowe zwroty \u015blubne<\/strong><\/h2>\n\n\n\n<ul class=\"wp-block-list\">\n<li><strong>&#8222;Mo\u017cecie poca\u0142owa\u0107 pann\u0119 m\u0142od\u0105&#8221;<\/strong>: Nie nale\u017cy do obrz\u0119du, cho\u0107 wiele par dodaje to jako tradycj\u0119.<\/li>\n\n\n\n<li><strong>&#8222;Moc\u0105 w\u0142adzy mi danej&#8230;&#8221;<\/strong>: Ko\u015bci\u00f3\u0142 nie &#8222;daje w\u0142adzy&#8221; ksi\u0119dzu do zawierania ma\u0142\u017ce\u0144stw &#8211; jest \u015bwiadkiem, nie szafarzem sakramentu.<\/li>\n\n\n\n<li><strong>&#8222;Niniejszym og\u0142aszam was m\u0119\u017cem i \u017con\u0105&#8221;<\/strong>: Typowe dla \u015blub\u00f3w cywilnych, obce rytua\u0142owi katolickiemu.<\/li>\n<\/ul>\n\n\n\n<hr class=\"wp-block-separator has-alpha-channel-opacity\"\/>\n\n\n\n<h2 class=\"wp-block-heading\"><strong>Zako\u0144czenie: Odkrywaj\u0105c prawdziw\u0105 istot\u0119 ma\u0142\u017ce\u0144stwa<\/strong><\/h2>\n\n\n\n<p>Katolicki \u015blub to nie hollywoodzki scenariusz &#8211; to&nbsp;<strong>\u015bwi\u0119ta tajemnica<\/strong>,&nbsp;<strong>\u017cywy sakrament<\/strong>&nbsp;odzwierciedlaj\u0105cy mi\u0142o\u015b\u0107 Chrystusa do Ko\u015bcio\u0142a. Filmowe frazy mog\u0105 wzrusza\u0107, ale&nbsp;<strong>nie zast\u0105pi\u0105 pi\u0119kna i g\u0142\u0119bi tradycyjnego obrz\u0119du<\/strong>.<\/p>\n\n\n\n<p>Planuj\u0105c \u015blub, pami\u0119tajcie:&nbsp;<strong>licz\u0105 si\u0119 nie efektowne s\u0142owa, ale autentyczne zobowi\u0105zanie przed Bogiem<\/strong>. Jak m\u00f3wi \u015bw. Pawe\u0142:&nbsp;<em>&#8222;Mi\u0142o\u015b\u0107 cierpliwa jest, \u0142askawa jest&#8230; Wszystko znosi, wszystkiemu wierzy, wszystko przetrzyma.&#8221;<\/em>&nbsp;(<em>1 Kor 13,4-7<\/em>).<\/p>\n\n\n\n<p><strong>Czy wiedzieli\u015bcie o tym?<\/strong>&nbsp;Udost\u0119pnijcie ten artyku\u0142, by pom\u00f3c innym odkry\u0107 prawdziwe bogactwo katolickiego ma\u0142\u017ce\u0144stwa.<\/p>\n\n\n\n<p><em>[Dla pog\u0142\u0119bienia: Polecamy&nbsp;Katechizm Ko\u015bcio\u0142a Katolickiego&nbsp;(nr 1601-1666) o prawdziwym znaczeniu ma\u0142\u017ce\u0144stwa.]<\/em><\/p>\n\n\n\n<hr class=\"wp-block-separator has-alpha-channel-opacity\"\/>\n\n\n\n<p><strong>\ud83d\udd14 Podoba\u0142 si\u0119 wam artyku\u0142? Subskrybujcie, by otrzymywa\u0107 wi\u0119cej tre\u015bci teologicznych i odkrywa\u0107, jak \u017cy\u0107 wiar\u0105 w \u015bwiecie pe\u0142nym wsp\u00f3\u0142czesnych mit\u00f3w.<\/strong><\/p>\n","protected":false},"excerpt":{"rendered":"<p>Wprowadzenie: Gdy Hollywood Zniekszta\u0142ca Sakrament W \u015bwiecie kina \u015bluby to sceny pe\u0142ne dramatyzmu, romantyzmu i kultowych kwestii, kt\u00f3re zapad\u0142y w zbiorow\u0105 pami\u0119\u0107. Od&nbsp;&#8222;Dop\u00f3ki \u015bmier\u0107 was nie roz\u0142\u0105czy&#8221;&nbsp;po&nbsp;&#8222;Je\u015bli kto\u015b ma zastrze\u017cenia, niech m\u00f3wi teraz albo milczy na wieki&#8221;&nbsp;&#8211; te zdania wydaj\u0105 si\u0119 tak autentyczne, \u017ce wielu wierzy, i\u017c s\u0105 cz\u0119\u015bci\u0105 katolickiego obrz\u0119du ma\u0142\u017ce\u0144skiego. Jednak rzeczywisto\u015b\u0107 jest &hellip;<\/p>\n","protected":false},"author":3,"featured_media":3041,"comment_status":"open","ping_status":"open","sticky":false,"template":"","format":"standard","meta":{"_seopress_robots_primary_cat":"","_seopress_titles_title":"","_seopress_titles_desc":"","_seopress_robots_index":"","footnotes":""},"categories":[39,55],"tags":[816,817,818],"class_list":["post-3040","post","type-post","status-publish","format-standard","has-post-thumbnail","","category-moralnosc-i-zycie-chrzescijanskie","category-rodzina-i-malzenstwo","tag-dopoki-smierc-was-nie-rozlaczy","tag-jesli-ktos-ma-zastrzezenia","tag-oglaszam-was-mezem-i-zona"],"_links":{"self":[{"href":"https:\/\/catholicus.eu\/pl\/wp-json\/wp\/v2\/posts\/3040","targetHints":{"allow":["GET"]}}],"collection":[{"href":"https:\/\/catholicus.eu\/pl\/wp-json\/wp\/v2\/posts"}],"about":[{"href":"https:\/\/catholicus.eu\/pl\/wp-json\/wp\/v2\/types\/post"}],"author":[{"embeddable":true,"href":"https:\/\/catholicus.eu\/pl\/wp-json\/wp\/v2\/users\/3"}],"replies":[{"embeddable":true,"href":"https:\/\/catholicus.eu\/pl\/wp-json\/wp\/v2\/comments?post=3040"}],"version-history":[{"count":1,"href":"https:\/\/catholicus.eu\/pl\/wp-json\/wp\/v2\/posts\/3040\/revisions"}],"predecessor-version":[{"id":3042,"href":"https:\/\/catholicus.eu\/pl\/wp-json\/wp\/v2\/posts\/3040\/revisions\/3042"}],"wp:featuredmedia":[{"embeddable":true,"href":"https:\/\/catholicus.eu\/pl\/wp-json\/wp\/v2\/media\/3041"}],"wp:attachment":[{"href":"https:\/\/catholicus.eu\/pl\/wp-json\/wp\/v2\/media?parent=3040"}],"wp:term":[{"taxonomy":"category","embeddable":true,"href":"https:\/\/catholicus.eu\/pl\/wp-json\/wp\/v2\/categories?post=3040"},{"taxonomy":"post_tag","embeddable":true,"href":"https:\/\/catholicus.eu\/pl\/wp-json\/wp\/v2\/tags?post=3040"}],"curies":[{"name":"wp","href":"https:\/\/api.w.org\/{rel}","templated":true}]}}