{"id":3034,"date":"2025-03-31T22:36:52","date_gmt":"2025-03-31T20:36:52","guid":{"rendered":"https:\/\/catholicus.eu\/pl\/?p=3034"},"modified":"2025-03-31T22:36:53","modified_gmt":"2025-03-31T20:36:53","slug":"trzeci-dzien-po-smierci-co-naprawde-dzieje-sie-z-dusza-wedlug-mistykow-katolickich","status":"publish","type":"post","link":"https:\/\/catholicus.eu\/pl\/trzeci-dzien-po-smierci-co-naprawde-dzieje-sie-z-dusza-wedlug-mistykow-katolickich\/","title":{"rendered":"Trzeci Dzie\u0144 Po \u015amierci: Co Naprawd\u0119 Dzieje si\u0119 z Dusz\u0105 Wed\u0142ug Mistyk\u00f3w Katolickich?"},"content":{"rendered":"\n<h2 class=\"wp-block-heading\"><strong>Wprowadzenie: Tajemnica \u015amierci i Los Duszy<\/strong><\/h2>\n\n\n\n<p>\u015amier\u0107 to wielka tajemnica, kt\u00f3rej wszyscy &#8211; pr\u0119dzej czy p\u00f3\u017aniej &#8211; musimy stawi\u0107 czo\u0142a. Ale co&nbsp;<em>naprawd\u0119<\/em>&nbsp;dzieje si\u0119 z dusz\u0105 po opuszczeniu tego \u015bwiata? Ko\u015bci\u00f3\u0142 Katolicki, opieraj\u0105c si\u0119 na Pi\u015bmie \u015awi\u0119tym, Tradycji i objawieniach \u015bwi\u0119tych mistyk\u00f3w, oferuje nam \u015bwiat\u0142o w ciemno\u015bci.<\/p>\n\n\n\n<p>Jednym z najwa\u017cniejszych moment\u00f3w jest&nbsp;<strong>trzeci dzie\u0144 po \u015bmierci<\/strong>, okres, w kt\u00f3rym &#8211; wed\u0142ug licznych mistycznych wizji &#8211; dusza staje przed swoim s\u0105dem szczeg\u00f3\u0142owym. \u015awi\u0119ta Faustyna Kowalska, \u015awi\u0119ty Ojciec Pio i inni \u015bwi\u0119ci opisali ze zdumiewaj\u0105cymi szczeg\u00f3\u0142ami, co dzieje si\u0119 w tym kluczowym czasie.<\/p>\n\n\n\n<p>W tym artykule zg\u0142\u0119bimy:<\/p>\n\n\n\n<ul class=\"wp-block-list\">\n<li><strong>Biblijne i teologiczne podstawy &#8222;trzeciego dnia&#8221;<\/strong><\/li>\n\n\n\n<li><strong>Wizje \u015awi\u0119tej Faustyny o s\u0105dzie szczeg\u00f3\u0142owym<\/strong><\/li>\n\n\n\n<li><strong>Mistyczne do\u015bwiadczenia \u015awi\u0119tego Ojca Pio z duszami w czy\u015b\u0107cu<\/strong><\/li>\n\n\n\n<li><strong>Jak przygotowa\u0107 si\u0119 na ten decyduj\u0105cy moment<\/strong><\/li>\n<\/ul>\n\n\n\n<h2 class=\"wp-block-heading\"><strong>1. Trzeci Dzie\u0144 w Biblii i Tradycji Katolickiej<\/strong><\/h2>\n\n\n\n<h3 class=\"wp-block-heading\"><strong>Znaczenie &#8222;Trzeciego Dnia&#8221; w Pi\u015bmie \u015awi\u0119tym<\/strong><\/h3>\n\n\n\n<p>Liczba&nbsp;<em>trzy<\/em>&nbsp;ma g\u0142\u0119bokie znaczenie biblijne:<\/p>\n\n\n\n<ul class=\"wp-block-list\">\n<li><strong>Chrystus zmartwychwsta\u0142 trzeciego dnia<\/strong>\u00a0(\u0141k 24,46), zwyci\u0119\u017caj\u0105c \u015bmier\u0107<\/li>\n\n\n\n<li><strong>Jonasz przebywa\u0142 trzy dni we wn\u0119trzno\u015bciach ryby<\/strong>\u00a0(Jon 1,17), zapowiadaj\u0105c Zmartwychwstanie<\/li>\n\n\n\n<li><strong>B\u00f3g poleci\u0142 Abrahamowi z\u0142o\u017cy\u0107 Izaaka w ofierze &#8222;trzeciego dnia&#8221;<\/strong>\u00a0(Rdz 22,4), co symbolizuje pos\u0142usze\u0144stwo i odkupienie<\/li>\n<\/ul>\n\n\n\n<p>W tradycji chrze\u015bcija\u0144skiej&nbsp;<strong>trzeci dzie\u0144 po \u015bmierci<\/strong>&nbsp;postrzegany jest jako moment rozstrzygaj\u0105cy dla duszy. Ojcowie Ko\u015bcio\u0142a, jak \u015awi\u0119ty Augustyn i \u015awi\u0119ty Grzegorz Wielki, m\u00f3wili o okresie oczyszczenia przed wej\u015bciem w obecno\u015b\u0107 Boga.<\/p>\n\n\n\n<h3 class=\"wp-block-heading\"><strong>Co M\u00f3wi Teologia Katolicka?<\/strong><\/h3>\n\n\n\n<p>Ko\u015bci\u00f3\u0142 naucza, \u017ce&nbsp;<strong>natychmiast po \u015bmierci<\/strong>&nbsp;dusza staje przed&nbsp;<strong>&#8222;s\u0105dem szczeg\u00f3\u0142owym&#8221;<\/strong>&nbsp;(Hbr 9,27). Jednak niekt\u00f3rzy mistycy objawili, \u017ce chocia\u017c s\u0105d nast\u0119puje natychmiast, dusza do\u015bwiadcza&nbsp;<em>postrzegania czasu<\/em>, kt\u00f3re mo\u017ce wi\u0105za\u0107 si\u0119 z trzecim dniem.<\/p>\n\n\n\n<h2 class=\"wp-block-heading\"><strong>2. \u015awi\u0119ta Faustyna i &#8222;Dzienniczek&#8221; o S\u0105dzie Duszy<\/strong><\/h2>\n\n\n\n<p>\u015awi\u0119ta Faustyna Kowalska, aposto\u0142ka Bo\u017cego Mi\u0142osierdzia, otrzyma\u0142a niezwyk\u0142e objawienia o \u017cyciu po \u015bmierci. W swoim&nbsp;<em>Dzienniczku<\/em>&nbsp;zapisa\u0142a:<\/p>\n\n\n\n<blockquote class=\"wp-block-quote is-layout-flow wp-block-quote-is-layout-flow\">\n<p><em>&#8222;Ujrza\u0142am m\u00f3j s\u0105d szczeg\u00f3\u0142owy. Ujrza\u0142am Jezusa jako S\u0119dziego sprawiedliwego, ale te\u017c jako Zbawiciela mi\u0142osiernego. Wszystko, co uczyni\u0142am, przesz\u0142o przed moimi oczyma z przera\u017caj\u0105c\u0105 jasno\u015bci\u0105. Lecz Jezus rzek\u0142 do mnie: 'C\u00f3rko moja, nie l\u0119kaj si\u0119, jestem z tob\u0105'&#8221;.<\/em>&nbsp;(Dzienniczek, 36)<\/p>\n<\/blockquote>\n\n\n\n<h3 class=\"wp-block-heading\"><strong>Trzeci Dzie\u0144 i Bo\u017ce Mi\u0142osierdzie<\/strong><\/h3>\n\n\n\n<p>\u015awi\u0119ta Faustyna opisuje, \u017ce wiele dusz&nbsp;<strong>trzeciego dnia<\/strong>&nbsp;do\u015bwiadcza szczeg\u00f3lnego objawienia Bo\u017cego Mi\u0142osierdzia. To moment, gdy:<\/p>\n\n\n\n<ul class=\"wp-block-list\">\n<li><strong>Dusza widzi ca\u0142e swoje \u017cycie w absolutnej jasno\u015bci<\/strong><\/li>\n\n\n\n<li><strong>Rozumie ci\u0119\u017car swoich grzech\u00f3w i g\u0142\u0119bi\u0119 Bo\u017cej mi\u0142o\u015bci<\/strong><\/li>\n\n\n\n<li><strong>Je\u015bli by\u0142a w grzechu \u015bmiertelnym, prze\u017cywa duchow\u0105 agoni\u0119 przed pot\u0119pieniem<\/strong><\/li>\n\n\n\n<li><strong>Je\u015bli by\u0142a w stanie \u0142aski, odczuwa niewys\u0142owion\u0105 rado\u015b\u0107 zbli\u017caj\u0105c si\u0119 do Nieba<\/strong><\/li>\n<\/ul>\n\n\n\n<p>Podkre\u015bla te\u017c, \u017ce&nbsp;<strong>modlitwy \u017cywych, zw\u0142aszcza R\u00f3\u017caniec i Koronka do Mi\u0142osierdzia Bo\u017cego, mog\u0105 pom\u00f3c duszom w tym krytycznym momencie.<\/strong><\/p>\n\n\n\n<h2 class=\"wp-block-heading\"><strong>3. \u015awi\u0119ty Ojciec Pio i Dusze w Czy\u015b\u0107cu<\/strong><\/h2>\n\n\n\n<p>\u015awi\u0119ty Ojciec Pio, znany ze stygmat\u00f3w i g\u0142\u0119bokiej wi\u0119zi z duszami w czy\u015b\u0107cu, mia\u0142 liczne nadprzyrodzone do\u015bwiadczenia ze zmar\u0142ymi. Liczne \u015bwiadectwa m\u00f3wi\u0105, \u017ce:<\/p>\n\n\n\n<ul class=\"wp-block-list\">\n<li><strong>Dusze ukazywa\u0142y mu si\u0119, prosz\u0105c o modlitwy, szczeg\u00f3lnie trzeciego dnia<\/strong><\/li>\n\n\n\n<li><strong>Fizycznie odczuwa\u0142 ich cierpienia i odprawia\u0142 za nie Msze \u015bwi\u0119te<\/strong><\/li>\n\n\n\n<li><strong>Widzia\u0142, jak niekt\u00f3re dusze, dzi\u0119ki modlitwom, szybko zostawa\u0142y uwolnione<\/strong><\/li>\n<\/ul>\n\n\n\n<p>W li\u015bcie pisa\u0142:<\/p>\n\n\n\n<blockquote class=\"wp-block-quote is-layout-flow wp-block-quote-is-layout-flow\">\n<p><em>&#8222;Dusze w czy\u015b\u0107cu nie mog\u0105 modli\u0107 si\u0119 za siebie, ale z ut\u0119sknieniem oczekuj\u0105 naszych modlitw. Ka\u017cda Msza \u015bwi\u0119ta, ka\u017cde Zdrowa\u015b Maryjo, to promie\u0144 \u015bwiat\u0142a przybli\u017caj\u0105cy je do Boga.&#8221;<\/em><\/p>\n<\/blockquote>\n\n\n\n<h3 class=\"wp-block-heading\"><strong>Dlaczego Trzeci Dzie\u0144 Jest Tak Kluczowy?<\/strong><\/h3>\n\n\n\n<p>Wed\u0142ug \u015awi\u0119tego Ojca Pio,&nbsp;<strong>trzeci dzie\u0144 to czas, gdy wiele dusz w pe\u0142ni u\u015bwiadamia sobie sw\u00f3j stan i szczeg\u00f3lnie intensywnie odczuwa potrzeb\u0119 oczyszczenia.<\/strong>&nbsp;To moment, gdy Ko\u015bci\u00f3\u0142 walcz\u0105cy (my na ziemi) mo\u017ce pot\u0119\u017cnie interweniowa\u0107 przez:<\/p>\n\n\n\n<ul class=\"wp-block-list\">\n<li><strong>Msze \u015bwi\u0119te ofiarowane za ich spoczynek<\/strong><\/li>\n\n\n\n<li><strong>Modlitw\u0119 R\u00f3\u017ca\u0144cem \u015bwi\u0119tym<\/strong><\/li>\n\n\n\n<li><strong>Czyny mi\u0142osierdzia w ich intencji<\/strong><\/li>\n<\/ul>\n\n\n\n<h2 class=\"wp-block-heading\"><strong>4. Jak Przygotowa\u0107 si\u0119 na S\u0105d Duszy<\/strong><\/h2>\n\n\n\n<p>Przes\u0142anie mistyk\u00f3w jest jasne:&nbsp;<strong>\u015bmier\u0107 to nie koniec, ale pocz\u0105tek naszego prawdziwego \u017cycia.<\/strong>&nbsp;Musimy jednak by\u0107 przygotowani.<\/p>\n\n\n\n<h3 class=\"wp-block-heading\"><strong>Klucze do Przyjaznego S\u0105du Szczeg\u00f3\u0142owego<\/strong><\/h3>\n\n\n\n<ol start=\"1\" class=\"wp-block-list\">\n<li><strong>Cz\u0119sta spowied\u017a<\/strong>: Sakrament pokuty oczyszcza dusz\u0119<\/li>\n\n\n\n<li><strong>Komunia eucharystyczna<\/strong>: Jezus w Eucharystii nas umacnia<\/li>\n\n\n\n<li><strong>Modlitwa za zmar\u0142ych<\/strong>: Oni pomog\u0105 nam p\u00f3\u017aniej, je\u015bli my pomo\u017cemy im teraz<\/li>\n\n\n\n<li><strong>\u017bycie w \u0142asce<\/strong>: Unikanie grzechu \u015bmiertelnego i piel\u0119gnowanie cn\u00f3t<\/li>\n<\/ol>\n\n\n\n<h3 class=\"wp-block-heading\"><strong>Co Ci\u0119 Oczekuje Trzeciego Dnia?<\/strong><\/h3>\n\n\n\n<p>Je\u015bli \u017cyjesz w przyja\u017ani z Bogiem, ten dzie\u0144 b\u0119dzie czasem&nbsp;<strong>pokoju i nadziei<\/strong>. W przeciwnym razie stanie si\u0119 momentem&nbsp;<strong>przera\u017caj\u0105cej jasno\u015bci<\/strong>. Lecz Bo\u017ce Mi\u0142osierdzie jest zawsze dost\u0119pne&#8230;&nbsp;<em>a\u017c do ostatniej chwili.<\/em><\/p>\n\n\n\n<h2 class=\"wp-block-heading\"><strong>Zako\u0144czenie: Przes\u0142anie Nadziei<\/strong><\/h2>\n\n\n\n<p>\u015amier\u0107 nie powinna nas przera\u017ca\u0107, ale&nbsp;<strong>motywowa\u0107 do \u017cycia w \u0142asce<\/strong>. Objawienia \u015awi\u0119tej Faustyny i \u015awi\u0119tego Ojca Pio przypominaj\u0105 nam, \u017ce:<\/p>\n\n\n\n<ul class=\"wp-block-list\">\n<li><strong>B\u00f3g jest Sprawiedliwym S\u0119dzi\u0105, ale te\u017c Mi\u0142osiernym Ojcem<\/strong><\/li>\n\n\n\n<li><strong>Nasze modlitwy mog\u0105 zbawi\u0107 dusze<\/strong><\/li>\n\n\n\n<li><strong>Trzeci dzie\u0144 to czas rozstrzygni\u0119cia, ale nie samotno\u015bci &#8211; ca\u0142y Ko\u015bci\u00f3\u0142 wstawia si\u0119 za nami<\/strong><\/li>\n<\/ul>\n\n\n\n<p><strong>Czy jeste\u015b gotowy na sw\u00f3j s\u0105d?<\/strong>&nbsp;Dzi\u015b jest czas nawr\u00f3cenia, mi\u0142o\u015bci i zawierzenia Bo\u017cemu Mi\u0142osierdziu. Jak powiedzia\u0142 Jezus \u015awi\u0119tej Faustynie:<\/p>\n\n\n\n<blockquote class=\"wp-block-quote is-layout-flow wp-block-quote-is-layout-flow\">\n<p><em>&#8222;Dusza, kt\u00f3ra zaufa\u0142a Mojemu Mi\u0142osierdziu, nie zginie, bo Ja sam broni\u0107 jej b\u0119d\u0119 w godzinie \u015bmierci.&#8221;<\/em><\/p>\n<\/blockquote>\n\n\n\n<p><strong>M\u00f3dl si\u0119, ufaj i \u017cyj ka\u017cdy dzie\u0144, jakby mia\u0142 by\u0107 ostatni&#8230; bo trzeci dzie\u0144 nadejdzie.<\/strong><\/p>\n\n\n\n<hr class=\"wp-block-separator has-alpha-channel-opacity\"\/>\n\n\n\n<p><strong>Czy ten artyku\u0142 by\u0142 pomocny?<\/strong>&nbsp;Podziel si\u0119 nim i pom\u00f3\u017c innym przygotowa\u0107 si\u0119 na wieczno\u015b\u0107. Niech \u015bwi\u0119ci i anio\u0142owie nas prowadz\u0105!<\/p>\n\n\n\n<p>\ud83d\udcff&nbsp;<strong>Modlitwa Ko\u0144cowa:<\/strong><br><em>&#8222;Panie, pom\u00f3\u017c mi \u017cy\u0107 ka\u017cdego dnia w Twojej \u0142asce, abym w godzinie \u015bmierci m\u00f3g\u0142 ujrze\u0107 Ci\u0119 twarz\u0105 w twarz bez l\u0119ku. Maryjo, Matko Mi\u0142osierdzia, m\u00f3dl si\u0119 za nami teraz i w godzin\u0119 \u015bmierci naszej. Amen.&#8221;<\/em><\/p>\n","protected":false},"excerpt":{"rendered":"<p>Wprowadzenie: Tajemnica \u015amierci i Los Duszy \u015amier\u0107 to wielka tajemnica, kt\u00f3rej wszyscy &#8211; pr\u0119dzej czy p\u00f3\u017aniej &#8211; musimy stawi\u0107 czo\u0142a. Ale co&nbsp;naprawd\u0119&nbsp;dzieje si\u0119 z dusz\u0105 po opuszczeniu tego \u015bwiata? Ko\u015bci\u00f3\u0142 Katolicki, opieraj\u0105c si\u0119 na Pi\u015bmie \u015awi\u0119tym, Tradycji i objawieniach \u015bwi\u0119tych mistyk\u00f3w, oferuje nam \u015bwiat\u0142o w ciemno\u015bci. Jednym z najwa\u017cniejszych moment\u00f3w jest&nbsp;trzeci dzie\u0144 po \u015bmierci, okres, &hellip;<\/p>\n","protected":false},"author":3,"featured_media":3035,"comment_status":"open","ping_status":"open","sticky":false,"template":"","format":"standard","meta":{"_seopress_robots_primary_cat":"","_seopress_titles_title":"","_seopress_titles_desc":"","_seopress_robots_index":"","footnotes":""},"categories":[40,58],"tags":[814],"class_list":["post-3034","post","type-post","status-publish","format-standard","has-post-thumbnail","","category-modlitwa-i-duchowosc","category-modlitwa-i-zycie-duchowe","tag-trzeci-dzien-po-smierci"],"_links":{"self":[{"href":"https:\/\/catholicus.eu\/pl\/wp-json\/wp\/v2\/posts\/3034","targetHints":{"allow":["GET"]}}],"collection":[{"href":"https:\/\/catholicus.eu\/pl\/wp-json\/wp\/v2\/posts"}],"about":[{"href":"https:\/\/catholicus.eu\/pl\/wp-json\/wp\/v2\/types\/post"}],"author":[{"embeddable":true,"href":"https:\/\/catholicus.eu\/pl\/wp-json\/wp\/v2\/users\/3"}],"replies":[{"embeddable":true,"href":"https:\/\/catholicus.eu\/pl\/wp-json\/wp\/v2\/comments?post=3034"}],"version-history":[{"count":1,"href":"https:\/\/catholicus.eu\/pl\/wp-json\/wp\/v2\/posts\/3034\/revisions"}],"predecessor-version":[{"id":3036,"href":"https:\/\/catholicus.eu\/pl\/wp-json\/wp\/v2\/posts\/3034\/revisions\/3036"}],"wp:featuredmedia":[{"embeddable":true,"href":"https:\/\/catholicus.eu\/pl\/wp-json\/wp\/v2\/media\/3035"}],"wp:attachment":[{"href":"https:\/\/catholicus.eu\/pl\/wp-json\/wp\/v2\/media?parent=3034"}],"wp:term":[{"taxonomy":"category","embeddable":true,"href":"https:\/\/catholicus.eu\/pl\/wp-json\/wp\/v2\/categories?post=3034"},{"taxonomy":"post_tag","embeddable":true,"href":"https:\/\/catholicus.eu\/pl\/wp-json\/wp\/v2\/tags?post=3034"}],"curies":[{"name":"wp","href":"https:\/\/api.w.org\/{rel}","templated":true}]}}