{"id":3025,"date":"2025-03-30T23:38:59","date_gmt":"2025-03-30T21:38:59","guid":{"rendered":"https:\/\/catholicus.eu\/pl\/?p=3025"},"modified":"2025-03-30T23:38:59","modified_gmt":"2025-03-30T21:38:59","slug":"effatha-przemieniajaca-moc-chrystusa-ktora-otwiera-uszy-i-usta-dla-wiary","status":"publish","type":"post","link":"https:\/\/catholicus.eu\/pl\/effatha-przemieniajaca-moc-chrystusa-ktora-otwiera-uszy-i-usta-dla-wiary\/","title":{"rendered":"Effatha! Przemieniaj\u0105ca Moc Chrystusa, Kt\u00f3ra Otwiera Uszy i Usta dla Wiary"},"content":{"rendered":"\n<h3 class=\"wp-block-heading\"><strong>Wprowadzenie: Krzy\u017c, Kt\u00f3ry Prze\u0142amuje Cisz\u0119<\/strong><\/h3>\n\n\n\n<p>W Ewangelii Marka (7,31-37) znajdujemy jeden z tych moment\u00f3w, gdy Jezus dzia\u0142a z tak g\u0142\u0119bok\u0105 symboliczn\u0105 moc\u0105, \u017ce Ko\u015bci\u00f3\u0142, prowadzony przez Ducha \u015awi\u0119tego, uczyni\u0142 z tego \u015bwi\u0119ty obrz\u0119d.&nbsp;<strong>&#8222;Effatha&#8221;<\/strong>&nbsp;(co znaczy &#8222;Otw\u00f3rz si\u0119!&#8221;) to nie tylko cudowne s\u0142owo skierowane do g\u0142uchoniemego; to&nbsp;<strong>uniwersalne zaproszenie do duchowego otwarcia<\/strong>, wezwanie do s\u0142uchania S\u0142owa Bo\u017cego i g\u0142oszenia go z odwag\u0105.<\/p>\n\n\n\n<p>Dzi\u015b ten gest Jezusa pozostaje \u017cywy w chrzcie, zar\u00f3wno dzieci, jak i doros\u0142ych, przypominaj\u0105c nam, \u017ce wiara to nie tylko prywatny akt, ale&nbsp;<strong>radykalna przemiana naszych duchowych zmys\u0142\u00f3w<\/strong>. Co oznacza ten obrz\u0119d? Dlaczego Ko\u015bci\u00f3\u0142 go zachowuje? I przede wszystkim &#8211;&nbsp;<strong>jak \u017cy\u0107 &#8222;Effatha&#8221; w \u015bwiecie pe\u0142nym wsp\u00f3\u0142czesnej g\u0142uchoty?<\/strong><\/p>\n\n\n\n<hr class=\"wp-block-separator has-alpha-channel-opacity\"\/>\n\n\n\n<h3 class=\"wp-block-heading\"><strong>I. Biblijne Pochodzenie: Jezus i Cud, Kt\u00f3ry Zainspirowa\u0142 Obrz\u0119d<\/strong><\/h3>\n\n\n\n<p>Fragment&nbsp;<strong>Mk 7,31-37<\/strong>&nbsp;przenosi nas do Dekapolu, poga\u0144skiego regionu, gdzie przyprowadzono do Jezusa g\u0142uchoniemego cz\u0142owieka. Jezus w ge\u015bcie pe\u0142nym czu\u0142o\u015bci i mocy:<\/p>\n\n\n\n<ol start=\"1\" class=\"wp-block-list\">\n<li><strong>Odwodzi go na bok<\/strong>\u00a0(akt za\u017cy\u0142o\u015bci)<\/li>\n\n\n\n<li><strong>Dotyka jego uszu i j\u0119zyka<\/strong>\u00a0(fizyczny kontakt jako no\u015bnik \u0142aski)<\/li>\n\n\n\n<li><strong>Spogl\u0105da w niebo i wzdycha<\/strong>\u00a0(pokazuj\u0105c, \u017ce moc pochodzi od Ojca)<\/li>\n\n\n\n<li><strong>Wo\u0142a: &#8222;Effatha!&#8221;<\/strong>\u00a0(boski rozkaz wyzwalaj\u0105cy uzdrowienie)<\/li>\n<\/ol>\n\n\n\n<p>Rezultat jest natychmiastowy: cz\u0142owiek s\u0142yszy i m\u00f3wi wyra\u017anie. Ale poza fizycznym cudem jest&nbsp;<strong>duchowe znaczenie<\/strong>: Jezus przychodzi otworzy\u0107 cz\u0142owieka na komunikacj\u0119 z Bogiem i z innymi.<\/p>\n\n\n\n<hr class=\"wp-block-separator has-alpha-channel-opacity\"\/>\n\n\n\n<h3 class=\"wp-block-heading\"><strong>II. &#8222;Effatha&#8221; w Liturgii: Obrz\u0119d o Teologicznej G\u0142\u0119bi<\/strong><\/h3>\n\n\n\n<p>Ko\u015bci\u00f3\u0142, wierny swojej tradycji, w\u0142\u0105czy\u0142 ten gest do chrze\u015bcija\u0144skiego wtajemniczenia.&nbsp;<strong>To nie tylko wspomnienie, ale sakrament w miniaturze<\/strong>, skuteczny znak \u0142aski dzia\u0142aj\u0105cej w chrzcie.<\/p>\n\n\n\n<h4 class=\"wp-block-heading\"><strong>A. W Chrzcie Dzieci<\/strong><\/h4>\n\n\n\n<p>Kap\u0142an dotyka uszu i ust dziecka, m\u00f3wi\u0105c:<\/p>\n\n\n\n<blockquote class=\"wp-block-quote is-layout-flow wp-block-quote-is-layout-flow\">\n<p><em>&#8222;Pan Jezus, kt\u00f3ry przywr\u00f3ci\u0142 s\u0142uch g\u0142uchym, a mow\u0119 niemym, niech ci pozwoli w swoim czasie us\u0142ysze\u0107 Jego S\u0142owo i wyzna\u0107 wiar\u0119 na chwa\u0142\u0119 i cze\u015b\u0107 Boga Ojca.&#8221;<\/em><\/p>\n<\/blockquote>\n\n\n\n<p><strong>Dlaczego?<\/strong><\/p>\n\n\n\n<ul class=\"wp-block-list\">\n<li>Bo chrzest to nie tylko zewn\u0119trzne obmycie, ale\u00a0<strong>otwarcie duszy na Boga<\/strong><\/li>\n\n\n\n<li>Dziecko, cho\u0107 jeszcze nie rozumie, otrzymuje\u00a0<strong>ziarno wiary<\/strong>, kt\u00f3re wykie\u0142kuje dzi\u0119ki chrze\u015bcija\u0144skiemu wychowaniu<\/li>\n<\/ul>\n\n\n\n<h4 class=\"wp-block-heading\"><strong>B. W Chrzcie Doros\u0142ych (Obrz\u0119d &#8222;Effatha&#8221; w Katechumenacie)<\/strong><\/h4>\n\n\n\n<p>W Wielk\u0105 Sobot\u0119, przed chrztem, celebrans powtarza gest Jezusa, m\u00f3wi\u0105c:<\/p>\n\n\n\n<blockquote class=\"wp-block-quote is-layout-flow wp-block-quote-is-layout-flow\">\n<p><em>&#8222;Effatha, to znaczy: Otw\u00f3rz si\u0119, aby\u015b m\u00f3g\u0142 wyzna\u0107 wiar\u0119, kt\u00f3r\u0105 us\u0142ysza\u0142e\u015b, na chwa\u0142\u0119 i cze\u015b\u0107 Boga.&#8221;<\/em><\/p>\n<\/blockquote>\n\n\n\n<p><strong>Tu symbolika jest bardziej wyra\u017ana:<\/strong><\/p>\n\n\n\n<ul class=\"wp-block-list\">\n<li>Katechumen zosta\u0142 przygotowany do\u00a0<strong>s\u0142uchania S\u0142owa<\/strong>\u00a0(otwarte uszy)<\/li>\n\n\n\n<li>Teraz jest gotowy\u00a0<strong>wyzna\u0107 wiar\u0119<\/strong>\u00a0(uwolnione usta)<\/li>\n<\/ul>\n\n\n\n<hr class=\"wp-block-separator has-alpha-channel-opacity\"\/>\n\n\n\n<h3 class=\"wp-block-heading\"><strong>III. &#8222;Effatha&#8221; Dzi\u015b: Jak \u017by\u0107 Tym Otworzeniem w Duchowo G\u0142uchym \u015awiecie?<\/strong><\/h3>\n\n\n\n<p>\u017byjemy w epoce&nbsp;<strong>ci\u0105g\u0142ego ha\u0142asu<\/strong>, ale te\u017c&nbsp;<strong>duchowej g\u0142uchoty<\/strong>. Wielu s\u0142yszy, ale nie s\u0142ucha; m\u00f3wi, ale nie g\u0142osi prawdy. Jak stosowa\u0107 &#8222;Effatha&#8221; dzi\u015b?<\/p>\n\n\n\n<h4 class=\"wp-block-heading\"><strong>1. Otwiera\u0107 Uszy na Boga w\u015br\u00f3d Zgie\u0142ku<\/strong><\/h4>\n\n\n\n<ul class=\"wp-block-list\">\n<li><strong>Wsp\u00f3\u0142czesna g\u0142uchota:<\/strong>\u00a0Rozproszenia, relatywizm, religijna oboj\u0119tno\u015b\u0107<\/li>\n\n\n\n<li><strong>Rozwi\u0105zanie:<\/strong>\u00a0<strong>Modlitewne milczenie<\/strong>. Jak m\u00f3wi\u0142 \u015bw. Benedykt:\u00a0<em>&#8222;S\u0142uchaj, synu, nauk Mistrza i nak\u0142o\u0144 ucha swego serca.&#8221;<\/em><\/li>\n<\/ul>\n\n\n\n<h4 class=\"wp-block-heading\"><strong>2. Uwalnia\u0107 J\u0119zyk, by G\u0142osi\u0107 Wiar\u0119<\/strong><\/h4>\n\n\n\n<ul class=\"wp-block-list\">\n<li><strong>Wsp\u00f3\u0142czesny mutyzm:<\/strong>\u00a0Strach przed ocen\u0105, sekularyzacja, letnio\u015b\u0107<\/li>\n\n\n\n<li><strong>Rozwi\u0105zanie:<\/strong>\u00a0<strong>Odwa\u017cne \u015bwiadectwo<\/strong>. Jak pisa\u0142 \u015bw. Pawe\u0142:\u00a0<em>&#8222;Biada mi, gdybym nie g\u0142osi\u0142 Ewangelii!&#8221;<\/em>\u00a0(1 Kor 9,16)<\/li>\n<\/ul>\n\n\n\n<h4 class=\"wp-block-heading\"><strong>3. &#8222;Effatha&#8221; jako Misja Ko\u015bcio\u0142a<\/strong><\/h4>\n\n\n\n<p>Ko\u015bci\u00f3\u0142 nie tylko powtarza obrz\u0119d; jest wezwany, by by\u0107&nbsp;<strong>narz\u0119dziem Chrystusa do &#8222;otwierania&#8221; \u015bwiata<\/strong>:<\/p>\n\n\n\n<ul class=\"wp-block-list\">\n<li><strong>Przez g\u0142oszenie<\/strong>\u00a0(ewangelizacja)<\/li>\n\n\n\n<li><strong>Przez mi\u0142osierdzie<\/strong>\u00a0(mi\u0142o\u015b\u0107 m\u00f3wi\u0105ca bez s\u0142\u00f3w)<\/li>\n<\/ul>\n\n\n\n<hr class=\"wp-block-separator has-alpha-channel-opacity\"\/>\n\n\n\n<h3 class=\"wp-block-heading\"><strong>Zako\u0144czenie: Wezwanie do Pozwolenia, by Chrystus Nas Otworzy\u0142<\/strong><\/h3>\n\n\n\n<p>&#8222;Effatha&#8221; to nie tylko pami\u0105tka przesz\u0142o\u015bci; to&nbsp;<strong>obecna \u0142aska, przykazanie, obietnica<\/strong>. Chrystus wci\u0105\u017c chce otwiera\u0107 nasze uszy na Jego S\u0142owo i nasze usta na Jego chwa\u0142\u0119.<\/p>\n\n\n\n<p><strong>Czy jeste\u015b got\u00f3w pozwoli\u0107 Jezusowi powiedzie\u0107 ci &#8222;Effatha&#8221;?<\/strong><\/p>\n\n\n\n<ul class=\"wp-block-list\">\n<li>Je\u015bli czujesz, \u017ce\u00a0<strong>nie s\u0142yszysz Boga<\/strong>, pro\u015b Go, by dotkn\u0105\u0142 twoich uszu<\/li>\n\n\n\n<li>Je\u015bli masz trudno\u015bci z\u00a0<strong>m\u00f3wieniem o swojej wierze<\/strong>, pro\u015b Go, by uwolni\u0142 tw\u00f3j j\u0119zyk<\/li>\n<\/ul>\n\n\n\n<p>Jak w chrzcie, On wci\u0105\u017c czyni cuda.&nbsp;<strong>Otw\u00f3rz si\u0119!<\/strong>&nbsp;Bo tylko ten, kto s\u0142ucha Boga, mo\u017ce m\u00f3wi\u0107 o Bogu. I tylko ten, kto m\u00f3wi o Bogu, mo\u017ce przemienia\u0107 \u015bwiat.<\/p>\n\n\n\n<hr class=\"wp-block-separator has-alpha-channel-opacity\"\/>\n\n\n\n<p><strong>&#8222;Kto ma uszy do s\u0142uchania, niechaj s\u0142ucha!&#8221;<\/strong>&nbsp;(Mk 4,9)<\/p>\n\n\n\n<p><em>(Chcesz zg\u0142\u0119bi\u0107, jak \u017cy\u0107 &#8222;Effatha&#8221; na co dzie\u0144? Podziel si\u0119 przemy\u015bleniami i do\u015bwiadczeniami w komentarzach!)<\/em><\/p>\n","protected":false},"excerpt":{"rendered":"<p>Wprowadzenie: Krzy\u017c, Kt\u00f3ry Prze\u0142amuje Cisz\u0119 W Ewangelii Marka (7,31-37) znajdujemy jeden z tych moment\u00f3w, gdy Jezus dzia\u0142a z tak g\u0142\u0119bok\u0105 symboliczn\u0105 moc\u0105, \u017ce Ko\u015bci\u00f3\u0142, prowadzony przez Ducha \u015awi\u0119tego, uczyni\u0142 z tego \u015bwi\u0119ty obrz\u0119d.&nbsp;&#8222;Effatha&#8221;&nbsp;(co znaczy &#8222;Otw\u00f3rz si\u0119!&#8221;) to nie tylko cudowne s\u0142owo skierowane do g\u0142uchoniemego; to&nbsp;uniwersalne zaproszenie do duchowego otwarcia, wezwanie do s\u0142uchania S\u0142owa Bo\u017cego i &hellip;<\/p>\n","protected":false},"author":3,"featured_media":3026,"comment_status":"open","ping_status":"open","sticky":false,"template":"","format":"standard","meta":{"_seopress_robots_primary_cat":"","_seopress_titles_title":"","_seopress_titles_desc":"","_seopress_robots_index":"","footnotes":""},"categories":[37,45],"tags":[811],"class_list":["post-3025","post","type-post","status-publish","format-standard","has-post-thumbnail","","category-doktryna-i-wiara","category-pismo-swiete","tag-effatha"],"_links":{"self":[{"href":"https:\/\/catholicus.eu\/pl\/wp-json\/wp\/v2\/posts\/3025","targetHints":{"allow":["GET"]}}],"collection":[{"href":"https:\/\/catholicus.eu\/pl\/wp-json\/wp\/v2\/posts"}],"about":[{"href":"https:\/\/catholicus.eu\/pl\/wp-json\/wp\/v2\/types\/post"}],"author":[{"embeddable":true,"href":"https:\/\/catholicus.eu\/pl\/wp-json\/wp\/v2\/users\/3"}],"replies":[{"embeddable":true,"href":"https:\/\/catholicus.eu\/pl\/wp-json\/wp\/v2\/comments?post=3025"}],"version-history":[{"count":1,"href":"https:\/\/catholicus.eu\/pl\/wp-json\/wp\/v2\/posts\/3025\/revisions"}],"predecessor-version":[{"id":3027,"href":"https:\/\/catholicus.eu\/pl\/wp-json\/wp\/v2\/posts\/3025\/revisions\/3027"}],"wp:featuredmedia":[{"embeddable":true,"href":"https:\/\/catholicus.eu\/pl\/wp-json\/wp\/v2\/media\/3026"}],"wp:attachment":[{"href":"https:\/\/catholicus.eu\/pl\/wp-json\/wp\/v2\/media?parent=3025"}],"wp:term":[{"taxonomy":"category","embeddable":true,"href":"https:\/\/catholicus.eu\/pl\/wp-json\/wp\/v2\/categories?post=3025"},{"taxonomy":"post_tag","embeddable":true,"href":"https:\/\/catholicus.eu\/pl\/wp-json\/wp\/v2\/tags?post=3025"}],"curies":[{"name":"wp","href":"https:\/\/api.w.org\/{rel}","templated":true}]}}