{"id":3010,"date":"2025-03-30T16:57:07","date_gmt":"2025-03-30T14:57:07","guid":{"rendered":"https:\/\/catholicus.eu\/pl\/?p=3010"},"modified":"2025-03-30T16:57:07","modified_gmt":"2025-03-30T14:57:07","slug":"niewazny-chrzest-ktory-niepokoi-watykan-czy-zostales-ochrzczony-w-ten-sposob","status":"publish","type":"post","link":"https:\/\/catholicus.eu\/pl\/niewazny-chrzest-ktory-niepokoi-watykan-czy-zostales-ochrzczony-w-ten-sposob\/","title":{"rendered":"Niewa\u017cny chrzest, kt\u00f3ry niepokoi Watykan (Czy zosta\u0142e\u015b ochrzczony w ten spos\u00f3b?)"},"content":{"rendered":"\n<h2 class=\"wp-block-heading\">Problem b\u0142\u0119dnych formu\u0142<\/h2>\n\n\n\n<p>Chrzest jest pierwszym sakramentem \u017cycia chrze\u015bcija\u0144skiego, bram\u0105 do Ko\u015bcio\u0142a i fundamentem ca\u0142ej egzystencji chrze\u015bcija\u0144skiej. Jednak w ostatnich latach Stolica Apostolska wyrazi\u0142a g\u0142\u0119bokie zaniepokojenie wa\u017cno\u015bci\u0105 niekt\u00f3rych chrzt\u00f3w udzielanych przy u\u017cyciu niew\u0142a\u015bciwych formu\u0142. Doprowadzi\u0142o to do sytuacji, w kt\u00f3rej niekt\u00f3rzy wierni odkryli, \u017ce nigdy nie zostali naprawd\u0119 ochrzczeni, co podwa\u017ca autentyczno\u015b\u0107 ich \u017cycia sakramentalnego.<\/p>\n\n\n\n<h2 class=\"wp-block-heading\">Chrzest: ustanowienie i niezb\u0119dne warunki<\/h2>\n\n\n\n<p>Jezus Chrystus ustanowi\u0142 sakrament Chrztu, gdy po swoim zmartwychwstaniu nakaza\u0142 Aposto\u0142om:<\/p>\n\n\n\n<p><em>&#8222;Id\u017acie wi\u0119c i nauczajcie wszystkie narody, udzielaj\u0105c im chrztu w imi\u0119 Ojca i Syna, i Ducha \u015awi\u0119tego&#8221;<\/em> (Mt 28,19).<\/p>\n\n\n\n<p>Od pierwszych wiek\u00f3w Ko\u015bci\u00f3\u0142 naucza\u0142, \u017ce wa\u017cny chrzest wymaga trzech istotnych element\u00f3w:<\/p>\n\n\n\n<ul class=\"wp-block-list\">\n<li><strong>Materia<\/strong>: Naturalna woda, kt\u00f3ra musi zosta\u0107 wylana na g\u0142ow\u0119 lub w kt\u00f3rej osoba musi zosta\u0107 zanurzona.<\/li>\n\n\n\n<li><strong>Forma<\/strong>: W\u0142a\u015bciwa formu\u0142a trynitarna: <em>\u201eJa ciebie chrzcz\u0119 w imi\u0119 Ojca i Syna, i Ducha \u015awi\u0119tego.\u201d<\/em><\/li>\n\n\n\n<li><strong>Szafarz<\/strong>: Kap\u0142an, diakon lub \u2013 w przypadku konieczno\u015bci \u2013 ka\u017cda osoba, kt\u00f3ra ma intencj\u0119 uczyni\u0107 to, co czyni Ko\u015bci\u00f3\u0142.<\/li>\n<\/ul>\n\n\n\n<p>Je\u015bli kt\u00f3rykolwiek z tych element\u00f3w zostanie zmieniony, sakrament mo\u017ce by\u0107 niewa\u017cny, co oznacza, \u017ce nie usuwa grzechu pierworodnego i nie w\u0142\u0105cza osoby do Ko\u015bcio\u0142a.<\/p>\n\n\n\n<h2 class=\"wp-block-heading\">Problem zmienionych formu\u0142<\/h2>\n\n\n\n<p>Watykan potwierdzi\u0142, \u017ce w ostatnich latach odnotowano liczne przypadki niewa\u017cnych chrzt\u00f3w z powodu stosowania zmienionych formu\u0142. W szczeg\u00f3lno\u015bci wykryto u\u017cycie takich zwrot\u00f3w jak:<\/p>\n\n\n\n<ul class=\"wp-block-list\">\n<li><em>\u201eMy ciebie chrzcimy w imi\u0119 Ojca i Syna, i Ducha \u015awi\u0119tego.\u201d<\/em><\/li>\n\n\n\n<li><em>\u201eW imi\u0119 wsp\u00f3lnoty chrzcimy ci\u0119 w imi\u0119 Ojca, Syna i Ducha \u015awi\u0119tego.\u201d<\/em><\/li>\n\n\n\n<li><em>\u201ePrzyjmij chrzest w imi\u0119 Stw\u00f3rcy, Odkupiciela i U\u015bwi\u0119ciciela.\u201d<\/em><\/li>\n<\/ul>\n\n\n\n<p>Te zmiany mog\u0105 wydawa\u0107 si\u0119 niewielkie, ale zmieniaj\u0105 istotny element sakramentu. Kongregacja Nauki Wiary og\u0142osi\u0142a, \u017ce takie formu\u0142y czyni\u0105 chrzest niewa\u017cnym, poniewa\u017c zmieniaj\u0105 to\u017csamo\u015b\u0107 szafarza i zniekszta\u0142caj\u0105 intencj\u0119 sakramentaln\u0105.<\/p>\n\n\n\n<h2 class=\"wp-block-heading\">Interwencja Watykanu<\/h2>\n\n\n\n<p>W obliczu narastaj\u0105cych obaw w 2020 roku Kongregacja Nauki Wiary wyda\u0142a dokument, w kt\u00f3rym potwierdzi\u0142a, \u017ce ka\u017cdy chrzest udzielony przy u\u017cyciu b\u0142\u0119dnych formu\u0142 jest niewa\u017cny, a osoby, kt\u00f3re go przyj\u0119\u0142y, musz\u0105 zosta\u0107 ponownie ochrzczone przy u\u017cyciu w\u0142a\u015bciwej formu\u0142y.<\/p>\n\n\n\n<p>Problem ten nie jest jedynie teoretyczny. W Stanach Zjednoczonych pewien kap\u0142an odkry\u0142, \u017ce zosta\u0142 ochrzczony niew\u0142a\u015bciw\u0105 formu\u0142\u0105, co oznacza\u0142o, \u017ce tak naprawd\u0119 nie by\u0142 kap\u0142anem, gdy\u017c nigdy nie przyj\u0105\u0142 wa\u017cnie sakrament\u00f3w Chrztu, Bierzmowania ani \u015awi\u0119ce\u0144 Kap\u0142a\u0144skich. Ten przypadek doprowadzi\u0142 do przegl\u0105du tysi\u0119cy akt\u00f3w sakramentalnych w r\u00f3\u017cnych diecezjach.<\/p>\n\n\n\n<h2 class=\"wp-block-heading\">Co zrobi\u0107, je\u015bli mam w\u0105tpliwo\u015bci co do mojego Chrztu?<\/h2>\n\n\n\n<p>Je\u015bli masz w\u0105tpliwo\u015bci dotycz\u0105ce wa\u017cno\u015bci swojego Chrztu, warto podj\u0105\u0107 nast\u0119puj\u0105ce kroki:<\/p>\n\n\n\n<ol class=\"wp-block-list\">\n<li><strong>Sprawd\u017a sw\u00f3j akt Chrztu<\/strong> \u2013 Skontaktuj si\u0119 z parafi\u0105, w kt\u00f3rej zosta\u0142 on udzielony, i zweryfikuj, jaka formu\u0142a zosta\u0142a u\u017cyta.<\/li>\n\n\n\n<li><strong>Zapytaj \u015bwiadk\u00f3w<\/strong> \u2013 Je\u015bli akt nie zawiera szczeg\u00f3\u0142owych informacji, zapytaj cz\u0142onk\u00f3w rodziny lub chrzestnych, kt\u00f3rzy byli obecni.<\/li>\n\n\n\n<li><strong>Skonsultuj si\u0119 z kap\u0142anem lub diecezj\u0105<\/strong> \u2013 Je\u015bli podejrzewasz, \u017ce u\u017cyto b\u0142\u0119dnej formu\u0142y, skontaktuj si\u0119 z diecezj\u0105 w celu potwierdzenia wa\u017cno\u015bci swojego Chrztu.<\/li>\n\n\n\n<li><strong>Przyjmij wa\u017cny Chrzest, je\u015bli to konieczne<\/strong> \u2013 Je\u015bli oka\u017ce si\u0119, \u017ce chrzest by\u0142 niewa\u017cny, nale\u017cy go powt\u00f3rzy\u0107 w poprawnej formie.<\/li>\n<\/ol>\n\n\n\n<h2 class=\"wp-block-heading\">Znaczenie wa\u017cnego Chrztu<\/h2>\n\n\n\n<p>Chrzest nie jest jedynie symbolicznym obrz\u0119dem, ale sakramentalnym dzia\u0142aniem, przez kt\u00f3re dusza otrzymuje \u0142ask\u0119 u\u015bwi\u0119caj\u0105c\u0105. Ko\u015bci\u00f3\u0142 od wiek\u00f3w wiernie strze\u017ce w\u0142a\u015bciwej formy i materii tego sakramentu, poniewa\u017c stanowi on fundament \u017cycia chrze\u015bcija\u0144skiego.<\/p>\n\n\n\n<p>Zmienianie formu\u0142y oznacza powa\u017cne wypaczenie wiary i pozbawia osob\u0119 istotnego daru od Boga. Jak naucza <em>Katechizm Ko\u015bcio\u0142a Katolickiego<\/em>:<\/p>\n\n\n\n<p><em>&#8222;Chrzest jest fundamentem ca\u0142ego \u017cycia chrze\u015bcija\u0144skiego, bram\u0105 do \u017cycia w Duchu i drzwiami otwieraj\u0105cymi dost\u0119p do pozosta\u0142ych sakrament\u00f3w&#8221;<\/em> (KKK 1213).<\/p>\n\n\n\n<h2 class=\"wp-block-heading\">Wniosek: Strzec Prawdy i wa\u017cno\u015bci sakrament\u00f3w<\/h2>\n\n\n\n<p>Zaniepokojenie Watykanu tym problemem nie jest kwesti\u0105 biurokratyczn\u0105, ale wyrazem wierno\u015bci Chrystusowi i Jego nakazowi. Je\u015bli Chrzest jest pocz\u0105tkiem naszego \u017cycia w Chrystusie, to jego udzielanie musi by\u0107 wa\u017cne i zgodne z Tradycj\u0105 Ko\u015bcio\u0142a.<\/p>\n\n\n\n<p>Problem ten przypomina nam r\u00f3wnie\u017c o znaczeniu pos\u0142usze\u0144stwa doktrynie Ko\u015bcio\u0142a i potrzebie solidnej formacji w wierze. Prawda nie zmienia si\u0119 w zale\u017cno\u015bci od mody czy osobistej kreatywno\u015bci. Zbawienie dusz zale\u017cy od wierno\u015bci temu, co sam Chrystus ustanowi\u0142.<\/p>\n\n\n\n<p>Je\u015bli kiedykolwiek mia\u0142e\u015b w\u0105tpliwo\u015bci co do wa\u017cno\u015bci swojego Chrztu, teraz jest odpowiedni moment, aby to sprawdzi\u0107 i upewni\u0107 si\u0119, \u017ce przyj\u0105\u0142e\u015b ten sakrament w spos\u00f3b w\u0142a\u015bciwy. W \u017cyciu chrze\u015bcija\u0144skim nie ma nic wa\u017cniejszego ni\u017c trwanie w \u0142asce Bo\u017cej i \u017cycie zgodnie z Jego wol\u0105.<\/p>\n\n\n\n<p>Niech Naj\u015bwi\u0119tsza Maryja Panna, Matka Ko\u015bcio\u0142a, pomo\u017ce nam zawsze dochowa\u0107 wierno\u015bci prawdzie sakrament\u00f3w i prze\u017cywa\u0107 nasz\u0105 wiar\u0119 w pe\u0142ni.<\/p>\n","protected":false},"excerpt":{"rendered":"<p>Problem b\u0142\u0119dnych formu\u0142 Chrzest jest pierwszym sakramentem \u017cycia chrze\u015bcija\u0144skiego, bram\u0105 do Ko\u015bcio\u0142a i fundamentem ca\u0142ej egzystencji chrze\u015bcija\u0144skiej. Jednak w ostatnich latach Stolica Apostolska wyrazi\u0142a g\u0142\u0119bokie zaniepokojenie wa\u017cno\u015bci\u0105 niekt\u00f3rych chrzt\u00f3w udzielanych przy u\u017cyciu niew\u0142a\u015bciwych formu\u0142. Doprowadzi\u0142o to do sytuacji, w kt\u00f3rej niekt\u00f3rzy wierni odkryli, \u017ce nigdy nie zostali naprawd\u0119 ochrzczeni, co podwa\u017ca autentyczno\u015b\u0107 ich \u017cycia sakramentalnego. &hellip;<\/p>\n","protected":false},"author":3,"featured_media":3011,"comment_status":"open","ping_status":"open","sticky":false,"template":"","format":"standard","meta":{"_seopress_robots_primary_cat":"","_seopress_titles_title":"","_seopress_titles_desc":"","_seopress_robots_index":"","footnotes":""},"categories":[37,46],"tags":[806],"class_list":["post-3010","post","type-post","status-publish","format-standard","has-post-thumbnail","","category-doktryna-i-wiara","category-sakramenty","tag-niewazny-chrzest"],"_links":{"self":[{"href":"https:\/\/catholicus.eu\/pl\/wp-json\/wp\/v2\/posts\/3010","targetHints":{"allow":["GET"]}}],"collection":[{"href":"https:\/\/catholicus.eu\/pl\/wp-json\/wp\/v2\/posts"}],"about":[{"href":"https:\/\/catholicus.eu\/pl\/wp-json\/wp\/v2\/types\/post"}],"author":[{"embeddable":true,"href":"https:\/\/catholicus.eu\/pl\/wp-json\/wp\/v2\/users\/3"}],"replies":[{"embeddable":true,"href":"https:\/\/catholicus.eu\/pl\/wp-json\/wp\/v2\/comments?post=3010"}],"version-history":[{"count":1,"href":"https:\/\/catholicus.eu\/pl\/wp-json\/wp\/v2\/posts\/3010\/revisions"}],"predecessor-version":[{"id":3012,"href":"https:\/\/catholicus.eu\/pl\/wp-json\/wp\/v2\/posts\/3010\/revisions\/3012"}],"wp:featuredmedia":[{"embeddable":true,"href":"https:\/\/catholicus.eu\/pl\/wp-json\/wp\/v2\/media\/3011"}],"wp:attachment":[{"href":"https:\/\/catholicus.eu\/pl\/wp-json\/wp\/v2\/media?parent=3010"}],"wp:term":[{"taxonomy":"category","embeddable":true,"href":"https:\/\/catholicus.eu\/pl\/wp-json\/wp\/v2\/categories?post=3010"},{"taxonomy":"post_tag","embeddable":true,"href":"https:\/\/catholicus.eu\/pl\/wp-json\/wp\/v2\/tags?post=3010"}],"curies":[{"name":"wp","href":"https:\/\/api.w.org\/{rel}","templated":true}]}}