{"id":3001,"date":"2025-03-30T15:22:28","date_gmt":"2025-03-30T13:22:28","guid":{"rendered":"https:\/\/catholicus.eu\/pl\/?p=3001"},"modified":"2025-03-30T15:22:29","modified_gmt":"2025-03-30T13:22:29","slug":"christus-resurrexit-pierwotne-pozdrowienie-wielkanocne-i-jego-przemieniajaca-moc","status":"publish","type":"post","link":"https:\/\/catholicus.eu\/pl\/christus-resurrexit-pierwotne-pozdrowienie-wielkanocne-i-jego-przemieniajaca-moc\/","title":{"rendered":"\u201eChristus Resurrexit!\u201d: Pierwotne pozdrowienie wielkanocne i jego przemieniaj\u0105ca moc"},"content":{"rendered":"\n<p>Wyobra\u017a sobie, \u017ce jest wczesny niedzielny poranek w Jerozolimie, niemal dwa tysi\u0105ce lat temu. Grupa kobiet idzie ze z\u0142amanym sercem do grobu swojego Mistrza. Kiedy jednak docieraj\u0105 na miejsce, widz\u0105 odsuni\u0119ty kamie\u0144, pusty gr\u00f3b i anio\u0142a, kt\u00f3ry oznajmia im najbardziej niezwyk\u0142\u0105 wiadomo\u015b\u0107 w historii:<\/p>\n\n\n\n<p><strong>\u201eNie ma Go tu, zmartwychwsta\u0142\u201d<\/strong> (Mt 28,6).<\/p>\n\n\n\n<p>To wydarzenie zmieni\u0142o \u015bwiat. Zmartwychwstanie Chrystusa nie tylko pokona\u0142o \u015bmier\u0107, ale tak\u017ce da\u0142o pocz\u0105tek okrzykowi zwyci\u0119stwa, kt\u00f3ry rozbrzmiewa przez wieki:<\/p>\n\n\n\n<p><strong>\u201eChristus Resurrexit!\u201d (Chrystus zmartwychwsta\u0142!)<\/strong><\/p>\n\n\n\n<p>Je\u015bli wi\u0119c w\u0142a\u015bnie tak witali si\u0119 pierwsi chrze\u015bcijanie, dlaczego dzisiaj ograniczamy si\u0119 jedynie do s\u0142\u00f3w <strong>\u201eWeso\u0142ych \u015awi\u0105t Wielkanocnych\u201d<\/strong>? Czy nie utracili\u015bmy czego\u015b istotnego w naszym \u015bwi\u0119towaniu Zmartwychwstania? Wyruszmy razem w podr\u00f3\u017c w przesz\u0142o\u015b\u0107, by odkry\u0107 g\u0142\u0119bsze znaczenie tego pierwotnego pozdrowienia i zrozumie\u0107, dlaczego warto do niego powr\u00f3ci\u0107.<\/p>\n\n\n\n<hr class=\"wp-block-separator has-alpha-channel-opacity\"\/>\n\n\n\n<h2 class=\"wp-block-heading\"><strong>1. Wielkanocne pozdrowienie w pierwotnym Ko\u015bciele<\/strong><\/h2>\n\n\n\n<p>Dla pierwszych chrze\u015bcijan Wielkanoc nie by\u0142a jedynie corocznym \u015bwi\u0119tem. Zmartwychwstanie by\u0142o fundamentem ich wiary, wydarzeniem, kt\u00f3re zmieni\u0142o wszystko. \u015awi\u0119ty Pawe\u0142 wyrazi\u0142 to w niezwykle jasny spos\u00f3b:<\/p>\n\n\n\n<blockquote class=\"wp-block-quote is-layout-flow wp-block-quote-is-layout-flow\">\n<p><strong>\u201eA je\u015bli Chrystus nie zmartwychwsta\u0142, daremne jest nasze nauczanie, pr\u00f3\u017cna jest tak\u017ce wasza wiara\u201d<\/strong> (1 Kor 15,14).<\/p>\n<\/blockquote>\n\n\n\n<p>Chrze\u015bcijanie pierwszego wieku nie m\u00f3wili sobie po prostu <strong>\u201eWeso\u0142ych \u015awi\u0105t\u201d<\/strong>, lecz z rado\u015bci\u0105 wo\u0142ali:<\/p>\n\n\n\n<p><strong>\u201eChristus Resurrexit!\u201d<\/strong><\/p>\n\n\n\n<p>Na co odpowiadano:<\/p>\n\n\n\n<p><strong>\u201eVere Resurrexit!\u201d (Prawdziwie zmartwychwsta\u0142!)<\/strong><\/p>\n\n\n\n<p>To pozdrowienie nie by\u0142o jedynie tradycj\u0105, ale autentycznym wyznaniem wiary. Nie by\u0142o to tylko wspomnienie przesz\u0142ego wydarzenia, lecz og\u0142oszenie, \u017ce Chrystus \u017cyje i jest obecny w \u017cyciu wierz\u0105cych.<\/p>\n\n\n\n<h3 class=\"wp-block-heading\"><strong>Pozdrowienie, kt\u00f3re narodzi\u0142o si\u0119 w czasie prze\u015bladowa\u0144<\/strong><\/h3>\n\n\n\n<p>W pierwszych wiekach bycie chrze\u015bcijaninem oznacza\u0142o ryzykowanie \u017cycia. Wyznanie wiary w Zmartwychwstanie nie by\u0142o zwyczajnym gestem, lecz aktem odwagi. Gdy chrze\u015bcijanie spotykali si\u0119, to pozdrowienie pe\u0142ni\u0142o funkcj\u0119 zar\u00f3wno znaku rozpoznawczego, jak i \u015bwiadectwa ich nadziei pok\u0142adanej w Chrystusie.<\/p>\n\n\n\n<p>Nawet w rzymskich katakumbach, gdzie ukrywali si\u0119 przed prze\u015bladowaniami, odnaleziono inskrypcje z tym pozdrowieniem. Nie by\u0142o to tylko grzeczno\u015bciowe powiedzenie \u2013 <strong>to by\u0142a deklaracja zwyci\u0119stwa po\u015br\u00f3d cierpienia<\/strong>.<\/p>\n\n\n\n<hr class=\"wp-block-separator has-alpha-channel-opacity\"\/>\n\n\n\n<h2 class=\"wp-block-heading\"><strong>2. Co naprawd\u0119 oznacza g\u0142oszenie \u201eChristus Resurrexit!\u201d?<\/strong><\/h2>\n\n\n\n<p>Dzi\u015b, gdy m\u00f3wimy <strong>\u201eWeso\u0142ych \u015awi\u0105t Wielkanocnych\u201d<\/strong>, robimy to w dobrej wierze, ale bez teologicznej g\u0142\u0119bi pierwotnego pozdrowienia. Wo\u0142anie <strong>\u201eChrystus zmartwychwsta\u0142!\u201d<\/strong> nie jest jedynie przypomnieniem historycznego wydarzenia \u2013 jest wyznaniem wiary o ogromnym znaczeniu:<\/p>\n\n\n\n<h3 class=\"wp-block-heading\"><strong>1. To okrzyk zwyci\u0119stwa nad \u015bmierci\u0105<\/strong><\/h3>\n\n\n\n<p>L\u0119k przed \u015bmierci\u0105 towarzyszy ludzko\u015bci od zawsze. Jednak przez swoje Zmartwychwstanie Chrystus pokona\u0142 \u015bmier\u0107. Wo\u0142anie <strong>\u201eChristus Resurrexit!\u201d<\/strong> przypomina nam, \u017ce \u015bmier\u0107 nie ma ostatniego s\u0142owa:<\/p>\n\n\n\n<blockquote class=\"wp-block-quote is-layout-flow wp-block-quote-is-layout-flow\">\n<p><strong>\u201eJa jestem zmartwychwstaniem i \u017cyciem. Kto we Mnie wierzy, cho\u0107by i umar\u0142, \u017cy\u0107 b\u0119dzie\u201d<\/strong> (J 11,25).<\/p>\n<\/blockquote>\n\n\n\n<h3 class=\"wp-block-heading\"><strong>2. To zobowi\u0105zanie do nowego \u017cycia w Chrystusie<\/strong><\/h3>\n\n\n\n<p>Nie chodzi tylko o \u015bwi\u0119towanie Zmartwychwstania Chrystusa, ale o udzia\u0142 w nim. \u015awi\u0119ty Pawe\u0142 przypomina nam:<\/p>\n\n\n\n<blockquote class=\"wp-block-quote is-layout-flow wp-block-quote-is-layout-flow\">\n<p><strong>\u201eJe\u015bli\u015bcie wi\u0119c razem z Chrystusem powstali z martwych, szukajcie tego, co w g\u00f3rze\u201d<\/strong> (Kol 3,1).<\/p>\n<\/blockquote>\n\n\n\n<p>G\u0142oszenie <strong>\u201eChristus Resurrexit!\u201d<\/strong> oznacza uznanie, \u017ce jeste\u015bmy powo\u0142ani do \u017cycia jako zmartwychwstali \u2013 do porzucenia grzechu i przyj\u0119cia nowego \u017cycia w Chrystusie.<\/p>\n\n\n\n<h3 class=\"wp-block-heading\"><strong>3. To \u015bwiadectwo nadziei w \u015bwiecie pe\u0142nym rozpaczy<\/strong><\/h3>\n\n\n\n<p>\u017byjemy w czasach kryzysu, l\u0119ku i niepewno\u015bci. Jaki przekaz mo\u017ce by\u0107 bardziej odpowiedni ni\u017c ten o Zmartwychwstaniu? W \u015bwiecie cz\u0119sto pogr\u0105\u017conym w ciemno\u015bci, chrze\u015bcijanie s\u0105 wezwani, by by\u0107 \u015bwiadkami nadziei.<\/p>\n\n\n\n<p>\u015awi\u0119ty Jan Pawe\u0142 II wyrazi\u0142 to wspaniale:<\/p>\n\n\n\n<blockquote class=\"wp-block-quote is-layout-flow wp-block-quote-is-layout-flow\">\n<p><strong>\u201eNie l\u0119kajcie si\u0119! Otw\u00f3rzcie, otw\u00f3rzcie na o\u015bcie\u017c drzwi Chrystusowi!\u201d<\/strong><\/p>\n<\/blockquote>\n\n\n\n<p>G\u0142oszenie <strong>\u201eChristus Resurrexit!\u201d<\/strong> oznacza przypomnienie, \u017ce Chrystus zwyci\u0119\u017cy\u0142 i nadal kr\u00f3luje \u2013 bez wzgl\u0119du na okoliczno\u015bci.<\/p>\n\n\n\n<hr class=\"wp-block-separator has-alpha-channel-opacity\"\/>\n\n\n\n<h2 class=\"wp-block-heading\"><strong>3. Jak mo\u017cemy dzi\u015b przywr\u00f3ci\u0107 pierwotne pozdrowienie wielkanocne?<\/strong><\/h2>\n\n\n\n<p>M\u00f3wienie <strong>\u201eChrystus zmartwychwsta\u0142!\u201d<\/strong> zamiast <strong>\u201eWeso\u0142ych \u015awi\u0105t\u201d<\/strong> mo\u017ce wydawa\u0107 si\u0119 nietypowe. Ale je\u015bli pierwsi chrze\u015bcijanie czynili to mimo prze\u015bladowa\u0144, dlaczego nie mieliby\u015bmy tego robi\u0107 w naszej codzienno\u015bci?<\/p>\n\n\n\n<p>Oto kilka sposob\u00f3w, aby o\u017cywi\u0107 t\u0119 tradycj\u0119:<\/p>\n\n\n\n<h3 class=\"wp-block-heading\"><strong>1. Pozdrawiaj innych s\u0142owami \u201eChrystus zmartwychwsta\u0142!\u201d zamiast \u201eWeso\u0142ych \u015awi\u0105t\u201d<\/strong><\/h3>\n\n\n\n<p>Kiedy spotykasz rodzin\u0119 lub znajomych w czasie Wielkanocy, zamiast tradycyjnego <strong>\u201eWeso\u0142ych \u015awi\u0105t\u201d<\/strong>, z rado\u015bci\u0105 powiedz: <strong>\u201eChrystus zmartwychwsta\u0142!\u201d<\/strong>. By\u0107 mo\u017ce kogo\u015b to zaskoczy, ale w ten spos\u00f3b b\u0119dziesz g\u0142osi\u0107 sedno naszej wiary.<\/p>\n\n\n\n<h3 class=\"wp-block-heading\"><strong>2. Naucz tego swoje dzieci i wsp\u00f3lnot\u0119<\/strong><\/h3>\n\n\n\n<p>Wielu m\u0142odych ludzi zna Wielkanoc jedynie jako tradycj\u0119, ale nie rozumie jej g\u0142\u0119bi. Wprowadzenie tego pozdrowienia w rodzinie i wsp\u00f3lnocie to prosta, ale skuteczna forma ewangelizacji.<\/p>\n\n\n\n<h3 class=\"wp-block-heading\"><strong>3. U\u017cywaj go w mediach spo\u0142eczno\u015bciowych i wiadomo\u015bciach<\/strong><\/h3>\n\n\n\n<p>Zamiast standardowych \u017cycze\u0144 wielkanocnych, napisz lub wy\u015blij znajomym: <strong>\u201eChrystus zmartwychwsta\u0142! Prawdziwie zmartwychwsta\u0142!\u201d<\/strong>. Nie b\u00f3j si\u0119 dawa\u0107 \u015bwiadectwa.<\/p>\n\n\n\n<h3 class=\"wp-block-heading\"><strong>4. \u017byj nim ka\u017cdego dnia<\/strong><\/h3>\n\n\n\n<p>To nie tylko s\u0142owa, ale wezwanie do \u017cycia jako ludzie zmartwychwstania. Za ka\u017cdym razem, gdy g\u0142osimy Zmartwychwstanie, odnawiamy nasze zobowi\u0105zanie do \u017cycia w wierze, nadziei i mi\u0142o\u015bci.<\/p>\n\n\n\n<hr class=\"wp-block-separator has-alpha-channel-opacity\"\/>\n\n\n\n<h2 class=\"wp-block-heading\"><strong>Podsumowanie: Okrzyk, kt\u00f3ry zmienia \u017cycie<\/strong><\/h2>\n\n\n\n<p>Pierwsi chrze\u015bcijanie m\u00f3wili <strong>\u201eChristus Resurrexit!\u201d<\/strong> z przekonaniem, \u017ce Chrystus \u017cyje i \u017ce Jego zwyci\u0119stwo nad \u015bmierci\u0105 zmienia wszystko. Nie by\u0142a to tylko formu\u0142a \u2013 <strong>to by\u0142o g\u0142oszenie najwa\u017cniejszej prawdy w historii<\/strong>.<\/p>\n\n\n\n<p>Dzi\u015b, w \u015bwiecie, kt\u00f3ry potrzebuje nadziei, powr\u00f3t do tego pozdrowienia to nie tylko symboliczny gest \u2013 to spos\u00f3b na g\u0142oszenie Ewangelii z moc\u0105 pierwszych chrze\u015bcijan.<\/p>\n\n\n\n<p>Zatem tej Wielkanocy nie ograniczaj si\u0119 do zwyk\u0142ego <strong>\u201eWeso\u0142ych \u015awi\u0105t\u201d<\/strong>. Odwa\u017c si\u0119 z rado\u015bci\u0105 og\u0142osi\u0107:<\/p>\n\n\n\n<p><strong>\u201eChristus Resurrexit!\u201d<\/strong><\/p>\n\n\n\n<p>A je\u015bli kto\u015b spojrzy na ciebie ze zdziwieniem, odpowiedz po prostu najpi\u0119kniejsz\u0105 prawd\u0105, jaka kiedykolwiek zosta\u0142a wypowiedziana:<\/p>\n\n\n\n<p><strong>\u201eVere Resurrexit!\u201d<\/strong><\/p>\n","protected":false},"excerpt":{"rendered":"<p>Wyobra\u017a sobie, \u017ce jest wczesny niedzielny poranek w Jerozolimie, niemal dwa tysi\u0105ce lat temu. Grupa kobiet idzie ze z\u0142amanym sercem do grobu swojego Mistrza. Kiedy jednak docieraj\u0105 na miejsce, widz\u0105 odsuni\u0119ty kamie\u0144, pusty gr\u00f3b i anio\u0142a, kt\u00f3ry oznajmia im najbardziej niezwyk\u0142\u0105 wiadomo\u015b\u0107 w historii: \u201eNie ma Go tu, zmartwychwsta\u0142\u201d (Mt 28,6). To wydarzenie zmieni\u0142o \u015bwiat. &hellip;<\/p>\n","protected":false},"author":3,"featured_media":3002,"comment_status":"open","ping_status":"open","sticky":false,"template":"","format":"standard","meta":{"_seopress_robots_primary_cat":"","_seopress_titles_title":"","_seopress_titles_desc":"","_seopress_robots_index":"","footnotes":""},"categories":[38,48],"tags":[802,803],"class_list":["post-3001","post","type-post","status-publish","format-standard","has-post-thumbnail","","category-historia-i-tradycja","category-historia-kosciola","tag-christus-resurrexit","tag-vere-resurrexit"],"_links":{"self":[{"href":"https:\/\/catholicus.eu\/pl\/wp-json\/wp\/v2\/posts\/3001","targetHints":{"allow":["GET"]}}],"collection":[{"href":"https:\/\/catholicus.eu\/pl\/wp-json\/wp\/v2\/posts"}],"about":[{"href":"https:\/\/catholicus.eu\/pl\/wp-json\/wp\/v2\/types\/post"}],"author":[{"embeddable":true,"href":"https:\/\/catholicus.eu\/pl\/wp-json\/wp\/v2\/users\/3"}],"replies":[{"embeddable":true,"href":"https:\/\/catholicus.eu\/pl\/wp-json\/wp\/v2\/comments?post=3001"}],"version-history":[{"count":1,"href":"https:\/\/catholicus.eu\/pl\/wp-json\/wp\/v2\/posts\/3001\/revisions"}],"predecessor-version":[{"id":3003,"href":"https:\/\/catholicus.eu\/pl\/wp-json\/wp\/v2\/posts\/3001\/revisions\/3003"}],"wp:featuredmedia":[{"embeddable":true,"href":"https:\/\/catholicus.eu\/pl\/wp-json\/wp\/v2\/media\/3002"}],"wp:attachment":[{"href":"https:\/\/catholicus.eu\/pl\/wp-json\/wp\/v2\/media?parent=3001"}],"wp:term":[{"taxonomy":"category","embeddable":true,"href":"https:\/\/catholicus.eu\/pl\/wp-json\/wp\/v2\/categories?post=3001"},{"taxonomy":"post_tag","embeddable":true,"href":"https:\/\/catholicus.eu\/pl\/wp-json\/wp\/v2\/tags?post=3001"}],"curies":[{"name":"wp","href":"https:\/\/api.w.org\/{rel}","templated":true}]}}