{"id":2998,"date":"2025-03-30T12:02:06","date_gmt":"2025-03-30T10:02:06","guid":{"rendered":"https:\/\/catholicus.eu\/pl\/?p=2998"},"modified":"2025-03-30T12:02:07","modified_gmt":"2025-03-30T10:02:07","slug":"christus-resurrexit-potrojne-paschalne-wezwanie-papieza-i-jego-przemieniajaca-moc","status":"publish","type":"post","link":"https:\/\/catholicus.eu\/pl\/christus-resurrexit-potrojne-paschalne-wezwanie-papieza-i-jego-przemieniajaca-moc\/","title":{"rendered":"&#8222;Christus resurrexit!&#8221; Potr\u00f3jne paschalne wezwanie Papie\u017ca i jego przemieniaj\u0105ca moc"},"content":{"rendered":"\n<p><em>&#8222;Chrystus zmartwychwsta\u0142!&#8221; \u2014 &#8222;Prawdziwie zmartwychwsta\u0142!&#8221;<\/em>&nbsp;Ten liturgiczny dialog, powtarzany&nbsp;<strong>trzykrotnie<\/strong>&nbsp;przez Papie\u017ca podczas Mszy Wielkanocnej, nie jest zwyk\u0142ym rytua\u0142em. To&nbsp;<strong>okrzyk zwyci\u0119stwa<\/strong>&nbsp;przebijaj\u0105cy przez wieki, echo or\u0119dzia, kt\u00f3re zmieni\u0142o histori\u0119. Ale dlaczego trzy razy? Jak\u0105 tajemnic\u0119 kryje ta uroczysto\u015b\u0107?<\/p>\n\n\n\n<p>W tym artykule zg\u0142\u0119bimy&nbsp;<strong>g\u0142\u0119bokie teologiczne, historyczne i duchowe znaczenie<\/strong>&nbsp;tego wyj\u0105tkowego momentu w papieskiej liturgii. Odkryjemy, jak to potr\u00f3jne wezwanie nie tylko celebruje Zmartwychwstanie, ale&nbsp;<strong>zaprasza nas, by\u015bmy je dzi\u015b \u017cyli<\/strong>.<\/p>\n\n\n\n<hr class=\"wp-block-separator has-alpha-channel-opacity\"\/>\n\n\n\n<h2 class=\"wp-block-heading\"><strong>1. Historyczne korzenie: okrzyk pochodz\u0105cy od pierwszych chrze\u015bcijan<\/strong><\/h2>\n\n\n\n<p>Tradycja potr\u00f3jnego&nbsp;<em>&#8222;Christus resurrexit&#8221;<\/em>&nbsp;si\u0119ga korzeniami&nbsp;<strong>do pierwotnego Ko\u015bcio\u0142a<\/strong>. Pierwsi chrze\u015bcijanie, nawi\u0105zuj\u0105c do \u017cydowskiej tradycji uroczystych aklamacji, u\u017cywali powt\u00f3rze\u0144, by&nbsp;<strong>podkre\u015bli\u0107 fundamentaln\u0105 prawd\u0119<\/strong>.<\/p>\n\n\n\n<ul class=\"wp-block-list\">\n<li><strong>W liturgii bizantyjskiej<\/strong>\u00a0diakon wyg\u0142asza:\u00a0<em>&#8222;Chrystus zmartwychwsta\u0142 z martwych!&#8221;<\/em>\u00a0a lud odpowiada:\u00a0<em>&#8222;Prawdziwie zmartwychwsta\u0142!&#8221;<\/em><\/li>\n\n\n\n<li><strong>Na Zachodzie<\/strong>\u00a0praktyka ta utrwali\u0142a si\u0119 w\u00a0<strong>Mszy papieskiej<\/strong>, gdzie Papie\u017c jako nast\u0119pca Piotra\u00a0<strong>uroczy\u015bcie og\u0142asza Zmartwychwstanie<\/strong>\u00a0jako sedno wiary.<\/li>\n<\/ul>\n\n\n\n<p>Liczba&nbsp;<strong>trzy<\/strong>&nbsp;nie jest przypadkowa:<br>\u2705&nbsp;<strong>Symbolizuje Tr\u00f3jc\u0119 \u015awi\u0119t\u0105<\/strong>&nbsp;(Ojca, Syna i Ducha \u015awi\u0119tego)<br>\u2705&nbsp;<strong>Przypomina trzy zapowiedzi zmartwychwstania przez Jezusa<\/strong>&nbsp;(Mt 16,21; 17,22-23; 20,18-19)<br>\u2705&nbsp;<strong>Nawi\u0105zuje do trzech zapar\u0107 si\u0119 Piotra i jego trzykrotnego wyznania mi\u0142o\u015bci<\/strong>&nbsp;(J 21,15-17)<\/p>\n\n\n\n<hr class=\"wp-block-separator has-alpha-channel-opacity\"\/>\n\n\n\n<h2 class=\"wp-block-heading\"><strong>2. Znaczenie ka\u017cdego powt\u00f3rzenia: droga wiary, nadziei i mi\u0142o\u015bci<\/strong><\/h2>\n\n\n\n<p>Papie\u017c nie powtarza tych s\u0142\u00f3w tylko z tradycji \u2014&nbsp;<strong>ka\u017cde wezwanie niesie g\u0142\u0119bokie duchowe przes\u0142anie<\/strong>.<\/p>\n\n\n\n<h3 class=\"wp-block-heading\"><strong>\ud83d\udd34 Pierwsze wezwanie: &#8222;Christus resurrexit!&#8221; \u2014 Wiara, kt\u00f3ra zwyci\u0119\u017ca \u015bwiat<\/strong><\/h3>\n\n\n\n<p><em>&#8222;Oto dzie\u0144, kt\u00f3ry Pan uczyni\u0142: radujmy si\u0119 i weselmy w nim!&#8221;<\/em>&nbsp;(Ps 118,24)<\/p>\n\n\n\n<p>Pierwsze og\u0142oszenie to&nbsp;<strong>akt wiary<\/strong>. W \u015bwiecie pe\u0142nym w\u0105tpliwo\u015bci Ko\u015bci\u00f3\u0142 z pewno\u015bci\u0105 g\u0142osi:&nbsp;<strong>Chrystus \u017cyje!<\/strong>&nbsp;To nie mit, nie odleg\u0142e wspomnienie \u2014 to rzeczywisto\u015b\u0107&nbsp;<strong>przemieniaj\u0105ca histori\u0119<\/strong>.<\/p>\n\n\n\n<p>\ud83d\udcd6&nbsp;<strong>Dzi\u015b:<\/strong>&nbsp;W dobie relatywizmu Zmartwychwstanie jest&nbsp;<strong>nasz\u0105 ska\u0142\u0105<\/strong>. Jak \u017cy\u0107 t\u0105 wiar\u0105?&nbsp;<strong>Odrzucaj\u0105c pesymizm<\/strong>, wiedz\u0105c, \u017ce Chrystus ju\u017c zwyci\u0119\u017cy\u0142.<\/p>\n\n\n\n<h3 class=\"wp-block-heading\"><strong>\ud83d\udfe1 Drugie wezwanie: &#8222;Christus resurrexit!&#8221; \u2014 Nadzieja, kt\u00f3ra odnawia<\/strong><\/h3>\n\n\n\n<p><em>&#8222;My jeste\u015bmy \u015bwiadkami tego&#8221;<\/em>&nbsp;(Dz 5,32)<\/p>\n\n\n\n<p>Drugie wezwanie to&nbsp;<strong>wezwanie do nadziei<\/strong>. Zmartwychwstanie to nie tylko przesz\u0142e wydarzenie \u2014&nbsp;<strong>to obietnica \u017cycia wiecznego dla nas<\/strong>.<\/p>\n\n\n\n<p>\ud83d\udcd6&nbsp;<strong>Dzi\u015b:<\/strong>&nbsp;Po\u015br\u00f3d chaosu, wojen i kryzys\u00f3w Ko\u015bci\u00f3\u0142 og\u0142asza:&nbsp;<strong>Chrystus jest mocniejszy!<\/strong>&nbsp;Jak \u017cy\u0107 t\u0105 nadziej\u0105?&nbsp;<strong>Nios\u0105c \u015bwiat\u0142o<\/strong>, nawet w ciemno\u015bciach.<\/p>\n\n\n\n<h3 class=\"wp-block-heading\"><strong>\ud83d\udfe2 Trzecie wezwanie: &#8222;Christus resurrexit!&#8221; \u2014 Mi\u0142o\u015b\u0107, kt\u00f3ra przynagla<\/strong><\/h3>\n\n\n\n<p><em>&#8222;Je\u015bli Chrystus nie zmartwychwsta\u0142, daremne jest nasze nauczanie&#8221;<\/em>&nbsp;(1 Kor 15,14)<\/p>\n\n\n\n<p>Trzecie wezwanie to&nbsp;<strong>pobudka do mi\u0142o\u015bci<\/strong>. Zmartwychwstania nie tylko si\u0119 kontempluje \u2014&nbsp;<strong>trzeba je g\u0142osi\u0107<\/strong>.<\/p>\n\n\n\n<p>\ud83d\udcd6&nbsp;<strong>Dzi\u015b:<\/strong>&nbsp;\u015awiat potrzebuje&nbsp;<strong>\u015bwiadk\u00f3w Zmartwychwstania<\/strong>, nie teoretyk\u00f3w. Jak to realizowa\u0107?&nbsp;<strong>Kochaj\u0105c jak Chrystus<\/strong>, s\u0142u\u017c\u0105c, przebaczaj\u0105c, b\u0119d\u0105c&nbsp;<strong>zwiastunami Jego zwyci\u0119stwa<\/strong>.<\/p>\n\n\n\n<hr class=\"wp-block-separator has-alpha-channel-opacity\"\/>\n\n\n\n<h2 class=\"wp-block-heading\"><strong>3. Dlaczego Papie\u017c to \u015bpiewa? Liturgia jako \u017cywe do\u015bwiadczenie Zmartwychwstania<\/strong><\/h2>\n\n\n\n<p><strong>Uroczysty \u015bpiew<\/strong>&nbsp;<em>Christus resurrexit<\/em>&nbsp;to nie teatr \u2014 to&nbsp;<strong>teologia w dzia\u0142aniu<\/strong>.<\/p>\n\n\n\n<ul class=\"wp-block-list\">\n<li><strong>\u015apiew unosi ducha<\/strong>: Muzyka sakralna przekracza s\u0142owa,\u00a0<strong>dotykaj\u0105c serca<\/strong><\/li>\n\n\n\n<li><strong>Papie\u017c jako herold<\/strong>: Jak Maria Magdalena pobieg\u0142a g\u0142osi\u0107 Zmartwychwstanie, Papie\u017c\u00a0<strong>og\u0142asza \u015bwiatu<\/strong>, \u017ce Jezus \u017cyje<\/li>\n\n\n\n<li><strong>Jedno\u015b\u0107 Ko\u015bcio\u0142a<\/strong>: Gdy lud odpowiada\u00a0<em>&#8222;Prawdziwie zmartwychwsta\u0142!&#8221;<\/em>,\u00a0<strong>ca\u0142y Ko\u015bci\u00f3\u0142 potwierdza swoj\u0105 wiar\u0119<\/strong><\/li>\n<\/ul>\n\n\n\n<hr class=\"wp-block-separator has-alpha-channel-opacity\"\/>\n\n\n\n<h2 class=\"wp-block-heading\"><strong>4. Jak dzi\u015b \u017cy\u0107 &#8222;Christus resurrexit&#8221;?<\/strong><\/h2>\n\n\n\n<p>Wielkanoc nie ko\u0144czy si\u0119 na Mszy.&nbsp;<strong>Ma rozbrzmiewa\u0107 w naszym \u017cyciu<\/strong>.<\/p>\n\n\n\n<h3 class=\"wp-block-heading\"><strong>\u271d\ufe0f Praktyczne sposoby bycia \u015bwiadkami Zmartwychwstania:<\/strong><\/h3>\n\n\n\n<p>\u2714&nbsp;<strong>Odnawia\u0107 przyrzeczenia chrzcielne<\/strong>&nbsp;(jak podczas Wigilii Paschalnej)<br>\u2714&nbsp;<strong>\u017by\u0107 rado\u015bci\u0105<\/strong>&nbsp;\u2014 smutny chrze\u015bcijanin to z\u0142y \u015bwiadek<br>\u2714&nbsp;<strong>G\u0142osi\u0107 Chrystusa<\/strong>&nbsp;czynem i s\u0142owem, zw\u0142aszcza tym, kt\u00f3rzy utracili wiar\u0119<\/p>\n\n\n\n<hr class=\"wp-block-separator has-alpha-channel-opacity\"\/>\n\n\n\n<h2 class=\"wp-block-heading\"><strong>Zako\u0144czenie: Chrystus \u017cyje i chce, by\u015bmy \u017cyli w Jego mi\u0142o\u015bci!<\/strong><\/h2>\n\n\n\n<p>Potr\u00f3jne&nbsp;<em>Christus resurrexit<\/em>&nbsp;Papie\u017ca to nie tylko tradycja \u2014&nbsp;<strong>to wezwanie, by \u015bmia\u0142o wierzy\u0107, ufa\u0107 i kocha\u0107<\/strong>. W \u015bwiecie ton\u0105cym w rozpaczy&nbsp;<strong>Ko\u015bci\u00f3\u0142 wo\u0142a z moc\u0105: Chrystus zmartwychwsta\u0142!<\/strong><\/p>\n\n\n\n<p><strong>A ty&#8230; czy jeste\u015b got\u00f3w odpowiedzie\u0107 swoim \u017cyciem?<\/strong><\/p>\n\n\n\n<p><em>&#8222;Prawdziwie zmartwychwsta\u0142!&#8221;<\/em><\/p>\n\n\n\n<hr class=\"wp-block-separator has-alpha-channel-opacity\"\/>\n\n\n\n<p><strong>Podoba\u0142 ci si\u0119 ten artyku\u0142?<\/strong>&nbsp;Udost\u0119pnij go, by&nbsp;<strong>or\u0119dzie Zmartwychwstania dotar\u0142o do wi\u0119cej os\u00f3b<\/strong>. Weso\u0142ych \u015awi\u0105t Wielkanocnych! \ud83c\udf1f<\/p>\n","protected":false},"excerpt":{"rendered":"<p>&#8222;Chrystus zmartwychwsta\u0142!&#8221; \u2014 &#8222;Prawdziwie zmartwychwsta\u0142!&#8221;&nbsp;Ten liturgiczny dialog, powtarzany&nbsp;trzykrotnie&nbsp;przez Papie\u017ca podczas Mszy Wielkanocnej, nie jest zwyk\u0142ym rytua\u0142em. To&nbsp;okrzyk zwyci\u0119stwa&nbsp;przebijaj\u0105cy przez wieki, echo or\u0119dzia, kt\u00f3re zmieni\u0142o histori\u0119. Ale dlaczego trzy razy? Jak\u0105 tajemnic\u0119 kryje ta uroczysto\u015b\u0107? W tym artykule zg\u0142\u0119bimy&nbsp;g\u0142\u0119bokie teologiczne, historyczne i duchowe znaczenie&nbsp;tego wyj\u0105tkowego momentu w papieskiej liturgii. Odkryjemy, jak to potr\u00f3jne wezwanie nie tylko &hellip;<\/p>\n","protected":false},"author":3,"featured_media":2999,"comment_status":"open","ping_status":"open","sticky":false,"template":"","format":"standard","meta":{"_seopress_robots_primary_cat":"","_seopress_titles_title":"","_seopress_titles_desc":"","_seopress_robots_index":"","footnotes":""},"categories":[38,52],"tags":[802],"class_list":["post-2998","post","type-post","status-publish","format-standard","has-post-thumbnail","","category-historia-i-tradycja","category-liturgia-i-rok-liturgiczny","tag-christus-resurrexit"],"_links":{"self":[{"href":"https:\/\/catholicus.eu\/pl\/wp-json\/wp\/v2\/posts\/2998","targetHints":{"allow":["GET"]}}],"collection":[{"href":"https:\/\/catholicus.eu\/pl\/wp-json\/wp\/v2\/posts"}],"about":[{"href":"https:\/\/catholicus.eu\/pl\/wp-json\/wp\/v2\/types\/post"}],"author":[{"embeddable":true,"href":"https:\/\/catholicus.eu\/pl\/wp-json\/wp\/v2\/users\/3"}],"replies":[{"embeddable":true,"href":"https:\/\/catholicus.eu\/pl\/wp-json\/wp\/v2\/comments?post=2998"}],"version-history":[{"count":1,"href":"https:\/\/catholicus.eu\/pl\/wp-json\/wp\/v2\/posts\/2998\/revisions"}],"predecessor-version":[{"id":3000,"href":"https:\/\/catholicus.eu\/pl\/wp-json\/wp\/v2\/posts\/2998\/revisions\/3000"}],"wp:featuredmedia":[{"embeddable":true,"href":"https:\/\/catholicus.eu\/pl\/wp-json\/wp\/v2\/media\/2999"}],"wp:attachment":[{"href":"https:\/\/catholicus.eu\/pl\/wp-json\/wp\/v2\/media?parent=2998"}],"wp:term":[{"taxonomy":"category","embeddable":true,"href":"https:\/\/catholicus.eu\/pl\/wp-json\/wp\/v2\/categories?post=2998"},{"taxonomy":"post_tag","embeddable":true,"href":"https:\/\/catholicus.eu\/pl\/wp-json\/wp\/v2\/tags?post=2998"}],"curies":[{"name":"wp","href":"https:\/\/api.w.org\/{rel}","templated":true}]}}