{"id":2992,"date":"2025-03-30T00:24:43","date_gmt":"2025-03-29T23:24:43","guid":{"rendered":"https:\/\/catholicus.eu\/pl\/?p=2992"},"modified":"2025-03-30T00:24:43","modified_gmt":"2025-03-29T23:24:43","slug":"dzien-w-ktorym-splonely-tajne-archiwa-watykanu-miedzy-mitem-a-historyczna-rzeczywistoscia","status":"publish","type":"post","link":"https:\/\/catholicus.eu\/pl\/dzien-w-ktorym-splonely-tajne-archiwa-watykanu-miedzy-mitem-a-historyczna-rzeczywistoscia\/","title":{"rendered":"Dzie\u0144, w kt\u00f3rym sp\u0142on\u0119\u0142y tajne archiwa Watykanu: Mi\u0119dzy mitem a historyczn\u0105 rzeczywisto\u015bci\u0105"},"content":{"rendered":"\n<h2 class=\"wp-block-heading\"><strong>Wprowadzenie: Tajemnica wzbudzaj\u0105ca kontrowersje<\/strong><\/h2>\n\n\n\n<p>Rok 1929 zapisa\u0142 si\u0119 w historii podpisaniem Traktat\u00f3w Latera\u0144skich, ustanawiaj\u0105cych Watykan jako pa\u0144stwo suwerenne. Jednak kr\u0105\u017c\u0105 pog\u0142oski o mrocznym wydarzeniu:&nbsp;<strong>rzekomej masowej likwidacji tajnych dokument\u00f3w watyka\u0144skich w\u0142a\u015bnie w tym roku<\/strong>. Ile jest w tym prawdy? Dlaczego temat ten wzbudza kontrowersje po niemal wieku?<\/p>\n\n\n\n<p>Artyku\u0142 analizuje&nbsp;<strong>dowody, \u015bwiadectwa i historyczne luki<\/strong>&nbsp;dotycz\u0105ce tej zagadki, oddzielaj\u0105c fakty od spekulacji, oraz bada jej znaczenie dla wsp\u00f3\u0142czesnych katolik\u00f3w.<\/p>\n\n\n\n<hr class=\"wp-block-separator has-alpha-channel-opacity\"\/>\n\n\n\n<h2 class=\"wp-block-heading\"><strong>1. Kontekst historyczny: Dlaczego rok 1929 jest podejrzany?<\/strong><\/h2>\n\n\n\n<h3 class=\"wp-block-heading\"><strong>A. Traktaty Latera\u0144skie i potrzeba &#8222;oczyszczenia&#8221; przesz\u0142o\u015bci<\/strong><\/h3>\n\n\n\n<p>W lutym 1929 Watykan i faszystowskie W\u0142ochy podpisa\u0142y&nbsp;<strong>Traktaty Latera\u0144skie<\/strong>, ko\u0144cz\u0105c dekady napi\u0119\u0107. Ale to porozumienie mog\u0142o mie\u0107 niejawny warunek:&nbsp;<strong>zniszczenie kompromituj\u0105cych dokument\u00f3w<\/strong>&nbsp;o relacjach Ko\u015bci\u00f3\u0142-Pa\u0144stwo.<\/p>\n\n\n\n<h3 class=\"wp-block-heading\"><strong>B. Walka z masoneri\u0105<\/strong><\/h3>\n\n\n\n<p>Masoneria by\u0142a pot\u0119piana przez Ko\u015bci\u00f3\u0142 od encykliki&nbsp;<em>Humanum Genus<\/em>&nbsp;(Leon XIII, 1884). W latach 20. wielu w\u0142oskich mason\u00f3w zajmowa\u0142o kluczowe stanowiska.&nbsp;<strong>Czy Watykan zniszczy\u0142 dowody infiltracji mason\u00f3w w\u015br\u00f3d duchowie\u0144stwa?<\/strong><\/p>\n\n\n\n<h3 class=\"wp-block-heading\"><strong>C. Watyka\u0144ska tajemnica<\/strong><\/h3>\n\n\n\n<p>Do 2020 roku&nbsp;<strong>Archiwa Watyka\u0144skie<\/strong>&nbsp;(wcze\u015bniej &#8222;tajne&#8221;) by\u0142y udost\u0119pniane tylko do 1939 roku. Ta niejawno\u015b\u0107 podsycaj\u0105 teorie o tym, co mog\u0142o by\u0107 ukryte &#8211; lub spalone &#8211; za pontyfikatu Piusa XI (1922-1939).<\/p>\n\n\n\n<hr class=\"wp-block-separator has-alpha-channel-opacity\"\/>\n\n\n\n<h2 class=\"wp-block-heading\"><strong>2. Jakie dokumenty rzekomo zniszczono?<\/strong><\/h2>\n\n\n\n<h3 class=\"wp-block-heading\"><strong>A. Akta infiltracji maso\u0144skiej<\/strong><\/h3>\n\n\n\n<ul class=\"wp-block-list\">\n<li><strong>Fakt<\/strong>: Ko\u015bci\u00f3\u0142 bada\u0142 duchownych powi\u0105zanych z lo\u017cami.<\/li>\n\n\n\n<li><strong>Niepotwierdzone<\/strong>: \u017beby w 1929 spalono dowody przeciwko kardyna\u0142om czy biskupom-masonom.<\/li>\n<\/ul>\n\n\n\n<h3 class=\"wp-block-heading\"><strong>B. &#8222;Niebezpieczne&#8221; proroctwa<\/strong><\/h3>\n\n\n\n<ul class=\"wp-block-list\">\n<li><strong>Fakt<\/strong>: Teksty jak\u00a0<em>Proroctwo Papie\u017cy<\/em>\u00a0(przypisywane \u015bw. Malachiaszowi) krytykowano za brak rzetelno\u015bci.<\/li>\n\n\n\n<li><strong>Mit<\/strong>: Brak dowod\u00f3w masowego niszczenia proroctw w tym roku.<\/li>\n<\/ul>\n\n\n\n<h3 class=\"wp-block-heading\"><strong>C. Herezje i ukrywane skandale<\/strong><\/h3>\n\n\n\n<p>Niekt\u00f3rzy historycy sugeruj\u0105, \u017ce dokumenty o&nbsp;<strong>antypapie\u017cach, schizmach czy nadu\u017cyciach<\/strong>&nbsp;mog\u0142y by\u0107 usuni\u0119te dla ochrony wizerunku Ko\u015bcio\u0142a.<\/p>\n\n\n\n<hr class=\"wp-block-separator has-alpha-channel-opacity\"\/>\n\n\n\n<h2 class=\"wp-block-heading\"><strong>3. Czy s\u0105 dowody na palenie dokument\u00f3w w 1929?<\/strong><\/h2>\n\n\n\n<h3 class=\"wp-block-heading\"><strong>Po\u015brednie \u015bwiadectwa<\/strong><\/h3>\n\n\n\n<ul class=\"wp-block-list\">\n<li>Jezuita\u00a0<strong>Peter Gumpel<\/strong>\u00a0(ekspert archiw\u00f3w) przyzna\u0142, \u017ce &#8222;dra\u017cliwe&#8221; dokumenty niszczono przed udost\u0119pnieniem.<\/li>\n\n\n\n<li>Historyk\u00a0<strong>David \u00c1lvarez<\/strong>\u00a0udokumentowa\u0142 selekcj\u0119 dokument\u00f3w w r\u00f3\u017cnych okresach, bez wskazania 1929.<\/li>\n<\/ul>\n\n\n\n<h3 class=\"wp-block-heading\"><strong>Brak bezpo\u015brednich dowod\u00f3w<\/strong><\/h3>\n\n\n\n<ul class=\"wp-block-list\">\n<li><strong>\u017badnych zdj\u0119\u0107, protoko\u0142\u00f3w ani oficjalnych zapis\u00f3w<\/strong>\u00a0o masowym niszczeniu w tym roku.<\/li>\n\n\n\n<li>Mo\u017cliwa pomy\u0142ka z innymi czystkami (np. za Piusa X czy Piusa XII).<\/li>\n<\/ul>\n\n\n\n<hr class=\"wp-block-separator has-alpha-channel-opacity\"\/>\n\n\n\n<h2 class=\"wp-block-heading\"><strong>4. Dlaczego teoria przetrwa\u0142a?<\/strong><\/h2>\n\n\n\n<h3 class=\"wp-block-heading\"><strong>A. Watyka\u0144ska nieprzejrzysto\u015b\u0107<\/strong><\/h3>\n\n\n\n<p>Polityka udost\u0119pniania archiw\u00f3w&nbsp;<strong>z wieloletnim op\u00f3\u017anieniem<\/strong>&nbsp;(np. Piusa XII w 2020) budzi podejrzenia.<\/p>\n\n\n\n<h3 class=\"wp-block-heading\"><strong>B. Fascynacja teoriami spiskowymi<\/strong><\/h3>\n\n\n\n<p>Od&nbsp;<em>Kodu da Vinci<\/em>&nbsp;mno\u017c\u0105 si\u0119 teorie o &#8222;tajemnicach Watykanu&#8221;. Rzeczywisto\u015b\u0107 jest zwykle mniej sensacyjna.<\/p>\n\n\n\n<h3 class=\"wp-block-heading\"><strong>C. Warto\u015bciowe wnioski mimo niepewno\u015bci<\/strong><\/h3>\n\n\n\n<p>Nawet bez dowod\u00f3w na 1929 rok:<\/p>\n\n\n\n<ol start=\"1\" class=\"wp-block-list\">\n<li>Ko\u015bci\u00f3\u0142 niszczy\u0142 wra\u017cliwe dokumenty w innych przypadkach (np. archiwa Inkwizycji).<\/li>\n\n\n\n<li>Walka z tajnymi stowarzyszeniami jak masoneria by\u0142a rzeczywista.<\/li>\n\n\n\n<li>Niekt\u00f3re prywatne objawienia odrzucono z powodu braku podstaw.<\/li>\n<\/ol>\n\n\n\n<hr class=\"wp-block-separator has-alpha-channel-opacity\"\/>\n\n\n\n<h2 class=\"wp-block-heading\"><strong>5. Lekcje dla wsp\u00f3\u0142czesnych katolik\u00f3w<\/strong><\/h2>\n\n\n\n<ol start=\"1\" class=\"wp-block-list\">\n<li><strong>Przejrzysto\u015b\u0107 vs roztropno\u015b\u0107<\/strong>: Ko\u015bci\u00f3\u0142 musi r\u00f3wnowa\u017cy\u0107 prawd\u0119 historyczn\u0105 i ochron\u0119 wiary.<\/li>\n\n\n\n<li><strong>Czujno\u015b\u0107 wobec tajnych ideologii<\/strong>: Wsp\u00f3\u0142czesna masoneria i podobne grupy wci\u0105\u017c wp\u0142ywaj\u0105 na polityk\u0119 i kultur\u0119.<\/li>\n\n\n\n<li><strong>Rozr\u00f3\u017cnianie objawie\u0144 od zabobon\u00f3w<\/strong>: Nie ka\u017cda &#8222;przepowiednia&#8221; pochodzi od Boga (por. 1 J 4,1).<\/li>\n<\/ol>\n\n\n\n<hr class=\"wp-block-separator has-alpha-channel-opacity\"\/>\n\n\n\n<h2 class=\"wp-block-heading\"><strong>Zako\u0144czenie: Tajemnica zapraszaj\u0105ca do refleksji, nie do spiskowych teorii<\/strong><\/h2>\n\n\n\n<p>Czy w 1929 palono dokumenty?&nbsp;<strong>Prawdopodobne, ale nieudowodnione<\/strong>. Wa\u017cne jest:<\/p>\n\n\n\n<ul class=\"wp-block-list\">\n<li><strong>Unikanie mit\u00f3w<\/strong>\u00a0(np. \u017ce Watykan ukrywa &#8222;koniec \u015bwiata&#8221;).<\/li>\n\n\n\n<li><strong>Wyci\u0105ganie lekcji z przesz\u0142o\u015bci<\/strong>\u00a0dla umocnienia wiary dzi\u015b.<\/li>\n<\/ul>\n\n\n\n<p><strong>Co o tym s\u0105dzisz?<\/strong>&nbsp;Czy Watykan powinien otworzy\u0107 wszystkie archiwa, czy niekt\u00f3re tajemnice s\u0105 konieczne?<\/p>\n\n\n\n<hr class=\"wp-block-separator has-alpha-channel-opacity\"\/>\n\n\n\n<p>\u271d\ufe0f&nbsp;<strong>Warto zg\u0142\u0119bi\u0107<\/strong>:<\/p>\n\n\n\n<ul class=\"wp-block-list\">\n<li><em>&#8222;Tajne archiwa Watykanu&#8221;<\/em>\u00a0(Grzegorz G\u00f3rny)<\/li>\n\n\n\n<li><em>&#8222;Ko\u015bci\u00f3\u0142 i masoneria: Historia pot\u0119pienia&#8221;<\/em>\u00a0(Massimo Introvigne)<\/li>\n<\/ul>\n\n\n\n<p><strong>Podziel si\u0119 artyku\u0142em dla merytorycznej dyskusji!<\/strong><\/p>\n","protected":false},"excerpt":{"rendered":"<p>Wprowadzenie: Tajemnica wzbudzaj\u0105ca kontrowersje Rok 1929 zapisa\u0142 si\u0119 w historii podpisaniem Traktat\u00f3w Latera\u0144skich, ustanawiaj\u0105cych Watykan jako pa\u0144stwo suwerenne. Jednak kr\u0105\u017c\u0105 pog\u0142oski o mrocznym wydarzeniu:&nbsp;rzekomej masowej likwidacji tajnych dokument\u00f3w watyka\u0144skich w\u0142a\u015bnie w tym roku. Ile jest w tym prawdy? Dlaczego temat ten wzbudza kontrowersje po niemal wieku? Artyku\u0142 analizuje&nbsp;dowody, \u015bwiadectwa i historyczne luki&nbsp;dotycz\u0105ce tej zagadki, oddzielaj\u0105c &hellip;<\/p>\n","protected":false},"author":3,"featured_media":2993,"comment_status":"open","ping_status":"open","sticky":false,"template":"","format":"standard","meta":{"_seopress_robots_primary_cat":"","_seopress_titles_title":"","_seopress_titles_desc":"","_seopress_robots_index":"","footnotes":""},"categories":[66,41],"tags":[800],"class_list":["post-2992","post","type-post","status-publish","format-standard","has-post-thumbnail","","category-kultura-popularna-i-katolicyzm","category-wiara-i-kultura","tag-archiwa-watykanu"],"_links":{"self":[{"href":"https:\/\/catholicus.eu\/pl\/wp-json\/wp\/v2\/posts\/2992","targetHints":{"allow":["GET"]}}],"collection":[{"href":"https:\/\/catholicus.eu\/pl\/wp-json\/wp\/v2\/posts"}],"about":[{"href":"https:\/\/catholicus.eu\/pl\/wp-json\/wp\/v2\/types\/post"}],"author":[{"embeddable":true,"href":"https:\/\/catholicus.eu\/pl\/wp-json\/wp\/v2\/users\/3"}],"replies":[{"embeddable":true,"href":"https:\/\/catholicus.eu\/pl\/wp-json\/wp\/v2\/comments?post=2992"}],"version-history":[{"count":1,"href":"https:\/\/catholicus.eu\/pl\/wp-json\/wp\/v2\/posts\/2992\/revisions"}],"predecessor-version":[{"id":2994,"href":"https:\/\/catholicus.eu\/pl\/wp-json\/wp\/v2\/posts\/2992\/revisions\/2994"}],"wp:featuredmedia":[{"embeddable":true,"href":"https:\/\/catholicus.eu\/pl\/wp-json\/wp\/v2\/media\/2993"}],"wp:attachment":[{"href":"https:\/\/catholicus.eu\/pl\/wp-json\/wp\/v2\/media?parent=2992"}],"wp:term":[{"taxonomy":"category","embeddable":true,"href":"https:\/\/catholicus.eu\/pl\/wp-json\/wp\/v2\/categories?post=2992"},{"taxonomy":"post_tag","embeddable":true,"href":"https:\/\/catholicus.eu\/pl\/wp-json\/wp\/v2\/tags?post=2992"}],"curies":[{"name":"wp","href":"https:\/\/api.w.org\/{rel}","templated":true}]}}