{"id":2989,"date":"2025-03-29T23:45:14","date_gmt":"2025-03-29T22:45:14","guid":{"rendered":"https:\/\/catholicus.eu\/pl\/?p=2989"},"modified":"2025-03-29T23:45:15","modified_gmt":"2025-03-29T22:45:15","slug":"czy-jezus-mial-braci-co-naprawde-mowi-grecki-oryginal-nowego-testamentu","status":"publish","type":"post","link":"https:\/\/catholicus.eu\/pl\/czy-jezus-mial-braci-co-naprawde-mowi-grecki-oryginal-nowego-testamentu\/","title":{"rendered":"Czy Jezus mia\u0142 braci? Co naprawd\u0119 m\u00f3wi grecki orygina\u0142 Nowego Testamentu"},"content":{"rendered":"\n<h2 class=\"wp-block-heading\"><strong>Wprowadzenie: Debata o g\u0142\u0119bokich korzeniach<\/strong><\/h2>\n\n\n\n<p>Jednym z najcz\u0119\u015bciej zadawanych pyta\u0144 przez chrze\u015bcijan i niechrze\u015bcijan jest to, czy Jezus mia\u0142 rodzonych braci. Ewangelie kilkakrotnie wspominaj\u0105 o&nbsp;<em>&#8222;braciach Jezusa&#8221;<\/em>, co sk\u0142oni\u0142o niekt\u00f3re protestanckie i modernistyczne interpretacje do twierdzenia, \u017ce Maria mia\u0142a inne dzieci. Ale co naprawd\u0119 m\u00f3wi grecki oryginalny tekst Nowego Testamentu?<\/p>\n\n\n\n<p>Odpowied\u017a nie tylko wyja\u015bnia historyczny szczeg\u00f3\u0142, ale tak\u017ce pog\u0142\u0119bia nasze zrozumienie teologii maryjnej, czysto\u015bci Dziewicy i boskiego planu dla \u015awi\u0119tej Rodziny. Aby to zrozumie\u0107, musimy zbada\u0107 dwa kluczowe greckie s\u0142owa:&nbsp;<strong>&#8222;adelphoi&#8221;<\/strong>&nbsp;i&nbsp;<strong>&#8222;suggenes&#8221;<\/strong>.<\/p>\n\n\n\n<hr class=\"wp-block-separator has-alpha-channel-opacity\"\/>\n\n\n\n<h2 class=\"wp-block-heading\"><strong>1. &#8222;Adelphoi&#8221;: Bracia rodzeni czy bliscy krewni?<\/strong><\/h2>\n\n\n\n<p>W Ewangeliach greckie s\u0142owo&nbsp;<strong>&#8222;adelphoi&#8221; (\u1f00\u03b4\u03b5\u03bb\u03c6\u03bf\u03af)<\/strong>&nbsp;pojawia si\u0119 w fragmentach takich jak:<\/p>\n\n\n\n<ul class=\"wp-block-list\">\n<li><em>&#8222;Czy\u017c nie jest On synem cie\u015bli? Czy Jego Matce nie jest na imi\u0119 Maria, a Jego braciom Jakub, J\u00f3zef, Szymon i Juda?&#8221;<\/em>\u00a0(Mt 13,55)<\/li>\n\n\n\n<li><em>&#8222;Jego bracia rzekli do Niego: \u00abOdejd\u017a st\u0105d i id\u017a do Judei&#8230;\u00bb&#8221;<\/em>\u00a0(J 7,3)<\/li>\n<\/ul>\n\n\n\n<p>Na pierwszy rzut oka wydaje si\u0119 to wskazywa\u0107 na rodzonych braci. Jednak w biblijnym i semickim kontek\u015bcie&nbsp;<strong>&#8222;adelphoi&#8221; ma znacznie szersze znaczenie<\/strong>:<\/p>\n\n\n\n<ul class=\"wp-block-list\">\n<li><strong>W Starym Testamencie (Septuaginta)<\/strong>\u00a0&#8222;adelphoi&#8221; jest u\u017cywane w odniesieniu do bliskich krewnych, niekoniecznie braci. Na przyk\u0142ad:\n<ul class=\"wp-block-list\">\n<li>Lot jest nazywany &#8222;bratem&#8221; Abrahama (Rdz 14,14), cho\u0107 by\u0142 jego siostrze\u0144cem.<\/li>\n\n\n\n<li>Jakub nazywa Labana swoim &#8222;bratem&#8221; (Rdz 29,15), cho\u0107 by\u0142 jego wujem.<\/li>\n<\/ul>\n<\/li>\n\n\n\n<li><strong>W kulturze \u017cydowskiej I wieku<\/strong>\u00a0nie by\u0142o specyficznego s\u0142owa na &#8222;kuzyna&#8221;, wi\u0119c\u00a0<strong>&#8222;adelphoi&#8221; mog\u0142o oznacza\u0107 kuzyn\u00f3w, siostrze\u0144c\u00f3w lub innych bliskich krewnych<\/strong>.<\/li>\n<\/ul>\n\n\n\n<hr class=\"wp-block-separator has-alpha-channel-opacity\"\/>\n\n\n\n<h2 class=\"wp-block-heading\"><strong>2. &#8222;Suggenes&#8221;: Greckie s\u0142owo na krewnych krwi<\/strong><\/h2>\n\n\n\n<p>Nowy Testament ma termin na dalszych krewnych krwi:&nbsp;<strong>&#8222;suggenes&#8221; (\u03c3\u03c5\u03b3\u03b3\u03b5\u03bd\u03b5\u1fd6\u03c2)<\/strong>, oznaczaj\u0105cy &#8222;krewnych&#8221; lub &#8222;cz\u0142onk\u00f3w rodziny&#8221;. Na przyk\u0142ad:<\/p>\n\n\n\n<ul class=\"wp-block-list\">\n<li><em>&#8222;A oto r\u00f3wnie\u017c krewna Twoja [suggenes] El\u017cbieta pocz\u0119\u0142a w swej staro\u015bci syna&#8230;&#8221;<\/em>\u00a0(\u0141k 1,36). Tutaj ewangelista precyzuje, \u017ce Maria i El\u017cbieta by\u0142y\u00a0<strong>krewnymi (kuzynkami)<\/strong>, nie siostrami.<\/li>\n<\/ul>\n\n\n\n<p>Gdyby tak zwani&nbsp;<em>&#8222;bracia Jezusa&#8221;<\/em>&nbsp;byli dzie\u0107mi Maryi, tekst u\u017cy\u0142by wyra\u017anie&nbsp;<strong>&#8222;hui\u00f3s&#8221; (synowie)<\/strong>&nbsp;lub&nbsp;<strong>&#8222;tekna&#8221; (dzieci, potomstwo)<\/strong>. Ale nigdy tego nie robi.<\/p>\n\n\n\n<hr class=\"wp-block-separator has-alpha-channel-opacity\"\/>\n\n\n\n<h2 class=\"wp-block-heading\"><strong>3. Kim byli ci &#8222;bracia&#8221; Jezusa? Tradycja wyja\u015bnia<\/strong><\/h2>\n\n\n\n<p>Ko\u015bci\u00f3\u0142 Katolicki, opieraj\u0105c si\u0119 na Pi\u015bmie \u015awi\u0119tym i Tradycji Apostolskiej, naucza, \u017ce Maria pozosta\u0142a&nbsp;<strong>zawsze dziewic\u0105<\/strong>&nbsp;(<em>&#8222;aeiparthenos&#8221;<\/em>, jak g\u0142osi II Sob\u00f3r Konstantynopolita\u0144ski). Wi\u0119c kim byli ci &#8222;bracia&#8221;?<\/p>\n\n\n\n<ul class=\"wp-block-list\">\n<li><strong>Jakub i J\u00f3zef<\/strong>: W Mt 27,56 czytamy, \u017ce Maria, matka Jakuba i J\u00f3zefa, by\u0142a\u00a0<strong>&#8222;drug\u0105 Mari\u0105&#8221;<\/strong>\u00a0(inn\u0105 ni\u017c Dziewica). Ta Maria by\u0142a\u00a0<strong>\u017con\u0105 Kleofasa<\/strong>\u00a0(J 19,25), prawdopodobnie siostr\u0105 Marii Dziewicy, czyni\u0105c Jakuba i J\u00f3zefa\u00a0<strong>kuzynami Jezusa<\/strong>.<\/li>\n\n\n\n<li><strong>Juda (nie Iskariota)<\/strong>: W Jud 1,1 autor identyfikuje si\u0119 jako\u00a0<strong>&#8222;brat Jakuba&#8221;<\/strong>, potwierdzaj\u0105c, \u017ce nale\u017ca\u0142 do tej samej rozszerzonej rodziny, nie b\u0119d\u0105c synem Maryi.<\/li>\n<\/ul>\n\n\n\n<hr class=\"wp-block-separator has-alpha-channel-opacity\"\/>\n\n\n\n<h2 class=\"wp-block-heading\"><strong>4. \u015awiadectwo Ojc\u00f3w Ko\u015bcio\u0142a<\/strong><\/h2>\n\n\n\n<p>Pierwsi chrze\u015bcijanie, bezpo\u015bredni spadkobiercy nauczania apostolskiego, nigdy nie w\u0105tpili w wieczyste dziewictwo Maryi:<\/p>\n\n\n\n<ul class=\"wp-block-list\">\n<li><strong>\u015aw. Hieronim<\/strong>\u00a0(IV w.) argumentowa\u0142 w\u00a0<em>&#8222;Przeciw Helwidiuszowi&#8221;<\/em>, \u017ce &#8222;bracia Jezusa&#8221; to kuzyni, odrzucaj\u0105c ide\u0119, \u017ce Maria mia\u0142a inne dzieci.<\/li>\n\n\n\n<li><strong>\u015aw. Epifaniusz<\/strong>\u00a0(IV w.) sugerowa\u0142, \u017ce Jakub i inni byli dzie\u0107mi\u00a0<strong>J\u00f3zefa z poprzedniego ma\u0142\u017ce\u0144stwa<\/strong>\u00a0(tradycja obecna w niekt\u00f3rych staro\u017cytnych kr\u0119gach chrze\u015bcija\u0144skich).<\/li>\n<\/ul>\n\n\n\n<hr class=\"wp-block-separator has-alpha-channel-opacity\"\/>\n\n\n\n<h2 class=\"wp-block-heading\"><strong>5. Wnioski: Maryja, Zawsze Dziewica<\/strong><\/h2>\n\n\n\n<p>Analiza lingwistyczna i teologiczna potwierdza, \u017ce:<\/p>\n\n\n\n<p>\u2705&nbsp;<strong>&#8222;Adelphoi&#8221; niekoniecznie oznacza braci rodzonych<\/strong>, ale mo\u017ce obejmowa\u0107 bliskich krewnych.<br>\u2705&nbsp;<strong>Termin &#8222;suggenes&#8221; jest u\u017cywany dla kuzyn\u00f3w<\/strong>, jak w przypadku El\u017cbiety.<br>\u2705&nbsp;<strong>Tradycja Apostolska zawsze podtrzymywa\u0142a wieczyste dziewictwo Maryi<\/strong>, znak jej czysto\u015bci i wyj\u0105tkowej roli.<\/p>\n\n\n\n<p>Daleko od bycia drobnym szczeg\u00f3\u0142em, ta prawda umacnia nasz\u0105 pobo\u017cno\u015b\u0107 wobec&nbsp;<strong>\u015awi\u0119tej Rodziny<\/strong>, gdzie Jezus, Jednorodzony Syn, by\u0142 wychowywany przez zawsze wiern\u0105 Matk\u0119 i czystego, \u015bwi\u0119tego opiekuna.<\/p>\n\n\n\n<h3 class=\"wp-block-heading\"><strong>Refleksja ko\u0144cowa<\/strong><\/h3>\n\n\n\n<p>Gdyby Maria mia\u0142a inne dzieci, dlaczego Jezus powierzy\u0142by j\u0105 \u015bw. Janowi pod Krzy\u017cem (J 19,26-27)? Ten gest objawia, \u017ce&nbsp;<strong>nie by\u0142o innych syn\u00f3w<\/strong>, kt\u00f3rzy mogliby si\u0119 ni\u0105 zaj\u0105\u0107.<\/p>\n\n\n\n<p><strong>Maryja jest Now\u0105 Ew\u0105, duchow\u0105 Matk\u0105 wszystkich wierz\u0105cych<\/strong>, a jej wieczyste dziewictwo to tajemnica zapraszaj\u0105ca nas do pog\u0142\u0119bienia mi\u0142o\u015bci i czci dla Niewiasty, kt\u00f3ra przynios\u0142a \u015bwiatu Zbawiciela.<\/p>\n\n\n\n<hr class=\"wp-block-separator has-alpha-channel-opacity\"\/>\n\n\n\n<p><strong>Podoba\u0142a Ci si\u0119 ta analiza?<\/strong>&nbsp;Podziel si\u0119 ni\u0105 i zg\u0142\u0119biaj bogactwo wiary katolickiej.&nbsp;<strong>Ave Maria!<\/strong>&nbsp;\ud83c\udf39\u271d\ufe0f<\/p>\n","protected":false},"excerpt":{"rendered":"<p>Wprowadzenie: Debata o g\u0142\u0119bokich korzeniach Jednym z najcz\u0119\u015bciej zadawanych pyta\u0144 przez chrze\u015bcijan i niechrze\u015bcijan jest to, czy Jezus mia\u0142 rodzonych braci. Ewangelie kilkakrotnie wspominaj\u0105 o&nbsp;&#8222;braciach Jezusa&#8221;, co sk\u0142oni\u0142o niekt\u00f3re protestanckie i modernistyczne interpretacje do twierdzenia, \u017ce Maria mia\u0142a inne dzieci. Ale co naprawd\u0119 m\u00f3wi grecki oryginalny tekst Nowego Testamentu? Odpowied\u017a nie tylko wyja\u015bnia historyczny szczeg\u00f3\u0142, &hellip;<\/p>\n","protected":false},"author":3,"featured_media":2990,"comment_status":"open","ping_status":"open","sticky":false,"template":"","format":"standard","meta":{"_seopress_robots_primary_cat":"","_seopress_titles_title":"","_seopress_titles_desc":"","_seopress_robots_index":"","footnotes":""},"categories":[37,45],"tags":[799,654],"class_list":["post-2989","post","type-post","status-publish","format-standard","has-post-thumbnail","","category-doktryna-i-wiara","category-pismo-swiete","tag-braci","tag-jezus"],"_links":{"self":[{"href":"https:\/\/catholicus.eu\/pl\/wp-json\/wp\/v2\/posts\/2989","targetHints":{"allow":["GET"]}}],"collection":[{"href":"https:\/\/catholicus.eu\/pl\/wp-json\/wp\/v2\/posts"}],"about":[{"href":"https:\/\/catholicus.eu\/pl\/wp-json\/wp\/v2\/types\/post"}],"author":[{"embeddable":true,"href":"https:\/\/catholicus.eu\/pl\/wp-json\/wp\/v2\/users\/3"}],"replies":[{"embeddable":true,"href":"https:\/\/catholicus.eu\/pl\/wp-json\/wp\/v2\/comments?post=2989"}],"version-history":[{"count":1,"href":"https:\/\/catholicus.eu\/pl\/wp-json\/wp\/v2\/posts\/2989\/revisions"}],"predecessor-version":[{"id":2991,"href":"https:\/\/catholicus.eu\/pl\/wp-json\/wp\/v2\/posts\/2989\/revisions\/2991"}],"wp:featuredmedia":[{"embeddable":true,"href":"https:\/\/catholicus.eu\/pl\/wp-json\/wp\/v2\/media\/2990"}],"wp:attachment":[{"href":"https:\/\/catholicus.eu\/pl\/wp-json\/wp\/v2\/media?parent=2989"}],"wp:term":[{"taxonomy":"category","embeddable":true,"href":"https:\/\/catholicus.eu\/pl\/wp-json\/wp\/v2\/categories?post=2989"},{"taxonomy":"post_tag","embeddable":true,"href":"https:\/\/catholicus.eu\/pl\/wp-json\/wp\/v2\/tags?post=2989"}],"curies":[{"name":"wp","href":"https:\/\/api.w.org\/{rel}","templated":true}]}}