{"id":2959,"date":"2025-03-28T23:41:52","date_gmt":"2025-03-28T22:41:52","guid":{"rendered":"https:\/\/catholicus.eu\/pl\/?p=2959"},"modified":"2025-03-28T23:41:53","modified_gmt":"2025-03-28T22:41:53","slug":"czy-wiedziales-ze-wielka-sobota-byla-jedynym-dniem-w-ktorym-udzielano-chrztu-powod-cie-zaskoczy","status":"publish","type":"post","link":"https:\/\/catholicus.eu\/pl\/czy-wiedziales-ze-wielka-sobota-byla-jedynym-dniem-w-ktorym-udzielano-chrztu-powod-cie-zaskoczy\/","title":{"rendered":"Czy wiedzia\u0142e\u015b, \u017ce Wielka Sobota by\u0142a jedynym dniem, w kt\u00f3rym udzielano chrztu? Pow\u00f3d Ci\u0119 zaskoczy"},"content":{"rendered":"\n<h2 class=\"wp-block-heading\"><strong>Wprowadzenie: Zapomniana liturgiczna tajemnica<\/strong><\/h2>\n\n\n\n<p>W \u015bwi\u0119tym milczeniu Wielkiej Soboty, gdy Ko\u015bci\u00f3\u0142 wspomina Chrystusa spoczywaj\u0105cego w grobie, kryje si\u0119 staro\u017cytna tradycja, o kt\u00f3rej wielu zapomnia\u0142o:&nbsp;<strong>by\u0142 to jedyny dzie\u0144 w roku, w kt\u00f3rym udzielano sakramentu chrztu<\/strong>.<\/p>\n\n\n\n<p>Tak, dobrze przeczyta\u0142e\u015b.&nbsp;<strong>W pierwszych wiekach chrze\u015bcija\u0144stwa Wielka Sobota (lub Sobota Alleluja) by\u0142a kulminacyjnym momentem chrztu katechumen\u00f3w.<\/strong>&nbsp;Ale dlaczego? Jaka g\u0142\u0119boka wi\u0119\u017a \u0142\u0105czy Zmartwychwstanie Chrystusa z sakramentem, kt\u00f3ry daje nam nowe \u017cycie?<\/p>\n\n\n\n<p>W tym artykule odkryjemy:<\/p>\n\n\n\n<ul class=\"wp-block-list\">\n<li><strong>Historyczne i teologiczne korzenie tej praktyki<\/strong><\/li>\n\n\n\n<li><strong>Duchow\u0105 symbolik\u0119 \u0142\u0105cz\u0105c\u0105 chrzest z Pasch\u0105<\/strong><\/li>\n\n\n\n<li><strong>Jak odzyska\u0107 to \u015bwi\u0119te znaczenie w naszym chrze\u015bcija\u0144skim \u017cyciu dzi\u015b<\/strong><\/li>\n<\/ul>\n\n\n\n<p>Przygotuj si\u0119 na fascynuj\u0105c\u0105 podr\u00f3\u017c do korzeni naszej wiary, gdzie liturgia, Pismo \u015awi\u0119te i Tradycja splataj\u0105 si\u0119 w tajemnic\u0119 \u015bwiat\u0142a i \u0142aski.<\/p>\n\n\n\n<hr class=\"wp-block-separator has-alpha-channel-opacity\"\/>\n\n\n\n<h2 class=\"wp-block-heading\"><strong>I. Chrzest w Ko\u015bciele pierwotnym: Obrz\u0119d przej\u015bcia<\/strong><\/h2>\n\n\n\n<h3 class=\"wp-block-heading\"><strong>1. Katechumeni i ich d\u0142uga droga<\/strong><\/h3>\n\n\n\n<p>W pierwszych wiekach chrze\u015bcija\u0144stwa&nbsp;<strong>nawr\u00f3cenie na wiar\u0119 nie by\u0142o decyzj\u0105 podejmowan\u0105 lekko<\/strong>. Kandydaci do chrztu (zwani&nbsp;<em>katechumenami<\/em>) sp\u0119dzali lata na przygotowaniu, ucz\u0105c si\u0119 nauk Chrystusa i oczyszczaj\u0105c swoje \u017cycie.<\/p>\n\n\n\n<p>Ten proces, zwany&nbsp;<em>katechumenatem<\/em>, m\u00f3g\u0142 trwa\u0107&nbsp;<strong>trzy lata lub d\u0142u\u017cej<\/strong>, na wz\u00f3r uczni\u00f3w, kt\u00f3rzy towarzyszyli Jezusowi, zanim zostali pos\u0142ani, by g\u0142osi\u0107.<\/p>\n\n\n\n<h3 class=\"wp-block-heading\"><strong>2. Wigilia Paschalna: Noc, kt\u00f3ra wszystko zmieni\u0142a<\/strong><\/h3>\n\n\n\n<p>Dlaczego chrzest by\u0142 udzielany podczas&nbsp;<strong>Wigilii Paschalnej<\/strong>&nbsp;(nocy z Wielkiej Soboty na Niedziel\u0119 Wielkanocn\u0105)? Odpowied\u017a tkwi w&nbsp;<strong>teologii czasu<\/strong>.<\/p>\n\n\n\n<ul class=\"wp-block-list\">\n<li><strong>Pascha \u017cydowska<\/strong>\u00a0(przej\u015bcie przez Morze Czerwone) zapowiada\u0142a\u00a0<strong>Paschalne Misterium Chrystusa<\/strong>\u00a0(przej\u015bcie ze \u015bmierci do \u017cycia)<\/li>\n\n\n\n<li><strong>Chrzest<\/strong>, jak uczy \u015bw. Pawe\u0142 (Rz 6,3-4), oznacza\u00a0<strong>umrze\u0107 i zmartwychwsta\u0107 z Chrystusem<\/strong><\/li>\n<\/ul>\n\n\n\n<p>Dlatego&nbsp;<strong>nie by\u0142o lepszego momentu na narodziny do nowego \u017cycia ni\u017c w\u0142a\u015bnie ta noc, gdy Chrystus zwyci\u0119\u017cy\u0142 \u015bmier\u0107<\/strong>.<\/p>\n\n\n\n<hr class=\"wp-block-separator has-alpha-channel-opacity\"\/>\n\n\n\n<h2 class=\"wp-block-heading\"><strong>II. G\u0142\u0119boka symbolika: Chrzest i Zmartwychwstanie<\/strong><\/h2>\n\n\n\n<h3 class=\"wp-block-heading\"><strong>1. &#8222;Zostali\u015bmy zanurzeni w Jego \u015bmier\u0107 przez chrzest, aby\u015bmy i my wkroczyli w nowe \u017cycie&#8221; (Rz 6,4)<\/strong><\/h3>\n\n\n\n<p>\u015aw. Pawe\u0142 wyja\u015bnia to mocnym obrazem:&nbsp;<strong>woda chrztu jest jak gr\u00f3b<\/strong>. Gdy jeste\u015bmy zanurzani,&nbsp;<strong>jeste\u015bmy pogrzebani z Chrystusem<\/strong>, a gdy wynurzamy si\u0119,&nbsp;<strong>zmartwychwstajemy do nowego \u017cycia<\/strong>.<\/p>\n\n\n\n<p>W pierwotnym Ko\u015bciele chrzest odbywa\u0142 si\u0119 przez&nbsp;<strong>ca\u0142kowite zanurzenie<\/strong>, dos\u0142ownie symbolizuj\u0105ce to&nbsp;<strong>zej\u015bcie do grobu i chwalebne odrodzenie<\/strong>.<\/p>\n\n\n\n<h3 class=\"wp-block-heading\"><strong>2. \u015awiat\u0142o rozpraszaj\u0105ce ciemno\u015bci<\/strong><\/h3>\n\n\n\n<p>Wigilia Paschalna zaczyna si\u0119 w&nbsp;<strong>ciemno\u015bci<\/strong>, z kt\u00f3rej wy\u0142ania si\u0119&nbsp;<strong>Chrystus &#8211; \u015awiat\u0142o\u015b\u0107<\/strong>. Nowo ochrzczeni otrzymywali&nbsp;<strong>\u015bwiec\u0119 zapalon\u0105 od Pascha\u0142u<\/strong>, znak, \u017ce stali si\u0119&nbsp;<strong>&#8222;dzie\u0107mi \u015bwiat\u0142o\u015bci&#8221;<\/strong>&nbsp;(Ef 5,8).<\/p>\n\n\n\n<hr class=\"wp-block-separator has-alpha-channel-opacity\"\/>\n\n\n\n<h2 class=\"wp-block-heading\"><strong>III. Dlaczego nie chrzci si\u0119 ju\u017c tylko w Wielk\u0105 Sobot\u0119?<\/strong><\/h2>\n\n\n\n<p>Z czasem&nbsp;<strong>zwyczaj sta\u0142 si\u0119 bardziej elastyczny<\/strong>, g\u0142\u00f3wnie z dw\u00f3ch powod\u00f3w:<\/p>\n\n\n\n<ol start=\"1\" class=\"wp-block-list\">\n<li><strong>Masowy wzrost nawr\u00f3ce\u0144<\/strong>\u00a0(zw\u0142aszcza po legalizacji chrze\u015bcija\u0144stwa w IV w.) uniemo\u017cliwi\u0142 ograniczenie chrzt\u00f3w do jednej nocy<\/li>\n\n\n\n<li><strong>Praktyka chrztu niemowl\u0105t<\/strong>\u00a0upowszechni\u0142a si\u0119, wymagaj\u0105c udzielania sakramentu w dowolnym czasie<\/li>\n<\/ol>\n\n\n\n<p>Jednak&nbsp;<strong>teologiczne znaczenie pozostaje niezmienne<\/strong>:&nbsp;<strong>ka\u017cdy chrzest jest uczestnictwem w Paschalnym Misterium Chrystusa<\/strong>.<\/p>\n\n\n\n<hr class=\"wp-block-separator has-alpha-channel-opacity\"\/>\n\n\n\n<h2 class=\"wp-block-heading\"><strong>IV. Odnale\u017a\u0107 ducha Wielkiej Soboty w naszym chrzcie<\/strong><\/h2>\n\n\n\n<p>Cho\u0107 dzi\u015b nie jeste\u015bmy zobowi\u0105zani przyjmowa\u0107 chrztu podczas Wigilii Paschalnej,&nbsp;<strong>mo\u017cemy na nowo prze\u017cywa\u0107 jego znaczenie z wiar\u0105<\/strong>:<\/p>\n\n\n\n<p>\u2705&nbsp;<strong>Odnawia\u0107 przyrzeczenia chrzcielne<\/strong>&nbsp;ka\u017cdej Wielkanocy<br>\u2705&nbsp;<strong>Rozwa\u017ca\u0107 Rz 6<\/strong>, pami\u0119taj\u0105c, \u017ce chrzest jednoczy nas ze \u015bmierci\u0105 i zmartwychwstaniem Chrystusa<br>\u2705&nbsp;<strong>\u017by\u0107 jako &#8222;zmartwychwstali&#8221;<\/strong>, porzucaj\u0105c grzech i przyjmuj\u0105c \u0142ask\u0119<\/p>\n\n\n\n<hr class=\"wp-block-separator has-alpha-channel-opacity\"\/>\n\n\n\n<h2 class=\"wp-block-heading\"><strong>Zako\u0144czenie: Wezwanie do \u017cycia chwa\u0142\u0105 chrztu<\/strong><\/h2>\n\n\n\n<p>Wielka Sobota to nie pusty dzie\u0144, ale&nbsp;<strong>pr\u00f3g mi\u0119dzy \u015bmierci\u0105 a \u017cyciem<\/strong>. I cho\u0107 nie jest ju\u017c jedynym dniem chrzt\u00f3w, pozostaje&nbsp;<strong>zaproszeniem do zanurzenia si\u0119 w Paschalne Misterium<\/strong>.<\/p>\n\n\n\n<p><strong>Kiedy ostatnio zastanawia\u0142e\u015b si\u0119 nad swoim chrztem?<\/strong>&nbsp;Dzi\u015b jest dobry dzie\u0144, by przypomnie\u0107 sobie, \u017ce dzi\u0119ki temu sakramentowi&nbsp;<strong>ju\u017c zmartwychwsta\u0142e\u015b z Chrystusem<\/strong>.<\/p>\n\n\n\n<blockquote class=\"wp-block-quote is-layout-flow wp-block-quote-is-layout-flow\">\n<p><em>&#8222;Chrzest to nie tylko obrz\u0119d przesz\u0142o\u015bci, ale wieczna tera\u017aniejszo\u015b\u0107: ka\u017cdego dnia Chrystus wzywa nas, by\u015bmy \u017cyli jako dzieci Zmartwychwstania.&#8221;<\/em><\/p>\n<\/blockquote>\n\n\n\n<p><strong>B\u0142ogos\u0142awionych \u015awi\u0105t Wielkanocnych!<\/strong>&nbsp;\ud83c\udf05\u271d\ufe0f<\/p>\n","protected":false},"excerpt":{"rendered":"<p>Wprowadzenie: Zapomniana liturgiczna tajemnica W \u015bwi\u0119tym milczeniu Wielkiej Soboty, gdy Ko\u015bci\u00f3\u0142 wspomina Chrystusa spoczywaj\u0105cego w grobie, kryje si\u0119 staro\u017cytna tradycja, o kt\u00f3rej wielu zapomnia\u0142o:&nbsp;by\u0142 to jedyny dzie\u0144 w roku, w kt\u00f3rym udzielano sakramentu chrztu. Tak, dobrze przeczyta\u0142e\u015b.&nbsp;W pierwszych wiekach chrze\u015bcija\u0144stwa Wielka Sobota (lub Sobota Alleluja) by\u0142a kulminacyjnym momentem chrztu katechumen\u00f3w.&nbsp;Ale dlaczego? Jaka g\u0142\u0119boka wi\u0119\u017a \u0142\u0105czy &hellip;<\/p>\n","protected":false},"author":3,"featured_media":2960,"comment_status":"open","ping_status":"open","sticky":false,"template":"","format":"standard","meta":{"_seopress_robots_primary_cat":"","_seopress_titles_title":"","_seopress_titles_desc":"","_seopress_robots_index":"","footnotes":""},"categories":[37,46],"tags":[789,653],"class_list":["post-2959","post","type-post","status-publish","format-standard","has-post-thumbnail","","category-doktryna-i-wiara","category-sakramenty","tag-swiat-wielkanocnych","tag-wielka-sobota"],"_links":{"self":[{"href":"https:\/\/catholicus.eu\/pl\/wp-json\/wp\/v2\/posts\/2959","targetHints":{"allow":["GET"]}}],"collection":[{"href":"https:\/\/catholicus.eu\/pl\/wp-json\/wp\/v2\/posts"}],"about":[{"href":"https:\/\/catholicus.eu\/pl\/wp-json\/wp\/v2\/types\/post"}],"author":[{"embeddable":true,"href":"https:\/\/catholicus.eu\/pl\/wp-json\/wp\/v2\/users\/3"}],"replies":[{"embeddable":true,"href":"https:\/\/catholicus.eu\/pl\/wp-json\/wp\/v2\/comments?post=2959"}],"version-history":[{"count":1,"href":"https:\/\/catholicus.eu\/pl\/wp-json\/wp\/v2\/posts\/2959\/revisions"}],"predecessor-version":[{"id":2961,"href":"https:\/\/catholicus.eu\/pl\/wp-json\/wp\/v2\/posts\/2959\/revisions\/2961"}],"wp:featuredmedia":[{"embeddable":true,"href":"https:\/\/catholicus.eu\/pl\/wp-json\/wp\/v2\/media\/2960"}],"wp:attachment":[{"href":"https:\/\/catholicus.eu\/pl\/wp-json\/wp\/v2\/media?parent=2959"}],"wp:term":[{"taxonomy":"category","embeddable":true,"href":"https:\/\/catholicus.eu\/pl\/wp-json\/wp\/v2\/categories?post=2959"},{"taxonomy":"post_tag","embeddable":true,"href":"https:\/\/catholicus.eu\/pl\/wp-json\/wp\/v2\/tags?post=2959"}],"curies":[{"name":"wp","href":"https:\/\/api.w.org\/{rel}","templated":true}]}}