{"id":2936,"date":"2025-03-27T23:25:56","date_gmt":"2025-03-27T22:25:56","guid":{"rendered":"https:\/\/catholicus.eu\/pl\/?p=2936"},"modified":"2025-03-27T23:25:57","modified_gmt":"2025-03-27T22:25:57","slug":"matka-boza-z-akita-najdluzsze-objawienia-maryjne-w-historii","status":"publish","type":"post","link":"https:\/\/catholicus.eu\/pl\/matka-boza-z-akita-najdluzsze-objawienia-maryjne-w-historii\/","title":{"rendered":"Matka Bo\u017ca z Akita: Najd\u0142u\u017csze objawienia maryjne w historii"},"content":{"rendered":"\n<h2 class=\"wp-block-heading\"><strong>Wprowadzenie: Pilne przes\u0142anie na nasze czasy<\/strong><\/h2>\n\n\n\n<p>W \u015bwiecie, kt\u00f3ry coraz bardziej oddala si\u0119 od Boga, pogr\u0105\u017conym w moralnym i duchowym zam\u0119cie, Naj\u015bwi\u0119tsza Maryja Panna wielokrotnie ukazywa\u0142a si\u0119, by przypomnie\u0107 nam drog\u0119 do zbawienia. W\u015br\u00f3d wszystkich uznanych przez Ko\u015bci\u00f3\u0142 objawie\u0144, jedno wyr\u00f3\u017cnia si\u0119 nie tylko g\u0142\u0119bi\u0105 przes\u0142ania, ale tak\u017ce niezwyk\u0142ym czasem trwania:&nbsp;<strong>Matka Bo\u017ca z Akita w Japonii<\/strong>.<\/p>\n\n\n\n<p>Te objawienia, zatwierdzone przez Ko\u015bci\u00f3\u0142 w 1988 roku przez \u00f3wczesnego kardyna\u0142a Josepha Ratzingera (p\u00f3\u017aniejszego papie\u017ca Benedykta XVI), uwa\u017cane s\u0105 za&nbsp;<strong>najd\u0142u\u017csze w historii<\/strong>, trwaj\u0105ce od 1973 do 1981 roku. Jednak poza czasem trwania, ich przes\u0142anie to pilne wezwanie do nawr\u00f3cenia, modlitwy i pokuty &#8211; szczeg\u00f3lnie aktualne w naszych czasach.<\/p>\n\n\n\n<p>W tym artykule om\u00f3wimy:<\/p>\n\n\n\n<ol start=\"1\" class=\"wp-block-list\">\n<li><strong>Pocz\u0105tki i t\u0142o historyczne objawie\u0144<\/strong><\/li>\n\n\n\n<li><strong>Przes\u0142ania Maryi i ich zwi\u0105zek z Fatim\u0105 oraz innymi objawieniami<\/strong><\/li>\n\n\n\n<li><strong>Cuda zwi\u0105zane z Akita, zw\u0142aszcza p\u0142acz\u0105ca figura<\/strong><\/li>\n\n\n\n<li><strong>Znaczenie teologiczne i aktualno\u015b\u0107 przes\u0142ania<\/strong><\/li>\n\n\n\n<li><strong>Jak wprowadza\u0107 w \u017cycie przes\u0142anie z Akita dzisiaj<\/strong><\/li>\n<\/ol>\n\n\n\n<hr class=\"wp-block-separator has-alpha-channel-opacity\"\/>\n\n\n\n<h2 class=\"wp-block-heading\"><strong>1. Pocz\u0105tki objawie\u0144: Japonia i pokorna s\u0142u\u017cebnica Agnes Sasagawa<\/strong><\/h2>\n\n\n\n<h3 class=\"wp-block-heading\"><strong>Miejsce: Ma\u0142y klasztor w Akita<\/strong><\/h3>\n\n\n\n<p>Objawienia w Akita mia\u0142y miejsce w&nbsp;<strong>klasztorze S\u0142u\u017cebnic Eucharystii<\/strong>, wsp\u00f3lnocie zakonnej za\u0142o\u017conej przez japo\u0144skiego biskupa Johna Shojiro Ito. W tym miejscu modlitwy i ofiary B\u00f3g wybra\u0142 prost\u0105, ale g\u0142\u0119boko wierz\u0105c\u0105 kobiet\u0119:&nbsp;<strong>siostr\u0119 Agnes Sasagawa<\/strong>.<\/p>\n\n\n\n<h3 class=\"wp-block-heading\"><strong>Siostra Agnes: \u017bycie cierpienia i wiary<\/strong><\/h3>\n\n\n\n<p>Urodzona w 1931 roku Agnes Sasagawa od m\u0142odo\u015bci cierpia\u0142a na powa\u017cne problemy zdrowotne, w tym g\u0142uchot\u0119, kt\u00f3ra ca\u0142kowicie pozbawi\u0142a j\u0105 s\u0142uchu. Mimo cierpienia nigdy nie straci\u0142a ufno\u015bci w Boga. W 1969 roku, po nieudanej operacji, kt\u00f3ra przyku\u0142a j\u0105 do \u0142\u00f3\u017cka, do\u015bwiadczy\u0142a mistycznego prze\u017cycia, kt\u00f3re doprowadzi\u0142o j\u0105 do oddania \u017cycia Bogu.<\/p>\n\n\n\n<p>Wst\u0105pi\u0142a do klasztoru w 1973 roku i to w\u0142a\u015bnie tam&nbsp;<strong>12 czerwca tego samego roku<\/strong>&nbsp;rozpocz\u0119\u0142y si\u0119 nadprzyrodzone zjawiska.<\/p>\n\n\n\n<hr class=\"wp-block-separator has-alpha-channel-opacity\"\/>\n\n\n\n<h2 class=\"wp-block-heading\"><strong>2. Objawienia i przes\u0142ania Maryi<\/strong><\/h2>\n\n\n\n<h3 class=\"wp-block-heading\"><strong>Pierwsze objawienie: Anio\u0142 i niebia\u0144skie \u015bwiat\u0142o<\/strong><\/h3>\n\n\n\n<p>Przed przyj\u015bciem Maryi, siostra Agnes spotka\u0142a&nbsp;<strong>anio\u0142a<\/strong>&nbsp;(p\u00f3\u017aniej zidentyfikowanego jako jej anio\u0142 str\u00f3\u017c), kt\u00f3ry przygotowa\u0142 j\u0105 na to, co mia\u0142o nadej\u015b\u0107. 12 czerwca 1973 roku, podczas modlitwy, jasne \u015bwiat\u0142o wype\u0142ni\u0142o kaplic\u0119 i niebia\u0144ski g\u0142os do niej przem\u00f3wi\u0142.<\/p>\n\n\n\n<h3 class=\"wp-block-heading\"><strong>Figura, kt\u00f3ra o\u017cywa<\/strong><\/h3>\n\n\n\n<p>6 lipca 1973 roku drewniana figura Matki Bo\u017cej w klasztornej kaplicy&nbsp;<strong>zacz\u0119\u0142a krwawi\u0107 z rany na prawej d\u0142oni<\/strong>. Zjawisko to powtarza\u0142o si\u0119 wielokrotnie i by\u0142o \u015bwiadkiem przez inne zakonnice oraz biskupa Ito.<\/p>\n\n\n\n<p>Najbardziej wstrz\u0105saj\u0105cy moment nast\u0105pi\u0142, gdy sama figura&nbsp;<strong>zacz\u0119\u0142a roni\u0107 ludzkie \u0142zy<\/strong>&nbsp;&#8211; cud, kt\u00f3ry powt\u00f3rzy\u0142 si\u0119&nbsp;<strong>101 razy<\/strong>&nbsp;mi\u0119dzy 1975 a 1981 rokiem.<\/p>\n\n\n\n<h3 class=\"wp-block-heading\"><strong>Trzy g\u0142\u00f3wne przes\u0142ania Maryi<\/strong><\/h3>\n\n\n\n<p>Maryja przekaza\u0142a siostrze Agnes trzy g\u0142\u00f3wne przes\u0142ania, wszystkie skupione na:<\/p>\n\n\n\n<ol start=\"1\" class=\"wp-block-list\">\n<li><strong>Pilnej potrzebie modlitwy i pokuty<\/strong>, by uchroni\u0107 ludzko\u015b\u0107 przed wielk\u0105 kar\u0105<\/li>\n\n\n\n<li><strong>Kryzysie w Ko\u015bciele<\/strong>, z kap\u0142anami i zakonnikami porzucaj\u0105cymi powo\u0142anie<\/li>\n\n\n\n<li><strong>Ostrze\u017ceniu przed straszn\u0105 kar\u0105 dla \u015bwiata, je\u015bli ludzko\u015b\u0107 si\u0119 nie nawr\u00f3ci<\/strong><\/li>\n<\/ol>\n\n\n\n<p>Jeden z najbardziej poruszaj\u0105cych fragment\u00f3w brzmi:<\/p>\n\n\n\n<blockquote class=\"wp-block-quote is-layout-flow wp-block-quote-is-layout-flow\">\n<p><em>&#8222;Je\u015bli ludzie si\u0119 nie nawr\u00f3c\u0105 i nie poprawi\u0105, Ojciec ze\u015ble straszliw\u0105 kar\u0119 na ca\u0142\u0105 ludzko\u015b\u0107. B\u0119dzie to kara wi\u0119ksza ni\u017c Potop, jakiej nigdy nie widziano.&#8221;<\/em><\/p>\n<\/blockquote>\n\n\n\n<p>Te s\u0142owa mocno przypominaj\u0105&nbsp;<strong>Trzeci\u0105 Tajemnic\u0119 Fatimsk\u0105<\/strong>, kt\u00f3ra m\u00f3wi o wielkim odst\u0119pstwie i cierpieniu Ko\u015bcio\u0142a.<\/p>\n\n\n\n<hr class=\"wp-block-separator has-alpha-channel-opacity\"\/>\n\n\n\n<h2 class=\"wp-block-heading\"><strong>3. Cuda z Akita: P\u0142acz\u0105ca figura i uzdrowienia<\/strong><\/h2>\n\n\n\n<h3 class=\"wp-block-heading\"><strong>\u0141zy figury: Znak dla \u015bwiata<\/strong><\/h3>\n\n\n\n<p>Jednym z najbardziej niezwyk\u0142ych zjawisk by\u0142a drewniana figura Maryi, kt\u00f3ra&nbsp;<strong>wielokrotnie roni\u0142a ludzkie \u0142zy<\/strong>. Naukowcy zbadali \u0142zy i potwierdzili ich&nbsp;<strong>ludzkie pochodzenie<\/strong>.<\/p>\n\n\n\n<p>Cudu tego \u015bwiadkami by\u0142y setki os\u00f3b, w tym pocz\u0105tkowo sceptyczny biskup Ito, kt\u00f3ry ostatecznie uzna\u0142 jego autentyczno\u015b\u0107.<\/p>\n\n\n\n<h3 class=\"wp-block-heading\"><strong>Uzdrowienie siostry Agnes<\/strong><\/h3>\n\n\n\n<p>Siostra Agnes, ca\u0142kowicie g\u0142ucha,&nbsp;<strong>cudownie odzyska\u0142a s\u0142uch<\/strong>&nbsp;30 maja 1982 roku, po zako\u0144czeniu objawie\u0144. To wydarzenie uznano za boskie potwierdzenie prawdziwo\u015bci przes\u0142a\u0144.<\/p>\n\n\n\n<hr class=\"wp-block-separator has-alpha-channel-opacity\"\/>\n\n\n\n<h2 class=\"wp-block-heading\"><strong>4. Znaczenie teologiczne: Dlaczego Akita jest tak wa\u017cna dzi\u015b?<\/strong><\/h2>\n\n\n\n<h3 class=\"wp-block-heading\"><strong>Wezwanie do nawr\u00f3cenia w czasach kryzysu<\/strong><\/h3>\n\n\n\n<p>Przes\u0142anie z Akita nie jest nowe: przypomina&nbsp;<strong>Fatim\u0119, La Salette i Lourdes<\/strong>, gdzie Maryja ostrzega\u0142a przed niebezpiecze\u0144stwami grzechu i potrzeb\u0105 powrotu do Boga. Ale w Akita ton jest jeszcze bardziej nagl\u0105cy, odzwierciedlaj\u0105c powag\u0119 naszych czas\u00f3w.<\/p>\n\n\n\n<h3 class=\"wp-block-heading\"><strong>Zwi\u0105zek z kryzysem w Ko\u015bciele<\/strong><\/h3>\n\n\n\n<p>Maryja wspomina w swoich przes\u0142aniach:<\/p>\n\n\n\n<blockquote class=\"wp-block-quote is-layout-flow wp-block-quote-is-layout-flow\">\n<p><em>&#8222;Diabe\u0142 przeniknie nawet do Ko\u015bcio\u0142a, tak \u017ce zobaczy si\u0119 kardyna\u0142\u00f3w przeciw kardyna\u0142om, biskup\u00f3w przeciw biskupom.&#8221;<\/em><\/p>\n<\/blockquote>\n\n\n\n<p>Te s\u0142owa zdaj\u0105 si\u0119 przepowiada\u0107&nbsp;<strong>doktrynalny zam\u0119t i podzia\u0142y<\/strong>, kt\u00f3re dzi\u015b dotykaj\u0105 Ko\u015bci\u00f3\u0142.<\/p>\n\n\n\n<h3 class=\"wp-block-heading\"><strong>R\u00f3\u017caniec i Eucharystia: Duchowa bro\u0144<\/strong><\/h3>\n\n\n\n<p>Jak we wszystkich swoich objawieniach, Maryja w Akita nalega na:<\/p>\n\n\n\n<ul class=\"wp-block-list\">\n<li><strong>Codzienn\u0105 modlitw\u0119 r\u00f3\u017ca\u0144cow\u0105<\/strong><\/li>\n\n\n\n<li><strong>Adoracj\u0119 i obron\u0119 Eucharystii<\/strong><\/li>\n\n\n\n<li><strong>Pokut\u0119 za grzesznik\u00f3w<\/strong><\/li>\n<\/ul>\n\n\n\n<hr class=\"wp-block-separator has-alpha-channel-opacity\"\/>\n\n\n\n<h2 class=\"wp-block-heading\"><strong>5. Jak \u017cy\u0107 przes\u0142aniem z Akita dzi\u015b?<\/strong><\/h2>\n\n\n\n<ol start=\"1\" class=\"wp-block-list\">\n<li><strong>Potraktowa\u0107 powa\u017cnie wezwanie do nawr\u00f3cenia<\/strong>: \u017by\u0107 w \u0142asce, cz\u0119sto przyst\u0119powa\u0107 do spowiedzi i unika\u0107 grzechu<\/li>\n\n\n\n<li><strong>Odmawia\u0107 r\u00f3\u017caniec codziennie<\/strong>: Maryja obieca\u0142a w Akita, \u017ce ta modlitwa mo\u017ce powstrzyma\u0107 wojny i katastrofy<\/li>\n\n\n\n<li><strong>Adorowa\u0107 Jezusa w Eucharystii<\/strong>: Akita przypomina nam, \u017ce B\u00f3g jest rzeczywi\u015bcie obecny w konsekrowanej Hostii<\/li>\n\n\n\n<li><strong>Czyni\u0107 pokut\u0119<\/strong>: Sk\u0142ada\u0107 ofiary za zbawienie dusz<\/li>\n<\/ol>\n\n\n\n<hr class=\"wp-block-separator has-alpha-channel-opacity\"\/>\n\n\n\n<h2 class=\"wp-block-heading\"><strong>Zako\u0144czenie: Ostateczne wezwanie mi\u0142o\u015bci<\/strong><\/h2>\n\n\n\n<p>Matka Bo\u017ca z Akita nie przychodzi, by nas straszy\u0107, ale&nbsp;<strong>by nas kocha\u0107 i ratowa\u0107<\/strong>. Jej \u0142zy s\u0105 znakiem b\u00f3lu z powodu ludzko\u015bci odchodz\u0105cej od Boga, ale tak\u017ce jej mi\u0142osierdzia.<\/p>\n\n\n\n<p>W \u015bwiecie, gdzie wielu wypiera si\u0119 Boga, Ko\u015bci\u00f3\u0142 do\u015bwiadcza podzia\u0142\u00f3w, a z\u0142o zdaje si\u0119 post\u0119powa\u0107,&nbsp;<strong>Akita jest \u015bwiat\u0142em nadziei<\/strong>. Maryja m\u00f3wi nam:&nbsp;<em>&#8222;Nie l\u0119kaj si\u0119. Jestem tu, by ci pom\u00f3c.&#8221;<\/em><\/p>\n\n\n\n<p>Czy odpowiemy na jej wezwanie? Czas nawr\u00f3cenia jest&nbsp;<strong>teraz<\/strong>.<\/p>\n\n\n\n<p><strong>Maryjo, Matko Eucharystii, m\u00f3dl si\u0119 za nami!<\/strong><\/p>\n\n\n\n<hr class=\"wp-block-separator has-alpha-channel-opacity\"\/>\n\n\n\n<p>Podoba\u0142 Ci si\u0119 ten artyku\u0142?&nbsp;<strong>Udost\u0119pnij go<\/strong>&nbsp;i rozno\u015b przes\u0142anie Matki Bo\u017cej z Akita.&nbsp;<strong>Odm\u00f3w r\u00f3\u017caniec dzi\u015b<\/strong>&nbsp;i b\u0105d\u017a cz\u0119\u015bci\u0105 duchowego odnowienia, kt\u00f3rego \u015bwiat potrzebuje.<\/p>\n\n\n\n<p>\ud83d\udcff&nbsp;<strong>#Akita #MatkaBo\u017ca #Nawr\u00f3cenie #R\u00f3\u017caniec #WiaraKatolicka<\/strong><\/p>\n","protected":false},"excerpt":{"rendered":"<p>Wprowadzenie: Pilne przes\u0142anie na nasze czasy W \u015bwiecie, kt\u00f3ry coraz bardziej oddala si\u0119 od Boga, pogr\u0105\u017conym w moralnym i duchowym zam\u0119cie, Naj\u015bwi\u0119tsza Maryja Panna wielokrotnie ukazywa\u0142a si\u0119, by przypomnie\u0107 nam drog\u0119 do zbawienia. W\u015br\u00f3d wszystkich uznanych przez Ko\u015bci\u00f3\u0142 objawie\u0144, jedno wyr\u00f3\u017cnia si\u0119 nie tylko g\u0142\u0119bi\u0105 przes\u0142ania, ale tak\u017ce niezwyk\u0142ym czasem trwania:&nbsp;Matka Bo\u017ca z Akita w &hellip;<\/p>\n","protected":false},"author":3,"featured_media":2937,"comment_status":"open","ping_status":"open","sticky":false,"template":"","format":"standard","meta":{"_seopress_robots_primary_cat":"","_seopress_titles_title":"","_seopress_titles_desc":"","_seopress_robots_index":"","footnotes":""},"categories":[40,60],"tags":[780],"class_list":["post-2936","post","type-post","status-publish","format-standard","has-post-thumbnail","","category-modlitwa-i-duchowosc","category-nabozenstwa-maryjne","tag-matka-boza-z-akita"],"_links":{"self":[{"href":"https:\/\/catholicus.eu\/pl\/wp-json\/wp\/v2\/posts\/2936","targetHints":{"allow":["GET"]}}],"collection":[{"href":"https:\/\/catholicus.eu\/pl\/wp-json\/wp\/v2\/posts"}],"about":[{"href":"https:\/\/catholicus.eu\/pl\/wp-json\/wp\/v2\/types\/post"}],"author":[{"embeddable":true,"href":"https:\/\/catholicus.eu\/pl\/wp-json\/wp\/v2\/users\/3"}],"replies":[{"embeddable":true,"href":"https:\/\/catholicus.eu\/pl\/wp-json\/wp\/v2\/comments?post=2936"}],"version-history":[{"count":1,"href":"https:\/\/catholicus.eu\/pl\/wp-json\/wp\/v2\/posts\/2936\/revisions"}],"predecessor-version":[{"id":2938,"href":"https:\/\/catholicus.eu\/pl\/wp-json\/wp\/v2\/posts\/2936\/revisions\/2938"}],"wp:featuredmedia":[{"embeddable":true,"href":"https:\/\/catholicus.eu\/pl\/wp-json\/wp\/v2\/media\/2937"}],"wp:attachment":[{"href":"https:\/\/catholicus.eu\/pl\/wp-json\/wp\/v2\/media?parent=2936"}],"wp:term":[{"taxonomy":"category","embeddable":true,"href":"https:\/\/catholicus.eu\/pl\/wp-json\/wp\/v2\/categories?post=2936"},{"taxonomy":"post_tag","embeddable":true,"href":"https:\/\/catholicus.eu\/pl\/wp-json\/wp\/v2\/tags?post=2936"}],"curies":[{"name":"wp","href":"https:\/\/api.w.org\/{rel}","templated":true}]}}