{"id":2897,"date":"2025-03-25T21:40:30","date_gmt":"2025-03-25T20:40:30","guid":{"rendered":"https:\/\/catholicus.eu\/pl\/?p=2897"},"modified":"2025-03-25T21:40:30","modified_gmt":"2025-03-25T20:40:30","slug":"dziesiec-przykazan-w-biblii-prawda-ktora-protestanci-zmienili-a-kosciol-zachowal","status":"publish","type":"post","link":"https:\/\/catholicus.eu\/pl\/dziesiec-przykazan-w-biblii-prawda-ktora-protestanci-zmienili-a-kosciol-zachowal\/","title":{"rendered":"Dziesi\u0119\u0107 Przykaza\u0144 w Biblii: Prawda, kt\u00f3r\u0105 protestanci zmienili, a Ko\u015bci\u00f3\u0142 zachowa\u0142"},"content":{"rendered":"\n<p>Dziesi\u0119\u0107 Przykaza\u0144 to prawo moralne, kt\u00f3re B\u00f3g da\u0142 swojemu ludowi. S\u0105 one kompasem prowadz\u0105cym nas drog\u0105 zbawienia \u2013 niezmienn\u0105 norm\u0105, kt\u00f3ra trwa przez wieki. Ale gdzie dok\u0142adnie znajduj\u0105 si\u0119 one w Biblii? Dlaczego istniej\u0105 r\u00f3\u017cne sposoby ich numeracji? I kt\u00f3ra z nich jest poprawna wed\u0142ug Ko\u015bcio\u0142a katolickiego?<\/p>\n\n\n\n<p>W tym artykule odpowiemy na te pytania w spos\u00f3b dog\u0142\u0119bny, ale jednocze\u015bnie przyst\u0119pny. Rozwiejemy nieporozumienia i podkre\u015blimy znaczenie Przykaza\u0144 w dzisiejszym \u017cyciu chrze\u015bcija\u0144skim.<\/p>\n\n\n\n<hr class=\"wp-block-separator has-alpha-channel-opacity\"\/>\n\n\n\n<h2 class=\"wp-block-heading\"><strong>Gdzie w Biblii znajduj\u0105 si\u0119 Dziesi\u0119\u0107 Przykaza\u0144?<\/strong><\/h2>\n\n\n\n<p>Przykazania zosta\u0142y przekazane przez Boga Moj\u017ceszowi na g\u00f3rze Synaj i zapisane w dw\u00f3ch kluczowych fragmentach Starego Testamentu:<\/p>\n\n\n\n<ol class=\"wp-block-list\">\n<li><strong>Ksi\u0119ga Wyj\u015bcia 20,1-17<\/strong><\/li>\n\n\n\n<li><strong>Ksi\u0119ga Powt\u00f3rzonego Prawa 5,4-21<\/strong><\/li>\n<\/ol>\n\n\n\n<p>Oba teksty zawieraj\u0105 to samo prawo Bo\u017ce, cho\u0107 wyst\u0119puj\u0105 pewne r\u00f3\u017cnice w sformu\u0142owaniach. W Ksi\u0119dze Powt\u00f3rzonego Prawa Moj\u017cesz ponownie przekazuje Przykazania nowemu pokoleniu Izraelit\u00f3w przed ich wej\u015bciem do Ziemi Obiecanej.<\/p>\n\n\n\n<p><strong>Przyk\u0142ad z Ksi\u0119gi Wyj\u015bcia:<\/strong><\/p>\n\n\n\n<blockquote class=\"wp-block-quote is-layout-flow wp-block-quote-is-layout-flow\">\n<p>\u201eJa jestem Pan, tw\u00f3j B\u00f3g, kt\u00f3ry ci\u0119 wyprowadzi\u0142 z ziemi egipskiej, z domu niewoli. Nie b\u0119dziesz mia\u0142 cudzych bog\u00f3w obok Mnie.\u201d (Wj 20,2-3)<\/p>\n<\/blockquote>\n\n\n\n<p>Warto zauwa\u017cy\u0107, \u017ce Biblia nie numeruje przykaza\u0144 wprost, co w historii doprowadzi\u0142o do r\u00f3\u017cnych sposob\u00f3w ich uporz\u0105dkowania.<\/p>\n\n\n\n<hr class=\"wp-block-separator has-alpha-channel-opacity\"\/>\n\n\n\n<h2 class=\"wp-block-heading\"><strong>Pochodzenie i historia numeracji<\/strong><\/h2>\n\n\n\n<p>Od pierwszych wiek\u00f3w Ko\u015bci\u00f3\u0142 uznawa\u0142 Dziesi\u0119\u0107 Przykaza\u0144 za podstaw\u0119 prawa moralnego. Jednak z czasem pojawi\u0142y si\u0119 r\u00f3\u017cne tradycje dotycz\u0105ce ich numeracji.<\/p>\n\n\n\n<h3 class=\"wp-block-heading\"><strong>1. Numeracja Ko\u015bcio\u0142a katolickiego<\/strong><\/h3>\n\n\n\n<p>Ko\u015bci\u00f3\u0142 katolicki stosuje numeracj\u0119 ustalon\u0105 przez <strong>\u015bw. Augustyna z Hippony (V wiek)<\/strong>, kt\u00f3ra opiera si\u0119 na tradycji \u017cydowskiej. Taki podzia\u0142 zosta\u0142 przyj\u0119ty w <strong>Katechizmie Ko\u015bcio\u0142a Katolickiego<\/strong> i obowi\u0105zuje od wiek\u00f3w.<\/p>\n\n\n\n<p>Wed\u0142ug Ko\u015bcio\u0142a katolickiego Dziesi\u0119\u0107 Przykaza\u0144 wygl\u0105da nast\u0119puj\u0105co:<\/p>\n\n\n\n<ol class=\"wp-block-list\">\n<li>Nie b\u0119dziesz mia\u0142 bog\u00f3w cudzych przede Mn\u0105.<\/li>\n\n\n\n<li>Nie b\u0119dziesz bra\u0142 imienia Pana Boga twego nadaremno.<\/li>\n\n\n\n<li>Pami\u0119taj, aby dzie\u0144 \u015bwi\u0119ty \u015bwi\u0119ci\u0107.<\/li>\n\n\n\n<li>Czcij ojca swego i matk\u0119 swoj\u0105.<\/li>\n\n\n\n<li>Nie zabijaj.<\/li>\n\n\n\n<li>Nie cudzo\u0142\u00f3\u017c.<\/li>\n\n\n\n<li>Nie kradnij.<\/li>\n\n\n\n<li>Nie m\u00f3w fa\u0142szywego \u015bwiadectwa przeciw bli\u017aniemu swemu.<\/li>\n\n\n\n<li>Nie po\u017c\u0105daj \u017cony bli\u017aniego swego.<\/li>\n\n\n\n<li>Ani \u017cadnej rzeczy, kt\u00f3ra jego jest.<\/li>\n<\/ol>\n\n\n\n<h3 class=\"wp-block-heading\"><strong>2. B\u0142\u0105d protestant\u00f3w w numeracji<\/strong><\/h3>\n\n\n\n<p>Gdy <strong>Marcin Luter<\/strong> zerwa\u0142 z Ko\u015bcio\u0142em w XVI wieku, zdecydowa\u0142 si\u0119 zmieni\u0107 numeracj\u0119 Przykaza\u0144. Jego wersja opiera si\u0119 na p\u00f3\u017aniejszej tradycji \u017cydowskiej i kalwinistycznej, dziel\u0105c pierwsze przykazanie na dwa i \u0142\u0105cz\u0105c dziewi\u0105te i dziesi\u0105te w jedno.<\/p>\n\n\n\n<p>W wersji protestanckiej przykazanie o ba\u0142wochwalstwie zostaje rozdzielone:<\/p>\n\n\n\n<ol class=\"wp-block-list\">\n<li>Nie b\u0119dziesz mia\u0142 innych bog\u00f3w.<\/li>\n\n\n\n<li>Nie b\u0119dziesz czyni\u0142 sobie rze\u017ab.<\/li>\n<\/ol>\n\n\n\n<p>Taka interpretacja jest b\u0142\u0119dna, poniewa\u017c zakaz ba\u0142wochwalstwa jest <strong>cz\u0119\u015bci\u0105 pierwszego przykazania<\/strong>. Ponadto po\u0142\u0105czenie dw\u00f3ch ostatnich przykaza\u0144 w jedno prowadzi do zatarcia r\u00f3\u017cnicy mi\u0119dzy <strong>nieczystymi pragnieniami wzgl\u0119dem bli\u017aniego<\/strong> a <strong>chciwo\u015bci\u0105 wobec d\u00f3br materialnych<\/strong>.<\/p>\n\n\n\n<hr class=\"wp-block-separator has-alpha-channel-opacity\"\/>\n\n\n\n<h2 class=\"wp-block-heading\"><strong>Dlaczego ta r\u00f3\u017cnica jest wa\u017cna?<\/strong><\/h2>\n\n\n\n<p>Zmiana numeracji dokonana przez protestant\u00f3w nie jest b\u0142ahostk\u0105. Oddzielaj\u0105c zakaz obraz\u00f3w od czci oddawanej Bogu, wiele wsp\u00f3lnot ewangelickich b\u0142\u0119dnie pojmuje kult religijny.<\/p>\n\n\n\n<p><strong>Ikonokla\u015bci<\/strong> (zwolennicy niszczenia obraz\u00f3w) odrzucaj\u0105 kult rze\u017ab, obraz\u00f3w i innych \u015bwi\u0119tych symboli, nie rozumiej\u0105c r\u00f3\u017cnicy mi\u0119dzy <strong>czci\u0105 (dulia)<\/strong> a <strong>uwielbieniem (latria)<\/strong>.<\/p>\n\n\n\n<p>Ko\u015bci\u00f3\u0142 katolicki zawsze broni\u0142 biblijnego nauczania, \u017ce obrazy \u015bwi\u0119tych nie s\u0105 ba\u0142wanami, ale \u015brodkami pomagaj\u0105cymi wznie\u015b\u0107 dusz\u0119 ku Bogu. Jak naucza <strong>Sob\u00f3r Nicejski II (787 r.)<\/strong>:<\/p>\n\n\n\n<blockquote class=\"wp-block-quote is-layout-flow wp-block-quote-is-layout-flow\">\n<p>\u201eCze\u015b\u0107 oddawana obrazowi odnosi si\u0119 do pierwowzoru.\u201d<\/p>\n<\/blockquote>\n\n\n\n<p>B\u0142\u0105d protestant\u00f3w jest przyk\u0142adem tego, jak b\u0142\u0119dna interpretacja Pisma \u015awi\u0119tego mo\u017ce prowadzi\u0107 do <strong>b\u0142\u0119d\u00f3w doktrynalnych<\/strong>.<\/p>\n\n\n\n<hr class=\"wp-block-separator has-alpha-channel-opacity\"\/>\n\n\n\n<h2 class=\"wp-block-heading\"><strong>Dzisiejsze znaczenie Dziesi\u0119ciu Przykaza\u0144<\/strong><\/h2>\n\n\n\n<p>Dziesi\u0119\u0107 Przykaza\u0144 nadal stanowi fundament moralno\u015bci chrze\u015bcija\u0144skiej. W \u015bwiecie, gdzie szerzy si\u0119 relatywizm moralny, te prawa przypominaj\u0105 nam, \u017ce istnieje obiektywna prawda ustanowiona przez Boga.<\/p>\n\n\n\n<h3 class=\"wp-block-heading\"><strong>Przyk\u0142ady ich aktualno\u015bci<\/strong><\/h3>\n\n\n\n<ul class=\"wp-block-list\">\n<li><strong>\u201eNie b\u0119dziesz bra\u0142 imienia Pana Boga twego nadaremno\u201d<\/strong> przypomina nam o szacunku dla Boga w czasach, gdy Jego Imi\u0119 jest lekcewa\u017cone, a nawet blu\u017anierczo u\u017cywane w mediach i Internecie.<\/li>\n\n\n\n<li><strong>\u201eCzcij ojca swego i matk\u0119 swoj\u0105\u201d<\/strong> sk\u0142ania nas do szanowania rodziny w spo\u0142ecze\u0144stwie, kt\u00f3re cz\u0119sto j\u0105 atakuje lub wypacza jej sens.<\/li>\n\n\n\n<li><strong>\u201eNie cudzo\u0142\u00f3\u017c\u201d<\/strong> jest pilnym wezwaniem w obliczu hiperseksualizacji wsp\u00f3\u0142czesnej kultury.<\/li>\n<\/ul>\n\n\n\n<p>Ka\u017cde przykazanie jest wezwaniem do \u017cycia w <strong>\u015bwi\u0119to\u015bci i jedno\u015bci z Bogiem<\/strong>.<\/p>\n\n\n\n<hr class=\"wp-block-separator has-alpha-channel-opacity\"\/>\n\n\n\n<h2 class=\"wp-block-heading\"><strong>Wniosek: Powr\u00f3t do Bo\u017cego prawa<\/strong><\/h2>\n\n\n\n<p>Dziesi\u0119\u0107 Przykaza\u0144 to nie tylko staro\u017cytne zasady, ale <strong>pewna droga do wiecznego szcz\u0119\u015bcia<\/strong>. Ko\u015bci\u00f3\u0142 katolicki uczy nas ich prawid\u0142owej interpretacji i numeracji, w przeciwie\u0144stwie do b\u0142\u0119d\u00f3w wprowadzonych przez protestantyzm.<\/p>\n\n\n\n<p>W \u015bwiecie, kt\u00f3ry zapomnia\u0142 o Bogu, <strong>przypomnienie sobie i przestrzeganie Jego przykaza\u0144<\/strong> jest aktem mi\u0142o\u015bci i wierno\u015bci. S\u0105 one kluczem do budowania <strong>sprawiedliwego spo\u0142ecze\u0144stwa<\/strong> i \u017cycia w \u0142asce.<\/p>\n\n\n\n<h3 class=\"wp-block-heading\"><strong>Ostatnia refleksja:<\/strong><\/h3>\n\n\n\n<blockquote class=\"wp-block-quote is-layout-flow wp-block-quote-is-layout-flow\">\n<p>\u201eJe\u015bli Mnie mi\u0142ujecie, b\u0119dziecie zachowywa\u0107 moje przykazania.\u201d (J 14,15)<\/p>\n<\/blockquote>\n\n\n\n<p>Dzi\u015b, bardziej ni\u017c kiedykolwiek, jeste\u015bmy wezwani do ponownego odkrycia pi\u0119kna i mocy Bo\u017cego prawa w naszym \u017cyciu. <strong>Czy jeste\u015bmy gotowi, by z mi\u0142o\u015bci\u0105 i odwag\u0105 wype\u0142nia\u0107 Jego wol\u0119?<\/strong><\/p>\n","protected":false},"excerpt":{"rendered":"<p>Dziesi\u0119\u0107 Przykaza\u0144 to prawo moralne, kt\u00f3re B\u00f3g da\u0142 swojemu ludowi. S\u0105 one kompasem prowadz\u0105cym nas drog\u0105 zbawienia \u2013 niezmienn\u0105 norm\u0105, kt\u00f3ra trwa przez wieki. Ale gdzie dok\u0142adnie znajduj\u0105 si\u0119 one w Biblii? Dlaczego istniej\u0105 r\u00f3\u017cne sposoby ich numeracji? I kt\u00f3ra z nich jest poprawna wed\u0142ug Ko\u015bcio\u0142a katolickiego? W tym artykule odpowiemy na te pytania w &hellip;<\/p>\n","protected":false},"author":3,"featured_media":2898,"comment_status":"open","ping_status":"open","sticky":false,"template":"","format":"standard","meta":{"_seopress_robots_primary_cat":"","_seopress_titles_title":"","_seopress_titles_desc":"","_seopress_robots_index":"","footnotes":""},"categories":[37,47],"tags":[763],"class_list":["post-2897","post","type-post","status-publish","format-standard","has-post-thumbnail","","category-doktryna-i-wiara","category-przykazania","tag-dziesiec-przykazan"],"_links":{"self":[{"href":"https:\/\/catholicus.eu\/pl\/wp-json\/wp\/v2\/posts\/2897","targetHints":{"allow":["GET"]}}],"collection":[{"href":"https:\/\/catholicus.eu\/pl\/wp-json\/wp\/v2\/posts"}],"about":[{"href":"https:\/\/catholicus.eu\/pl\/wp-json\/wp\/v2\/types\/post"}],"author":[{"embeddable":true,"href":"https:\/\/catholicus.eu\/pl\/wp-json\/wp\/v2\/users\/3"}],"replies":[{"embeddable":true,"href":"https:\/\/catholicus.eu\/pl\/wp-json\/wp\/v2\/comments?post=2897"}],"version-history":[{"count":1,"href":"https:\/\/catholicus.eu\/pl\/wp-json\/wp\/v2\/posts\/2897\/revisions"}],"predecessor-version":[{"id":2899,"href":"https:\/\/catholicus.eu\/pl\/wp-json\/wp\/v2\/posts\/2897\/revisions\/2899"}],"wp:featuredmedia":[{"embeddable":true,"href":"https:\/\/catholicus.eu\/pl\/wp-json\/wp\/v2\/media\/2898"}],"wp:attachment":[{"href":"https:\/\/catholicus.eu\/pl\/wp-json\/wp\/v2\/media?parent=2897"}],"wp:term":[{"taxonomy":"category","embeddable":true,"href":"https:\/\/catholicus.eu\/pl\/wp-json\/wp\/v2\/categories?post=2897"},{"taxonomy":"post_tag","embeddable":true,"href":"https:\/\/catholicus.eu\/pl\/wp-json\/wp\/v2\/tags?post=2897"}],"curies":[{"name":"wp","href":"https:\/\/api.w.org\/{rel}","templated":true}]}}