{"id":2769,"date":"2025-03-18T22:55:51","date_gmt":"2025-03-18T21:55:51","guid":{"rendered":"https:\/\/catholicus.eu\/pl\/?p=2769"},"modified":"2025-03-18T22:55:52","modified_gmt":"2025-03-18T21:55:52","slug":"przykazanie-milosci-milujcie-sie-wzajemnie-jak-ja-was-umilowalem","status":"publish","type":"post","link":"https:\/\/catholicus.eu\/pl\/przykazanie-milosci-milujcie-sie-wzajemnie-jak-ja-was-umilowalem\/","title":{"rendered":"Przykazanie Mi\u0142o\u015bci: \u201eMi\u0142ujcie si\u0119 wzajemnie, jak Ja was umi\u0142owa\u0142em\u201d"},"content":{"rendered":"\n<p class=\"wp-block-paragraph\">Wielki Czwartek to dzie\u0144 g\u0142\u0119bokiej refleksji dla chrze\u015bcijan, poniewa\u017c upami\u0119tnia Ostatni\u0105 Wieczerz\u0119 Jezusa z Jego uczniami, obmycie n\u00f3g oraz moment, w kt\u00f3rym Chrystus ustanowi\u0142 Eucharysti\u0119. Jednak jednym z najbardziej poruszaj\u0105cych i przemieniaj\u0105cych aspekt\u00f3w tego dnia jest nowe przykazanie, kt\u00f3re Jezus da\u0142 swoim aposto\u0142om:&nbsp;<strong>\u201eMi\u0142ujcie si\u0119 wzajemnie, jak Ja was umi\u0142owa\u0142em\u201d<\/strong>&nbsp;(J 13,34). To przykazanie nie tylko podsumowuje istot\u0119 przes\u0142ania Jezusa, ale tak\u017ce stawia przed nami wyzwanie, aby \u017cy\u0107 \u017cyciem ofiarnej mi\u0142o\u015bci, pokory i s\u0142u\u017cby. W tym artykule przyjrzymy si\u0119 znaczeniu tego przykazania, jego znaczeniu w naszym codziennym \u017cyciu oraz temu, jak mo\u017cemy je zastosowa\u0107 w \u015bwiecie, kt\u00f3ry tak bardzo potrzebuje autentycznej mi\u0142o\u015bci.<\/p>\n\n\n\n<hr class=\"wp-block-separator has-alpha-channel-opacity\"\/>\n\n\n\n<h4 class=\"wp-block-heading\"><strong>Kontekst przykazania: Ostatnia Wieczerza<\/strong><\/h4>\n\n\n\n<p class=\"wp-block-paragraph\">Przykazanie mi\u0142o\u015bci zosta\u0142o dane przez Jezusa podczas Ostatniej Wieczerzy, intymnego i g\u0142\u0119boko znacz\u0105cego momentu. Jezus wiedzia\u0142, \u017ce Jego godzina jest bliska i \u017ce wkr\u00f3tce zostanie zdradzony, aresztowany i ukrzy\u017cowany. W tym kontek\u015bcie postanowi\u0142 podzieli\u0107 si\u0119 z uczniami przes\u0142aniem, kt\u00f3re stanowi\u0142o sedno Jego nauczania: mi\u0142o\u015bci\u0105. Nie by\u0142a to mi\u0142o\u015b\u0107 powierzchowna czy warunkowa, ale mi\u0142o\u015b\u0107, kt\u00f3ra odzwierciedla\u0142a Jego w\u0142asn\u0105 \u2013 mi\u0142o\u015b\u0107, kt\u00f3ra oddaje si\u0119 a\u017c do ko\u0144ca.<\/p>\n\n\n\n<p class=\"wp-block-paragraph\">Jezus nie tylko m\u00f3wi\u0142 o mi\u0142o\u015bci; okazywa\u0142 j\u0105 poprzez czyny. Przed daniem tego przykazania umy\u0142 nogi swoim uczniom, akt pokory i s\u0142u\u017cby, kt\u00f3ry zburzy\u0142 wszelkie oczekiwania tamtych czas\u00f3w. Poprzez ten gest Jezus pokaza\u0142, \u017ce prawdziwa mi\u0142o\u015b\u0107 nie polega na w\u0142adzy czy wielko\u015bci, ale na s\u0142u\u017ceniu innym z hojnym sercem.<\/p>\n\n\n\n<hr class=\"wp-block-separator has-alpha-channel-opacity\"\/>\n\n\n\n<h4 class=\"wp-block-heading\"><strong>Mi\u0142o\u015b\u0107 Jezusa: Wz\u00f3r do na\u015bladowania<\/strong><\/h4>\n\n\n\n<p class=\"wp-block-paragraph\">Kiedy Jezus m\u00f3wi: \u201ejak Ja was umi\u0142owa\u0142em\u201d, zaprasza nas, aby\u015bmy spojrzeli na Jego \u017cycie jako na doskona\u0142y przyk\u0142ad mi\u0142o\u015bci. Mi\u0142o\u015b\u0107 Jezusa by\u0142a:<\/p>\n\n\n\n<ol start=\"1\" class=\"wp-block-list\">\n<li><strong>Bezwarunkowa<\/strong>: Jezus kocha\u0142 wszystkich, nawet tych, kt\u00f3rzy Go zdradzili, zaparli si\u0119 Go lub ukrzy\u017cowali. Jego mi\u0142o\u015b\u0107 nie zale\u017ca\u0142a od czyn\u00f3w innych, ale od Jego boskiej natury.<\/li>\n\n\n\n<li><strong>Ofiarna<\/strong>: Jezus odda\u0142 swoje \u017cycie za nas. Jego mi\u0142o\u015b\u0107 nie by\u0142a tylko s\u0142owami, ale konkretnymi czynami, kt\u00f3re osi\u0105gn\u0119\u0142y sw\u00f3j szczyt w najwy\u017cszej ofierze na krzy\u017cu.<\/li>\n\n\n\n<li><strong>Pokorna<\/strong>: Jezus, b\u0119d\u0105c Bogiem, sta\u0142 si\u0119 s\u0142ug\u0105. Umy\u0142 nogi swoim uczniom, pokazuj\u0105c, \u017ce prawdziwa mi\u0142o\u015b\u0107 nie szuka, by jej s\u0142u\u017cono, ale by s\u0142u\u017cy\u0107.<\/li>\n\n\n\n<li><strong>Przebaczaj\u0105ca<\/strong>: Z krzy\u017ca Jezus przebaczy\u0142 swoim oprawcom. Jego mi\u0142o\u015b\u0107 nie trzyma si\u0119 urazy, ale szuka pojednania i uzdrowienia.<\/li>\n<\/ol>\n\n\n\n<p class=\"wp-block-paragraph\">To w\u0142a\u015bnie tak\u0105 mi\u0142o\u015b\u0107 jeste\u015bmy wezwani na\u015bladowa\u0107. Nie jest to mi\u0142o\u015b\u0107 \u0142atwa czy wygodna, ale mi\u0142o\u015b\u0107, kt\u00f3ra wymaga oddania, po\u015bwi\u0119cenia i pokory.<\/p>\n\n\n\n<hr class=\"wp-block-separator has-alpha-channel-opacity\"\/>\n\n\n\n<h4 class=\"wp-block-heading\"><strong>Nowe przykazanie: Dlaczego jest \u201enowe\u201d?<\/strong><\/h4>\n\n\n\n<p class=\"wp-block-paragraph\">Jezus nazywa to przykazanie \u201enowym\u201d, ale dlaczego? Stary Testament ju\u017c m\u00f3wi\u0142 o mi\u0142owaniu bli\u017aniego (Kp\u0142 19,18). Nowo\u015b\u0107 polega na miarze i wzorcu tej mi\u0142o\u015bci:&nbsp;<strong>\u201ejak Ja was umi\u0142owa\u0142em\u201d<\/strong>. Mi\u0142o\u015b\u0107 chrze\u015bcija\u0144ska nie ogranicza si\u0119 do mi\u0142owania tych, kt\u00f3rzy nas kochaj\u0105 lub z kt\u00f3rymi czujemy si\u0119 komfortowo. Jest to mi\u0142o\u015b\u0107, kt\u00f3ra przekracza ludzkie bariery i rozci\u0105ga si\u0119 nawet na nieprzyjaci\u00f3\u0142 (Mt 5,44).<\/p>\n\n\n\n<p class=\"wp-block-paragraph\">Ta mi\u0142o\u015b\u0107 jest nowa, poniewa\u017c opiera si\u0119 na \u0142asce i prawdzie Chrystusa. Nie jest to tylko uczucie, ale \u015bwiadoma decyzja, aby na\u015bladowa\u0107 Jezusa w naszym sposobie odniesienia do innych.<\/p>\n\n\n\n<hr class=\"wp-block-separator has-alpha-channel-opacity\"\/>\n\n\n\n<h4 class=\"wp-block-heading\"><strong>Mi\u0142o\u015b\u0107 jako znak rozpoznawczy uczni\u00f3w Chrystusa<\/strong><\/h4>\n\n\n\n<p class=\"wp-block-paragraph\">Jezus powiedzia\u0142:&nbsp;<strong>\u201ePo tym wszyscy poznaj\u0105, \u017ce\u015bcie uczniami moimi, je\u015bli b\u0119dziecie si\u0119 wzajemnie mi\u0142owali\u201d<\/strong>&nbsp;(J 13,35). Mi\u0142o\u015b\u0107 nie jest tylko zaleceniem; jest znakiem rozpoznawczym na\u015bladowc\u00f3w Chrystusa. W \u015bwiecie naznaczonym podzia\u0142ami, egoizmem i oboj\u0119tno\u015bci\u0105, chrze\u015bcija\u0144ska mi\u0142o\u015b\u0107 musi by\u0107 \u015bwiat\u0142em, kt\u00f3re \u015bwieci w ciemno\u015bci.<\/p>\n\n\n\n<p class=\"wp-block-paragraph\">Ta mi\u0142o\u015b\u0107 nie powinna by\u0107 prze\u017cywana tylko wewn\u0105trz wsp\u00f3lnoty chrze\u015bcija\u0144skiej, ale musi rozci\u0105ga\u0107 si\u0119 na wszystkich, zw\u0142aszcza na najbardziej potrzebuj\u0105cych: ubogich, marginalizowanych, chorych i cierpi\u0105cych. Jak przypomina nam \u015bw. Jan:&nbsp;<strong>\u201eJe\u015bliby kto\u015b m\u00f3wi\u0142: \u00abMi\u0142uj\u0119 Boga\u00bb, a brata swego nienawidzi\u0142, jest k\u0142amc\u0105\u201d<\/strong>&nbsp;(1 J 4,20).<\/p>\n\n\n\n<hr class=\"wp-block-separator has-alpha-channel-opacity\"\/>\n\n\n\n<h4 class=\"wp-block-heading\"><strong>Wyzwania w \u017cyciu przykazaniem mi\u0142o\u015bci<\/strong><\/h4>\n\n\n\n<p class=\"wp-block-paragraph\">\u017bycie tym przykazaniem nie jest \u0142atwe. W naszym codziennym \u017cyciu stajemy przed sytuacjami, kt\u00f3re wystawiaj\u0105 na pr\u00f3b\u0119 nasz\u0105 zdolno\u015b\u0107 do mi\u0142owania:<\/p>\n\n\n\n<ul class=\"wp-block-list\">\n<li><strong>Egoizm<\/strong>: Cz\u0119sto stawiamy w\u0142asne potrzeby ponad potrzeby innych.<\/li>\n\n\n\n<li><strong>Uraza<\/strong>: Trzymanie si\u0119 urazy uniemo\u017cliwia nam mi\u0142owanie tak, jak Chrystus nas umi\u0142owa\u0142.<\/li>\n\n\n\n<li><strong>Oboj\u0119tno\u015b\u0107<\/strong>: W szybkim \u015bwiecie \u0142atwo jest przeoczy\u0107 potrzeby tych wok\u00f3\u0142 nas.<\/li>\n\n\n\n<li><strong>Kultura odrzucenia<\/strong>: \u017byjemy w spo\u0142ecze\u0144stwie, kt\u00f3re ceni ludzi za to, co maj\u0105 lub produkuj\u0105, a nie za to, kim s\u0105.<\/li>\n<\/ul>\n\n\n\n<p class=\"wp-block-paragraph\">Aby przezwyci\u0119\u017cy\u0107 te wyzwania, potrzebujemy \u0142aski Bo\u017cej. Chrze\u015bcija\u0144ska mi\u0142o\u015b\u0107 nie jest czym\u015b, co mo\u017cemy osi\u0105gn\u0105\u0107 o w\u0142asnych si\u0142ach; jest darem, kt\u00f3ry otrzymujemy od Boga i o kt\u00f3ry musimy prosi\u0107 w modlitwie.<\/p>\n\n\n\n<hr class=\"wp-block-separator has-alpha-channel-opacity\"\/>\n\n\n\n<h4 class=\"wp-block-heading\"><strong>Jak \u017cy\u0107 przykazaniem mi\u0142o\u015bci w praktyce<\/strong><\/h4>\n\n\n\n<ol start=\"1\" class=\"wp-block-list\">\n<li><strong>S\u0142u\u017cy\u0107 innym<\/strong>: Id\u0105c za przyk\u0142adem Jezusa, mo\u017cemy szuka\u0107 okazji do s\u0142u\u017cenia innym, zw\u0142aszcza najbardziej potrzebuj\u0105cym. Mo\u017ce to by\u0107 poprzez wolontariat, dzia\u0142alno\u015b\u0107 charytatywn\u0105 lub po prostu bycie obecnym dla tych, kt\u00f3rzy nas potrzebuj\u0105.<\/li>\n\n\n\n<li><strong>Przebacza\u0107<\/strong>: Przebaczenie jest pot\u0119\u017cnym wyrazem chrze\u015bcija\u0144skiej mi\u0142o\u015bci. Przebaczenie nie oznacza zapomnienia czy usprawiedliwiania z\u0142a, ale uwolnienie si\u0119 od urazy i otwarcie drzwi do pojednania.<\/li>\n\n\n\n<li><strong>Mi\u0142owa\u0107 nieprzyjaci\u00f3\u0142<\/strong>: Jest to by\u0107 mo\u017ce najtrudniejszy aspekt przykazania Jezusa. Mi\u0142owanie tych, kt\u00f3rzy nas skrzywdzili, wymaga szczeg\u00f3lnej \u0142aski, ale jest mo\u017cliwe z pomoc\u0105 Boga.<\/li>\n\n\n\n<li><strong>\u017by\u0107 we wsp\u00f3lnocie<\/strong>: Chrze\u015bcija\u0144ska mi\u0142o\u015b\u0107 jest prze\u017cywana we wsp\u00f3lnocie. Aktywne uczestnictwo w \u017cyciu Ko\u015bcio\u0142a, wspieranie naszych braci i si\u00f3str w wierze oraz budowanie autentycznych relacji to konkretne sposoby \u017cycia tym przykazaniem.<\/li>\n\n\n\n<li><strong>Rozwa\u017ca\u0107 mi\u0142o\u015b\u0107 Chrystusa<\/strong>: Medytacja nad M\u0119k\u0105 Jezusa pomaga nam zrozumie\u0107 g\u0142\u0119bi\u0119 Jego mi\u0142o\u015bci i inspiruje nas do mi\u0142owania tak, jak On.<\/li>\n<\/ol>\n\n\n\n<hr class=\"wp-block-separator has-alpha-channel-opacity\"\/>\n\n\n\n<h4 class=\"wp-block-heading\"><strong>Wp\u0142yw chrze\u015bcija\u0144skiej mi\u0142o\u015bci na \u015bwiat<\/strong><\/h4>\n\n\n\n<p class=\"wp-block-paragraph\">Przykazanie mi\u0142o\u015bci nie jest tylko duchowym idea\u0142em; ma moc przemieniania \u015bwiata. Kiedy \u017cyjemy t\u0105 mi\u0142o\u015bci\u0105, stajemy si\u0119 narz\u0119dziami pokoju, sprawiedliwo\u015bci i pojednania. Chrze\u015bcija\u0144ska mi\u0142o\u015b\u0107 mo\u017ce leczy\u0107 rany, budowa\u0107 mosty i przynosi\u0107 nadziej\u0119 zranionemu \u015bwiatu.<\/p>\n\n\n\n<p class=\"wp-block-paragraph\">W \u015bwiecie naznaczonym przemoc\u0105, nier\u00f3wno\u015bci\u0105 i samotno\u015bci\u0105, mi\u0142o\u015b\u0107 Chrystusa jest bardziej potrzebna ni\u017c kiedykolwiek. Jak powiedzia\u0142a \u015bw. Matka Teresa:&nbsp;<strong>\u201eNie wszyscy mo\u017cemy czyni\u0107 wielkie rzeczy, ale mo\u017cemy czyni\u0107 ma\u0142e rzeczy z wielk\u0105 mi\u0142o\u015bci\u0105\u201d<\/strong>.<\/p>\n\n\n\n<hr class=\"wp-block-separator has-alpha-channel-opacity\"\/>\n\n\n\n<h4 class=\"wp-block-heading\"><strong>Zako\u0144czenie: Wezwanie do mi\u0142owania jak Chrystus<\/strong><\/h4>\n\n\n\n<p class=\"wp-block-paragraph\">Przykazanie Jezusa w Wielki Czwartek,&nbsp;<strong>\u201eMi\u0142ujcie si\u0119 wzajemnie, jak Ja was umi\u0142owa\u0142em\u201d<\/strong>, jest radykalnym wezwaniem do \u017cycia \u017cyciem autentycznej mi\u0142o\u015bci. Ta mi\u0142o\u015b\u0107 nie jest przelotnym uczuciem, ale codzienn\u0105 decyzj\u0105, aby na\u015bladowa\u0107 Chrystusa w naszym sposobie odniesienia do innych.<\/p>\n\n\n\n<p class=\"wp-block-paragraph\">W ten Wielki Czwartek pro\u015bmy Boga o \u0142ask\u0119 mi\u0142owania tak, jak On nas umi\u0142owa\u0142. Niech nasza mi\u0142o\u015b\u0107 b\u0119dzie odbiciem Jego mi\u0142osierdzia, \u015bwiadectwem Jego obecno\u015bci w \u015bwiecie i \u015bwiat\u0142em, kt\u00f3re prowadzi innych do Niego. Jak przypomina nam \u015bw. Pawe\u0142:&nbsp;<strong>\u201eTak wi\u0119c trwaj\u0105 wiara, nadzieja, mi\u0142o\u015b\u0107 \u2013 te trzy: z nich za\u015b najwi\u0119ksza jest mi\u0142o\u015b\u0107\u201d<\/strong>&nbsp;(1 Kor 13,13).<\/p>\n\n\n\n<p class=\"wp-block-paragraph\">Niech to przykazanie mi\u0142o\u015bci b\u0119dzie centrum naszego \u017cycia i si\u0142\u0105, kt\u00f3ra popycha nas do bycia prawdziwymi uczniami Chrystusa.<\/p>\n","protected":false},"excerpt":{"rendered":"<p>Wielki Czwartek to dzie\u0144 g\u0142\u0119bokiej refleksji dla chrze\u015bcijan, poniewa\u017c upami\u0119tnia Ostatni\u0105 Wieczerz\u0119 Jezusa z Jego uczniami, obmycie n\u00f3g oraz moment, w kt\u00f3rym Chrystus ustanowi\u0142 Eucharysti\u0119. Jednak jednym z najbardziej poruszaj\u0105cych i przemieniaj\u0105cych aspekt\u00f3w tego dnia jest nowe przykazanie, kt\u00f3re Jezus da\u0142 swoim aposto\u0142om:&nbsp;\u201eMi\u0142ujcie si\u0119 wzajemnie, jak Ja was umi\u0142owa\u0142em\u201d&nbsp;(J 13,34). To przykazanie nie tylko podsumowuje &hellip;<\/p>\n","protected":false},"author":3,"featured_media":2770,"comment_status":"open","ping_status":"open","sticky":false,"template":"","format":"standard","meta":{"_seopress_titles_title":"","_seopress_titles_desc":"","_seopress_robots_index":"","_seopress_robots_follow":"","_seopress_robots_imageindex":"","_seopress_robots_snippet":"","_seopress_robots_primary_cat":"","_seopress_robots_breadcrumbs":"","_seopress_robots_freeze_modified_date":"","_seopress_robots_custom_modified_date":"","_seopress_robots_canonical":"","_seopress_social_fb_title":"","_seopress_social_fb_desc":"","_seopress_social_fb_img":"","_seopress_social_fb_img_attachment_id":0,"_seopress_social_fb_img_width":0,"_seopress_social_fb_img_height":0,"_seopress_social_twitter_title":"","_seopress_social_twitter_desc":"","_seopress_social_twitter_img":"","_seopress_social_twitter_img_attachment_id":0,"_seopress_social_twitter_img_width":0,"_seopress_social_twitter_img_height":0,"_seopress_redirections_value":"","_seopress_redirections_enabled":"","_seopress_redirections_enabled_regex":"","_seopress_redirections_logged_status":"","_seopress_redirections_param":"","_seopress_redirections_type":0,"_seopress_analysis_target_kw":"","footnotes":""},"categories":[37,45],"tags":[693,692,691,554],"class_list":["post-2769","post","type-post","status-publish","format-standard","has-post-thumbnail","","category-doktryna-i-wiara","category-pismo-swiete","tag-jak-ja-was-umilowalem","tag-milujcie-sie-wzajemnie","tag-przykazanie-milosci","tag-wielki-czwartek"],"_links":{"self":[{"href":"https:\/\/catholicus.eu\/pl\/wp-json\/wp\/v2\/posts\/2769","targetHints":{"allow":["GET"]}}],"collection":[{"href":"https:\/\/catholicus.eu\/pl\/wp-json\/wp\/v2\/posts"}],"about":[{"href":"https:\/\/catholicus.eu\/pl\/wp-json\/wp\/v2\/types\/post"}],"author":[{"embeddable":true,"href":"https:\/\/catholicus.eu\/pl\/wp-json\/wp\/v2\/users\/3"}],"replies":[{"embeddable":true,"href":"https:\/\/catholicus.eu\/pl\/wp-json\/wp\/v2\/comments?post=2769"}],"version-history":[{"count":1,"href":"https:\/\/catholicus.eu\/pl\/wp-json\/wp\/v2\/posts\/2769\/revisions"}],"predecessor-version":[{"id":2771,"href":"https:\/\/catholicus.eu\/pl\/wp-json\/wp\/v2\/posts\/2769\/revisions\/2771"}],"wp:featuredmedia":[{"embeddable":true,"href":"https:\/\/catholicus.eu\/pl\/wp-json\/wp\/v2\/media\/2770"}],"wp:attachment":[{"href":"https:\/\/catholicus.eu\/pl\/wp-json\/wp\/v2\/media?parent=2769"}],"wp:term":[{"taxonomy":"category","embeddable":true,"href":"https:\/\/catholicus.eu\/pl\/wp-json\/wp\/v2\/categories?post=2769"},{"taxonomy":"post_tag","embeddable":true,"href":"https:\/\/catholicus.eu\/pl\/wp-json\/wp\/v2\/tags?post=2769"}],"curies":[{"name":"wp","href":"https:\/\/api.w.org\/{rel}","templated":true}]}}