{"id":2763,"date":"2025-03-18T22:18:38","date_gmt":"2025-03-18T21:18:38","guid":{"rendered":"https:\/\/catholicus.eu\/pl\/?p=2763"},"modified":"2025-03-18T22:18:38","modified_gmt":"2025-03-18T21:18:38","slug":"duchowa-moc-choralu-gregorianskiego-harmonia-nauki-i-wiary","status":"publish","type":"post","link":"https:\/\/catholicus.eu\/pl\/duchowa-moc-choralu-gregorianskiego-harmonia-nauki-i-wiary\/","title":{"rendered":"Duchowa Moc Chora\u0142u Gregoria\u0144skiego: Harmonia Nauki i Wiary"},"content":{"rendered":"\n<p>Przez wieki chora\u0142 gregoria\u0144ski by\u0142 uwa\u017cany za duchowy skarb Ko\u015bcio\u0142a. Jego surowe pi\u0119kno, uroczysty rytm i g\u0142\u0119bokie poczucie sacrum towarzyszy\u0142y liturgii katolickiej i \u017cyciu monastycznemu. Jednak poza jego religijnym znaczeniem, wsp\u00f3\u0142czesna nauka odkry\u0142a, \u017ce chora\u0142 gregoria\u0144ski ma mierzalny wp\u0142yw na ludzki umys\u0142 i dusz\u0119. W tym artykule przyjrzymy si\u0119, jak chora\u0142 gregoria\u0144ski nie tylko wznosi dusz\u0119 ku Bogu, ale tak\u017ce posiada naukowo udowodnione efekty psychologiczne, pomagaj\u0105c nam odnale\u017a\u0107 spok\u00f3j i koncentracj\u0119 w coraz bardziej chaotycznym i ha\u0142a\u015bliwym \u015bwiecie.<\/p>\n\n\n\n<h2 class=\"wp-block-heading\"><strong>1. Chora\u0142 Gregoria\u0144ski: J\u0119zyk Modlitwy<\/strong><\/h2>\n\n\n\n<p>Chora\u0142 gregoria\u0144ski to \u015bpiew liturgiczny Ko\u015bcio\u0142a \u0142aci\u0144skiego. Rozwin\u0105\u0142 si\u0119 w \u015bredniowieczu i nosi imi\u0119 papie\u017ca \u015bw. Grzegorza Wielkiego (590-604), kt\u00f3ry zorganizowa\u0142 i skodyfikowa\u0142 repertuar melodii u\u017cywanych podczas Mszy \u015awi\u0119tej i Liturgii Godzin. Pomimo swej staro\u017cytno\u015bci, wci\u0105\u017c pozostaje pot\u0119\u017cnym narz\u0119dziem modlitwy.<\/p>\n\n\n\n<p>W przeciwie\u0144stwie do wsp\u00f3\u0142czesnej muzyki, cz\u0119sto charakteryzuj\u0105cej si\u0119 wyra\u017anym rytmem i chwytliwymi melodiami, chora\u0142 gregoria\u0144ski jest jednog\u0142osowy (monodyczny) i pozbawiony akompaniamentu instrumentalnego. Dzi\u0119ki temu uwaga wiernych koncentruje si\u0119 na S\u0142owie Bo\u017cym i na wznoszeniu duszy ku Bogu. Jak powiedzia\u0142 \u015bw. Augustyn: <strong>\u201eKto \u015bpiewa, modli si\u0119 podw\u00f3jnie\u201d<\/strong>, a chora\u0142 gregoria\u0144ski jest jedn\u0105 z najczystszych form \u015bpiewanej modlitwy.<\/p>\n\n\n\n<h2 class=\"wp-block-heading\"><strong>2. Naukowo Udowodnione Efekty Chora\u0142u Gregoria\u0144skiego<\/strong><\/h2>\n\n\n\n<h3 class=\"wp-block-heading\"><strong>A. Redukcja Stresu i L\u0119ku<\/strong><\/h3>\n\n\n\n<p>Badania neurobiologiczne wykaza\u0142y, \u017ce chora\u0142 gregoria\u0144ski dzia\u0142a koj\u0105co na uk\u0142ad nerwowy. Jego powolny rytm i modalna tonacja wprowadzaj\u0105 s\u0142uchacza w stan g\u0142\u0119bokiego odpr\u0119\u017cenia, obni\u017caj\u0105c poziom kortyzolu \u2013 hormonu stresu.<\/p>\n\n\n\n<p>Badania przeprowadzone na Uniwersytecie Oksfordzkim wykaza\u0142y, \u017ce osoby s\u0142uchaj\u0105ce chora\u0142u gregoria\u0144skiego do\u015bwiadczaj\u0105 znacz\u0105cego spadku t\u0119tna i ci\u015bnienia krwi. Sugeruje to, \u017ce tego rodzaju muzyka mo\u017ce by\u0107 skutecznym narz\u0119dziem w walce ze stresem i l\u0119kiem w codziennym \u017cyciu.<\/p>\n\n\n\n<h3 class=\"wp-block-heading\"><strong>B. Poprawa Koncentracji i Kreatywno\u015bci<\/strong><\/h3>\n\n\n\n<p>Prostota chora\u0142u gregoria\u0144skiego i brak rozpraszaj\u0105cych element\u00f3w sprzyjaj\u0105 koncentracji. W \u015bwiecie pe\u0142nym bod\u017ac\u00f3w i informacji, chora\u0142 gregoria\u0144ski pomaga wyciszy\u0107 umys\u0142 i wej\u015b\u0107 w stan pe\u0142nej uwa\u017cno\u015bci.<\/p>\n\n\n\n<p>Niekt\u00f3re uczelnie i o\u015brodki badawcze zacz\u0119\u0142y wykorzystywa\u0107 chora\u0142 gregoria\u0144ski podczas nauki, odkrywaj\u0105c, \u017ce poprawia on zdolno\u015b\u0107 zapami\u0119tywania oraz rozwi\u0105zywania z\u0142o\u017conych problem\u00f3w. Dzieje si\u0119 tak dlatego, \u017ce wprowadza on m\u00f3zg w stan fal alfa, zwi\u0105zanych z relaksem i tw\u00f3rczym my\u015bleniem.<\/p>\n\n\n\n<h3 class=\"wp-block-heading\"><strong>C. Harmonia Cia\u0142a i Duszy<\/strong><\/h3>\n\n\n\n<p>Mnisi \u015bpiewaj\u0105 chora\u0142 gregoria\u0144ski od wiek\u00f3w, nie tylko podczas liturgii, ale tak\u017ce jako spos\u00f3b na osi\u0105gni\u0119cie wewn\u0119trznej r\u00f3wnowagi. Rytmiczna powtarzalno\u015b\u0107 melodii i brak gwa\u0142townych zmian dynamicznych tworz\u0105 atmosfer\u0119 sprzyjaj\u0105c\u0105 medytacji i introspekcji.<\/p>\n\n\n\n<p>Badania wykaza\u0142y, \u017ce chora\u0142 gregoria\u0144ski ma podobne dzia\u0142anie jak medytacja transcendentalna, wprowadzaj\u0105c cz\u0142owieka w stan g\u0142\u0119bokiego spokoju i jasno\u015bci umys\u0142u.<\/p>\n\n\n\n<h2 class=\"wp-block-heading\"><strong>3. Duchowy Wymiar Chora\u0142u Gregoria\u0144skiego<\/strong><\/h2>\n\n\n\n<p>Moc chora\u0142u gregoria\u0144skiego nie ogranicza si\u0119 jedynie do jego korzy\u015bci psychologicznych; jego g\u0142\u00f3wnym celem jest prowadzenie duszy do Boga.<\/p>\n\n\n\n<h3 class=\"wp-block-heading\"><strong>A. Echo Nieba na Ziemi<\/strong><\/h3>\n\n\n\n<p>W tradycji katolickiej \u015bpiew liturgiczny jest postrzegany jako ziemskie odbicie niebia\u0144skiej chwa\u0142y. W Ksi\u0119dze Apokalipsy (Ap 4,8) anio\u0142owie i \u015bwi\u0119ci s\u0105 opisani jako nieustannie \u015bpiewaj\u0105cy na chwa\u0142\u0119 Boga:<\/p>\n\n\n\n<blockquote class=\"wp-block-quote is-layout-flow wp-block-quote-is-layout-flow\">\n<p><em>\u201e\u015awi\u0119ty, \u015awi\u0119ty, \u015awi\u0119ty Pan, B\u00f3g Wszechmog\u0105cy, Kt\u00f3ry by\u0142, Kt\u00f3ry jest i Kt\u00f3ry przychodzi.\u201d<\/em><\/p>\n<\/blockquote>\n\n\n\n<p>Chora\u0142 gregoria\u0144ski, poprzez sw\u00f3j spokojny i kontemplacyjny charakter, jest udzia\u0142em w tym niebia\u0144skim uwielbieniu.<\/p>\n\n\n\n<h3 class=\"wp-block-heading\"><strong>B. \u015arodek do Kontemplacji<\/strong><\/h3>\n\n\n\n<p>Cisza i prostota chora\u0142u gregoria\u0144skiego tworz\u0105 idealne warunki do kontemplacji. W Regule \u015bw. Benedykta podkre\u015bla si\u0119 znaczenie \u015bpiewu w \u017cyciu monastycznym, poniewa\u017c pomaga on skoncentrowa\u0107 umys\u0142 na Bogu i Jego obecno\u015bci.<\/p>\n\n\n\n<p>Wielu wiernych, nawet poza murami klasztor\u00f3w, odnajduje w chora\u0142ach gregoria\u0144skich duchowe schronienie i moment wyciszenia w ha\u0142a\u015bliwym \u015bwiecie.<\/p>\n\n\n\n<h3 class=\"wp-block-heading\"><strong>C. Pi\u0119kno Prowadz\u0105ce do Boga<\/strong><\/h3>\n\n\n\n<p>\u015aw. Jan Pawe\u0142 II wielokrotnie podkre\u015bla\u0142, \u017ce pi\u0119kno jest drog\u0105 do Boga. Chora\u0142 gregoria\u0144ski, poprzez swoj\u0105 czysto\u015b\u0107 i uroczysty charakter, jest wyrazem \u015bwi\u0119tego pi\u0119kna. Jak powiedzia\u0142 papie\u017c Benedykt XVI:<\/p>\n\n\n\n<blockquote class=\"wp-block-quote is-layout-flow wp-block-quote-is-layout-flow\">\n<p><em>\u201eTam, gdzie ludzie pozwalaj\u0105, by pi\u0119kno dotkn\u0119\u0142o ich duszy, otwiera si\u0119 brama do Boga.\u201d<\/em><\/p>\n<\/blockquote>\n\n\n\n<p>W tym sensie chora\u0142 gregoria\u0144ski nie jest jedynie muzyk\u0105, ale narz\u0119dziem prowadz\u0105cym cz\u0142owieka do transcendencji i spotkania z Bogiem.<\/p>\n\n\n\n<h2 class=\"wp-block-heading\"><strong>4. Ponowne Odkrycie Chora\u0142u Gregoria\u0144skiego Dzi\u015b<\/strong><\/h2>\n\n\n\n<p>Mimo swojej staro\u017cytno\u015bci, chora\u0142 gregoria\u0144ski prze\u017cywa dzi\u015b prawdziwe odrodzenie w r\u00f3\u017cnych wsp\u00f3lnotach. M\u0142odzi katolicy, pragn\u0105cy g\u0142\u0119biej pozna\u0107 tradycj\u0119 Ko\u015bcio\u0142a, zaczynaj\u0105 na nowo odkrywa\u0107 jego warto\u015b\u0107 i w\u0142\u0105cza\u0107 go do swojej modlitwy.<\/p>\n\n\n\n<p>Niekt\u00f3re parafie ponownie wprowadzi\u0142y chora\u0142 gregoria\u0144ski do liturgii, zw\u0142aszcza w Mszy trydenckiej, gdzie jest on integraln\u0105 cz\u0119\u015bci\u0105 obrz\u0119du. Ponadto inicjatywy takie jak ch\u00f3ry mnich\u00f3w z Solesmes sprawi\u0142y, \u017ce ta muzyka sta\u0142a si\u0119 szerzej dost\u0119pna dzi\u0119ki nagraniom i koncertom.<\/p>\n\n\n\n<h2 class=\"wp-block-heading\"><strong>Zako\u0144czenie: \u0179r\u00f3d\u0142o Pokoju i \u0141aski<\/strong><\/h2>\n\n\n\n<p>W coraz bardziej chaotycznym i ha\u0142a\u015bliwym \u015bwiecie chora\u0142 gregoria\u0144ski jawi si\u0119 jako oaza pokoju i duchowo\u015bci. Nie tylko oferuje naukowo udowodnione korzy\u015bci dla umys\u0142u i cia\u0142a, ale jego prawdziwa warto\u015b\u0107 le\u017cy w zdolno\u015bci do podnoszenia duszy ku Bogu.<\/p>\n\n\n\n<p>Dla tych, kt\u00f3rzy pragn\u0105 pog\u0142\u0119bi\u0107 swoje \u017cycie modlitewne, w\u0142\u0105czenie chora\u0142u gregoria\u0144skiego do codziennej duchowo\u015bci mo\u017ce by\u0107 do\u015bwiadczeniem przemieniaj\u0105cym. Niezale\u017cnie od tego, czy jest s\u0142uchany w domu, w pracy czy w ko\u015bciele, ten staro\u017cytny \u015bpiew nadal ma t\u0119 sam\u0105 moc co zawsze \u2013 by\u0107 echem sacrum w sercu cz\u0142owieka.<\/p>\n","protected":false},"excerpt":{"rendered":"<p>Przez wieki chora\u0142 gregoria\u0144ski by\u0142 uwa\u017cany za duchowy skarb Ko\u015bcio\u0142a. Jego surowe pi\u0119kno, uroczysty rytm i g\u0142\u0119bokie poczucie sacrum towarzyszy\u0142y liturgii katolickiej i \u017cyciu monastycznemu. Jednak poza jego religijnym znaczeniem, wsp\u00f3\u0142czesna nauka odkry\u0142a, \u017ce chora\u0142 gregoria\u0144ski ma mierzalny wp\u0142yw na ludzki umys\u0142 i dusz\u0119. W tym artykule przyjrzymy si\u0119, jak chora\u0142 gregoria\u0144ski nie tylko wznosi &hellip;<\/p>\n","protected":false},"author":3,"featured_media":2764,"comment_status":"open","ping_status":"open","sticky":false,"template":"","format":"standard","meta":{"_seopress_robots_primary_cat":"","_seopress_titles_title":"","_seopress_titles_desc":"","_seopress_robots_index":"","footnotes":""},"categories":[64,41],"tags":[689],"class_list":["post-2763","post","type-post","status-publish","format-standard","has-post-thumbnail","","category-nauka-i-religia","category-wiara-i-kultura","tag-choralu-gregorianskiego"],"_links":{"self":[{"href":"https:\/\/catholicus.eu\/pl\/wp-json\/wp\/v2\/posts\/2763","targetHints":{"allow":["GET"]}}],"collection":[{"href":"https:\/\/catholicus.eu\/pl\/wp-json\/wp\/v2\/posts"}],"about":[{"href":"https:\/\/catholicus.eu\/pl\/wp-json\/wp\/v2\/types\/post"}],"author":[{"embeddable":true,"href":"https:\/\/catholicus.eu\/pl\/wp-json\/wp\/v2\/users\/3"}],"replies":[{"embeddable":true,"href":"https:\/\/catholicus.eu\/pl\/wp-json\/wp\/v2\/comments?post=2763"}],"version-history":[{"count":1,"href":"https:\/\/catholicus.eu\/pl\/wp-json\/wp\/v2\/posts\/2763\/revisions"}],"predecessor-version":[{"id":2765,"href":"https:\/\/catholicus.eu\/pl\/wp-json\/wp\/v2\/posts\/2763\/revisions\/2765"}],"wp:featuredmedia":[{"embeddable":true,"href":"https:\/\/catholicus.eu\/pl\/wp-json\/wp\/v2\/media\/2764"}],"wp:attachment":[{"href":"https:\/\/catholicus.eu\/pl\/wp-json\/wp\/v2\/media?parent=2763"}],"wp:term":[{"taxonomy":"category","embeddable":true,"href":"https:\/\/catholicus.eu\/pl\/wp-json\/wp\/v2\/categories?post=2763"},{"taxonomy":"post_tag","embeddable":true,"href":"https:\/\/catholicus.eu\/pl\/wp-json\/wp\/v2\/tags?post=2763"}],"curies":[{"name":"wp","href":"https:\/\/api.w.org\/{rel}","templated":true}]}}