{"id":2748,"date":"2025-03-17T22:46:50","date_gmt":"2025-03-17T21:46:50","guid":{"rendered":"https:\/\/catholicus.eu\/pl\/?p=2748"},"modified":"2025-03-17T22:46:50","modified_gmt":"2025-03-17T21:46:50","slug":"calun-z-oviedo-tajemnica-wiary-i-nauki-ktora-porusza-serca","status":"publish","type":"post","link":"https:\/\/catholicus.eu\/pl\/calun-z-oviedo-tajemnica-wiary-i-nauki-ktora-porusza-serca\/","title":{"rendered":"Ca\u0142un z Oviedo: Tajemnica Wiary i Nauki, Kt\u00f3ra Porusza Serca"},"content":{"rendered":"\n<p>Historia M\u0119ki Chrystusa jest wype\u0142niona namacalnymi znakami, kt\u00f3re przetrwa\u0142y wieki i dotar\u0142y do nas jako milcz\u0105cy \u015bwiadkowie Jego ofiary odkupie\u0144czej. Jednym z takich obiekt\u00f3w jest Ca\u0142un z Oviedo \u2013 relikwia mniej znana ni\u017c Ca\u0142un Tury\u0144ski, ale r\u00f3wnie fascynuj\u0105ca. Jest to lniane p\u0142\u00f3tno, kt\u00f3re wed\u0142ug tradycji i bada\u0144 naukowych mia\u0142o okrywa\u0107 zakrwawion\u0105 twarz Jezusa po Jego \u015bmierci na krzy\u017cu.<\/p>\n\n\n\n<p>Ale co naprawd\u0119 wiemy o tym p\u0142\u00f3tnie? Czy jest autentyczne? Co m\u00f3wi o nim Ko\u015bci\u00f3\u0142? I jakie ma znaczenie dla naszej wiary dzisiaj? Zapraszam Ci\u0119 do podr\u00f3\u017cy przez histori\u0119, nauk\u0119 i duchowo\u015b\u0107, by odkry\u0107 jedn\u0105 z najbardziej niezwyk\u0142ych relikwii chrze\u015bcija\u0144stwa.<\/p>\n\n\n\n<hr class=\"wp-block-separator has-alpha-channel-opacity\"\/>\n\n\n\n<h2 class=\"wp-block-heading\"><strong>Czym Jest Ca\u0142un z Oviedo?<\/strong><\/h2>\n\n\n\n<p>Ca\u0142un z Oviedo to lniane p\u0142\u00f3tno o wymiarach oko\u0142o 84 x 53 cm, na kt\u00f3rym widniej\u0105 liczne plamy krwi i p\u0142yn\u00f3w biologicznych. W przeciwie\u0144stwie do Ca\u0142unu Tury\u0144skiego, nie zawiera on odcisku postaci, lecz \u015blady, kt\u00f3re odpowiadaj\u0105 ranom ukrzy\u017cowanego cz\u0142owieka.<\/p>\n\n\n\n<p>Wed\u0142ug tradycji p\u0142\u00f3tno to zosta\u0142o u\u017cyte do otarcia twarzy Chrystusa po Jego \u015bmierci, zanim Jego cia\u0142o zosta\u0142o owini\u0119te w ca\u0142un pogrzebowy. W \u017cydowskiej kulturze I wieku powszechne by\u0142o przykrywanie twarzy zmar\u0142ego osobnym p\u0142\u00f3tnem przed poch\u00f3wkiem, co t\u0142umaczy\u0142oby jego obecno\u015b\u0107 w grobie Jezusa.<\/p>\n\n\n\n<p>Ca\u0142un przechowywany jest w \u015awi\u0119tej Kaplicy Katedry San Salvador w Oviedo w Hiszpanii, gdzie znajduje si\u0119 od IX wieku. Publicznie jest wystawiany trzy razy w roku: w Wielki Pi\u0105tek, 14 wrze\u015bnia (\u015awi\u0119to Podwy\u017cszenia Krzy\u017ca \u015awi\u0119tego) i 21 wrze\u015bnia (\u015awi\u0119to \u015bw. Mateusza).<\/p>\n\n\n\n<hr class=\"wp-block-separator has-alpha-channel-opacity\"\/>\n\n\n\n<h2 class=\"wp-block-heading\"><strong>Podr\u00f3\u017c Ca\u0142unu: Z Jerozolimy do Oviedo<\/strong><\/h2>\n\n\n\n<p>Historia podr\u00f3\u017cy Ca\u0142unu jest tak samo fascynuj\u0105ca jak sama relikwia.<\/p>\n\n\n\n<ol class=\"wp-block-list\">\n<li><strong>Pocz\u0105tki w Jerozolimie:<\/strong> Wed\u0142ug tradycji Ca\u0142un zosta\u0142 odnaleziony przez uczni\u00f3w Jezusa w pustym grobie, razem z Ca\u0142unem Tury\u0144skim (J 20,7). Uwa\u017ca si\u0119, \u017ce by\u0142 przechowywany przez pierwsz\u0105 wsp\u00f3lnot\u0119 chrze\u015bcija\u0144sk\u0105 w Jerozolimie.<\/li>\n\n\n\n<li><strong>Ucieczka do Aleksandrii:<\/strong> W VII wieku, podczas perskiej inwazji Ziemi \u015awi\u0119tej, wielu chrze\u015bcijan przenios\u0142o relikwie do bezpieczniejszych miejsc. Opowiada si\u0119, \u017ce Ca\u0142un zosta\u0142 przewieziony do Aleksandrii w Egipcie.<\/li>\n\n\n\n<li><strong>Z Egiptu do Hiszpanii:<\/strong> W obliczu inwazji muzu\u0142ma\u0144skiej w Afryce P\u00f3\u0142nocnej relikwia mia\u0142a zosta\u0107 przewieziona do Hiszpanii, prawdopodobnie przez mnich\u00f3w chrze\u015bcija\u0144skich, kt\u00f3rzy schronili si\u0119 najpierw w Kartagenie, a p\u00f3\u017aniej w Sewilli.<\/li>\n\n\n\n<li><strong>Schowanie w Oviedo:<\/strong> W IX wieku, z powodu zagro\u017cenia ze strony muzu\u0142man\u00f3w na P\u00f3\u0142wyspie Iberyjskim, kr\u00f3l Alfons II &#8222;Cnotliwy&#8221; nakaza\u0142 przeniesienie Ca\u0142unu do Oviedo, gdzie pozostaje do dzi\u015b.<\/li>\n<\/ol>\n\n\n\n<p>Ta d\u0142uga podr\u00f3\u017c, cz\u0119\u015bciowo udokumentowana w kronikach \u015bredniowiecznych, potwierdza, \u017ce relikwia ta by\u0142a uznawana za \u015bwi\u0119t\u0105 ju\u017c od pierwszych wiek\u00f3w chrze\u015bcija\u0144stwa.<\/p>\n\n\n\n<hr class=\"wp-block-separator has-alpha-channel-opacity\"\/>\n\n\n\n<h2 class=\"wp-block-heading\"><strong>Co M\u00f3wi Nauka? Czy Ca\u0142un Jest Autentyczny?<\/strong><\/h2>\n\n\n\n<p>Wielu zadaje sobie pytanie: czy Ca\u0142un z Oviedo rzeczywi\u015bcie m\u00f3g\u0142 okrywa\u0107 twarz Chrystusa? Naukowcy dok\u0142adnie przebadali t\u0119 relikwi\u0119, a wyniki s\u0105 zaskakuj\u0105ce.<\/p>\n\n\n\n<h3 class=\"wp-block-heading\"><strong>1. Analiza Krwi<\/strong><\/h3>\n\n\n\n<p>Badania kryminalistyczne potwierdzi\u0142y, \u017ce plamy na Ca\u0142unie zawieraj\u0105 ludzk\u0105 krew grupy AB \u2013 tej samej, kt\u00f3r\u0105 znaleziono na Ca\u0142unie Tury\u0144skim. Co wi\u0119cej, krew wykazuje oznaki hemolizy, procesu, kt\u00f3ry wyst\u0119puje w wyniku ekstremalnej traumy, takiej jak ukrzy\u017cowanie.<\/p>\n\n\n\n<h3 class=\"wp-block-heading\"><strong>2. Podobie\u0144stwa do Ca\u0142unu Tury\u0144skiego<\/strong><\/h3>\n\n\n\n<p>\u015alady na Ca\u0142unie z Oviedo odpowiadaj\u0105 ranom na twarzy cz\u0142owieka przedstawionego na Ca\u0142unie Tury\u0144skim. To sugeruje, \u017ce oba p\u0142\u00f3tna mia\u0142y kontakt z tym samym cia\u0142em. Dodatkowo badania py\u0142k\u00f3w wykaza\u0142y obecno\u015b\u0107 ro\u015blin charakterystycznych dla Palestyny, co potwierdza jego pochodzenie z regionu Jerozolimy.<\/p>\n\n\n\n<h3 class=\"wp-block-heading\"><strong>3. Datowanie i Analiza Tkaniny<\/strong><\/h3>\n\n\n\n<p>Pr\u00f3by datowania Ca\u0142unu budz\u0105 mniej kontrowersji ni\u017c w przypadku Ca\u0142unu Tury\u0144skiego. Cho\u0107 wyniki bada\u0144 radiow\u0119glowych s\u0105 dyskutowane, analiza w\u0142\u00f3kien wskazuje, \u017ce tkanina jest zgodna z materia\u0142ami z I wieku pochodz\u0105cymi z Bliskiego Wschodu.<\/p>\n\n\n\n<p>Podsumowuj\u0105c, cho\u0107 nie istnieje &#8222;ostateczny dow\u00f3d&#8221;, po\u0142\u0105czenie historii, archeologii i medycyny s\u0105dowej silnie wspiera tez\u0119, \u017ce p\u0142\u00f3tno to mia\u0142o kontakt z cia\u0142em ukrzy\u017cowanego cz\u0142owieka w I wieku w Jerozolimie.<\/p>\n\n\n\n<hr class=\"wp-block-separator has-alpha-channel-opacity\"\/>\n\n\n\n<h2 class=\"wp-block-heading\"><strong>Znaczenie Ca\u0142unu dla Wiary Chrze\u015bcija\u0144skiej<\/strong><\/h2>\n\n\n\n<p>Poza badaniami naukowymi Ca\u0142un z Oviedo ma g\u0142\u0119bokie znaczenie duchowe dla wierz\u0105cych.<\/p>\n\n\n\n<h3 class=\"wp-block-heading\"><strong>1. \u015awiadectwo Cierpienia Chrystusa<\/strong><\/h3>\n\n\n\n<p>Plamy krwi przypominaj\u0105 nam o um\u0119czonej twarzy Jezusa, pobitej i poranionej z mi\u0142o\u015bci do ludzko\u015bci. Zapraszaj\u0105 nas do medytacji nad Jego M\u0119k\u0105 i Jego ca\u0142kowitym oddaniem si\u0119 na krzy\u017cu.<\/p>\n\n\n\n<h3 class=\"wp-block-heading\"><strong>2. Wezwanie do Nawr\u00f3cenia<\/strong><\/h3>\n\n\n\n<p>Istnienie tej relikwii stawia nam pytanie: jak odpowiadamy na ofiar\u0119 Chrystusa? Czy prze\u017cywamy nasz\u0105 wiar\u0119 z wdzi\u0119czno\u015bci\u0105 i zaanga\u017cowaniem, na jakie zas\u0142uguje?<\/p>\n\n\n\n<h3 class=\"wp-block-heading\"><strong>3. Potwierdzenie Zmartwychwstania<\/strong><\/h3>\n\n\n\n<p>Ca\u0142un, podobnie jak Ca\u0142un Tury\u0144ski, wskazuje na tajemnic\u0119 pustego grobu. Jest nie tylko \u015bwiadectwem cierpienia Chrystusa, ale tak\u017ce znakiem Jego chwalebnego Zmartwychwstania.<\/p>\n\n\n\n<hr class=\"wp-block-separator has-alpha-channel-opacity\"\/>\n\n\n\n<h2 class=\"wp-block-heading\"><strong>Obecny Stan Ca\u0142unu i Jego Konserwacja<\/strong><\/h2>\n\n\n\n<p>Obecnie Ca\u0142un z Oviedo jest przechowywany z najwy\u017csz\u0105 staranno\u015bci\u0105 w Katedrze San Salvador. Pomimo up\u0142ywu czasu i burzliwych dziej\u00f3w, relikwia ta pozostaje obiektem czci i bada\u0144.<\/p>\n\n\n\n<p>Trzy razy w roku wierni maj\u0105 okazj\u0119 zobaczy\u0107 Ca\u0142un wystawiony w specjalnej szklanej urnie. To moment wielkiej pobo\u017cno\u015bci, kt\u00f3ry przypomina nam, \u017ce chrze\u015bcija\u0144ska wiara to nie tylko teoria, ale rzeczywisto\u015b\u0107 g\u0142\u0119boko zakorzeniona w historii.<\/p>\n\n\n\n<hr class=\"wp-block-separator has-alpha-channel-opacity\"\/>\n\n\n\n<h2 class=\"wp-block-heading\"><strong>Podsumowanie: Dar dla Naszej Wiary<\/strong><\/h2>\n\n\n\n<p>Ca\u0142un z Oviedo to wi\u0119cej ni\u017c staro\u017cytna relikwia. Jest milcz\u0105cym \u015bwiadkiem przypominaj\u0105cym nam o bezwarunkowej mi\u0142o\u015bci Chrystusa i cenie naszego odkupienia. Cho\u0107 nauka mo\u017ce dostarczy\u0107 fascynuj\u0105cych wskaz\u00f3wek dotycz\u0105cych jego autentyczno\u015bci, jego prawdziwa warto\u015b\u0107 tkwi w tym, co reprezentuje dla naszej wiary: \u015bwiadectwo ofiary Jezusa i Jego zwyci\u0119stwa nad \u015bmierci\u0105.<\/p>\n\n\n\n<p>Gdy patrzymy na t\u0119 relikwi\u0119, nie postrzegajmy jej jedynie jako przedmiotu z przesz\u0142o\u015bci, ale jako zaproszenie do g\u0142\u0119bszego prze\u017cywania Ewangelii, do zbli\u017cenia si\u0119 do Chrystusa i do przemiany przez Jego mi\u0142o\u015b\u0107.<\/p>\n\n\n\n<p>W ka\u017cdej kropli krwi odci\u015bni\u0119tej na tym p\u0142\u00f3tnie odnajdujemy echo wo\u0142ania Chrystusa na krzy\u017cu: <strong>\u201eOjcze, w Twoje r\u0119ce powierzam ducha mojego\u201d (\u0141k 23,46).<\/strong> Niech Ca\u0142un z Oviedo pomo\u017ce nam \u017cy\u0107 z t\u0105 sam\u0105 ufno\u015bci\u0105 wobec Boga.<\/p>\n","protected":false},"excerpt":{"rendered":"<p>Historia M\u0119ki Chrystusa jest wype\u0142niona namacalnymi znakami, kt\u00f3re przetrwa\u0142y wieki i dotar\u0142y do nas jako milcz\u0105cy \u015bwiadkowie Jego ofiary odkupie\u0144czej. Jednym z takich obiekt\u00f3w jest Ca\u0142un z Oviedo \u2013 relikwia mniej znana ni\u017c Ca\u0142un Tury\u0144ski, ale r\u00f3wnie fascynuj\u0105ca. Jest to lniane p\u0142\u00f3tno, kt\u00f3re wed\u0142ug tradycji i bada\u0144 naukowych mia\u0142o okrywa\u0107 zakrwawion\u0105 twarz Jezusa po Jego &hellip;<\/p>\n","protected":false},"author":3,"featured_media":2749,"comment_status":"open","ping_status":"open","sticky":false,"template":"","format":"standard","meta":{"_seopress_robots_primary_cat":"","_seopress_titles_title":"","_seopress_titles_desc":"","_seopress_robots_index":"","footnotes":""},"categories":[64,41],"tags":[685],"class_list":["post-2748","post","type-post","status-publish","format-standard","has-post-thumbnail","","category-nauka-i-religia","category-wiara-i-kultura","tag-calun"],"_links":{"self":[{"href":"https:\/\/catholicus.eu\/pl\/wp-json\/wp\/v2\/posts\/2748","targetHints":{"allow":["GET"]}}],"collection":[{"href":"https:\/\/catholicus.eu\/pl\/wp-json\/wp\/v2\/posts"}],"about":[{"href":"https:\/\/catholicus.eu\/pl\/wp-json\/wp\/v2\/types\/post"}],"author":[{"embeddable":true,"href":"https:\/\/catholicus.eu\/pl\/wp-json\/wp\/v2\/users\/3"}],"replies":[{"embeddable":true,"href":"https:\/\/catholicus.eu\/pl\/wp-json\/wp\/v2\/comments?post=2748"}],"version-history":[{"count":1,"href":"https:\/\/catholicus.eu\/pl\/wp-json\/wp\/v2\/posts\/2748\/revisions"}],"predecessor-version":[{"id":2750,"href":"https:\/\/catholicus.eu\/pl\/wp-json\/wp\/v2\/posts\/2748\/revisions\/2750"}],"wp:featuredmedia":[{"embeddable":true,"href":"https:\/\/catholicus.eu\/pl\/wp-json\/wp\/v2\/media\/2749"}],"wp:attachment":[{"href":"https:\/\/catholicus.eu\/pl\/wp-json\/wp\/v2\/media?parent=2748"}],"wp:term":[{"taxonomy":"category","embeddable":true,"href":"https:\/\/catholicus.eu\/pl\/wp-json\/wp\/v2\/categories?post=2748"},{"taxonomy":"post_tag","embeddable":true,"href":"https:\/\/catholicus.eu\/pl\/wp-json\/wp\/v2\/tags?post=2748"}],"curies":[{"name":"wp","href":"https:\/\/api.w.org\/{rel}","templated":true}]}}