{"id":2712,"date":"2025-03-15T22:58:11","date_gmt":"2025-03-15T21:58:11","guid":{"rendered":"https:\/\/catholicus.eu\/pl\/?p=2712"},"modified":"2025-03-15T22:58:11","modified_gmt":"2025-03-15T21:58:11","slug":"niedziela-quasimodo-echo-milosierdzia-i-nadziei-w-sercu-wielkanocy","status":"publish","type":"post","link":"https:\/\/catholicus.eu\/pl\/niedziela-quasimodo-echo-milosierdzia-i-nadziei-w-sercu-wielkanocy\/","title":{"rendered":"Niedziela Quasimodo: Echo mi\u0142osierdzia i nadziei w sercu Wielkanocy"},"content":{"rendered":"\n<p class=\"wp-block-paragraph\">W rozleg\u0142ym i bogatym kalendarzu liturgicznym Ko\u015bcio\u0142a Katolickiego s\u0105 dni, kt\u00f3re ja\u015bniej\u0105 szczeg\u00f3lnym blaskiem, oraz inne, kt\u00f3re, cho\u0107 mniej znane, nios\u0105 g\u0142\u0119bokie znaczenie duchowe. W\u015br\u00f3d tych ostatnich znajduje si\u0119&nbsp;<em>Niedziela Quasimodo<\/em>, uroczysto\u015b\u0107, kt\u00f3ra, cho\u0107 rzadko wspominana w codziennych rozmowach, niesie pot\u0119\u017cne i aktualne przes\u0142anie dla wszystkich wierz\u0105cych. Ta niedziela, znana r\u00f3wnie\u017c jako&nbsp;<em>Niedziela Bia\u0142a<\/em>&nbsp;lub&nbsp;<em>Niedziela Mi\u0142osierdzia Bo\u017cego<\/em>, stanowi pomost mi\u0119dzy Zmartwychwstaniem Chrystusa a codziennym \u017cyciem wiernych, przypominaj\u0105c, \u017ce \u0142aska Bo\u017ca nie jest wydarzeniem z przesz\u0142o\u015bci, ale \u017cyw\u0105 i przemieniaj\u0105c\u0105 rzeczywisto\u015bci\u0105.<\/p>\n\n\n\n<h3 class=\"wp-block-heading\"><strong>Pochodzenie i historyczne znaczenie Niedzieli Quasimodo<\/strong><\/h3>\n\n\n\n<p class=\"wp-block-paragraph\">Nazwa&nbsp;<em>Quasimodo<\/em>&nbsp;pochodzi od pierwszych s\u0142\u00f3w antyfony na wej\u015bcie Mszy tego dnia:&nbsp;<em>&#8222;Quasimodo geniti infantes&#8221;<\/em>&nbsp;(1 Piotra 2,2), co oznacza&nbsp;<em>&#8222;Jak nowo narodzone dzieci.&#8221;<\/em>&nbsp;Ten werset, zaczerpni\u0119ty z Pierwszego Listu \u015bw. Piotra, zaprasza wierz\u0105cych, by pragn\u0119li duchowego mleka, jak nowo narodzone dzieci, aby wzrasta\u0107 w zbawieniu. Ten tekst nie zosta\u0142 wybrany przypadkowo: w pierwszych wiekach chrze\u015bcija\u0144stwa ta niedziela oznacza\u0142a koniec oktawy Wielkanocy, okresu, w kt\u00f3rym nowo ochrzczeni podczas Wigilii Paschalnej zdejmowali swoje bia\u0142e szaty, symbole ich nowego \u017cycia w Chrystusie.<\/p>\n\n\n\n<p class=\"wp-block-paragraph\">Termin&nbsp;<em>Dominica in albis<\/em>&nbsp;(po polsku \u201eNiedziela Bia\u0142a\u201d) odnosi si\u0119 do tej tradycji. Neofici, po tygodniu noszenia bia\u0142ych szat, sk\u0142adali je w ko\u015bciele jako znak, \u017ce zostali przyobleczeni w Chrystusa. Ten gest by\u0142 pot\u0119\u017cnym obrazem czysto\u015bci i \u0142aski otrzymanej podczas chrztu oraz przypomnieniem, \u017ce \u017cycie chrze\u015bcija\u0144skie jest ci\u0105g\u0142\u0105 drog\u0105 nawr\u00f3cenia i odnowy.<\/p>\n\n\n\n<h3 class=\"wp-block-heading\"><strong>Niedziela Quasimodo a Mi\u0142osierdzie Bo\u017ce<\/strong><\/h3>\n\n\n\n<p class=\"wp-block-paragraph\">W XX wieku ta niedziela zyska\u0142a nowe znaczenie dzi\u0119ki objawieniom \u015bw. Faustyny Kowalskiej, polskiej zakonnicy, kt\u00f3rej Jezus ukaza\u0142 si\u0119, by przekaza\u0107 or\u0119dzie mi\u0142osierdzia dla \u015bwiata. W swoich pismach \u015bw. Faustyna opisa\u0142a, \u017ce Jezus poprosi\u0142 j\u0105, by pierwsza niedziela po Wielkanocy by\u0142a po\u015bwi\u0119cona Mi\u0142osierdziu Bo\u017cemu. Ta pro\u015bba zosta\u0142a zatwierdzona przez Ko\u015bci\u00f3\u0142, a w 2000 roku papie\u017c \u015bw. Jan Pawe\u0142 II oficjalnie ustanowi\u0142&nbsp;<em>Niedziel\u0119 Mi\u0142osierdzia Bo\u017cego<\/em>.<\/p>\n\n\n\n<p class=\"wp-block-paragraph\">Ten dzie\u0144 przypomina nam, \u017ce Zmartwychwstanie Chrystusa to nie tylko triumf nad \u015bmierci\u0105, ale tak\u017ce objawienie mi\u0142osiernej mi\u0142o\u015bci Boga do ludzko\u015bci. Jak powiedzia\u0142 Jezus \u015bw. Faustynie:&nbsp;<em>&#8222;Ludzko\u015b\u0107 nie zazna pokoju, dop\u00f3ki nie zwr\u00f3ci si\u0119 z ufno\u015bci\u0105 do mojego mi\u0142osierdzia&#8221;<\/em>&nbsp;(Dzienniczek, 300). W \u015bwiecie naznaczonym podzia\u0142ami, cierpieniem i niepewno\u015bci\u0105 to przes\u0142anie jest bardziej aktualne ni\u017c kiedykolwiek.<\/p>\n\n\n\n<h3 class=\"wp-block-heading\"><strong>Wsp\u00f3\u0142czesne znaczenie Niedzieli Quasimodo<\/strong><\/h3>\n\n\n\n<p class=\"wp-block-paragraph\">Dzi\u015b&nbsp;<em>Niedziela Quasimodo<\/em>&nbsp;zaprasza nas do refleksji nad dwoma fundamentalnymi aspektami wiary chrze\u015bcija\u0144skiej: \u0142ask\u0105 chrztu i mi\u0142osierdziem Bo\u017cym. Po pierwsze, wzywa nas, by\u015bmy przypomnieli sobie nasz w\u0142asny chrzest, ten moment, gdy zostali\u015bmy zanurzeni w \u015bmier\u0107 i zmartwychwstanie Chrystusa oraz przyobleczeni w \u0142ask\u0119 u\u015bwi\u0119caj\u0105c\u0105. Ten sakrament to nie tylko ryt inicjacyjny, ale przemieniaj\u0105ce spotkanie z mi\u0142o\u015bci\u0105 Boga, kt\u00f3re czyni nas Jego dzie\u0107mi i cz\u0142onkami Jego Ko\u015bcio\u0142a.<\/p>\n\n\n\n<p class=\"wp-block-paragraph\">Po drugie, ta niedziela zach\u0119ca nas, by\u015bmy zaufali Bo\u017cemu mi\u0142osierdziu, szczeg\u00f3lnie w chwilach, gdy czujemy si\u0119 przyt\u0142oczeni naszymi s\u0142abo\u015bciami czy grzechami. Jak przypomina nam Psalm 136:&nbsp;<em>&#8222;Dzi\u0119kujcie Panu, bo jest dobry, bo Jego mi\u0142osierdzie trwa na wieki.&#8221;<\/em>&nbsp;Mi\u0142osierdzie Bo\u017ce to nie abstrakcyjne poj\u0119cie, ale konkretna rzeczywisto\u015b\u0107, kt\u00f3ra objawia si\u0119 w przebaczeniu grzech\u00f3w, uleczeniu ran duszy i sile, by i\u015b\u0107 naprz\u00f3d mimo trudno\u015bci.<\/p>\n\n\n\n<h3 class=\"wp-block-heading\"><strong>Inspiruj\u0105ca anegdota: Tomasz, niedowiarek<\/strong><\/h3>\n\n\n\n<p class=\"wp-block-paragraph\">Ewangelia tej niedzieli (Jana 20,19-31) przedstawia posta\u0107 Tomasza, aposto\u0142a, kt\u00f3ry w\u0105tpi\u0142 w Zmartwychwstanie Jezusa. Cho\u0107 cz\u0119sto krytykowany za swoj\u0105 niewiar\u0119, jego historia jest g\u0142\u0119boko ludzka i pe\u0142na nadziei. Tomasz nie uwierzy\u0142 \u015bwiadectwu innych uczni\u00f3w, ale gdy spotka\u0142 Zmartwychwsta\u0142ego twarz\u0105 w twarz, zawo\u0142a\u0142:&nbsp;<em>&#8222;Pan m\u00f3j i B\u00f3g m\u00f3j!&#8221;<\/em>&nbsp;(Jana 20,28). To wyznanie wiary jest jednym z najpot\u0119\u017cniejszych w Nowym Testamencie i pokazuje nam, \u017ce nawet w\u015br\u00f3d naszych w\u0105tpliwo\u015bci Jezus jest got\u00f3w objawi\u0107 si\u0119 nam i umocni\u0107 nasz\u0105 wiar\u0119.<\/p>\n\n\n\n<p class=\"wp-block-paragraph\">Do\u015bwiadczenie Tomasza przypomina nam, \u017ce wiara nie jest niezgodna z pytaniami i zmaganiami. Przeciwnie, to w szczerym dialogu z Bogiem nasza wiara mo\u017ce wzrasta\u0107 i dojrzewa\u0107.&nbsp;<em>Niedziela Quasimodo<\/em>&nbsp;zaprasza nas, by\u015bmy zbli\u017cyli si\u0119 do Jezusa z tak\u0105 sam\u0105 szczero\u015bci\u0105 jak Tomasz, ufaj\u0105c, \u017ce On da nam odpowiedzi i pok\u00f3j, kt\u00f3rych potrzebujemy.<\/p>\n\n\n\n<h3 class=\"wp-block-heading\"><strong>Jak prze\u017cy\u0107 Niedziel\u0119 Quasimodo dzi\u015b<\/strong><\/h3>\n\n\n\n<p class=\"wp-block-paragraph\">W coraz bardziej ze\u015bwiecczonym \u015bwiecie&nbsp;<em>Niedziela Quasimodo<\/em>&nbsp;jest okazj\u0105, by potwierdzi\u0107 nasz\u0105 to\u017csamo\u015b\u0107 jako ochrzczonych i odnowi\u0107 nasze zaufanie do Bo\u017cego mi\u0142osierdzia. Oto kilka praktycznych sposob\u00f3w na prze\u017cycie tego dnia:<\/p>\n\n\n\n<ol start=\"1\" class=\"wp-block-list\">\n<li><strong>Refleksja nad chrztem<\/strong>: Po\u015bwi\u0119\u0107 chwil\u0119, by przypomnie\u0107 sobie sw\u00f3j chrzest. Je\u015bli to mo\u017cliwe, odwied\u017a ko\u015bci\u00f3\u0142, w kt\u00f3rym zosta\u0142e\u015b ochrzczony, lub porozmawiaj z rodzicami lub chrzestnymi o tym dniu. Podzi\u0119kuj Bogu za dar wiary i odnowij swoje zobowi\u0105zanie do \u017cycia jako Jego dziecko.<\/li>\n\n\n\n<li><strong>Uczestnictwo we Mszy \u015awi\u0119tej<\/strong>: Ta niedziela to szczeg\u00f3lna okazja, by przyj\u0105\u0107 Eucharysti\u0119 i odnowi\u0107 swoje spotkanie z Chrystusem. Je\u015bli to mo\u017cliwe, uczestnicz we Mszy z rodzin\u0105 lub przyjaci\u00f3\u0142mi i podziel si\u0119 przes\u0142aniem Bo\u017cego mi\u0142osierdzia.<\/li>\n\n\n\n<li><strong>Praktykowanie mi\u0142osierdzia<\/strong>: Jak uczy nas Jezus w Ewangelii, mi\u0142osierdzie to nie tylko co\u015b, co otrzymujemy, ale tak\u017ce co\u015b, co powinni\u015bmy dawa\u0107. Szukaj okazji, by okazywa\u0107 mi\u0142osierdzie innym, czy to przez uczynki mi\u0142osierdzia, s\u0142owa otuchy, czy przebaczenie tym, kt\u00f3rzy ci\u0119 skrzywdzili.<\/li>\n\n\n\n<li><strong>Modlitwa Koronk\u0105 do Mi\u0142osierdzia Bo\u017cego<\/strong>: Ta modlitwa, objawiona \u015bw. Faustynie, to pot\u0119\u017cny spos\u00f3b, by przyzywa\u0107 mi\u0142osierdzie Bo\u017ce na \u015bwiat. Po\u015bwi\u0119\u0107 troch\u0119 czasu w t\u0119 niedziel\u0119, by si\u0119 ni\u0105 pomodli\u0107, prosz\u0105c o potrzeby Ko\u015bcio\u0142a i ludzko\u015bci.<\/li>\n<\/ol>\n\n\n\n<h3 class=\"wp-block-heading\"><strong>Zako\u0144czenie: Przes\u0142anie nadziei na dzi\u015b<\/strong><\/h3>\n\n\n\n<p class=\"wp-block-paragraph\"><em>Niedziela Quasimodo<\/em>&nbsp;to znacznie wi\u0119cej ni\u017c data w kalendarzu liturgicznym. To przypomnienie, \u017ce przez chrzest zostali\u015bmy przyobleczeni w Chrystusa i wezwani do \u017cycia jako \u015bwiadkowie Jego mi\u0142o\u015bci. To zaproszenie, by zaufa\u0107 Bo\u017cemu mi\u0142osierdziu, nawet w najciemniejszych chwilach. I to obietnica, \u017ce, jak Tomasz, mo\u017cemy spotka\u0107 Zmartwychwsta\u0142ego i do\u015bwiadczy\u0107 Jego pokoju.<\/p>\n\n\n\n<p class=\"wp-block-paragraph\">W \u015bwiecie, kt\u00f3ry cz\u0119sto wydaje si\u0119 pozbawiony nadziei, ta niedziela przypomina nam, \u017ce \u015bwiat\u0142o Chrystusa ja\u015bnieje mocniej ni\u017c jakakolwiek ciemno\u015b\u0107. Niech ta&nbsp;<em>Niedziela Quasimodo<\/em>&nbsp;b\u0119dzie dla ciebie okazj\u0105 do duchowego odnowienia, momentem, by obj\u0105\u0107 Bo\u017ce mi\u0142osierdzie i dzieli\u0107 si\u0119 nim z innymi. Jak m\u00f3wi nam \u015bw. Pawe\u0142:&nbsp;<em>&#8222;Zostali\u015bmy ochrzczeni w Chrystusie Jezusie, aby prowadzi\u0107 nowe \u017cycie&#8221;<\/em>&nbsp;(Rzymian 6,4). Niech to nowe \u017cycie b\u0119dzie naszym przewodnikiem i celem, dzi\u015b i na zawsze. Amen.<\/p>\n","protected":false},"excerpt":{"rendered":"<p>W rozleg\u0142ym i bogatym kalendarzu liturgicznym Ko\u015bcio\u0142a Katolickiego s\u0105 dni, kt\u00f3re ja\u015bniej\u0105 szczeg\u00f3lnym blaskiem, oraz inne, kt\u00f3re, cho\u0107 mniej znane, nios\u0105 g\u0142\u0119bokie znaczenie duchowe. W\u015br\u00f3d tych ostatnich znajduje si\u0119&nbsp;Niedziela Quasimodo, uroczysto\u015b\u0107, kt\u00f3ra, cho\u0107 rzadko wspominana w codziennych rozmowach, niesie pot\u0119\u017cne i aktualne przes\u0142anie dla wszystkich wierz\u0105cych. Ta niedziela, znana r\u00f3wnie\u017c jako&nbsp;Niedziela Bia\u0142a&nbsp;lub&nbsp;Niedziela Mi\u0142osierdzia Bo\u017cego, stanowi &hellip;<\/p>\n","protected":false},"author":3,"featured_media":2713,"comment_status":"open","ping_status":"open","sticky":false,"template":"","format":"standard","meta":{"_seopress_titles_title":"","_seopress_titles_desc":"","_seopress_robots_index":"","_seopress_robots_follow":"","_seopress_robots_imageindex":"","_seopress_robots_snippet":"","_seopress_robots_primary_cat":"","_seopress_robots_breadcrumbs":"","_seopress_robots_freeze_modified_date":"","_seopress_robots_custom_modified_date":"","_seopress_robots_canonical":"","_seopress_social_fb_title":"","_seopress_social_fb_desc":"","_seopress_social_fb_img":"","_seopress_social_fb_img_attachment_id":0,"_seopress_social_fb_img_width":0,"_seopress_social_fb_img_height":0,"_seopress_social_twitter_title":"","_seopress_social_twitter_desc":"","_seopress_social_twitter_img":"","_seopress_social_twitter_img_attachment_id":0,"_seopress_social_twitter_img_width":0,"_seopress_social_twitter_img_height":0,"_seopress_redirections_value":"","_seopress_redirections_enabled":"","_seopress_redirections_enabled_regex":"","_seopress_redirections_logged_status":"","_seopress_redirections_param":"","_seopress_redirections_type":0,"_seopress_analysis_target_kw":"","footnotes":""},"categories":[38,52],"tags":[673,671,672],"class_list":["post-2712","post","type-post","status-publish","format-standard","has-post-thumbnail","","category-historia-i-tradycja","category-liturgia-i-rok-liturgiczny","tag-milosierdzia-bozego","tag-niedziela-quasimodo","tag-wielkanocy"],"_links":{"self":[{"href":"https:\/\/catholicus.eu\/pl\/wp-json\/wp\/v2\/posts\/2712","targetHints":{"allow":["GET"]}}],"collection":[{"href":"https:\/\/catholicus.eu\/pl\/wp-json\/wp\/v2\/posts"}],"about":[{"href":"https:\/\/catholicus.eu\/pl\/wp-json\/wp\/v2\/types\/post"}],"author":[{"embeddable":true,"href":"https:\/\/catholicus.eu\/pl\/wp-json\/wp\/v2\/users\/3"}],"replies":[{"embeddable":true,"href":"https:\/\/catholicus.eu\/pl\/wp-json\/wp\/v2\/comments?post=2712"}],"version-history":[{"count":1,"href":"https:\/\/catholicus.eu\/pl\/wp-json\/wp\/v2\/posts\/2712\/revisions"}],"predecessor-version":[{"id":2714,"href":"https:\/\/catholicus.eu\/pl\/wp-json\/wp\/v2\/posts\/2712\/revisions\/2714"}],"wp:featuredmedia":[{"embeddable":true,"href":"https:\/\/catholicus.eu\/pl\/wp-json\/wp\/v2\/media\/2713"}],"wp:attachment":[{"href":"https:\/\/catholicus.eu\/pl\/wp-json\/wp\/v2\/media?parent=2712"}],"wp:term":[{"taxonomy":"category","embeddable":true,"href":"https:\/\/catholicus.eu\/pl\/wp-json\/wp\/v2\/categories?post=2712"},{"taxonomy":"post_tag","embeddable":true,"href":"https:\/\/catholicus.eu\/pl\/wp-json\/wp\/v2\/tags?post=2712"}],"curies":[{"name":"wp","href":"https:\/\/api.w.org\/{rel}","templated":true}]}}