{"id":2700,"date":"2025-03-15T17:24:50","date_gmt":"2025-03-15T16:24:50","guid":{"rendered":"https:\/\/catholicus.eu\/pl\/?p=2700"},"modified":"2025-03-15T17:24:50","modified_gmt":"2025-03-15T16:24:50","slug":"moja-wina-moja-wina-moja-bardzo-wielka-wina-glebokie-znaczenie-uderzania-sie-w-piers-podczas-mszy-swietej","status":"publish","type":"post","link":"https:\/\/catholicus.eu\/pl\/moja-wina-moja-wina-moja-bardzo-wielka-wina-glebokie-znaczenie-uderzania-sie-w-piers-podczas-mszy-swietej\/","title":{"rendered":"\u201eMoja wina, moja wina, moja bardzo wielka wina\u201d: G\u0142\u0119bokie znaczenie uderzania si\u0119 w pier\u015b podczas Mszy \u015awi\u0119tej"},"content":{"rendered":"\n<p>Kiedy podczas Mszy \u015awi\u0119tej odmawiamy modlitw\u0119 <strong>Confiteor<\/strong>, staro\u017cytn\u0105 modlitw\u0119 wyznania grzech\u00f3w, towarzyszymy naszym s\u0142owom uroczystym gestem: <strong>trzykrotnie uderzamy si\u0119 w pier\u015b<\/strong>, m\u00f3wi\u0105c: <em>\u201eMoja wina, moja wina, moja bardzo wielka wina\u201d<\/em>.<\/p>\n\n\n\n<p>Ten gest, kt\u00f3ry wielu mo\u017ce postrzega\u0107 jako zwyk\u0142\u0105 tradycj\u0119 powtarzan\u0105 z przyzwyczajenia, w rzeczywisto\u015bci ma ogromne znaczenie duchowe i teologiczne.<\/p>\n\n\n\n<p>Sk\u0105d pochodzi ten gest? Dlaczego uderzamy si\u0119 w pier\u015b i jakie ma to znaczenie dla naszego \u017cycia chrze\u015bcija\u0144skiego? W tym artykule przyjrzymy si\u0119 pochodzeniu, historii i aktualnemu znaczeniu uderzania si\u0119 w pier\u015b podczas Mszy \u015awi\u0119tej, zg\u0142\u0119biaj\u0105c jego wymiar teologiczny i to, jak mo\u017ce on przemieni\u0107 nasz\u0105 relacj\u0119 z Bogiem.<\/p>\n\n\n\n<hr class=\"wp-block-separator has-alpha-channel-opacity\"\/>\n\n\n\n<h2 class=\"wp-block-heading\"><strong>1. Biblijne pochodzenie uderzania si\u0119 w pier\u015b<\/strong><\/h2>\n\n\n\n<p>Uderzanie si\u0119 w pier\u015b jako znak skruchy ma wyra\u017ane biblijne podstawy. W Pi\u015bmie \u015awi\u0119tym znajdujemy ten gest w momentach wielkiej pokory i \u017calu przed Bogiem.<\/p>\n\n\n\n<p>Jednym z najbardziej wymownych fragment\u00f3w jest <strong>przypowie\u015b\u0107 o faryzeuszu i celniku<\/strong> (\u0141k 18,9-14). Podczas gdy faryzeusz modli si\u0119 z dum\u0105 i poczuciem wy\u017cszo\u015bci, <strong>celnik bije si\u0119 w pier\u015b i wo\u0142a<\/strong>: <em>\u201eBo\u017ce, miej lito\u015b\u0107 dla mnie, grzesznika!\u201d<\/em>. Jezus m\u00f3wi nam, \u017ce to w\u0142a\u015bnie on odszed\u0142 do domu usprawiedliwiony, poniewa\u017c jego pokora i skrucha by\u0142y szczere.<\/p>\n\n\n\n<p>Kolejny kluczowy moment znajduje si\u0119 w <strong>opisie M\u0119ki Pa\u0144skiej<\/strong>. Po \u015bmierci Jezusa na Krzy\u017cu \u015bw. \u0141ukasz relacjonuje, \u017ce <em>\u201eca\u0142y t\u0142um, kt\u00f3ry zbieg\u0142 si\u0119 na to widowisko, gdy zobaczy\u0142, co si\u0119 sta\u0142o, wraca\u0142, bij\u0105c si\u0119 w piersi\u201d<\/em> (\u0141k 23,48).<\/p>\n\n\n\n<p>By\u0142 to wi\u0119c gest wyra\u017caj\u0105cy b\u00f3l z powodu grzechu i pro\u015bb\u0119 o Bo\u017ce mi\u0142osierdzie.<\/p>\n\n\n\n<p>Od czas\u00f3w biblijnych uderzanie si\u0119 w pier\u015b by\u0142o <strong>zewn\u0119trznym znakiem wewn\u0119trznej skruchy<\/strong> i uznania w\u0142asnej winy.<\/p>\n\n\n\n<hr class=\"wp-block-separator has-alpha-channel-opacity\"\/>\n\n\n\n<h2 class=\"wp-block-heading\"><strong>2. Rozw\u00f3j tego gestu w liturgii Ko\u015bcio\u0142a<\/strong><\/h2>\n\n\n\n<p>Od pierwszych wiek\u00f3w chrze\u015bcija\u0144stwa wierni przyj\u0119li ten gest jako wyraz \u017calu za grzechy. Sta\u0142 si\u0119 on sta\u0142\u0105 praktyk\u0105 w liturgii, zw\u0142aszcza podczas publicznego wyznawania grzech\u00f3w.<\/p>\n\n\n\n<p>\u015aw. Augustyn w swoich kazaniach zach\u0119ca\u0142 wiernych do bicia si\u0119 w pier\u015b, m\u00f3wi\u0105c: <em>\u201eBijemy si\u0119 w piersi: to trybuna\u0142 duszy. Wyznajemy nasze grzechy i wyrzucamy je z siebie\u201d<\/em>.<\/p>\n\n\n\n<p>Z czasem gest ten sta\u0142 si\u0119 szczeg\u00f3lnie zwi\u0105zany z <strong>Confiteor<\/strong>, modlitw\u0105 pokutn\u0105 odmawian\u0105 podczas Mszy \u015awi\u0119tej. W tradycyjnym rycie \u0142aci\u0144skim kap\u0142an i wierni modl\u0105 si\u0119:<\/p>\n\n\n\n<p><em>&#8222;Conf\u00edteor Deo omnipot\u00e9nti, be\u00e1t\u00e6 Mar\u00ed\u00e6 semper V\u00edrgini, be\u00e1to Micha\u00e9li Arch\u00e1ngelo, be\u00e1to Io\u00e1nni Bapt\u00edst\u00e6, sanctis Ap\u00f3stolis Petro et Paulo, \u00f3mnibus Sanctis, et vobis, fratres, quia pecc\u00e1vi nimis cogitati\u00f3ne, verbo et \u00f3pere: mea culpa, mea culpa, mea m\u00e1xima culpa.&#8221;<\/em><\/p>\n\n\n\n<p>Wypowiadaj\u0105c s\u0142owa <em>\u201emea culpa, mea culpa, mea m\u00e1xima culpa\u201d<\/em>, wierni <strong>trzykrotnie uderzaj\u0105 si\u0119 w pier\u015b<\/strong>, uznaj\u0105c swoj\u0105 grzeszno\u015b\u0107 z pokor\u0105 i \u017calem.<\/p>\n\n\n\n<hr class=\"wp-block-separator has-alpha-channel-opacity\"\/>\n\n\n\n<h2 class=\"wp-block-heading\"><strong>3. G\u0142\u0119bokie znaczenie teologiczne tego gestu<\/strong><\/h2>\n\n\n\n<p>Akt bicia si\u0119 w pier\u015b ma kilka duchowych znacze\u0144:<\/p>\n\n\n\n<h3 class=\"wp-block-heading\"><strong>a) Znak pokory i uznania grzechu<\/strong><\/h3>\n\n\n\n<p>Uderzanie si\u0119 w pier\u015b jest aktem pokory. W Pi\u015bmie \u015awi\u0119tym serce symbolizuje centrum cz\u0142owieka, miejsce, w kt\u00f3rym rodz\u0105 si\u0119 my\u015bli, intencje i decyzje. Uderzaj\u0105c si\u0119 w pier\u015b, przyznajemy, \u017ce nasze grzechy wyp\u0142ywaj\u0105 z naszego wn\u0119trza.<\/p>\n\n\n\n<h3 class=\"wp-block-heading\"><strong>b) Gest szczerego nawr\u00f3cenia<\/strong><\/h3>\n\n\n\n<p>Nie jest to jedynie formalno\u015b\u0107, lecz zaproszenie do rzeczywistej przemiany. Wykonuj\u0105c ten gest, zobowi\u0105zujemy si\u0119 do poprawy, do walki z grzechem i do szukania Bo\u017cej \u0142aski.<\/p>\n\n\n\n<h3 class=\"wp-block-heading\"><strong>c) Przypomnienie o Bo\u017cym mi\u0142osierdziu<\/strong><\/h3>\n\n\n\n<p>Cho\u0107 uznajemy nasz\u0105 win\u0119, ten gest nie jest aktem rozpaczy, lecz wyrazem ufno\u015bci w Bo\u017ce przebaczenie. Przypomina nam, \u017ce B\u00f3g nigdy nie odrzuca skruszonego grzesznika, lecz zawsze got\u00f3w jest go przyj\u0105\u0107.<\/p>\n\n\n\n<hr class=\"wp-block-separator has-alpha-channel-opacity\"\/>\n\n\n\n<h2 class=\"wp-block-heading\"><strong>4. Aktualne znaczenie tego gestu w naszym \u017cyciu duchowym<\/strong><\/h2>\n\n\n\n<p>Dzisiaj grozi nam popadni\u0119cie w dwie skrajno\u015bci: <strong>bagatelizowanie grzechu<\/strong> lub <strong>rozpacz z jego powodu<\/strong>. Uderzanie si\u0119 w pier\u015b pomaga nam odnale\u017a\u0107 r\u00f3wnowag\u0119 mi\u0119dzy tymi dwiema postawami.<\/p>\n\n\n\n<h3 class=\"wp-block-heading\"><strong>a) Odzyskanie \u015bwiadomo\u015bci grzechu<\/strong><\/h3>\n\n\n\n<p>We wsp\u00f3\u0142czesnym \u015bwiecie, kt\u00f3ry coraz bardziej relatywizuje grzech, ten gest przypomina nam o jego powadze i konieczno\u015bci nawr\u00f3cenia. Nie jest to pusty rytua\u0142, ale zaproszenie do rachunku sumienia i do sakramentu pokuty.<\/p>\n\n\n\n<h3 class=\"wp-block-heading\"><strong>b) Unikanie rozpaczy<\/strong><\/h3>\n\n\n\n<p>Z drugiej strony ten akt przypomina nam, \u017ce Bo\u017ce mi\u0142osierdzie jest niesko\u0144czone. Nie ma znaczenia, ile razy upadniemy \u2013 je\u015bli szczerze si\u0119 nawr\u00f3cimy i wyspowiadamy, B\u00f3g nam przebaczy.<\/p>\n\n\n\n<h3 class=\"wp-block-heading\"><strong>c) G\u0142\u0119bsze prze\u017cywanie Mszy \u015awi\u0119tej<\/strong><\/h3>\n\n\n\n<p>Gdy wykonujemy ten gest z pe\u0142n\u0105 \u015bwiadomo\u015bci\u0105, Msza \u015awi\u0119ta staje si\u0119 dla nas g\u0142\u0119bszym spotkaniem z Bogiem. Przygotowujemy si\u0119 do przyj\u0119cia Eucharystii, uznaj\u0105c nasz\u0105 niegodno\u015b\u0107, ale ufaj\u0105c w Jego mi\u0142o\u015b\u0107.<\/p>\n\n\n\n<hr class=\"wp-block-separator has-alpha-channel-opacity\"\/>\n\n\n\n<h2 class=\"wp-block-heading\"><strong>5. Jak wykonywa\u0107 ten gest z wi\u0119ksz\u0105 \u015bwiadomo\u015bci\u0105?<\/strong><\/h2>\n\n\n\n<p>Aby unikn\u0105\u0107 mechanicznego wykonywania tego gestu, mo\u017cemy:<\/p>\n\n\n\n<ol class=\"wp-block-list\">\n<li><strong>Wypowiada\u0107 s\u0142owa z uwag\u0105<\/strong> \u2013 kiedy m\u00f3wimy <em>\u201eMoja wina, moja wina, moja bardzo wielka wina\u201d<\/em>, powinni\u015bmy rzeczywi\u015bcie uzna\u0107 nasze grzechy.<\/li>\n\n\n\n<li><strong>Towarzyszy\u0107 temu gestowi kr\u00f3tk\u0105 modlitw\u0105 w sercu<\/strong> \u2013 mo\u017cemy powtarza\u0107: <em>\u201ePanie, zmi\u0142uj si\u0119 nade mn\u0105, grzesznikiem\u201d<\/em>, jak celnik w Ewangelii.<\/li>\n\n\n\n<li><strong>Regularnie robi\u0107 rachunek sumienia<\/strong> \u2013 ten gest powinien nas sk\u0142ania\u0107 do refleksji nad naszym post\u0119powaniem i do cz\u0119stego korzystania z sakramentu pokuty.<\/li>\n\n\n\n<li><strong>Pami\u0119ta\u0107, \u017ce B\u00f3g jest mi\u0142osierny<\/strong> \u2013 nie chodzi o to, by tkwi\u0107 w poczuciu winy, ale by otworzy\u0107 si\u0119 na Bo\u017c\u0105 mi\u0142o\u015b\u0107, kt\u00f3ra nas przemienia.<\/li>\n<\/ol>\n\n\n\n<hr class=\"wp-block-separator has-alpha-channel-opacity\"\/>\n\n\n\n<h2 class=\"wp-block-heading\"><strong>Zako\u0144czenie: Gest prowadz\u0105cy do \u015bwi\u0119to\u015bci<\/strong><\/h2>\n\n\n\n<p>Uderzanie si\u0119 w pier\u015b nie jest pustym rytua\u0142em, lecz <strong>g\u0142\u0119bokim wyrazem \u017cycia duchowego<\/strong>. Dzi\u0119ki niemu uznajemy nasz\u0105 s\u0142abo\u015b\u0107, otwieramy si\u0119 na nawr\u00f3cenie i ufamy Bo\u017cemu mi\u0142osierdziu.<\/p>\n\n\n\n<p>Ka\u017cde uderzenie w pier\u015b i s\u0142owa <em>\u201eMoja wina, moja wina, moja bardzo wielka wina\u201d<\/em> powinny by\u0107 dla nas modlitw\u0105 p\u0142yn\u0105c\u0105 z pokornego i skruszonego serca.<\/p>\n\n\n\n<p>Niech ten gest przypomina nam, \u017ce mimo naszej grzeszno\u015bci jeste\u015bmy powo\u0142ani do \u0142aski i niesko\u0144czonej mi\u0142o\u015bci Boga. <strong>Jego mi\u0142osierdzie zawsze jest wi\u0119ksze ni\u017c nasza wina.<\/strong><\/p>\n","protected":false},"excerpt":{"rendered":"<p>Kiedy podczas Mszy \u015awi\u0119tej odmawiamy modlitw\u0119 Confiteor, staro\u017cytn\u0105 modlitw\u0119 wyznania grzech\u00f3w, towarzyszymy naszym s\u0142owom uroczystym gestem: trzykrotnie uderzamy si\u0119 w pier\u015b, m\u00f3wi\u0105c: \u201eMoja wina, moja wina, moja bardzo wielka wina\u201d. Ten gest, kt\u00f3ry wielu mo\u017ce postrzega\u0107 jako zwyk\u0142\u0105 tradycj\u0119 powtarzan\u0105 z przyzwyczajenia, w rzeczywisto\u015bci ma ogromne znaczenie duchowe i teologiczne. Sk\u0105d pochodzi ten gest? Dlaczego &hellip;<\/p>\n","protected":false},"author":3,"featured_media":2701,"comment_status":"open","ping_status":"open","sticky":false,"template":"","format":"standard","meta":{"_seopress_robots_primary_cat":"","_seopress_titles_title":"","_seopress_titles_desc":"","_seopress_robots_index":"","footnotes":""},"categories":[38,52],"tags":[665,664],"class_list":["post-2700","post","type-post","status-publish","format-standard","has-post-thumbnail","","category-historia-i-tradycja","category-liturgia-i-rok-liturgiczny","tag-confiteor","tag-moja-bardzo-wielka-wina"],"_links":{"self":[{"href":"https:\/\/catholicus.eu\/pl\/wp-json\/wp\/v2\/posts\/2700","targetHints":{"allow":["GET"]}}],"collection":[{"href":"https:\/\/catholicus.eu\/pl\/wp-json\/wp\/v2\/posts"}],"about":[{"href":"https:\/\/catholicus.eu\/pl\/wp-json\/wp\/v2\/types\/post"}],"author":[{"embeddable":true,"href":"https:\/\/catholicus.eu\/pl\/wp-json\/wp\/v2\/users\/3"}],"replies":[{"embeddable":true,"href":"https:\/\/catholicus.eu\/pl\/wp-json\/wp\/v2\/comments?post=2700"}],"version-history":[{"count":1,"href":"https:\/\/catholicus.eu\/pl\/wp-json\/wp\/v2\/posts\/2700\/revisions"}],"predecessor-version":[{"id":2702,"href":"https:\/\/catholicus.eu\/pl\/wp-json\/wp\/v2\/posts\/2700\/revisions\/2702"}],"wp:featuredmedia":[{"embeddable":true,"href":"https:\/\/catholicus.eu\/pl\/wp-json\/wp\/v2\/media\/2701"}],"wp:attachment":[{"href":"https:\/\/catholicus.eu\/pl\/wp-json\/wp\/v2\/media?parent=2700"}],"wp:term":[{"taxonomy":"category","embeddable":true,"href":"https:\/\/catholicus.eu\/pl\/wp-json\/wp\/v2\/categories?post=2700"},{"taxonomy":"post_tag","embeddable":true,"href":"https:\/\/catholicus.eu\/pl\/wp-json\/wp\/v2\/tags?post=2700"}],"curies":[{"name":"wp","href":"https:\/\/api.w.org\/{rel}","templated":true}]}}