{"id":2688,"date":"2025-03-14T22:14:02","date_gmt":"2025-03-14T21:14:02","guid":{"rendered":"https:\/\/catholicus.eu\/pl\/?p=2688"},"modified":"2025-03-14T22:14:03","modified_gmt":"2025-03-14T21:14:03","slug":"jezus-cierpiacy-sluga-wielki-tydzien-przypomina-nam-cene-naszego-odkupienia","status":"publish","type":"post","link":"https:\/\/catholicus.eu\/pl\/jezus-cierpiacy-sluga-wielki-tydzien-przypomina-nam-cene-naszego-odkupienia\/","title":{"rendered":"Jezus, Cierpi\u0105cy S\u0142uga: Wielki Tydzie\u0144 przypomina nam cen\u0119 naszego odkupienia"},"content":{"rendered":"\n<p class=\"wp-block-paragraph\">Wielki Tydzie\u0144 to bez w\u0105tpienia jeden z najbardziej poruszaj\u0105cych i g\u0142\u0119bokich moment\u00f3w w katolickim roku liturgicznym. To czas, w kt\u00f3rym Ko\u015bci\u00f3\u0142 zaprasza nas, by\u015bmy zatrzymali si\u0119, zastanowili i kontemplowali centraln\u0105 tajemnic\u0119 naszej wiary: niesko\u0144czon\u0105 mi\u0142o\u015b\u0107 Boga objawion\u0105 w osobie Jezusa Chrystusa, Cierpi\u0105cego S\u0142ugi, kt\u00f3ry odda\u0142 swoje \u017cycie za nasze zbawienie. Ten artyku\u0142 ma na celu zg\u0142\u0119bienie serca tej tajemnicy, odkrycie jej pochodzenia, teologicznego znaczenia oraz jej aktualno\u015bci we wsp\u00f3\u0142czesnym \u015bwiecie. Niech te s\u0142owa stan\u0105 si\u0119 dla nas duchowym przewodnikiem, kszta\u0142tuj\u0105 nasz\u0105 wiar\u0119 i inspiruj\u0105 do pe\u0142niejszego prze\u017cywania daru odkupienia.<\/p>\n\n\n\n<hr class=\"wp-block-separator has-alpha-channel-opacity\"\/>\n\n\n\n<h3 class=\"wp-block-heading\"><strong>Cierpi\u0105cy S\u0142uga: Tajemnica zapowiedziana<\/strong><\/h3>\n\n\n\n<p class=\"wp-block-paragraph\">Posta\u0107 Jezusa jako Cierpi\u0105cego S\u0142ugi nie jest wymys\u0142em Ewangelii, lecz Bo\u017cym planem, kt\u00f3ry stopniowo objawia si\u0119 na kartach Pisma \u015awi\u0119tego. W Starym Testamencie prorok Izajasz przedstawia jedn\u0105 z najbardziej poruszaj\u0105cych wizji tej tajemnicy. W tak zwanych \u201ePie\u015bniach S\u0142ugi\u201d (Izajasz 42, 49, 50 oraz 52-53) ukazany jest S\u0142uga, kt\u00f3ry, cho\u0107 niewinny, bierze na siebie grzechy wielu i sk\u0142ada swoje \u017cycie w ofierze przeb\u0142agalnej.<\/p>\n\n\n\n<blockquote class=\"wp-block-quote is-layout-flow wp-block-quote-is-layout-flow\">\n<p class=\"wp-block-paragraph\"><em>\u201eWzgardzony i odepchni\u0119ty przez ludzi, m\u0105\u017c bole\u015bci, oswojony z cierpieniem, jak kto\u015b, przed kim si\u0119 twarze zakrywa, wzgardzony tak, \u017ce nie liczyli\u015bmy Go za nic. Lecz On si\u0119 obarczy\u0142 naszym cierpieniem, On d\u017awiga\u0142 nasze bole\u015bci, a my uznali\u015bmy Go za skaza\u0144ca, ch\u0142ostanego przez Boga i zdeptanego. Lecz On by\u0142 przebity za nasze grzechy, zdruzgotany za nasze winy. Spad\u0142a Na\u0144 ch\u0142osta zbawienna dla nas, a w Jego ranach jest nasze uzdrowienie\u201d<\/em>&nbsp;(Izajasz 53, 3-5).<\/p>\n<\/blockquote>\n\n\n\n<p class=\"wp-block-paragraph\">Te s\u0142owa, spisane wieki przed Chrystusem, znajduj\u0105 swoje wype\u0142nienie w Jezusie. On jest S\u0142ug\u0105, kt\u00f3ry z mi\u0142o\u015bci bezwarunkowej przyjmuje cierpienie i \u015bmier\u0107, aby nas pojedna\u0107 z Bogiem. Ten fragment z Izajasza nie tylko pomaga nam zrozumie\u0107 to\u017csamo\u015b\u0107 Jezusa, ale tak\u017ce ods\u0142ania samo serce Boga: serce, kt\u00f3re nie waha si\u0119 odda\u0107 wszystkiego z mi\u0142o\u015bci do swoich dzieci.<\/p>\n\n\n\n<hr class=\"wp-block-separator has-alpha-channel-opacity\"\/>\n\n\n\n<h3 class=\"wp-block-heading\"><strong>Wielki Tydzie\u0144: Wype\u0142nienie planu zbawienia<\/strong><\/h3>\n\n\n\n<p class=\"wp-block-paragraph\">Wielki Tydzie\u0144 to czas, w kt\u00f3rym Ko\u015bci\u00f3\u0142 wspomina ostatnie dni ziemskiego \u017cycia Jezusa, od Jego triumfalnego wjazdu do Jerozolimy po chwalebn\u0105 zmartwychwstanie. Ka\u017cdy dzie\u0144 tego tygodnia ma g\u0142\u0119bokie znaczenie, ale to w Triduum Paschalnym (Wielki Czwartek, Wielki Pi\u0105tek i Wielka Sobota) koncentruje si\u0119 sedno naszej wiary.<\/p>\n\n\n\n<ul class=\"wp-block-list\">\n<li><strong>Wielki Czwartek<\/strong>: Ten dzie\u0144 przypomina nam o ustanowieniu Eucharystii i kap\u0142a\u0144stwa s\u0142u\u017cebnego. Podczas Ostatniej Wieczerzy Jezus nie tylko zapowiada swoj\u0105 ofiar\u0119, ale tak\u017ce pozostawia nam przykazanie mi\u0142o\u015bci:\u00a0<em>\u201eMi\u0142ujcie si\u0119 wzajemnie, jak Ja was umi\u0142owa\u0142em\u201d<\/em>\u00a0(Jana 13, 34). Tutaj Cierpi\u0105cy S\u0142uga staje si\u0119 Chlebem \u017bycia, ofiaruj\u0105c siebie jako pokarm dla naszej duszy.<\/li>\n\n\n\n<li><strong>Wielki Pi\u0105tek<\/strong>: To dzie\u0144 ofiary. Jezus, d\u017awigaj\u0105c krzy\u017c, idzie na Golgot\u0119. W Jego m\u0119ce i \u015bmierci widzimy cen\u0119 naszego odkupienia. Ka\u017cdy cios, ka\u017cda rana, ka\u017cda kropla przelanej krwi to akt niesko\u0144czonej mi\u0142o\u015bci. \u015awi\u0119ty Pawe\u0142 wyra\u017ca to jasno:\u00a0<em>\u201eChrystus wykupi\u0142 nas od przekle\u0144stwa Prawa, staj\u0105c si\u0119 za nas przekle\u0144stwem\u201d<\/em>\u00a0(Galat\u00f3w 3, 13). Na krzy\u017cu Cierpi\u0105cy S\u0142uga pokazuje nam, \u017ce nie ma wi\u0119kszej mi\u0142o\u015bci ni\u017c oddanie \u017cycia za przyjaci\u00f3\u0142 (Jana 15, 13).<\/li>\n\n\n\n<li><strong>Wielka Sobota<\/strong>: To dzie\u0144 ciszy i oczekiwania. Cia\u0142o Jezusa spoczywa w grobie, ale w ciemno\u015bciach grobu ju\u017c wida\u0107 \u015bwiat\u0142o zmartwychwstania. Ten dzie\u0144 zaprasza nas do refleksji nad tajemnic\u0105 \u015bmierci i do zaufania obietnicy \u017cycia wiecznego.<\/li>\n\n\n\n<li><strong>Niedziela Zmartwychwstania<\/strong>: Rado\u015b\u0107 Wielkanocy przypomina nam, \u017ce cierpienie nie ma ostatniego s\u0142owa. Jezus, Cierpi\u0105cy S\u0142uga, zwyci\u0119\u017cy\u0142 \u015bmier\u0107 i otworzy\u0142 nam bramy nieba. Jak m\u00f3wi aposto\u0142 Pawe\u0142:\u00a0<em>\u201eGdzie jest, o \u015bmierci, twoje zwyci\u0119stwo? Gdzie jest, o \u015bmierci, twoje \u017c\u0105d\u0142o?\u201d<\/em>\u00a0(1 Koryntian 15, 55).<\/li>\n<\/ul>\n\n\n\n<hr class=\"wp-block-separator has-alpha-channel-opacity\"\/>\n\n\n\n<h3 class=\"wp-block-heading\"><strong>Aktualne znaczenie Cierpi\u0105cego S\u0142ugi<\/strong><\/h3>\n\n\n\n<p class=\"wp-block-paragraph\">W \u015bwiecie naznaczonym cierpieniem, niesprawiedliwo\u015bci\u0105 i niepewno\u015bci\u0105 posta\u0107 Jezusa jako Cierpi\u0105cego S\u0142ugi nabiera g\u0142\u0119bokiego znaczenia. Jego przyk\u0142ad uczy nas, \u017ce cierpienie, gdy jest prze\u017cywane w jedno\u015bci z Chrystusem, ma warto\u015b\u0107 zbawcz\u0105. Nie chodzi o gloryfikowanie b\u00f3lu, ale o odnalezienie w nim g\u0142\u0119bszego sensu: uczestnictwa w dziele zbawienia.<\/p>\n\n\n\n<p class=\"wp-block-paragraph\">Dzi\u015b, tak jak dawniej, wiele os\u00f3b d\u017awiga ci\u0119\u017ckie krzy\u017ce: chorzy, ubodzy, migranci, prze\u015bladowani za wiar\u0119&#8230; W nich mo\u017cemy dostrzec oblicze cierpi\u0105cego Chrystusa. Wielki Tydzie\u0144 wzywa nas, by\u015bmy nie byli oboj\u0119tni na cierpienie innych, ale by\u015bmy byli solidarni, d\u017awigaj\u0105c nawzajem swoje brzemiona (Galat\u00f3w 6, 2).<\/p>\n\n\n\n<p class=\"wp-block-paragraph\">Ponadto Cierpi\u0105cy S\u0142uga stawia nam wyzwanie, by\u015bmy \u017cyli w pokorze i bezinteresowno\u015bci. W kulturze, kt\u00f3ra gloryfikuje sukces i w\u0142adz\u0119, Jezus pokazuje nam, \u017ce prawdziwa wielko\u015b\u0107 polega na s\u0142u\u017cbie i mi\u0142o\u015bci bezinteresownej. Jak sam powiedzia\u0142:&nbsp;<em>\u201eKto chce by\u0107 pierwszy, niech b\u0119dzie ostatnim ze wszystkich i s\u0142ug\u0105 wszystkich\u201d<\/em>&nbsp;(Marka 9, 35).<\/p>\n\n\n\n<hr class=\"wp-block-separator has-alpha-channel-opacity\"\/>\n\n\n\n<h3 class=\"wp-block-heading\"><strong>Anegdota do refleksji<\/strong><\/h3>\n\n\n\n<p class=\"wp-block-paragraph\">Stara tradycja opowiada, \u017ce podczas M\u0119ki Chrystusa anio\u0142 ukaza\u0142 si\u0119 Maryi i zapyta\u0142:&nbsp;<em>\u201eCo sprawia ci najwi\u0119kszy b\u00f3l ze wszystkiego, co tw\u00f3j Syn prze\u017cywa?\u201d<\/em>&nbsp;Maryja odpowiedzia\u0142a:&nbsp;<em>\u201eNajbardziej boli mnie to, \u017ce mimo tak wielkiej mi\u0142o\u015bci wielu Go nie przyjmie.\u201d<\/em>&nbsp;Ta anegdota sk\u0142ania nas do zadania sobie pytania: Jak odpowiadamy na mi\u0142o\u015b\u0107 Jezusa? Czy przyjmujemy dar Jego odkupienia, czy traktujemy go jako co\u015b oczywistego?<\/p>\n\n\n\n<hr class=\"wp-block-separator has-alpha-channel-opacity\"\/>\n\n\n\n<h3 class=\"wp-block-heading\"><strong>Zako\u0144czenie: Cena naszego odkupienia<\/strong><\/h3>\n\n\n\n<p class=\"wp-block-paragraph\">Wielki Tydzie\u0144 przypomina nam, \u017ce nasze zbawienie nie przysz\u0142o tanio. Jezus, Cierpi\u0105cy S\u0142uga, zap\u0142aci\u0142 najwy\u017csz\u0105 cen\u0119 za nas. Jego ofiara na krzy\u017cu jest najwi\u0119kszym dowodem mi\u0142o\u015bci, jaki mo\u017cemy sobie wyobrazi\u0107. Ten \u015bwi\u0119ty czas to okazja, by odnowi\u0107 nasz\u0105 wiar\u0119, podzi\u0119kowa\u0107 za ten niezas\u0142u\u017cony dar i zobowi\u0105za\u0107 si\u0119 do \u017cycia jako prawdziwi uczniowie Chrystusa.<\/p>\n\n\n\n<p class=\"wp-block-paragraph\">Niech ten Wielki Tydzie\u0144 nie b\u0119dzie tylko historycznym wspomnieniem, ale \u017cywym spotkaniem z mi\u0142o\u015bci\u0105 Boga. Kontempluj\u0105c Cierpi\u0105cego S\u0142ug\u0119, uczmy si\u0119 kocha\u0107 tak, jak On nas umi\u0142owa\u0142. I na ko\u0144cu naszej drogi niech nam b\u0119dzie dane uczestniczy\u0107 w chwale Jego zmartwychwstania.<\/p>\n\n\n\n<p class=\"wp-block-paragraph\"><em>\u201eTak bowiem B\u00f3g umi\u0142owa\u0142 \u015bwiat, \u017ce Syna swego Jednorodzonego da\u0142, aby ka\u017cdy, kto w Niego wierzy, nie zgin\u0105\u0142, ale mia\u0142 \u017cycie wieczne\u201d<\/em>&nbsp;(Jana 3, 16). Amen.<\/p>\n","protected":false},"excerpt":{"rendered":"<p>Wielki Tydzie\u0144 to bez w\u0105tpienia jeden z najbardziej poruszaj\u0105cych i g\u0142\u0119bokich moment\u00f3w w katolickim roku liturgicznym. To czas, w kt\u00f3rym Ko\u015bci\u00f3\u0142 zaprasza nas, by\u015bmy zatrzymali si\u0119, zastanowili i kontemplowali centraln\u0105 tajemnic\u0119 naszej wiary: niesko\u0144czon\u0105 mi\u0142o\u015b\u0107 Boga objawion\u0105 w osobie Jezusa Chrystusa, Cierpi\u0105cego S\u0142ugi, kt\u00f3ry odda\u0142 swoje \u017cycie za nasze zbawienie. Ten artyku\u0142 ma na celu &hellip;<\/p>\n","protected":false},"author":3,"featured_media":2689,"comment_status":"open","ping_status":"open","sticky":false,"template":"","format":"standard","meta":{"_seopress_titles_title":"","_seopress_titles_desc":"","_seopress_robots_index":"","_seopress_robots_follow":"","_seopress_robots_imageindex":"","_seopress_robots_snippet":"","_seopress_robots_primary_cat":"","_seopress_robots_breadcrumbs":"","_seopress_robots_freeze_modified_date":"","_seopress_robots_custom_modified_date":"","_seopress_robots_canonical":"","_seopress_social_fb_title":"","_seopress_social_fb_desc":"","_seopress_social_fb_img":"","_seopress_social_fb_img_attachment_id":0,"_seopress_social_fb_img_width":0,"_seopress_social_fb_img_height":0,"_seopress_social_twitter_title":"","_seopress_social_twitter_desc":"","_seopress_social_twitter_img":"","_seopress_social_twitter_img_attachment_id":0,"_seopress_social_twitter_img_width":0,"_seopress_social_twitter_img_height":0,"_seopress_redirections_value":"","_seopress_redirections_enabled":"","_seopress_redirections_enabled_regex":"","_seopress_redirections_logged_status":"","_seopress_redirections_param":"","_seopress_redirections_type":0,"_seopress_analysis_target_kw":"","footnotes":""},"categories":[38,52],"tags":[655,656,654,630],"class_list":["post-2688","post","type-post","status-publish","format-standard","has-post-thumbnail","","category-historia-i-tradycja","category-liturgia-i-rok-liturgiczny","tag-cierpiacy-sluga","tag-izajasz","tag-jezus","tag-wielki-tydzien"],"_links":{"self":[{"href":"https:\/\/catholicus.eu\/pl\/wp-json\/wp\/v2\/posts\/2688","targetHints":{"allow":["GET"]}}],"collection":[{"href":"https:\/\/catholicus.eu\/pl\/wp-json\/wp\/v2\/posts"}],"about":[{"href":"https:\/\/catholicus.eu\/pl\/wp-json\/wp\/v2\/types\/post"}],"author":[{"embeddable":true,"href":"https:\/\/catholicus.eu\/pl\/wp-json\/wp\/v2\/users\/3"}],"replies":[{"embeddable":true,"href":"https:\/\/catholicus.eu\/pl\/wp-json\/wp\/v2\/comments?post=2688"}],"version-history":[{"count":1,"href":"https:\/\/catholicus.eu\/pl\/wp-json\/wp\/v2\/posts\/2688\/revisions"}],"predecessor-version":[{"id":2690,"href":"https:\/\/catholicus.eu\/pl\/wp-json\/wp\/v2\/posts\/2688\/revisions\/2690"}],"wp:featuredmedia":[{"embeddable":true,"href":"https:\/\/catholicus.eu\/pl\/wp-json\/wp\/v2\/media\/2689"}],"wp:attachment":[{"href":"https:\/\/catholicus.eu\/pl\/wp-json\/wp\/v2\/media?parent=2688"}],"wp:term":[{"taxonomy":"category","embeddable":true,"href":"https:\/\/catholicus.eu\/pl\/wp-json\/wp\/v2\/categories?post=2688"},{"taxonomy":"post_tag","embeddable":true,"href":"https:\/\/catholicus.eu\/pl\/wp-json\/wp\/v2\/tags?post=2688"}],"curies":[{"name":"wp","href":"https:\/\/api.w.org\/{rel}","templated":true}]}}