{"id":2685,"date":"2025-03-14T21:34:06","date_gmt":"2025-03-14T20:34:06","guid":{"rendered":"https:\/\/catholicus.eu\/pl\/?p=2685"},"modified":"2025-03-14T21:34:07","modified_gmt":"2025-03-14T20:34:07","slug":"wielka-sobota-dzien-wielkiej-ciszy-co-tak-naprawde-wydarzylo-sie-miedzy-smiercia-a-zmartwychwstaniem-chrystusa","status":"publish","type":"post","link":"https:\/\/catholicus.eu\/pl\/wielka-sobota-dzien-wielkiej-ciszy-co-tak-naprawde-wydarzylo-sie-miedzy-smiercia-a-zmartwychwstaniem-chrystusa\/","title":{"rendered":"Wielka Sobota: Dzie\u0144 Wielkiej Ciszy \u2013 Co Tak Naprawd\u0119 Wydarzy\u0142o Si\u0119 Mi\u0119dzy \u015amierci\u0105 a Zmartwychwstaniem Chrystusa?"},"content":{"rendered":"\n<p>Wielka Sobota jest by\u0107 mo\u017ce najbardziej tajemniczym dniem Triduum Paschalnego. To czas pozornej bezczynno\u015bci, moment ciszy mi\u0119dzy dramatycznym Wielkim Pi\u0105tkiem a radosn\u0105 Niedziel\u0105 Zmartwychwstania. Jednak w tej \u201ewielkiej ciszy\u201d dokona\u0142o si\u0119 wydarzenie o ogromnym znaczeniu: <strong>Chrystus zst\u0105pi\u0142 do otch\u0142ani<\/strong>.<\/p>\n\n\n\n<p>Co to naprawd\u0119 oznacza? Co wydarzy\u0142o si\u0119 w tym dniu? Dlaczego Ko\u015bci\u00f3\u0142 obchodzi go z tak\u0105 powag\u0105?<\/p>\n\n\n\n<p>W tym artykule przyjrzymy si\u0119 g\u0142\u0119boko znaczeniu Wielkiej Soboty, jej teologicznej donios\u0142o\u015bci oraz temu, jak mo\u017cemy zastosowa\u0107 jej przes\u0142anie w naszym \u017cyciu duchowym.<\/p>\n\n\n\n<hr class=\"wp-block-separator has-alpha-channel-opacity\"\/>\n\n\n\n<h2 class=\"wp-block-heading\"><strong>1. Tajemnica Wielkiej Soboty: Gdzie By\u0142 Chrystus po Swojej \u015amierci?<\/strong><\/h2>\n\n\n\n<p>Kiedy Jezus umar\u0142 na krzy\u017cu, Jego cia\u0142o zosta\u0142o z\u0142o\u017cone do grobu, ale Jego dusza kontynuowa\u0142a misj\u0119 zbawienia. Od pierwszych wiek\u00f3w Ko\u015bci\u00f3\u0142 naucza, \u017ce mi\u0119dzy \u015bmierci\u0105 a zmartwychwstaniem Chrystus <strong>\u201ezst\u0105pi\u0142 do piekie\u0142\u201d<\/strong>, jak wyznajemy w Credo Apostolskim.<\/p>\n\n\n\n<p>To \u201ezst\u0105pienie\u201d nie by\u0142o kar\u0105 ani pot\u0119pieniem, lecz <strong>wyzwoleniem<\/strong>. Jezus nie uda\u0142 si\u0119 do piek\u0142a pot\u0119pionych, lecz do <strong>\u201eszeolu\u201d<\/strong> lub <strong>\u201ehadesu\u201d<\/strong>, miejsca, gdzie przebywa\u0142y dusze sprawiedliwych zmar\u0142ych przed dokonaniem si\u0119 Odkupienia. Tam og\u0142osi\u0142 swoj\u0105 ostateczn\u0105 <strong>zwyci\u0119sk\u0105 misj\u0119<\/strong>.<\/p>\n\n\n\n<p>\u015awi\u0119ty Piotr wyja\u015bnia to w swoim Pierwszym Li\u015bcie:<\/p>\n\n\n\n<blockquote class=\"wp-block-quote is-layout-flow wp-block-quote-is-layout-flow\">\n<p><strong>\u201eChrystus bowiem r\u00f3wnie\u017c raz umar\u0142 za grzechy, sprawiedliwy za niesprawiedliwych, aby was do Boga przyprowadzi\u0107; zabity wprawdzie na ciele, ale powo\u0142any do \u017cycia przez Ducha. W nim poszed\u0142 og\u0142osi\u0107 zbawienie nawet duchom zamkni\u0119tym w wi\u0119zieniu.\u201d<\/strong> (1 P 3,18-19)<\/p>\n<\/blockquote>\n\n\n\n<p>Innymi s\u0142owy, dusza Chrystusa, zjednoczona z Jego b\u00f3stwem, wesz\u0142a do krainy umar\u0142ych i og\u0142osi\u0142a swoje zwyci\u0119stwo. Sprawiedliwi Starego Testamentu \u2013 Adam, Ewa, Noe, Abraham, Moj\u017cesz, Dawid, prorocy \u2013 otrzymali pe\u0142ni\u0119 zbawienia.<\/p>\n\n\n\n<p>To wydarzenie znane jest jako <strong>\u201eAnastasis\u201d<\/strong>, czyli zst\u0105pienie Chrystusa do otch\u0142ani, aby uwolni\u0107 \u015bwi\u0119tych Starego Przymierza. W ikonografii chrze\u015bcija\u0144skiej Wschodu Jezus cz\u0119sto ukazywany jest jako Ten, kt\u00f3ry wyci\u0105ga r\u0119ce do Adama i Ewy, prowadz\u0105c ich ku \u015bwiat\u0142u.<\/p>\n\n\n\n<hr class=\"wp-block-separator has-alpha-channel-opacity\"\/>\n\n\n\n<h2 class=\"wp-block-heading\"><strong>2. Znaczenie Teologiczne Zst\u0105pienia do Otch\u0142ani<\/strong><\/h2>\n\n\n\n<p>Katechizm Ko\u015bcio\u0142a Katolickiego naucza, \u017ce <strong>\u201ezst\u0105pienie do piekie\u0142 oznacza ostateczne wype\u0142nienie zbawczej misji Jezusa\u201d<\/strong> (KKK 634). To misterium ods\u0142ania trzy fundamentalne prawdy:<\/p>\n\n\n\n<ol class=\"wp-block-list\">\n<li><strong>Chrystus jest Panem zar\u00f3wno \u017cywych, jak i umar\u0142ych.<\/strong> Zst\u0119puj\u0105c do krainy umar\u0142ych, Jezus nie tylko pokona\u0142 \u015bmier\u0107, ale tak\u017ce wybawi\u0142 sprawiedliwych, kt\u00f3rzy umarli przed Jego ukrzy\u017cowaniem.<\/li>\n\n\n\n<li><strong>\u015amier\u0107 nie ma ostatniego s\u0142owa.<\/strong> Jezus przenika ciemno\u015bci krainy umar\u0142ych i roz\u015bwietla je swoim \u015bwiat\u0142em. To, co wydawa\u0142o si\u0119 ko\u0144cem wszystkiego, staje si\u0119 pocz\u0105tkiem powszechnego Odkupienia.<\/li>\n\n\n\n<li><strong>Chrystus w pe\u0142ni podzieli\u0142 ludzk\u0105 kondycj\u0119, tak\u017ce w \u015bmierci.<\/strong> Po swojej \u015bmierci Jego dusza uda\u0142a si\u0119 tam, gdzie trafiaj\u0105 wszystkie dusze, ale z jedn\u0105 r\u00f3\u017cnic\u0105: <strong>On przyni\u00f3s\u0142 zbawienie.<\/strong><\/li>\n<\/ol>\n\n\n\n<p>To misterium jest \u017ar\u00f3d\u0142em wielkiej nadziei: <strong>nie istnieje miejsce, gdzie B\u00f3g nie m\u00f3g\u0142by nas odnale\u017a\u0107 i zbawi\u0107.<\/strong><\/p>\n\n\n\n<hr class=\"wp-block-separator has-alpha-channel-opacity\"\/>\n\n\n\n<h2 class=\"wp-block-heading\"><strong>3. Wielka Sobota: Dzie\u0144 Oczekiwania i Milczenia<\/strong><\/h2>\n\n\n\n<p>Z liturgicznego punktu widzenia, Wielka Sobota to dzie\u0144 wyj\u0105tkowy. Nie sprawuje si\u0119 Eucharystii, o\u0142tarz pozostaje pusty, a Ko\u015bci\u00f3\u0142 trwa na modlitwie. Jest to dzie\u0144 \u017ca\u0142oby, ale i nadziei.<\/p>\n\n\n\n<p>To <strong>dzie\u0144 Maryi<\/strong>. Matka Bo\u017ca jest wzorem ufnego oczekiwania. Gdy uczniowie s\u0105 rozproszeni i pe\u0142ni l\u0119ku, <strong>Maryja trwa w wierze<\/strong>. Dlatego Ko\u015bci\u00f3\u0142 w tym dniu jednoczy si\u0119 z Ni\u0105, rozwa\u017caj\u0105c tajemnic\u0119 Jej Syna.<\/p>\n\n\n\n<p>\u015awi\u0119ty Jan Pawe\u0142 II m\u00f3wi\u0142:<\/p>\n\n\n\n<blockquote class=\"wp-block-quote is-layout-flow wp-block-quote-is-layout-flow\">\n<p><em>\u201ePo dramacie Kalwarii ca\u0142a ludzko\u015b\u0107 pogr\u0105\u017ca si\u0119 w wielkim milczeniu. To dzie\u0144 oczekiwania, dzie\u0144 nadziei. Matka zachowuje wiar\u0119: w jej sercu wci\u0105\u017c p\u0142onie p\u0142omie\u0144 pewno\u015bci zmartwychwstania.\u201d<\/em> (Homilia, 2000)<\/p>\n<\/blockquote>\n\n\n\n<p>To dzie\u0144, w kt\u00f3rym Ko\u015bci\u00f3\u0142 zaprasza nas do <strong>kontemplacji i wyciszenia<\/strong>. To nie tylko przerwa w liturgii, ale <strong>czas g\u0142\u0119bokiego prze\u017cywania tajemnicy wiary<\/strong>.<\/p>\n\n\n\n<hr class=\"wp-block-separator has-alpha-channel-opacity\"\/>\n\n\n\n<h2 class=\"wp-block-heading\"><strong>4. Duchowe Przes\u0142anie Wielkiej Soboty<\/strong><\/h2>\n\n\n\n<h3 class=\"wp-block-heading\"><strong>1. Uczy\u0107 si\u0119 cierpliwego oczekiwania na Boga<\/strong><\/h3>\n\n\n\n<p>\u017byjemy w \u015bwiecie natychmiastowych odpowiedzi i szybkich rozwi\u0105za\u0144. Wielka Sobota uczy nas, \u017ce <strong>B\u00f3g dzia\u0142a w ciszy, w ukryciu, w czasie oczekiwania<\/strong>. Kiedy wydaje si\u0119, \u017ce B\u00f3g milczy, On w rzeczywisto\u015bci przygotowuje co\u015b wielkiego.<\/p>\n\n\n\n<h3 class=\"wp-block-heading\"><strong>2. Ufa\u0107 zwyci\u0119stwu Chrystusa nad \u015bmierci\u0105<\/strong><\/h3>\n\n\n\n<p>Czasem ciemno\u015bci \u017cycia sprawiaj\u0105, \u017ce w\u0105tpimy w triumf Boga. Wielka Sobota przypomina nam, \u017ce nawet gdy wszystko wydaje si\u0119 stracone, Zmartwychwstanie jest blisko. <strong>W naszych nocach pr\u00f3by pami\u0119tajmy, \u017ce zawsze nadchodzi Niedziela Chwa\u0142y.<\/strong><\/p>\n\n\n\n<h3 class=\"wp-block-heading\"><strong>3. I\u015b\u0107 z Maryj\u0105 w chwilach niepewno\u015bci<\/strong><\/h3>\n\n\n\n<p>Maryja jest wielk\u0105 \u015bwiadkini\u0105 Wielkiej Soboty. Nie rozumia\u0142a wszystkiego, ale ufa\u0142a. W naszych pr\u00f3bach, gdy nie pojmujemy Bo\u017cych dr\u00f3g, <strong>powinni\u015bmy na\u015bladowa\u0107 Jej wiar\u0119.<\/strong><\/p>\n\n\n\n<h3 class=\"wp-block-heading\"><strong>4. Ofiarowa\u0107 swoje cierpienia jako uczestnictwo w Misterium Paschalnym<\/strong><\/h3>\n\n\n\n<p>Wielka Sobota uczy nas, \u017ce <strong>cierpienie ma sens<\/strong>. Je\u015bli prze\u017cywamy w naszym \u017cyciu \u201eWielk\u0105 Sobot\u0119\u201d \u2013 czas ciemno\u015bci i ciszy \u2013 mo\u017cemy zjednoczy\u0107 si\u0119 z Chrystusem i oczekiwa\u0107 Jego \u015bwiat\u0142a.<\/p>\n\n\n\n<hr class=\"wp-block-separator has-alpha-channel-opacity\"\/>\n\n\n\n<h2 class=\"wp-block-heading\"><strong>Zako\u0144czenie: Wielka Sobota \u2013 Wezwanie do Nadziei<\/strong><\/h2>\n\n\n\n<p>Wielka Sobota przypomina nam, \u017ce <strong>B\u00f3g nigdy nie opuszcza swoich dzieci.<\/strong> Nawet je\u015bli Jego milczenie mo\u017ce wydawa\u0107 si\u0119 nieobecno\u015bci\u0105, jest ono w rzeczywisto\u015bci wst\u0119pem do najwi\u0119kszej manifestacji Jego chwa\u0142y. Chrystus zst\u0105pi\u0142 do krainy umar\u0142ych, by wybawi\u0107 czekaj\u0105cych na zbawienie \u2013 i dzi\u015b zst\u0119puje tak\u017ce w nasze ciemno\u015bci, by nas podnie\u015b\u0107.<\/p>\n\n\n\n<p>To dzie\u0144, by <strong>uczy\u0107 si\u0119 czeka\u0107, ufa\u0107 i wierzy\u0107, \u017ce nawet w najtrudniejszych chwilach B\u00f3g dzia\u0142a.<\/strong> <strong>Cisza to nie koniec. Zmartwychwstanie jest blisko.<\/strong><\/p>\n\n\n\n<p><strong>\u201eDlaczego szukacie \u017cyj\u0105cego w\u015br\u00f3d umar\u0142ych? Nie ma Go tu, zmartwychwsta\u0142.\u201d (\u0141k 24,5-6)<\/strong><\/p>\n\n\n\n<p>Niech Wielka Sobota nauczy nas \u017cy\u0107 w nadziei, pami\u0119taj\u0105c, \u017ce nawet gdy B\u00f3g wydaje si\u0119 nieobecny, <strong>jest bli\u017cej, ni\u017c my\u015blimy.<\/strong><\/p>\n","protected":false},"excerpt":{"rendered":"<p>Wielka Sobota jest by\u0107 mo\u017ce najbardziej tajemniczym dniem Triduum Paschalnego. To czas pozornej bezczynno\u015bci, moment ciszy mi\u0119dzy dramatycznym Wielkim Pi\u0105tkiem a radosn\u0105 Niedziel\u0105 Zmartwychwstania. Jednak w tej \u201ewielkiej ciszy\u201d dokona\u0142o si\u0119 wydarzenie o ogromnym znaczeniu: Chrystus zst\u0105pi\u0142 do otch\u0142ani. Co to naprawd\u0119 oznacza? Co wydarzy\u0142o si\u0119 w tym dniu? Dlaczego Ko\u015bci\u00f3\u0142 obchodzi go z tak\u0105 &hellip;<\/p>\n","protected":false},"author":3,"featured_media":2686,"comment_status":"open","ping_status":"open","sticky":false,"template":"","format":"standard","meta":{"_seopress_robots_primary_cat":"","_seopress_titles_title":"","_seopress_titles_desc":"","_seopress_robots_index":"","footnotes":""},"categories":[38,52],"tags":[653],"class_list":["post-2685","post","type-post","status-publish","format-standard","has-post-thumbnail","","category-historia-i-tradycja","category-liturgia-i-rok-liturgiczny","tag-wielka-sobota"],"_links":{"self":[{"href":"https:\/\/catholicus.eu\/pl\/wp-json\/wp\/v2\/posts\/2685","targetHints":{"allow":["GET"]}}],"collection":[{"href":"https:\/\/catholicus.eu\/pl\/wp-json\/wp\/v2\/posts"}],"about":[{"href":"https:\/\/catholicus.eu\/pl\/wp-json\/wp\/v2\/types\/post"}],"author":[{"embeddable":true,"href":"https:\/\/catholicus.eu\/pl\/wp-json\/wp\/v2\/users\/3"}],"replies":[{"embeddable":true,"href":"https:\/\/catholicus.eu\/pl\/wp-json\/wp\/v2\/comments?post=2685"}],"version-history":[{"count":1,"href":"https:\/\/catholicus.eu\/pl\/wp-json\/wp\/v2\/posts\/2685\/revisions"}],"predecessor-version":[{"id":2687,"href":"https:\/\/catholicus.eu\/pl\/wp-json\/wp\/v2\/posts\/2685\/revisions\/2687"}],"wp:featuredmedia":[{"embeddable":true,"href":"https:\/\/catholicus.eu\/pl\/wp-json\/wp\/v2\/media\/2686"}],"wp:attachment":[{"href":"https:\/\/catholicus.eu\/pl\/wp-json\/wp\/v2\/media?parent=2685"}],"wp:term":[{"taxonomy":"category","embeddable":true,"href":"https:\/\/catholicus.eu\/pl\/wp-json\/wp\/v2\/categories?post=2685"},{"taxonomy":"post_tag","embeddable":true,"href":"https:\/\/catholicus.eu\/pl\/wp-json\/wp\/v2\/tags?post=2685"}],"curies":[{"name":"wp","href":"https:\/\/api.w.org\/{rel}","templated":true}]}}