{"id":2670,"date":"2025-03-13T20:41:14","date_gmt":"2025-03-13T19:41:14","guid":{"rendered":"https:\/\/catholicus.eu\/pl\/?p=2670"},"modified":"2025-03-13T20:41:14","modified_gmt":"2025-03-13T19:41:14","slug":"ministrantia-dziedzictwo-sluzby-i-wiary-w-kosciele-katolickim","status":"publish","type":"post","link":"https:\/\/catholicus.eu\/pl\/ministrantia-dziedzictwo-sluzby-i-wiary-w-kosciele-katolickim\/","title":{"rendered":"Ministrantia: Dziedzictwo S\u0142u\u017cby i Wiary w Ko\u015bciele Katolickim"},"content":{"rendered":"\n<p>W sercu Ko\u015bcio\u0142a Katolickiego bije g\u0142\u0119boka i przemieniaj\u0105ca rzeczywisto\u015b\u0107: ministrantia. Nie s\u0105 to zwyk\u0142e stanowiska czy funkcje, ale dary Ducha \u015awi\u0119tego, aby budowa\u0107 wsp\u00f3lnot\u0119 chrze\u015bcija\u0144sk\u0105 i nie\u015b\u0107 przes\u0142anie Chrystusa \u015bwiatu. W czasach, gdy wiara wydaje si\u0119 rozmywa\u0107 pod wp\u0142ywem wsp\u00f3\u0142czesnych trend\u00f3w, zrozumienie, czym s\u0105 ministrantia, ich pochodzenie, historia i wsp\u00f3\u0142czesne znaczenie, jest niezb\u0119dne, aby o\u017cywi\u0107 nasze \u017cycie duchowe i nasz\u0105 misj\u0119 jako ochrzczonych.<\/p>\n\n\n\n<h3 class=\"wp-block-heading\"><strong>Boskie Pochodzenie Ministrantii<\/strong><\/h3>\n\n\n\n<p>Ministrantia nie s\u0105 ludzkim wynalazkiem, ale boskim zamys\u0142em. Od najwcze\u015bniejszych chwil Ko\u015bcio\u0142a Chrystus ustanowi\u0142 model s\u0142u\u017cby, kt\u00f3ry odzwierciedla\u0142 Jego mi\u0142o\u015b\u0107 i oddanie. W Ewangelii \u015bw. Mateusza Jezus m\u00f3wi:&nbsp;<em>&#8222;Syn Cz\u0142owieczy nie przyszed\u0142, aby Mu s\u0142u\u017cono, lecz aby s\u0142u\u017cy\u0107 i da\u0107 swoje \u017cycie na okup za wielu&#8221;<\/em>&nbsp;(Mt 20,28). Ten werset jest kamieniem w\u0119gielnym ka\u017cdej ministrantii: wezwaniem do s\u0142u\u017cby, a nie do bycia obs\u0142ugiwanym.<\/p>\n\n\n\n<p>W Dziejach Apostolskich widzimy, jak pierwsi chrze\u015bcijanie organizowali swoje wsp\u00f3lnoty pod przewodnictwem Ducha \u015awi\u0119tego. Aposto\u0142owie, \u015bwiadomi, \u017ce nie mog\u0105 robi\u0107 wszystkiego sami, ustanowili diakon\u00f3w, aby zaspokajali potrzeby wsp\u00f3lnoty (Dz 6,1-7). Ten akt nie by\u0142 zwyk\u0142ym delegowaniem zada\u0144, ale uznaniem, \u017ce s\u0142u\u017cba jest r\u00f3\u017cnorodna i uzupe\u0142niaj\u0105ca. W ten spos\u00f3b narodzi\u0142y si\u0119 pierwsze ministrantia, jako odpowied\u017a na konkretne potrzeby wczesnego Ko\u015bcio\u0142a.<\/p>\n\n\n\n<h3 class=\"wp-block-heading\"><strong>Historia Ministrantii: Od Aposto\u0142\u00f3w do Soboru Watyka\u0144skiego II<\/strong><\/h3>\n\n\n\n<p>Na przestrzeni wiek\u00f3w ministrantia ewoluowa\u0142y, ale zawsze zachowywa\u0142y swoj\u0105 istot\u0119: bycie narz\u0119dziami Chrystusa dla zbawienia dusz. W pierwszych wiekach ministrantia koncentrowa\u0142y si\u0119 na biskupach, prezbiterach i diakonach, zgodnie z modelem apostolskim. Jednak z czasem Ko\u015bci\u00f3\u0142 uzna\u0142 potrzeb\u0119 innych pos\u0142ug, takich jak lektorzy, akolici i egzorcy\u015bci, kt\u00f3rzy byli cz\u0119\u015bci\u0105 tzw. \u201eni\u017cszych \u015bwi\u0119ce\u0144\u201d.<\/p>\n\n\n\n<p>Sob\u00f3r Watyka\u0144ski II (1962-1965) stanowi\u0142 kamie\u0144 milowy w zrozumieniu ministrantii. W swojej konstytucji&nbsp;<em>Lumen Gentium<\/em>&nbsp;Sob\u00f3r podkre\u015bli\u0142, \u017ce wszyscy ochrzczeni uczestnicz\u0105 w powszechnym kap\u0142a\u0144stwie wiernych i s\u0105 powo\u0142ani do \u015bwi\u0119to\u015bci oraz wsp\u00f3\u0142pracy w misji Ko\u015bcio\u0142a. Nie oznacza\u0142o to dewaluacji kap\u0142a\u0144stwa s\u0142u\u017cebnego, ale potwierdzenie, \u017ce wszyscy mamy rol\u0119 do odegrania w Ciele Chrystusa.<\/p>\n\n\n\n<h3 class=\"wp-block-heading\"><strong>Ministrantia w Ko\u015bciele Dzi\u015b<\/strong><\/h3>\n\n\n\n<p>Dzi\u015b ministrantia s\u0105 bardziej aktualne ni\u017c kiedykolwiek. W \u015bwiecie naznaczonym indywidualizmem i sekularyzacj\u0105 Ko\u015bci\u00f3\u0142 potrzebuje \u015bwiadk\u00f3w, kt\u00f3rzy \u017cyj\u0105 swoj\u0105 wiar\u0105 autentycznie i z zaanga\u017cowaniem. Ministrantia nie s\u0105 tylko dla duchowie\u0144stwa; tak\u017ce \u015bwieccy s\u0105 powo\u0142ani do s\u0142u\u017cby w takich obszarach jak katecheza, liturgia, mi\u0142osierdzie i ewangelizacja.<\/p>\n\n\n\n<p>Poni\u017cej znajduje si\u0119 lista g\u0142\u00f3wnych ministrantii w Ko\u015bciele Katolickim, zar\u00f3wno \u015bwi\u0119ce\u0144, jak i nie\u015bwi\u0119ce\u0144:<\/p>\n\n\n\n<h4 class=\"wp-block-heading\"><strong>Ministrantia \u015awi\u0119ce\u0144<\/strong><\/h4>\n\n\n\n<ol start=\"1\" class=\"wp-block-list\">\n<li><strong>Episkopat (Biskupi):<\/strong>\u00a0Biskupi s\u0105 nast\u0119pcami aposto\u0142\u00f3w i posiadaj\u0105 pe\u0142ni\u0119 kap\u0142a\u0144stwa. S\u0105 odpowiedzialni za prowadzenie i u\u015bwi\u0119canie lokalnego Ko\u015bcio\u0142a (diecezji).<\/li>\n\n\n\n<li><strong>Prezbiterat (Kap\u0142ani):<\/strong>\u00a0Kap\u0142ani wsp\u00f3\u0142pracuj\u0105 z biskupami w g\u0142oszeniu kaza\u0144, sprawowaniu sakrament\u00f3w i prowadzeniu duszpasterskim wiernych.<\/li>\n\n\n\n<li><strong>Diakonat (Diakoni):<\/strong>\u00a0Diakoni, czy to przej\u015bciowi (w drodze do kap\u0142a\u0144stwa), czy sta\u0142opomocnicy, s\u0142u\u017c\u0105 w liturgii, mi\u0142osierdziu i g\u0142oszeniu Ewangelii.<\/li>\n<\/ol>\n\n\n\n<h4 class=\"wp-block-heading\"><strong>Ministrantia Nie\u015bwi\u0119ce\u0144<\/strong><\/h4>\n\n\n\n<ol start=\"1\" class=\"wp-block-list\">\n<li><strong>Nadzwyczajni Szafarze Komunii \u015awi\u0119tej:<\/strong>\u00a0\u015awieccy upowa\u017cnieni do rozdawania Eucharystii, zw\u0142aszcza w nieobecno\u015bci kap\u0142ana lub diakona.<\/li>\n\n\n\n<li><strong>Lektorzy:<\/strong>\u00a0Odpowiedzialni za g\u0142oszenie S\u0142owa Bo\u017cego podczas liturgii, z wyj\u0105tkiem Ewangelii.<\/li>\n\n\n\n<li><strong>Akolici (Ministranci):<\/strong>\u00a0Asystuj\u0105 przy o\u0142tarzu podczas celebracji Mszy \u015awi\u0119tej i innych liturgii.<\/li>\n\n\n\n<li><strong>Katechi\u015bci:<\/strong>\u00a0Ucz\u0105 wiary dzieci, m\u0142odzie\u017c i doros\u0142ych, przygotowuj\u0105c ich do sakrament\u00f3w.<\/li>\n\n\n\n<li><strong>Ministrantia Mi\u0142osierdzia:<\/strong>\u00a0Koordynuj\u0105 i uczestnicz\u0105 w dzie\u0142ach mi\u0142osierdzia, takich jak odwiedzanie chorych czy pomoc potrzebuj\u0105cym.<\/li>\n\n\n\n<li><strong>Ministrantia Muzyki Liturgicznej:<\/strong>\u00a0Prowadz\u0105 lub uczestnicz\u0105 w \u015bpiewie i muzyce podczas celebracji liturgicznych.<\/li>\n\n\n\n<li><strong>Ministrantia Go\u015bcinno\u015bci (Szafarze):<\/strong>\u00a0Witaj\u0105 wiernych, organizuj\u0105 procesje i dbaj\u0105 o porz\u0105dek podczas celebracji.<\/li>\n<\/ol>\n\n\n\n<h3 class=\"wp-block-heading\"><strong>Zarzuty i Apologetyczne Odpowiedzi<\/strong><\/h3>\n\n\n\n<p>W ostatnich latach niekt\u00f3rzy kwestionowali potrzeb\u0119 lub wa\u017cno\u015b\u0107 niekt\u00f3rych ministrantii, argumentuj\u0105c, \u017ce mog\u0105 one os\u0142abi\u0107 rol\u0119 kap\u0142a\u0144stwa s\u0142u\u017cebnego lub wprowadza\u0107 zamieszanie w hierarchii Ko\u015bcio\u0142a. Jednak te krytyki pomijaj\u0105 komplementarn\u0105 natur\u0119 ministrantii. Katechizm Ko\u015bcio\u0142a Katolickiego naucza, \u017ce&nbsp;<em>&#8222;ministrantia ko\u015bcielne, ustanowione przez Boga, s\u0105 ukierunkowane na dobro ca\u0142ego Cia\u0142a&#8221;<\/em>&nbsp;(KKK 874). Nie chodzi o rywalizacj\u0119, ale o wsp\u00f3\u0142prac\u0119.<\/p>\n\n\n\n<p>Innym cz\u0119stym nieporozumieniem jest my\u015blenie, \u017ce ministrantia s\u0105 sposobem na \u201euklerykalizowanie\u201d \u015bwieckich. Nic bardziej mylnego. \u015awieccy nie s\u0105 \u201ekap\u0142anami drugiej kategorii\u201d, ale maj\u0105 wyj\u0105tkow\u0105 misj\u0119: u\u015bwi\u0119ca\u0107 \u015bwiat od wewn\u0105trz. Jak powiedzia\u0142 \u015bw. Jan Pawe\u0142 II:&nbsp;<em>&#8222;wierni \u015bwieccy s\u0105 powo\u0142ani, aby by\u0107 w \u015bwiecie tym, czym dusza jest dla cia\u0142a&#8221;<\/em>&nbsp;(Christifideles Laici, 34).<\/p>\n\n\n\n<h3 class=\"wp-block-heading\"><strong>Inspiruj\u0105ca Anegdota: \u015awi\u0119ty Wawrzyniec, Diakon i M\u0119czennik<\/strong><\/h3>\n\n\n\n<p>\u015awi\u0119ty Wawrzyniec, jeden z najs\u0142ynniejszych diakon\u00f3w Ko\u015bcio\u0142a, jest \u015bwietlanym przyk\u0142adem tego, co oznacza \u017cy\u0107 ministranti\u0105 z oddaniem i odwag\u0105. Podczas prze\u015bladowa\u0144 za cesarza Waleriana zosta\u0142 wezwany do oddania skarb\u00f3w Ko\u015bcio\u0142a. Wawrzyniec zgromadzi\u0142 ubogich i chorych i przedstawi\u0142 ich jako prawdziwy skarb Ko\u015bcio\u0142a. Za swoj\u0105 odwag\u0119 zosta\u0142 um\u0119czony na ruszcie, ale jego \u015bwiadectwo pozostaje jako przypomnienie, \u017ce s\u0142u\u017cba innym jest drog\u0105 do \u015bwi\u0119to\u015bci.<\/p>\n\n\n\n<h3 class=\"wp-block-heading\"><strong>Zako\u0144czenie: Wezwanie do S\u0142u\u017cby z Mi\u0142o\u015bci\u0105<\/strong><\/h3>\n\n\n\n<p>Ministrantia nie s\u0105 celem samym w sobie, ale \u015brodkiem do uwielbienia Boga i s\u0142u\u017cenia naszym braciom i siostrom. W \u015bwiecie, kt\u00f3ry wo\u0142a o nadziej\u0119 i sens, my, chrze\u015bcijanie, jeste\u015bmy wezwani, aby by\u0107 \u015bwiat\u0142em \u015bwiata i sol\u0105 ziemi. Czy to jako katechi\u015bci, lektorzy, muzycy liturgiczni czy wolontariusze w dzie\u0142ach mi\u0142osierdzia, ka\u017cdy z nas ma rol\u0119 do odegrania w wielkim dziele zbawienia.<\/p>\n\n\n\n<p>Jak przypomina nam \u015bw. Pawe\u0142:&nbsp;<em>&#8222;S\u0105 r\u00f3\u017cne dary \u0142aski, lecz ten sam Duch; r\u00f3\u017cne te\u017c s\u0105 rodzaje pos\u0142ugiwania, ale jeden Pan&#8221;<\/em>&nbsp;(1 Kor 12,4-5). Niech to zrozumienie inspiruje nas do \u017cycia nasz\u0105 ministranti\u0105 z pokor\u0105, hojno\u015bci\u0105 i mi\u0142o\u015bci\u0105, wiedz\u0105c, \u017ce s\u0142u\u017c\u0105c innym, s\u0142u\u017cymy samemu Chrystusowi. Niech Maryja, S\u0142u\u017cebnica Pa\u0144ska, prowadzi nas na tej drodze oddania i wierno\u015bci. Amen.<\/p>\n","protected":false},"excerpt":{"rendered":"<p>W sercu Ko\u015bcio\u0142a Katolickiego bije g\u0142\u0119boka i przemieniaj\u0105ca rzeczywisto\u015b\u0107: ministrantia. Nie s\u0105 to zwyk\u0142e stanowiska czy funkcje, ale dary Ducha \u015awi\u0119tego, aby budowa\u0107 wsp\u00f3lnot\u0119 chrze\u015bcija\u0144sk\u0105 i nie\u015b\u0107 przes\u0142anie Chrystusa \u015bwiatu. W czasach, gdy wiara wydaje si\u0119 rozmywa\u0107 pod wp\u0142ywem wsp\u00f3\u0142czesnych trend\u00f3w, zrozumienie, czym s\u0105 ministrantia, ich pochodzenie, historia i wsp\u00f3\u0142czesne znaczenie, jest niezb\u0119dne, aby o\u017cywi\u0107 &hellip;<\/p>\n","protected":false},"author":3,"featured_media":2671,"comment_status":"open","ping_status":"open","sticky":false,"template":"","format":"standard","meta":{"_seopress_robots_primary_cat":"","_seopress_titles_title":"","_seopress_titles_desc":"","_seopress_robots_index":"","footnotes":""},"categories":[67,41],"tags":[647],"class_list":["post-2670","post","type-post","status-publish","format-standard","has-post-thumbnail","","category-swiadectwa-wiary","category-wiara-i-kultura","tag-ministrantia"],"_links":{"self":[{"href":"https:\/\/catholicus.eu\/pl\/wp-json\/wp\/v2\/posts\/2670","targetHints":{"allow":["GET"]}}],"collection":[{"href":"https:\/\/catholicus.eu\/pl\/wp-json\/wp\/v2\/posts"}],"about":[{"href":"https:\/\/catholicus.eu\/pl\/wp-json\/wp\/v2\/types\/post"}],"author":[{"embeddable":true,"href":"https:\/\/catholicus.eu\/pl\/wp-json\/wp\/v2\/users\/3"}],"replies":[{"embeddable":true,"href":"https:\/\/catholicus.eu\/pl\/wp-json\/wp\/v2\/comments?post=2670"}],"version-history":[{"count":1,"href":"https:\/\/catholicus.eu\/pl\/wp-json\/wp\/v2\/posts\/2670\/revisions"}],"predecessor-version":[{"id":2672,"href":"https:\/\/catholicus.eu\/pl\/wp-json\/wp\/v2\/posts\/2670\/revisions\/2672"}],"wp:featuredmedia":[{"embeddable":true,"href":"https:\/\/catholicus.eu\/pl\/wp-json\/wp\/v2\/media\/2671"}],"wp:attachment":[{"href":"https:\/\/catholicus.eu\/pl\/wp-json\/wp\/v2\/media?parent=2670"}],"wp:term":[{"taxonomy":"category","embeddable":true,"href":"https:\/\/catholicus.eu\/pl\/wp-json\/wp\/v2\/categories?post=2670"},{"taxonomy":"post_tag","embeddable":true,"href":"https:\/\/catholicus.eu\/pl\/wp-json\/wp\/v2\/tags?post=2670"}],"curies":[{"name":"wp","href":"https:\/\/api.w.org\/{rel}","templated":true}]}}