{"id":2666,"date":"2025-03-13T16:35:28","date_gmt":"2025-03-13T15:35:28","guid":{"rendered":"https:\/\/catholicus.eu\/pl\/?p=2666"},"modified":"2025-03-13T16:35:28","modified_gmt":"2025-03-13T15:35:28","slug":"sobor-w-vienne-1311-1312-rozwiazanie-zakonu-templariuszy-i-reformy-kosciola-w-burzliwych-czasach","status":"publish","type":"post","link":"https:\/\/catholicus.eu\/pl\/sobor-w-vienne-1311-1312-rozwiazanie-zakonu-templariuszy-i-reformy-kosciola-w-burzliwych-czasach\/","title":{"rendered":"Sob\u00f3r w Vienne (1311-1312): Rozwi\u0105zanie Zakonu Templariuszy i Reformy Ko\u015bcio\u0142a w Burzliwych Czasach"},"content":{"rendered":"\n<p>Historia Ko\u015bcio\u0142a jest naznaczona wielkimi soborami, kt\u00f3re okre\u015bla\u0142y jego kierunek, umacnia\u0142y doktryn\u0119 i, w niekt\u00f3rych przypadkach, by\u0142y scen\u0105 kontrowersyjnych decyzji. W\u015br\u00f3d nich Sob\u00f3r w Vienne (1311-1312) zajmuje szczeg\u00f3lne miejsce. Zwo\u0142any w okresie g\u0142\u0119bokiego kryzysu politycznego i ko\u015bcielnego, jest pami\u0119tany przede wszystkim z powodu rozwi\u0105zania Zakonu Templariuszy, ale tak\u017ce ze wzgl\u0119du na podj\u0119te pr\u00f3by reformy Ko\u015bcio\u0142a.<\/p>\n\n\n\n<p>Jednak za decyzjami podj\u0119tymi w Vienne kryje si\u0119 historia napi\u0119\u0107 mi\u0119dzy w\u0142adz\u0105 \u015bwieck\u0105 a duchown\u0105, politycznych intryg i Ko\u015bcio\u0142a, kt\u00f3ry stara\u0142 si\u0119 pozosta\u0107 wierny swojej misji w \u015bwiecie nieustannych zmian. Co naprawd\u0119 wydarzy\u0142o si\u0119 na tym soborze? Jakie by\u0142y jego konsekwencje dla Ko\u015bcio\u0142a \u015bredniowiecznego i jakie lekcje mo\u017cemy z niego wyci\u0105gn\u0105\u0107 dzisiaj?<\/p>\n\n\n\n<h2 class=\"wp-block-heading\"><strong>Kontekst: Ko\u015bci\u00f3\u0142 na rozdro\u017cu<\/strong><\/h2>\n\n\n\n<p>Na pocz\u0105tku XIV wieku Ko\u015bci\u00f3\u0142 katolicki znajdowa\u0142 si\u0119 w trudnej sytuacji. W 1309 roku siedziba papieska zosta\u0142a przeniesiona do Awinionu za pontyfikatu Klemensa V, co zapocz\u0105tkowa\u0142o okres znany jako \u201eniewola babilo\u0144ska Ko\u015bcio\u0142a\u201d (1309-1377). To przeniesienie, daleko od Rzymu, by\u0142o przez wielu postrzegane jako podporz\u0105dkowanie papie\u017ca w\u0142adzy kr\u00f3la Francji, Filipa IV Pi\u0119knego.<\/p>\n\n\n\n<p>Filip IV od dawna pozostawa\u0142 w konflikcie z papiestwem. Jego sp\u00f3r z Bonifacym VIII, kt\u00f3ry stanowczo broni\u0142 niezale\u017cno\u015bci Ko\u015bcio\u0142a od monarchii, zako\u0144czy\u0142 si\u0119 upokorzeniem papie\u017ca i, wed\u0142ug niekt\u00f3rych \u017ar\u00f3de\u0142, jego przedwczesn\u0105 \u015bmierci\u0105 w 1303 roku. Nowy papie\u017c, Klemens V, Francuz i bardziej ugodowy wobec kr\u00f3la, obj\u0105\u0142 sw\u00f3j pontyfikat w atmosferze politycznych napi\u0119\u0107 i nacisk\u00f3w ze strony francuskiej korony.<\/p>\n\n\n\n<p>W tym kontek\u015bcie odby\u0142 si\u0119 Sob\u00f3r w Vienne, a jednym z najwa\u017cniejszych temat\u00f3w obrad by\u0142o przysz\u0142e losy Zakonu Templariuszy, jednej z najbardziej wp\u0142ywowych organizacji militarno-religijnych chrze\u015bcija\u0144stwa.<\/p>\n\n\n\n<h2 class=\"wp-block-heading\"><strong>Upadek templariuszy: Sprawiedliwo\u015b\u0107 czy polityczna konieczno\u015b\u0107?<\/strong><\/h2>\n\n\n\n<p>Zakon Ubogich Rycerzy Chrystusa i \u015awi\u0105tyni Salomona, bardziej znany jako templariusze, zosta\u0142 za\u0142o\u017cony w 1119 roku po pierwszej krucjacie. Jego pierwotnym celem by\u0142a ochrona pielgrzym\u00f3w w Ziemi \u015awi\u0119tej, jednak z czasem zakon zdoby\u0142 ogromne bogactwa i wp\u0142ywy. Templariusze zarz\u0105dzali rozleg\u0142ymi posiad\u0142o\u015bciami, po\u017cyczali pieni\u0105dze kr\u00f3lom i szlachcie, a jednocze\u015bnie pozostawali niezale\u017cni od lokalnej hierarchii ko\u015bcielnej, podlegaj\u0105c jedynie papie\u017cowi.<\/p>\n\n\n\n<p>Filip IV, zad\u0142u\u017cony u templariuszy i pragn\u0105cy skonsolidowa\u0107 swoj\u0105 w\u0142adz\u0119, uzna\u0142 ich za zagro\u017cenie. W 1307 roku nakaza\u0142 ich aresztowanie na terenie ca\u0142ej Francji, oskar\u017caj\u0105c ich o herezj\u0119, ba\u0142wochwalstwo i sodomi\u0119. Wielu zakonnik\u00f3w zosta\u0142o poddanych torturom i zmuszonych do przyznania si\u0119 do winy za przest\u0119pstwa, kt\u00f3rych prawdopodobnie nie pope\u0142nili. Jednym z najbardziej dramatycznych wydarze\u0144 by\u0142a egzekucja na stosie ostatniego wielkiego mistrza templariuszy, Jakuba de Molay, w 1314 roku. Przed \u015bmierci\u0105 mia\u0142 on rzuci\u0107 kl\u0105tw\u0119 na papie\u017ca i kr\u00f3la \u2013 obaj zmarli wkr\u00f3tce potem w tajemniczych okoliczno\u015bciach.<\/p>\n\n\n\n<p>Jednym z g\u0142\u00f3wnych cel\u00f3w Soboru w Vienne by\u0142o rozstrzygni\u0119cie losu zakonu. Pod naciskiem kr\u00f3la Francji Klemens V, cho\u0107 nie uzna\u0142 templariuszy formalnie za heretyk\u00f3w, rozwi\u0105za\u0142 zakon w 1312 roku bull\u0105 <em>Vox in excelso<\/em>, argumentuj\u0105c, \u017ce jego dalsze istnienie nie jest korzystne dla Ko\u015bcio\u0142a. Maj\u0105tki templariuszy przekazano Zakonowi Szpitalnik\u00f3w (joannitom), cho\u0107 znaczna ich cz\u0119\u015b\u0107 trafi\u0142a w r\u0119ce francuskiej korony.<\/p>\n\n\n\n<h3 class=\"wp-block-heading\"><strong>Refleksja: Czy by\u0142a to sprawiedliwa decyzja?<\/strong><\/h3>\n\n\n\n<p>Z teologicznego i moralnego punktu widzenia proces templariuszy pozostaje przedmiotem debaty. Nie ma solidnych dowod\u00f3w potwierdzaj\u0105cych stawiane im zarzuty, co sk\u0142ania wielu historyk\u00f3w do uznania rozwi\u0105zania zakonu raczej za wynik politycznych kalkulacji ni\u017c akt sprawiedliwo\u015bci ko\u015bcielnej. To wydarzenie przypomina nam s\u0142owa Jezusa z Ewangelii wed\u0142ug \u015bw. Mateusza 10,16:<\/p>\n\n\n\n<p><em>&#8222;Oto ja was posy\u0142am jak owce mi\u0119dzy wilki; b\u0105d\u017acie wi\u0119c roztropni jak w\u0119\u017ce, a nieskazitelni jak go\u0142\u0119bie.&#8221;<\/em> (Mt 10,16)<\/p>\n\n\n\n<p>Roztropno\u015b\u0107 i prostota to cnoty kluczowe dla Ko\u015bcio\u0142a. Historia templariuszy uczy nas, \u017ce Ko\u015bci\u00f3\u0142 musi by\u0107 wierny swojej misji duchowej i unika\u0107 podporz\u0105dkowania si\u0119 \u015bwieckiej w\u0142adzy.<\/p>\n\n\n\n<h2 class=\"wp-block-heading\"><strong>Reformy Soboru w Vienne<\/strong><\/h2>\n\n\n\n<p>Poza spraw\u0105 templariuszy Sob\u00f3r w Vienne podj\u0105\u0142 wa\u017cne reformy ko\u015bcielne, w tym:<\/p>\n\n\n\n<ul class=\"wp-block-list\">\n<li><strong>Reform\u0119 duchowie\u0144stwa<\/strong> \u2013 wprowadzono zasady dotycz\u0105ce lepszego przygotowania kap\u0142an\u00f3w, k\u0142ad\u0105c nacisk na nauczanie teologii na uniwersytetach.<\/li>\n\n\n\n<li><strong>Walk\u0119 z herezj\u0105<\/strong> \u2013 potwierdzono pot\u0119pienie begard\u00f3w i beginek, grup propaguj\u0105cych radykalne interpretacje ewangelicznego ub\u00f3stwa.<\/li>\n\n\n\n<li><strong>Wsparcie misji ewangelizacyjnych<\/strong> \u2013 zach\u0119cano do dzia\u0142alno\u015bci misyjnej w krajach niechrze\u015bcija\u0144skich, zw\u0142aszcza w\u015br\u00f3d muzu\u0142man\u00f3w i Mongo\u0142\u00f3w.<\/li>\n\n\n\n<li><strong>Rozw\u00f3j edukacji teologicznej<\/strong> \u2013 promowano nauk\u0119 hebrajskiego, arabskiego i greckiego na niekt\u00f3rych uniwersytetach, by wzmacnia\u0107 apologetyk\u0119 chrze\u015bcija\u0144sk\u0105 w konfrontacji z innymi religiami.<\/li>\n<\/ul>\n\n\n\n<h2 class=\"wp-block-heading\"><strong>Wsp\u00f3\u0142czesne lekcje: Ko\u015bci\u00f3\u0142 mi\u0119dzy Bogiem a \u015bwiatem<\/strong><\/h2>\n\n\n\n<p>Sob\u00f3r w Vienne pokazuje, jak Ko\u015bci\u00f3\u0142 musia\u0142 balansowa\u0107 mi\u0119dzy wierno\u015bci\u0105 swojej misji a naciskami w\u0142adzy \u015bwieckiej. Cho\u0107 pope\u0142nia\u0142 b\u0142\u0119dy, d\u0105\u017cy\u0142 r\u00f3wnie\u017c do reform potrzebnych dla dobra wiernych.<\/p>\n\n\n\n<p>Dzi\u015b Ko\u015bci\u00f3\u0142 nadal mierzy si\u0119 z podobnymi wyzwaniami: presj\u0105 zewn\u0119trzn\u0105, pr\u00f3bami wp\u0142ywania na jego doktryn\u0119, wewn\u0119trznymi kryzysami wymagaj\u0105cymi reform oraz nieustannym obowi\u0105zkiem niesienia \u015bwiat\u0142a Ewangelii \u015bwiatu. S\u0142owa \u015bw. Paw\u0142a pozostaj\u0105 wci\u0105\u017c aktualne:<\/p>\n\n\n\n<p><em>&#8222;Nie bierzcie wi\u0119c wzoru z tego \u015bwiata, lecz przemieniajcie si\u0119 przez odnawianie umys\u0142u, aby\u015bcie umieli rozpozna\u0107, jaka jest wola Bo\u017ca: co dobre, co Mu si\u0119 podoba i co jest doskona\u0142e.&#8221;<\/em> (Rz 12,2)<\/p>\n\n\n\n<p>W czasach kryzysu i kontrowersji Ko\u015bci\u00f3\u0142 musi pami\u0119ta\u0107 o swoim powo\u0142aniu do bycia \u015bwiat\u0142em \u015bwiata i sol\u0105 ziemi, unikaj\u0105c podporz\u0105dkowania si\u0119 w\u0142adzy politycznej i pozostaj\u0105c wiernym Chrystusowi.<\/p>\n\n\n\n<h2 class=\"wp-block-heading\"><strong>Podsumowanie<\/strong><\/h2>\n\n\n\n<p>Sob\u00f3r w Vienne by\u0142 momentem prze\u0142omowym w historii Ko\u015bcio\u0142a. Rozwi\u0105zanie zakonu templariuszy oraz podj\u0119te reformy ukazuj\u0105 zar\u00f3wno ograniczenia, jak i wielko\u015b\u0107 Ko\u015bcio\u0142a.<\/p>\n\n\n\n<p>Dzi\u015b powinni\u015bmy zada\u0107 sobie pytanie: jak mo\u017cemy pozosta\u0107 wierni naszej wierze w \u015bwiecie pe\u0142nym nacisk\u00f3w i kompromis\u00f3w? Odpowied\u017a pozostaje ta sama, co przez wieki: modlitwa, formacja w prawdzie oraz dzia\u0142anie z mi\u0142o\u015bci\u0105 i odwag\u0105.<\/p>\n\n\n\n<p>Niech historia Vienne b\u0119dzie dla nas nie tylko lekcj\u0105, ale i inspiracj\u0105 do g\u0142\u0119bszego prze\u017cywania Ewangelii w naszych czasach.<\/p>\n","protected":false},"excerpt":{"rendered":"<p>Historia Ko\u015bcio\u0142a jest naznaczona wielkimi soborami, kt\u00f3re okre\u015bla\u0142y jego kierunek, umacnia\u0142y doktryn\u0119 i, w niekt\u00f3rych przypadkach, by\u0142y scen\u0105 kontrowersyjnych decyzji. W\u015br\u00f3d nich Sob\u00f3r w Vienne (1311-1312) zajmuje szczeg\u00f3lne miejsce. Zwo\u0142any w okresie g\u0142\u0119bokiego kryzysu politycznego i ko\u015bcielnego, jest pami\u0119tany przede wszystkim z powodu rozwi\u0105zania Zakonu Templariuszy, ale tak\u017ce ze wzgl\u0119du na podj\u0119te pr\u00f3by reformy Ko\u015bcio\u0142a. &hellip;<\/p>\n","protected":false},"author":3,"featured_media":2667,"comment_status":"open","ping_status":"open","sticky":false,"template":"","format":"standard","meta":{"_seopress_robots_primary_cat":"","_seopress_titles_title":"","_seopress_titles_desc":"","_seopress_robots_index":"","footnotes":""},"categories":[38,50],"tags":[645,646],"class_list":["post-2666","post","type-post","status-publish","format-standard","has-post-thumbnail","","category-historia-i-tradycja","category-sobory-ekumeniczne","tag-sobor-w-vienne","tag-templariuszy"],"_links":{"self":[{"href":"https:\/\/catholicus.eu\/pl\/wp-json\/wp\/v2\/posts\/2666","targetHints":{"allow":["GET"]}}],"collection":[{"href":"https:\/\/catholicus.eu\/pl\/wp-json\/wp\/v2\/posts"}],"about":[{"href":"https:\/\/catholicus.eu\/pl\/wp-json\/wp\/v2\/types\/post"}],"author":[{"embeddable":true,"href":"https:\/\/catholicus.eu\/pl\/wp-json\/wp\/v2\/users\/3"}],"replies":[{"embeddable":true,"href":"https:\/\/catholicus.eu\/pl\/wp-json\/wp\/v2\/comments?post=2666"}],"version-history":[{"count":1,"href":"https:\/\/catholicus.eu\/pl\/wp-json\/wp\/v2\/posts\/2666\/revisions"}],"predecessor-version":[{"id":2668,"href":"https:\/\/catholicus.eu\/pl\/wp-json\/wp\/v2\/posts\/2666\/revisions\/2668"}],"wp:featuredmedia":[{"embeddable":true,"href":"https:\/\/catholicus.eu\/pl\/wp-json\/wp\/v2\/media\/2667"}],"wp:attachment":[{"href":"https:\/\/catholicus.eu\/pl\/wp-json\/wp\/v2\/media?parent=2666"}],"wp:term":[{"taxonomy":"category","embeddable":true,"href":"https:\/\/catholicus.eu\/pl\/wp-json\/wp\/v2\/categories?post=2666"},{"taxonomy":"post_tag","embeddable":true,"href":"https:\/\/catholicus.eu\/pl\/wp-json\/wp\/v2\/tags?post=2666"}],"curies":[{"name":"wp","href":"https:\/\/api.w.org\/{rel}","templated":true}]}}