{"id":2660,"date":"2025-03-13T15:19:24","date_gmt":"2025-03-13T14:19:24","guid":{"rendered":"https:\/\/catholicus.eu\/pl\/?p=2660"},"modified":"2025-03-13T15:19:24","modified_gmt":"2025-03-13T14:19:24","slug":"iii-sobor-w-toledo-589-r-nawrocenie-wizygotow-i-katolicki-los-hiszpanii","status":"publish","type":"post","link":"https:\/\/catholicus.eu\/pl\/iii-sobor-w-toledo-589-r-nawrocenie-wizygotow-i-katolicki-los-hiszpanii\/","title":{"rendered":"III Sob\u00f3r w Toledo (589 r.): Nawr\u00f3cenie Wizygot\u00f3w i Katolicki Los Hiszpanii"},"content":{"rendered":"\n<p>Historia Ko\u015bcio\u0142a jest naznaczona decyduj\u0105cymi momentami, w kt\u00f3rych Bo\u017ca Opatrzno\u015b\u0107 prowadzi narody ku prawdzie Ewangelii. Jednym z takich kluczowych wydarze\u0144, szczeg\u00f3lnie istotnym dla Hiszpanii i chrze\u015bcija\u0144stwa zachodniego, by\u0142 <strong>III Sob\u00f3r w Toledo w 589 roku<\/strong>. To zgromadzenie ko\u015bcielne oznacza\u0142o nie tylko <strong>nawr\u00f3cenie Wizygot\u00f3w z arianizmu na katolicyzm<\/strong>, ale tak\u017ce po\u0142o\u017cy\u0142o fundamenty pod g\u0142\u0119boko chrze\u015bcija\u0144sk\u0105 to\u017csamo\u015b\u0107 Hiszpanii.<\/p>\n\n\n\n<h2 class=\"wp-block-heading\"><strong>Kontekst: Kr\u00f3lestwo Podzielone w Wierze<\/strong><\/h2>\n\n\n\n<p>Po upadku Cesarstwa Rzymskiego w V wieku P\u00f3\u0142wysep Iberyjski znalaz\u0142 si\u0119 pod panowaniem Wizygot\u00f3w, ludu germa\u0144skiego, kt\u00f3ry przyj\u0105\u0142 <strong>arianizm<\/strong> jako swoj\u0105 oficjaln\u0105 doktryn\u0119. Arianizm, uznany przez Ko\u015bci\u00f3\u0142 za herezj\u0119, zaprzecza\u0142 pe\u0142nej bosko\u015bci Chrystusa, twierdz\u0105c, \u017ce Syn nie jest wsp\u00f3\u0142istotny z Ojcem.<\/p>\n\n\n\n<p>Problem polega\u0142 na tym, \u017ce <strong>wizygoccy w\u0142adcy byli arianami<\/strong>, podczas gdy <strong>wi\u0119kszo\u015b\u0107 ludno\u015bci hispano-rzymskiej by\u0142a katolicka<\/strong>. Ten <strong>konflikt religijny<\/strong> prowadzi\u0142 do napi\u0119\u0107 spo\u0142ecznych, politycznych i duchowych. Przez ponad sto lat podzia\u0142 mi\u0119dzy aria\u0144skimi w\u0142adcami a katolickim ludem uniemo\u017cliwia\u0142 jedno\u015b\u0107 kr\u00f3lestwa.<\/p>\n\n\n\n<p>Jednak w <strong>586 roku na tron wst\u0105pi\u0142 kr\u00f3l, kt\u00f3ry odmieni\u0142 los P\u00f3\u0142wyspu Iberyjskiego \u2013 Rekkared I<\/strong>. W przeciwie\u0144stwie do swoich poprzednik\u00f3w, Rekkared zrozumia\u0142, \u017ce <strong>jedno\u015b\u0107 kr\u00f3lestwa mo\u017ce zosta\u0107 osi\u0105gni\u0119ta jedynie poprzez wsp\u00f3ln\u0105 wiar\u0119<\/strong>.<\/p>\n\n\n\n<h2 class=\"wp-block-heading\"><strong>III Sob\u00f3r w Toledo: Nawr\u00f3cenie Kr\u00f3la i Narodu<\/strong><\/h2>\n\n\n\n<p>W <strong>589 roku Rekkared zwo\u0142a\u0142 III Sob\u00f3r w Toledo<\/strong>, zgromadzenie biskup\u00f3w i przyw\u00f3dc\u00f3w ko\u015bcielnych z ca\u0142ej Hiszpanii. Podczas tego soboru <strong>kr\u00f3l publicznie wyrzek\u0142 si\u0119 arianizmu i og\u0142osi\u0142 swoje nawr\u00f3cenie na wiar\u0119 katolick\u0105<\/strong>, co by\u0142o bezprecedensowym aktem, kt\u00f3ry odmieni\u0142 przysz\u0142o\u015b\u0107 Hiszpanii.<\/p>\n\n\n\n<p>Kluczow\u0105 rol\u0119 w nawr\u00f3ceniu monarchy odegra\u0142 <strong>\u015bwi\u0119ty arcybiskup Leander z Sewilli<\/strong>, kt\u00f3ry swoj\u0105 g\u0142\u0119bok\u0105 wiedz\u0105 teologiczn\u0105 i si\u0142\u0105 przepowiadania skutecznie przedstawi\u0142 kr\u00f3lowi prawdy wiary katolickiej.<\/p>\n\n\n\n<p>Podczas soboru <strong>Rekkared uroczy\u015bcie wyzna\u0142 wiar\u0119 w Credo Nicejsko-Konstantynopolita\u0144skie<\/strong>, kt\u00f3re potwierdza pe\u0142n\u0105 bosko\u015b\u0107 Chrystusa:<\/p>\n\n\n\n<blockquote class=\"wp-block-quote is-layout-flow wp-block-quote-is-layout-flow\">\n<p><strong>\u201eWierz\u0119 w jednego Boga, Ojca Wszechmog\u0105cego, Stworzyciela nieba i ziemi&#8230; i w jednego Pana Jezusa Chrystusa, Syna Bo\u017cego Jednorodzonego, kt\u00f3ry z Ojca jest zrodzony przed wszystkimi wiekami, B\u00f3g z Boga, \u015awiat\u0142o\u015b\u0107 ze \u015awiat\u0142o\u015bci, B\u00f3g prawdziwy z Boga prawdziwego&#8230;\u201d<\/strong> (<em>Credo Nicejsko-Konstantynopolita\u0144skie, 381 r.<\/em>).<\/p>\n<\/blockquote>\n\n\n\n<p>Dzi\u0119ki temu wyznaniu kr\u00f3l nie tylko przyj\u0105\u0142 wiar\u0119 katolick\u0105, ale tak\u017ce og\u0142osi\u0142 j\u0105 <strong>oficjaln\u0105 religi\u0105 Kr\u00f3lestwa Wizygot\u00f3w<\/strong>. Ta decyzja mia\u0142a ogromne konsekwencje duchowe i polityczne.<\/p>\n\n\n\n<h2 class=\"wp-block-heading\"><strong>Konsekwencje i Wp\u0142yw Soboru<\/strong><\/h2>\n\n\n\n<h3 class=\"wp-block-heading\"><strong>1. Jedno\u015b\u0107 Religijna i Polityczna<\/strong><\/h3>\n\n\n\n<p>Nawr\u00f3cenie Rekkareda nie by\u0142o aktem czysto osobistym, lecz wydarzeniem, kt\u00f3re <strong>zjednoczy\u0142o aria\u0144skich w\u0142adc\u00f3w z katolickim ludem hispano-rzymskim<\/strong>. Od tego momentu kr\u00f3l i jego poddani dzielili t\u0119 sam\u0105 wiar\u0119, co umocni\u0142o kr\u00f3lestwo i zmniejszy\u0142o wewn\u0119trzne konflikty.<\/p>\n\n\n\n<h3 class=\"wp-block-heading\"><strong>2. Umocnienie Ko\u015bcio\u0142a w Hiszpanii<\/strong><\/h3>\n\n\n\n<p>III Sob\u00f3r w Toledo <strong>wzmocni\u0142 autorytet Ko\u015bcio\u0142a katolickiego<\/strong>. Uznano w\u0142adz\u0119 biskup\u00f3w, wprowadzono \u015brodki przeciwko herezjom i umocniono dyscyplin\u0119 ko\u015bcieln\u0105. To umocnienie Ko\u015bcio\u0142a przygotowa\u0142o grunt pod przysz\u0142\u0105 ewangelizacj\u0119 innych lud\u00f3w germa\u0144skich.<\/p>\n\n\n\n<h3 class=\"wp-block-heading\"><strong>3. Wp\u0142yw na Rekonkwist\u0119 i Chrze\u015bcija\u0144sk\u0105 Hiszpani\u0119<\/strong><\/h3>\n\n\n\n<p>Nawr\u00f3cenie Wizygot\u00f3w na katolicyzm <strong>po\u0142o\u017cy\u0142o fundamenty pod chrze\u015bcija\u0144sk\u0105 to\u017csamo\u015b\u0107 Hiszpanii<\/strong>, kt\u00f3ra kilka wiek\u00f3w p\u00f3\u017aniej stawi\u0142a czo\u0142a inwazji muzu\u0142ma\u0144skiej w 711 roku i rozpocz\u0119\u0142a Rekonkwist\u0119. Katolicka to\u017csamo\u015b\u0107 ukszta\u0142towana w VI wieku sta\u0142a si\u0119 filarem monarchii hiszpa\u0144skiej.<\/p>\n\n\n\n<h2 class=\"wp-block-heading\"><strong>\u015awiadectwo Wiary: Oporni Arianie<\/strong><\/h2>\n\n\n\n<p>Mimo nawr\u00f3cenia kr\u00f3la, nie wszyscy Wizygoci natychmiast zaakceptowali t\u0119 zmian\u0119. Niekt\u00f3rzy aria\u0144scy mo\u017cnow\u0142adcy spiskowali przeciwko Rekkaredowi, ale ich plan zosta\u0142 odkryty i ukarany. Wiara kr\u00f3la pozosta\u0142a jednak niezachwiana. Wed\u0142ug tradycji, w obliczu trudno\u015bci Rekkared og\u0142osi\u0142:<\/p>\n\n\n\n<blockquote class=\"wp-block-quote is-layout-flow wp-block-quote-is-layout-flow\">\n<p><strong>\u201ePan moim \u015bwiat\u0142em i zbawieniem moim: kog\u00f3\u017c mia\u0142bym si\u0119 l\u0119ka\u0107?\u201d<\/strong> (<em>Psalm 27:1<\/em>).<\/p>\n<\/blockquote>\n\n\n\n<p>Jego \u015bwiadectwo wiary wp\u0142yn\u0119\u0142o na wielu, a z czasem wi\u0119kszo\u015b\u0107 Wizygot\u00f3w przyj\u0119\u0142a katolicyzm.<\/p>\n\n\n\n<h2 class=\"wp-block-heading\"><strong>Duchowe Lekcje dla Naszych Czas\u00f3w<\/strong><\/h2>\n\n\n\n<p>III Sob\u00f3r w Toledo oferuje nam kilka cennych lekcji, kt\u00f3re pozostaj\u0105 aktualne:<\/p>\n\n\n\n<ol class=\"wp-block-list\">\n<li><strong>Jedno\u015b\u0107 w Prawdzie<\/strong>: Tak jak Rekkared zrozumia\u0142, \u017ce prawdziwa jedno\u015b\u0107 mo\u017ce by\u0107 osi\u0105gni\u0119ta tylko w prawdziwej wierze, tak i my musimy szuka\u0107 prawdy w Chrystusie i nauczaniu Ko\u015bcio\u0142a.<\/li>\n\n\n\n<li><strong>Rola Chrze\u015bcija\u0144skiego Przyw\u00f3dztwa<\/strong>: Przyk\u0142ad Rekkareda przypomina nam o znaczeniu odwa\u017cnych przyw\u00f3dc\u00f3w, kt\u00f3rzy broni\u0105 wiary w czasach podzia\u0142u i zamieszania.<\/li>\n\n\n\n<li><strong>Wytrwa\u0142o\u015b\u0107 w Ewangelizacji<\/strong>: \u015awi\u0119ty Leander z Sewilli nie podda\u0142 si\u0119 w misji nawracania Wizygot\u00f3w. My r\u00f3wnie\u017c powinni\u015bmy na\u015bladowa\u0107 jego przyk\u0142ad w codziennej ewangelizacji.<\/li>\n<\/ol>\n\n\n\n<h2 class=\"wp-block-heading\"><strong>Wnioski: Kluczowy Moment w Historii Hiszpanii<\/strong><\/h2>\n\n\n\n<p><strong>III Sob\u00f3r w Toledo<\/strong> by\u0142 prze\u0142omem w historii Hiszpanii i chrze\u015bcija\u0144stwa. Dzi\u0119ki nawr\u00f3ceniu Wizygot\u00f3w P\u00f3\u0142wysep Iberyjski sta\u0142 si\u0119 <strong>twierdz\u0105 katolicyzmu<\/strong>, kt\u00f3ra wp\u0142yn\u0119\u0142a na histori\u0119 Europy i \u015bwiata.<\/p>\n\n\n\n<p>Ponad tysi\u0105c lat p\u00f3\u017aniej wci\u0105\u017c widzimy owoce tego wydarzenia. Niech przyk\u0142ad Rekkareda, nauczanie \u015bw. Leandra i jedno\u015b\u0107 w wierze inspiruj\u0105 nas do wytrwania w powo\u0142aniu chrze\u015bcija\u0144skim i do odwa\u017cnego g\u0142oszenia:<\/p>\n\n\n\n<blockquote class=\"wp-block-quote is-layout-flow wp-block-quote-is-layout-flow\">\n<p><strong>\u201eJezus Chrystus wczoraj i dzi\u015b, ten sam tak\u017ce na wieki.\u201d<\/strong> (<em>Hbr 13,8<\/em>).<\/p>\n<\/blockquote>\n","protected":false},"excerpt":{"rendered":"<p>Historia Ko\u015bcio\u0142a jest naznaczona decyduj\u0105cymi momentami, w kt\u00f3rych Bo\u017ca Opatrzno\u015b\u0107 prowadzi narody ku prawdzie Ewangelii. Jednym z takich kluczowych wydarze\u0144, szczeg\u00f3lnie istotnym dla Hiszpanii i chrze\u015bcija\u0144stwa zachodniego, by\u0142 III Sob\u00f3r w Toledo w 589 roku. To zgromadzenie ko\u015bcielne oznacza\u0142o nie tylko nawr\u00f3cenie Wizygot\u00f3w z arianizmu na katolicyzm, ale tak\u017ce po\u0142o\u017cy\u0142o fundamenty pod g\u0142\u0119boko chrze\u015bcija\u0144sk\u0105 to\u017csamo\u015b\u0107 &hellip;<\/p>\n","protected":false},"author":3,"featured_media":2661,"comment_status":"open","ping_status":"open","sticky":false,"template":"","format":"standard","meta":{"_seopress_robots_primary_cat":"","_seopress_titles_title":"","_seopress_titles_desc":"","_seopress_robots_index":"","footnotes":""},"categories":[38,50],"tags":[643],"class_list":["post-2660","post","type-post","status-publish","format-standard","has-post-thumbnail","","category-historia-i-tradycja","category-sobory-ekumeniczne","tag-sobor-w-toledo"],"_links":{"self":[{"href":"https:\/\/catholicus.eu\/pl\/wp-json\/wp\/v2\/posts\/2660","targetHints":{"allow":["GET"]}}],"collection":[{"href":"https:\/\/catholicus.eu\/pl\/wp-json\/wp\/v2\/posts"}],"about":[{"href":"https:\/\/catholicus.eu\/pl\/wp-json\/wp\/v2\/types\/post"}],"author":[{"embeddable":true,"href":"https:\/\/catholicus.eu\/pl\/wp-json\/wp\/v2\/users\/3"}],"replies":[{"embeddable":true,"href":"https:\/\/catholicus.eu\/pl\/wp-json\/wp\/v2\/comments?post=2660"}],"version-history":[{"count":1,"href":"https:\/\/catholicus.eu\/pl\/wp-json\/wp\/v2\/posts\/2660\/revisions"}],"predecessor-version":[{"id":2662,"href":"https:\/\/catholicus.eu\/pl\/wp-json\/wp\/v2\/posts\/2660\/revisions\/2662"}],"wp:featuredmedia":[{"embeddable":true,"href":"https:\/\/catholicus.eu\/pl\/wp-json\/wp\/v2\/media\/2661"}],"wp:attachment":[{"href":"https:\/\/catholicus.eu\/pl\/wp-json\/wp\/v2\/media?parent=2660"}],"wp:term":[{"taxonomy":"category","embeddable":true,"href":"https:\/\/catholicus.eu\/pl\/wp-json\/wp\/v2\/categories?post=2660"},{"taxonomy":"post_tag","embeddable":true,"href":"https:\/\/catholicus.eu\/pl\/wp-json\/wp\/v2\/tags?post=2660"}],"curies":[{"name":"wp","href":"https:\/\/api.w.org\/{rel}","templated":true}]}}