{"id":2657,"date":"2025-03-13T12:43:06","date_gmt":"2025-03-13T11:43:06","guid":{"rendered":"https:\/\/catholicus.eu\/pl\/?p=2657"},"modified":"2025-03-13T12:43:06","modified_gmt":"2025-03-13T11:43:06","slug":"godzina-300-nad-ranem-godzina-diabla-czy-wezwanie-do-modlitwy","status":"publish","type":"post","link":"https:\/\/catholicus.eu\/pl\/godzina-300-nad-ranem-godzina-diabla-czy-wezwanie-do-modlitwy\/","title":{"rendered":"Godzina 3:00 Nad Ranem \u2013 Godzina Diab\u0142a czy Wezwanie do Modlitwy?"},"content":{"rendered":"\n<p>Czy zdarzy\u0142o Ci si\u0119 kiedy\u015b nagle obudzi\u0107 o 3:00 nad ranem z niewyt\u0142umaczalnym uczuciem niepokoju? Mo\u017ce to by\u0142 przyt\u0142aczaj\u0105cy l\u0119k, niepokoj\u0105cy koszmar lub dziwne wra\u017cenie w duszy? Od wiek\u00f3w ta godzina jest kojarzona z demonicznymi manifestacjami i atakami duchowymi. Ale czy jest w tym prawda? Czy rzeczywi\u015bcie jest to godzina niebezpiecze\u0144stwa, czy mo\u017ce wezwanie do duchowej walki?<\/p>\n\n\n\n<p>W tym artykule przyjrzymy si\u0119 pochodzeniu tego przekonania, jego teologicznemu znaczeniu oraz sposobom, dzi\u0119ki kt\u00f3rym mo\u017cemy walczy\u0107 z pu\u0142apkami Z\u0142ego w najciemniejszej godzinie nocy.<\/p>\n\n\n\n<hr class=\"wp-block-separator has-alpha-channel-opacity\"\/>\n\n\n\n<h2 class=\"wp-block-heading\"><strong>1. Pochodzenie i Znaczenie &#8222;Godziny Diab\u0142a&#8221;<\/strong><\/h2>\n\n\n\n<p>Tradycja chrze\u015bcija\u0144ska uczy, \u017ce Jezus umar\u0142 o <strong>trzeciej godzinie po po\u0142udniu<\/strong>, w momencie, gdy odda\u0142 swojego ducha Ojcu na krzy\u017cu (por. Mt 27,46-50; Mk 15,34-37; \u0141k 23,44-46). Ta chwila jest uwa\u017cana za kulminacyjny moment Odkupienia, kiedy grzech zosta\u0142 pokonany przez niesko\u0144czon\u0105 mi\u0142o\u015b\u0107 Boga.<\/p>\n\n\n\n<p>Z kolei <strong>trzecia nad ranem<\/strong> jest postrzegana jako przeciwie\u0144stwo tego wydarzenia, swego rodzaju <strong>\u201eodwr\u00f3cenie\u201d<\/strong> w cyklu 24 godzin. Je\u015bli godzina 15:00 symbolizuje zwyci\u0119stwo Chrystusa nad \u015bmierci\u0105, to 3:00 nad ranem mia\u0142aby by\u0107 godzin\u0105 satanistycznej drwiny i nasilonych atak\u00f3w duchowych.<\/p>\n\n\n\n<p>To przeciwstawienie jest typowe dla dzia\u0142ania diab\u0142a, kt\u00f3ry stara si\u0119 na\u015bladowa\u0107 i wypacza\u0107 to, co \u015bwi\u0119te. Podobnie jak <strong>Apokalipsa<\/strong> ukazuje <strong>szata\u0144sk\u0105 tr\u00f3jc\u0119<\/strong> (smok, bestia i fa\u0142szywy prorok) jako parodi\u0119 Tr\u00f3jcy \u015awi\u0119tej (por. Ap 13), tak i <strong>godzina diab\u0142a<\/strong> mo\u017ce by\u0107 pr\u00f3b\u0105 zakwestionowania <strong>Godziny Mi\u0142osierdzia<\/strong>, czyli momentu \u015bmierci Chrystusa na krzy\u017cu.<\/p>\n\n\n\n<hr class=\"wp-block-separator has-alpha-channel-opacity\"\/>\n\n\n\n<h2 class=\"wp-block-heading\"><strong>2. Do\u015bwiadczenia o 3:00 Nad Ranem<\/strong><\/h2>\n\n\n\n<p>Wiele os\u00f3b zg\u0142asza <strong>nag\u0142e przebudzenia o 3:00 nad ranem<\/strong>, kt\u00f3rym towarzyszy niepok\u00f3j, bezsenno\u015b\u0107, negatywne my\u015bli lub dziwne odczucia. Cho\u0107 niekt\u00f3rzy mog\u0105 to wyja\u015bnia\u0107 w kategoriach psychologicznych lub fizjologicznych (lekki sen, stres lub niepok\u00f3j), nie mo\u017cna pomija\u0107 duchowego wymiaru tego zjawiska.<\/p>\n\n\n\n<p>W tradycji chrze\u015bcija\u0144skiej noc cz\u0119sto jest postrzegana jako czas pokus. Sam Jezus ostrzeg\u0142, \u017ce ciemno\u015b\u0107 to godzina dzia\u0142ania wroga:<\/p>\n\n\n\n<p><strong>\u201eTo jest wasza godzina i panowanie ciemno\u015bci.\u201d (\u0141k 22,53)<\/strong><\/p>\n\n\n\n<p>Ojcowie Ko\u015bcio\u0142a i liczni \u015bwi\u0119ci ostrzegali przed <strong>nasileniem atak\u00f3w duchowych w nocy<\/strong>. \u015awi\u0119ty Jan Maria Vianney opowiada\u0142, jak diabe\u0142 wielokrotnie n\u0119ka\u0142 go noc\u0105, aby uniemo\u017cliwi\u0107 mu odpoczynek przed sprawowaniem Mszy \u015awi\u0119tej. Podobne do\u015bwiadczenia mieli tak\u017ce \u015bw. Teresa z \u00c1vili i \u015bw. Ojciec Pio.<\/p>\n\n\n\n<p>Oto kilka objaw\u00f3w tych atak\u00f3w:<\/p>\n\n\n\n<ul class=\"wp-block-list\">\n<li>Powtarzaj\u0105ce si\u0119 lub niepokoj\u0105ce koszmary.<\/li>\n\n\n\n<li>Poczucie z\u0142owrogiej obecno\u015bci w pokoju.<\/li>\n\n\n\n<li>My\u015bli o rozpaczy, w\u0105tpliwo\u015bci w wierze lub pokusy nieczyste.<\/li>\n\n\n\n<li>Uczucie ucisku na klatce piersiowej lub trudno\u015b\u0107 w poruszaniu si\u0119 (cz\u0119sto kojarzone z \u201eparali\u017cem sennym\u201d).<\/li>\n\n\n\n<li>Nag\u0142e przebudzenia z niewyt\u0142umaczalnym strachem.<\/li>\n<\/ul>\n\n\n\n<p>Je\u015bli co\u015b takiego Ci si\u0119 przydarzy, najwa\u017cniejsze jest <strong>nie poddawa\u0107 si\u0119 l\u0119kowi<\/strong>, lecz natychmiast zwr\u00f3ci\u0107 si\u0119 ku modlitwie i zaufa\u0107 Bo\u017cej ochronie.<\/p>\n\n\n\n<hr class=\"wp-block-separator has-alpha-channel-opacity\"\/>\n\n\n\n<h2 class=\"wp-block-heading\"><strong>3. Jak Przeciwstawi\u0107 Si\u0119 Dzia\u0142aniu Z\u0142ego o Tej Godzinie?<\/strong><\/h2>\n\n\n\n<p>Diabe\u0142 stara si\u0119 oddzieli\u0107 nas od Boga i zaburzy\u0107 nasz pok\u00f3j ducha, ale <strong>mamy pot\u0119\u017cne bronie przeciwko niemu<\/strong>. Oto kilka zalecanych praktyk duchowych, kt\u00f3re pomog\u0105 nam zwyci\u0119\u017cy\u0107 w nocnej walce:<\/p>\n\n\n\n<h3 class=\"wp-block-heading\"><strong>a) Modlitwa do \u015bw. Micha\u0142a Archanio\u0142a po \u0142acinie<\/strong><\/h3>\n\n\n\n<p>\u015awi\u0119ty Micha\u0142 jest wielkim obro\u0144c\u0105 ludu Bo\u017cego przed mocami z\u0142a. Ko\u015bci\u00f3\u0142 uznaje si\u0142\u0119 jego wstawiennictwa, a papie\u017c Leon XIII u\u0142o\u017cy\u0142 specjaln\u0105 modlitw\u0119, aby prosi\u0107 go o pomoc.<\/p>\n\n\n\n<h4 class=\"wp-block-heading\"><strong>Modlitwa po \u0142acinie: Oratio Leonis XIII<\/strong><\/h4>\n\n\n\n<p><em>&#8222;Sancte Michael Archangele, defende nos in pr\u0153lio,<br>contra nequitiam et insidias diaboli esto pr\u00e6sidium.<br>Imperet illi Deus, supplices deprecamur.<br>Tuque, Princeps Militi\u00e6 C\u00e6lestis, Satanam aliosque spiritus malignos<br>qui ad perditionem animarum pervagantur in mundo,<br>divina virtute, in infernum detrude. Amen.&#8221;<\/em><\/p>\n\n\n\n<p>\u0141acina jest j\u0119zykiem \u015bwi\u0119tym i liturgicznym, kt\u00f3rego diabe\u0142 nienawidzi, co czyni t\u0119 modlitw\u0119 szczeg\u00f3lnie skuteczn\u0105.<\/p>\n\n\n\n<h3 class=\"wp-block-heading\"><strong>b) Po\u015bwi\u0119cenie Pokoju i U\u017cycie Wody \u015awi\u0119conej<\/strong><\/h3>\n\n\n\n<p>Woda \u015bwi\u0119cona to sakramentalium przypominaj\u0105ce nam o chrzcie i odpychaj\u0105ce wp\u0142ywy demoniczne. Zaleca si\u0119 kropienie ni\u0105 pokoju przed snem i czynienie znaku krzy\u017ca z wiar\u0105.<\/p>\n\n\n\n<h3 class=\"wp-block-heading\"><strong>c) Uciekanie si\u0119 do Matki Bo\u017cej i R\u00f3\u017caniec<\/strong><\/h3>\n\n\n\n<p>Naj\u015bwi\u0119tsza Maryja Panna jest wielk\u0105 przeciwniczk\u0105 szatana (por. Rdz 3,15). Jej r\u00f3\u017caniec to pot\u0119\u017cna bro\u0144 przeciwko wszelkim atakom duchowym. Je\u015bli obudzisz si\u0119 w nocy z niepokojem, <strong>odm\u00f3w Zdrowa\u015b Maryjo lub jedn\u0105 tajemnic\u0119 r\u00f3\u017ca\u0144ca<\/strong>.<\/p>\n\n\n\n<h3 class=\"wp-block-heading\"><strong>d) Trwanie w Stanie \u0141aski U\u015bwi\u0119caj\u0105cej<\/strong><\/h3>\n\n\n\n<p>Najlepsz\u0105 obron\u0105 przed diab\u0142em jest aktywne \u017cycie sakramentalne. Cz\u0119sta spowied\u017a i Eucharystia wzmacniaj\u0105 dusz\u0119 przeciwko pokusom Z\u0142ego.<\/p>\n\n\n\n<h3 class=\"wp-block-heading\"><strong>e) Nie Poddawanie Si\u0119 Strachowi<\/strong><\/h3>\n\n\n\n<p>Strach jest jedn\u0105 z g\u0142\u00f3wnych broni diab\u0142a. Ale Chrystus powiedzia\u0142:<\/p>\n\n\n\n<p><strong>\u201eNiech si\u0119 nie trwo\u017cy serce wasze ani si\u0119 nie l\u0119ka!\u201d (J 14,27)<\/strong><\/p>\n\n\n\n<p>Je\u015bli odczuwasz l\u0119k, powtarzaj z wiar\u0105: <strong>\u201eJezu, ufam Tobie.\u201d<\/strong><\/p>\n\n\n\n<hr class=\"wp-block-separator has-alpha-channel-opacity\"\/>\n\n\n\n<h2 class=\"wp-block-heading\"><strong>4. Wnioski: Wezwanie do Nocnej Modlitwy<\/strong><\/h2>\n\n\n\n<p>Je\u015bli budzisz si\u0119 o 3:00 nad ranem, zamiast si\u0119 ba\u0107, <strong>potraktuj to jako moment \u0142aski<\/strong>. Mo\u017ce B\u00f3g wzywa Ci\u0119 do modlitwy, do wstawiennictwa za innych, do duchowej walki za pomoc\u0105 broni wiary.<\/p>\n\n\n\n<p>Walka mi\u0119dzy \u015bwiat\u0142o\u015bci\u0105 a ciemno\u015bci\u0105 jest realna, ale zwyci\u0119stwo zosta\u0142o ju\u017c zapewnione przez Chrystusa na krzy\u017cu. Nie b\u00f3jmy si\u0119 podst\u0119p\u00f3w wroga, lecz umacniajmy nasze \u017cycie duchowe poprzez modlitw\u0119, sakramenty i ufno\u015b\u0107 w Bogu.<\/p>\n\n\n\n<p>Gdy diabe\u0142 atakuje, niech na naszych ustach zabrzmi bojowy okrzyk \u015bw. Micha\u0142a:<\/p>\n\n\n\n<p><strong>\u201eQuis ut Deus? Nemo sicut Deus!\u201d (Kt\u00f3\u017c jak B\u00f3g? Nikt nie jest jak B\u00f3g!)<\/strong><\/p>\n","protected":false},"excerpt":{"rendered":"<p>Czy zdarzy\u0142o Ci si\u0119 kiedy\u015b nagle obudzi\u0107 o 3:00 nad ranem z niewyt\u0142umaczalnym uczuciem niepokoju? Mo\u017ce to by\u0142 przyt\u0142aczaj\u0105cy l\u0119k, niepokoj\u0105cy koszmar lub dziwne wra\u017cenie w duszy? Od wiek\u00f3w ta godzina jest kojarzona z demonicznymi manifestacjami i atakami duchowymi. Ale czy jest w tym prawda? Czy rzeczywi\u015bcie jest to godzina niebezpiecze\u0144stwa, czy mo\u017ce wezwanie do &hellip;<\/p>\n","protected":false},"author":3,"featured_media":2658,"comment_status":"open","ping_status":"open","sticky":false,"template":"","format":"standard","meta":{"_seopress_robots_primary_cat":"","_seopress_titles_title":"","_seopress_titles_desc":"","_seopress_robots_index":"","footnotes":""},"categories":[40,58],"tags":[642],"class_list":["post-2657","post","type-post","status-publish","format-standard","has-post-thumbnail","","category-modlitwa-i-duchowosc","category-modlitwa-i-zycie-duchowe","tag-godzina-diabla"],"_links":{"self":[{"href":"https:\/\/catholicus.eu\/pl\/wp-json\/wp\/v2\/posts\/2657","targetHints":{"allow":["GET"]}}],"collection":[{"href":"https:\/\/catholicus.eu\/pl\/wp-json\/wp\/v2\/posts"}],"about":[{"href":"https:\/\/catholicus.eu\/pl\/wp-json\/wp\/v2\/types\/post"}],"author":[{"embeddable":true,"href":"https:\/\/catholicus.eu\/pl\/wp-json\/wp\/v2\/users\/3"}],"replies":[{"embeddable":true,"href":"https:\/\/catholicus.eu\/pl\/wp-json\/wp\/v2\/comments?post=2657"}],"version-history":[{"count":1,"href":"https:\/\/catholicus.eu\/pl\/wp-json\/wp\/v2\/posts\/2657\/revisions"}],"predecessor-version":[{"id":2659,"href":"https:\/\/catholicus.eu\/pl\/wp-json\/wp\/v2\/posts\/2657\/revisions\/2659"}],"wp:featuredmedia":[{"embeddable":true,"href":"https:\/\/catholicus.eu\/pl\/wp-json\/wp\/v2\/media\/2658"}],"wp:attachment":[{"href":"https:\/\/catholicus.eu\/pl\/wp-json\/wp\/v2\/media?parent=2657"}],"wp:term":[{"taxonomy":"category","embeddable":true,"href":"https:\/\/catholicus.eu\/pl\/wp-json\/wp\/v2\/categories?post=2657"},{"taxonomy":"post_tag","embeddable":true,"href":"https:\/\/catholicus.eu\/pl\/wp-json\/wp\/v2\/tags?post=2657"}],"curies":[{"name":"wp","href":"https:\/\/api.w.org\/{rel}","templated":true}]}}