{"id":2605,"date":"2025-03-12T11:34:22","date_gmt":"2025-03-12T10:34:22","guid":{"rendered":"https:\/\/catholicus.eu\/pl\/?p=2605"},"modified":"2025-03-12T11:34:22","modified_gmt":"2025-03-12T10:34:22","slug":"poswiecenie-sie-sw-jozefowi-droga-ochrony-ojcostwa-i-wiernosci-w-dzisiejszych-czasach","status":"publish","type":"post","link":"https:\/\/catholicus.eu\/pl\/poswiecenie-sie-sw-jozefowi-droga-ochrony-ojcostwa-i-wiernosci-w-dzisiejszych-czasach\/","title":{"rendered":"Po\u015bwi\u0119cenie si\u0119 \u015bw. J\u00f3zefowi: Droga ochrony, ojcostwa i wierno\u015bci w dzisiejszych czasach"},"content":{"rendered":"\n<p>W \u015bwiecie, kt\u00f3ry zdaje si\u0119 coraz bardziej traci\u0107 swoje duchowe korzenie, gdzie rodzina staje przed bezprecedensowymi wyzwaniami, a rola ojca rozmywa si\u0119 w\u015br\u00f3d kulturowych nieporozumie\u0144, po\u015bwi\u0119cenie si\u0119 \u015bw. J\u00f3zefowi pojawia si\u0119 jako \u015bwiat\u0142o nadziei, bezpieczna przysta\u0144 i wz\u00f3r cn\u00f3t. Ten akt ca\u0142kowitego oddania si\u0119 oblubie\u0144cowi Maryi i przybranemu ojcu Jezusa to nie tylko pobo\u017cna praktyka, ale pot\u0119\u017cne narz\u0119dzie duchowe dla tych, kt\u00f3rzy pragn\u0105 \u017cy\u0107 swoj\u0105 wiar\u0105 katolick\u0105 w pe\u0142ni. W tym artykule przyjrzymy si\u0119 pochodzeniu, historii i wsp\u00f3\u0142czesnemu znaczeniu tej praktyki, zg\u0142\u0119biaj\u0105c jej teologiczne znaczenie i oferuj\u0105c przewodnik dla tych, kt\u00f3rzy chc\u0105 po\u015bwi\u0119ci\u0107 si\u0119 temu ukochanemu \u015bwi\u0119temu.<\/p>\n\n\n\n<hr class=\"wp-block-separator has-alpha-channel-opacity\"\/>\n\n\n\n<h3 class=\"wp-block-heading\"><strong>Pochodzenie kultu \u015bw. J\u00f3zefa: Milczenie, kt\u00f3re przemawia<\/strong><\/h3>\n\n\n\n<p>\u015awi\u0119ty J\u00f3zef, cho\u0107 jest centraln\u0105 postaci\u0105 w historii zbawienia, znany jest ze swojego milczenia. W Pi\u015bmie \u015awi\u0119tym nie zapisano ani jednego jego s\u0142owa. Jednak jego obecno\u015b\u0107 jest sta\u0142a i pot\u0119\u017cna. Jest \u201ecz\u0142owiekiem sprawiedliwym\u201d (Mt 1,19), opiekunem \u015awi\u0119tej Rodziny i obro\u0144c\u0105 rodz\u0105cego si\u0119 Ko\u015bcio\u0142a. Jego milczenie nie jest puste, ale pe\u0142ne znaczenia: to milczenie pos\u0142usze\u0144stwa, zaufania Bogu i ofiarnej mi\u0142o\u015bci.<\/p>\n\n\n\n<p>Kult \u015bw. J\u00f3zefa ma swoje korzenie w pierwszych wiekach chrze\u015bcija\u0144stwa, ale to w \u015bredniowieczu zacz\u0105\u0142 si\u0119 rozwija\u0107. \u015awi\u0119ci, tacy jak Bernard z Clairvaux i Teresa z \u00c1vila, byli wielkimi propagatorami jego czci. \u015awi\u0119ta Teresa w szczeg\u00f3lno\u015bci przypisywa\u0142a \u015bw. J\u00f3zefowi ochron\u0119 i sukces swoich fundacji klasztornych, m\u00f3wi\u0105c: \u201eNie pami\u0119tam, abym kiedykolwiek prosi\u0142a go o co\u015b, czego by mi nie udzieli\u0142\u201d. To \u015bwiadectwo tak wp\u0142ywowej \u015bwi\u0119tej pomog\u0142o rozpowszechni\u0107 kult \u015bw. J\u00f3zefa na ca\u0142ym katolickim \u015bwiecie.<\/p>\n\n\n\n<hr class=\"wp-block-separator has-alpha-channel-opacity\"\/>\n\n\n\n<h3 class=\"wp-block-heading\"><strong>Po\u015bwi\u0119cenie si\u0119 \u015bw. J\u00f3zefowi: Co to znaczy i dlaczego to robi\u0107?<\/strong><\/h3>\n\n\n\n<p>Po\u015bwi\u0119ci\u0107 si\u0119 \u015bw. J\u00f3zefowi to akt ca\u0142kowitego oddania, w kt\u00f3rym oddajemy si\u0119 pod jego opiek\u0119 i przewodnictwo, na\u015bladuj\u0105c jego cnoty i zawierzaj\u0105c jego wstawiennictwu. Nie chodzi tylko o okazjonaln\u0105 modlitw\u0119 do niego, ale o nawi\u0105zanie g\u0142\u0119bokiej relacji, uznaj\u0105c go za duchowego ojca i wz\u00f3r \u017cycia chrze\u015bcija\u0144skiego.<\/p>\n\n\n\n<p>\u015awi\u0119ty J\u00f3zef jest wzorem pokory, pos\u0142usze\u0144stwa i si\u0142y. W \u015bwiecie, kt\u00f3ry ceni widoczny sukces i w\u0142adz\u0119, uczy nas, \u017ce prawdziwa wielko\u015b\u0107 polega na wype\u0142nianiu woli Bo\u017cej, nawet je\u015bli oznacza to pozostanie w cieniu. Jego \u017cycie by\u0142o ci\u0105g\u0142ym oddaniem si\u0119 Bo\u017cym planom \u2013 od przyj\u0119cia Maryi za ma\u0142\u017conk\u0119 po ucieczk\u0119 do Egiptu, aby ochroni\u0107 Dzieci\u0105tko Jezus.<\/p>\n\n\n\n<p>Po\u015bwi\u0119cenie si\u0119 \u015bw. J\u00f3zefowi jest szczeg\u00f3lnie aktualne w naszych czasach, gdy ojcostwo prze\u017cywa kryzys. \u015awi\u0119ty J\u00f3zef, jako przybrany ojciec Jezusa, pokazuje nam, jak sprawowa\u0107 ojcostwo pe\u0142ne mi\u0142o\u015bci, odpowiedzialno\u015bci i po\u015bwi\u0119cenia. Dla m\u0119\u017cczyzn jest wzorem, jak by\u0107 prawdziwym ojcem i m\u0119\u017cem; dla kobiet \u2013 or\u0119downikiem, kt\u00f3ry je chroni i prowadzi; a dla dzieci \u2013 przyk\u0142adem pos\u0142usze\u0144stwa i szacunku.<\/p>\n\n\n\n<hr class=\"wp-block-separator has-alpha-channel-opacity\"\/>\n\n\n\n<h3 class=\"wp-block-heading\"><strong>Odrodzenie po\u015bwi\u0119cenia si\u0119 \u015bw. J\u00f3zefowi w XXI wieku<\/strong><\/h3>\n\n\n\n<p>W ostatnich latach po\u015bwi\u0119cenie si\u0119 \u015bw. J\u00f3zefowi prze\u017cywa\u0142o znacz\u0105ce odrodzenie. Jest to cz\u0119\u015bciowo zas\u0142uga takich postaci jak ojciec Donald Calloway, kt\u00f3ry napisa\u0142 ksi\u0105\u017ck\u0119&nbsp;<em>\u201ePo\u015bwi\u0119cenie si\u0119 \u015bw. J\u00f3zefowi: Cuda naszego duchowego ojca\u201d<\/em>. Ta ksi\u0105\u017cka zainspirowa\u0142a tysi\u0105ce katolik\u00f3w do po\u015bwi\u0119cenia si\u0119 \u015bw. J\u00f3zefowi, wed\u0142ug metody podobnej do po\u015bwi\u0119cenia si\u0119 Maryi wed\u0142ug \u015bw. Ludwika Marii Grignion de Montfort.<\/p>\n\n\n\n<p>Ponadto papie\u017c Franciszek przyczyni\u0142 si\u0119 do tego odrodzenia. W 2020 roku og\u0142osi\u0142 Rok \u015bw. J\u00f3zefa, z okazji 150. rocznicy og\u0142oszenia \u015bw. J\u00f3zefa patronem Ko\u015bcio\u0142a powszechnego przez papie\u017ca Piusa IX. W swoim li\u015bcie apostolskim&nbsp;<em>\u201ePatris Corde\u201d<\/em>&nbsp;(\u201eZ ojcowskim sercem\u201d) papie\u017c Franciszek opisuje \u015bw. J\u00f3zefa jako ojca umi\u0142owanego, czu\u0142ego, pos\u0142usznego, przyjmuj\u0105cego, tw\u00f3rczo odwa\u017cnego, pracowitego i pozostaj\u0105cego w cieniu. Te s\u0142owa g\u0142\u0119boko poruszy\u0142y wiernych, zw\u0142aszcza w czasie, gdy wiele rodzin zmaga si\u0119 z trudno\u015bciami ekonomicznymi, spo\u0142ecznymi i duchowymi.<\/p>\n\n\n\n<hr class=\"wp-block-separator has-alpha-channel-opacity\"\/>\n\n\n\n<h3 class=\"wp-block-heading\"><strong>Jak po\u015bwi\u0119ci\u0107 si\u0119 \u015bw. J\u00f3zefowi: Praktyczny przewodnik<\/strong><\/h3>\n\n\n\n<p>Po\u015bwi\u0119cenie si\u0119 \u015bw. J\u00f3zefowi to proces, kt\u00f3ry wymaga przygotowania, modlitwy i refleksji. Poni\u017cej przedstawiamy metod\u0119 opart\u0105 na katolickiej tradycji:<\/p>\n\n\n\n<ol start=\"1\" class=\"wp-block-list\">\n<li><strong>Przygotowanie (30 dni):<\/strong>\u00a0W tym okresie po\u015bwi\u0119\u0107 czas na lepsze poznanie \u015bw. J\u00f3zefa, jego \u017cycia i cn\u00f3t. Zaleca si\u0119 czytanie tekst\u00f3w, takich jak\u00a0<em>\u201ePatris Corde\u201d<\/em>\u00a0papie\u017ca Franciszka lub ksi\u0105\u017cka ojca Callowaya. Mo\u017cesz r\u00f3wnie\u017c codziennie odmawia\u0107 modlitw\u0119 do \u015bw. J\u00f3zefa.<\/li>\n\n\n\n<li><strong>Refleksja:<\/strong>\u00a0Rozmy\u015blaj o cnotach \u015bw. J\u00f3zefa i o tym, jak mo\u017cesz je zastosowa\u0107 w swoim \u017cyciu. Zadaj sobie pytania: Jak mog\u0119 by\u0107 bardziej pos\u0142uszny woli Bo\u017cej? Jak mog\u0119 chroni\u0107 i prowadzi\u0107 swoj\u0105 rodzin\u0119, tak jak \u015bw. J\u00f3zef?<\/li>\n\n\n\n<li><strong>Akt po\u015bwi\u0119cenia:<\/strong>\u00a0W dniu po\u015bwi\u0119cenia odm\u00f3w formaln\u0105 modlitw\u0119, w kt\u00f3rej oddajesz si\u0119 \u015bw. J\u00f3zefowi. Mo\u017cesz u\u017cy\u0107 istniej\u0105cej modlitwy lub napisa\u0107 w\u0142asn\u0105. Oto przyk\u0142ad:<em>\u201eO chwalebny \u015bw. J\u00f3zefie, dzi\u015b po\u015bwi\u0119cam si\u0119 Tobie. Wybieram Ci\u0119 na mojego duchowego ojca i opiekuna. Prowad\u017a mnie na drodze cn\u00f3t, pom\u00f3\u017c mi na\u015bladowa\u0107 Twoj\u0105 pokor\u0119, pos\u0142usze\u0144stwo i mi\u0142o\u015b\u0107 do Jezusa i Maryi. Wstawiaj si\u0119 za mn\u0105 i moj\u0105 rodzin\u0105 oraz chro\u0144 nas od wszelkiego z\u0142a. Amen.\u201d<\/em><\/li>\n\n\n\n<li><strong>\u017bycie po\u015bwi\u0119ceniem:<\/strong>\u00a0Po\u015bwi\u0119cenie to nie jednorazowe wydarzenie, ale zobowi\u0105zanie na ca\u0142e \u017cycie. Kontynuuj modlitw\u0119 do \u015bw. J\u00f3zefa, na\u015bladuj jego cnoty i zawierzaj jego wstawiennictwu.<\/li>\n<\/ol>\n\n\n\n<hr class=\"wp-block-separator has-alpha-channel-opacity\"\/>\n\n\n\n<h3 class=\"wp-block-heading\"><strong>\u015awi\u0119ty J\u00f3zef w Biblii: Cz\u0142owiek wiary i czynu<\/strong><\/h3>\n\n\n\n<p>Cho\u0107 \u015bw. J\u00f3zef nie wypowiada s\u0142\u00f3w w Biblii, jego czyny m\u00f3wi\u0105 wi\u0119cej ni\u017c s\u0142owa. W Ewangelii wed\u0142ug \u015bw. Mateusza 1,24 czytamy, \u017ce \u201eJ\u00f3zef uczyni\u0142 tak, jak mu poleci\u0142 anio\u0142 Pa\u0144ski\u201d. To natychmiastowe i bezwarunkowe pos\u0142usze\u0144stwo jest wzorem dla wszystkich chrze\u015bcijan. W Mt 2,13-14 widzimy, jak chroni Jezusa i Maryj\u0119, uciekaj\u0105c do Egiptu przed Herodem. Ten akt odwagi i po\u015bwi\u0119cenia przypomina nam, \u017ce prawdziwe ojcostwo oznacza gotowo\u015b\u0107 oddania \u017cycia za tych, kt\u00f3rych si\u0119 kocha.<\/p>\n\n\n\n<hr class=\"wp-block-separator has-alpha-channel-opacity\"\/>\n\n\n\n<h3 class=\"wp-block-heading\"><strong>Zako\u0144czenie: \u015awi\u0119ty J\u00f3zef, \u015bwi\u0119ty na nasze czasy<\/strong><\/h3>\n\n\n\n<p>W \u015bwiecie, kt\u00f3ry wo\u0142a o wzory uczciwo\u015bci, pokory i mi\u0142o\u015bci, \u015bw. J\u00f3zef staje jako \u015bwiat\u0142o nadziei. Jego \u017cycie uczy nas, \u017ce prawdziwa wielko\u015b\u0107 nie polega na ludzkim uznaniu, ale na wierno\u015bci Bogu. Po\u015bwi\u0119cenie si\u0119 \u015bw. J\u00f3zefowi to nie tylko pobo\u017cna praktyka, ale droga do pe\u0142niejszego i bardziej autentycznego \u017cycia chrze\u015bcija\u0144skiego.<\/p>\n\n\n\n<p>Je\u015bli szukasz duchowego przewodnika, opiekuna dla swojej rodziny lub po prostu pragniesz wzrasta\u0107 w wierze, zach\u0119cam ci\u0119 do rozwa\u017cenia po\u015bwi\u0119cenia si\u0119 \u015bw. J\u00f3zefowi. W nim znajdziesz kochaj\u0105cego ojca, pot\u0119\u017cnego or\u0119downika i wz\u00f3r cn\u00f3t do na\u015bladowania. Jak powiedzia\u0142 papie\u017c Franciszek: \u201e\u015awi\u0119ty J\u00f3zef przypomina nam, \u017ce ci, kt\u00f3rzy wydaj\u0105 si\u0119 pozostawa\u0107 w ukryciu lub na \u201edrugim planie\u201d, maj\u0105 niezast\u0105pion\u0105 rol\u0119 w historii zbawienia\u201d.<\/p>\n\n\n\n<p>Niech \u015bw. J\u00f3zef, opiekun Zbawiciela, prowadzi nas i strze\u017ce na naszej drodze do Boga. Amen.<\/p>\n","protected":false},"excerpt":{"rendered":"<p>W \u015bwiecie, kt\u00f3ry zdaje si\u0119 coraz bardziej traci\u0107 swoje duchowe korzenie, gdzie rodzina staje przed bezprecedensowymi wyzwaniami, a rola ojca rozmywa si\u0119 w\u015br\u00f3d kulturowych nieporozumie\u0144, po\u015bwi\u0119cenie si\u0119 \u015bw. J\u00f3zefowi pojawia si\u0119 jako \u015bwiat\u0142o nadziei, bezpieczna przysta\u0144 i wz\u00f3r cn\u00f3t. Ten akt ca\u0142kowitego oddania si\u0119 oblubie\u0144cowi Maryi i przybranemu ojcu Jezusa to nie tylko pobo\u017cna praktyka, &hellip;<\/p>\n","protected":false},"author":3,"featured_media":2606,"comment_status":"open","ping_status":"open","sticky":false,"template":"","format":"standard","meta":{"_seopress_robots_primary_cat":"","_seopress_titles_title":"","_seopress_titles_desc":"","_seopress_robots_index":"","footnotes":""},"categories":[40,61],"tags":[623,622],"class_list":["post-2605","post","type-post","status-publish","format-standard","has-post-thumbnail","","category-modlitwa-i-duchowosc","category-swieci-i-kalendarz-liturgiczny","tag-poswiecenie","tag-sw-jozefowi"],"_links":{"self":[{"href":"https:\/\/catholicus.eu\/pl\/wp-json\/wp\/v2\/posts\/2605","targetHints":{"allow":["GET"]}}],"collection":[{"href":"https:\/\/catholicus.eu\/pl\/wp-json\/wp\/v2\/posts"}],"about":[{"href":"https:\/\/catholicus.eu\/pl\/wp-json\/wp\/v2\/types\/post"}],"author":[{"embeddable":true,"href":"https:\/\/catholicus.eu\/pl\/wp-json\/wp\/v2\/users\/3"}],"replies":[{"embeddable":true,"href":"https:\/\/catholicus.eu\/pl\/wp-json\/wp\/v2\/comments?post=2605"}],"version-history":[{"count":1,"href":"https:\/\/catholicus.eu\/pl\/wp-json\/wp\/v2\/posts\/2605\/revisions"}],"predecessor-version":[{"id":2607,"href":"https:\/\/catholicus.eu\/pl\/wp-json\/wp\/v2\/posts\/2605\/revisions\/2607"}],"wp:featuredmedia":[{"embeddable":true,"href":"https:\/\/catholicus.eu\/pl\/wp-json\/wp\/v2\/media\/2606"}],"wp:attachment":[{"href":"https:\/\/catholicus.eu\/pl\/wp-json\/wp\/v2\/media?parent=2605"}],"wp:term":[{"taxonomy":"category","embeddable":true,"href":"https:\/\/catholicus.eu\/pl\/wp-json\/wp\/v2\/categories?post=2605"},{"taxonomy":"post_tag","embeddable":true,"href":"https:\/\/catholicus.eu\/pl\/wp-json\/wp\/v2\/tags?post=2605"}],"curies":[{"name":"wp","href":"https:\/\/api.w.org\/{rel}","templated":true}]}}