{"id":2569,"date":"2025-03-10T23:10:27","date_gmt":"2025-03-10T22:10:27","guid":{"rendered":"https:\/\/catholicus.eu\/pl\/?p=2569"},"modified":"2025-03-10T23:10:27","modified_gmt":"2025-03-10T22:10:27","slug":"wieczne-przeznaczenie-jak-nasze-decyzje-ksztaltuja-wiecznosc","status":"publish","type":"post","link":"https:\/\/catholicus.eu\/pl\/wieczne-przeznaczenie-jak-nasze-decyzje-ksztaltuja-wiecznosc\/","title":{"rendered":"Wieczne przeznaczenie: Jak nasze decyzje kszta\u0142tuj\u0105 wieczno\u015b\u0107?"},"content":{"rendered":"\n<p class=\"wp-block-paragraph\">W sercu wiary katolickiej le\u017cy g\u0142\u0119boka i przemieniaj\u0105ca prawda: nasze decyzje w tym \u017cyciu nie tylko wp\u0142ywaj\u0105 na nasz\u0105 tera\u017aniejszo\u015b\u0107, ale maj\u0105 r\u00f3wnie\u017c wieczne konsekwencje. Wieczne przeznaczenie, ten ostateczny horyzont, ku kt\u00f3remu wszyscy zmierzamy, nie jest czym\u015b arbitralnie z g\u00f3ry okre\u015blonym, ale wynikiem wybor\u00f3w, kt\u00f3rych dokonujemy ka\u017cdego dnia. Ten artyku\u0142 ma na celu zbadanie, jak nasze dzia\u0142ania, zar\u00f3wno du\u017ce, jak i ma\u0142e, kszta\u0142tuj\u0105 nasz\u0105 wieczno\u015b\u0107, w \u015bwietle tradycyjnej teologii katolickiej i Katechizmu Ko\u015bcio\u0142a Katolickiego.<\/p>\n\n\n\n<h3 class=\"wp-block-heading\"><strong>Pochodzenie idei wiecznego przeznaczenia<\/strong><\/h3>\n\n\n\n<p class=\"wp-block-paragraph\">Poj\u0119cie wiecznego przeznaczenia nie jest wsp\u00f3\u0142czesnym wynalazkiem, ale objawion\u0105 prawd\u0105, kt\u00f3ra si\u0119ga najwcze\u015bniejszych moment\u00f3w stworzenia. W Ksi\u0119dze Rodzaju B\u00f3g stworzy\u0142 cz\u0142owieka na sw\u00f3j obraz i podobie\u0144stwo (Rdz 1,27), obdarzaj\u0105c go woln\u0105 wol\u0105. Ten dar wolno\u015bci jest fundamentalny, poniewa\u017c pozwala cz\u0142owiekowi kocha\u0107 i wybiera\u0107 dobro, ale r\u00f3wnie\u017c implikuje mo\u017cliwo\u015b\u0107 odrzucenia Boga. Od pocz\u0105tku ludzko\u015b\u0107 stan\u0119\u0142a przed kluczowym wyborem: Adam i Ewa w ogrodzie Eden postanowili nie pos\u0142ucha\u0107 Boga, wprowadzaj\u0105c w ten spos\u00f3b grzech na \u015bwiat (Rdz 3). Ten czyn nie tylko wp\u0142yn\u0105\u0142 na ich relacj\u0119 z Bogiem, ale tak\u017ce zapocz\u0105tkowa\u0142 nieustann\u0105 walk\u0119 mi\u0119dzy dobrem a z\u0142em, kt\u00f3rej konsekwencje si\u0119gaj\u0105 a\u017c do wieczno\u015bci.<\/p>\n\n\n\n<p class=\"wp-block-paragraph\">Teologia katolicka naucza, \u017ce wieczne przeznaczenie cz\u0142owieka jest zwi\u0105zane z jego odpowiedzi\u0105 na mi\u0142o\u015b\u0107 Boga. \u015awi\u0119ty Augustyn, jeden z wielkich doktor\u00f3w Ko\u015bcio\u0142a, wyrazi\u0142 to jasno:&nbsp;<em>\u201eStworzy\u0142e\u015b nas dla siebie, Panie, i niespokojne jest nasze serce, dop\u00f3ki nie spocznie w Tobie.\u201d<\/em>&nbsp;Ten niepok\u00f3j odzwierciedla g\u0142\u0119bokie pragnienie pe\u0142ni, kt\u00f3r\u0105 mo\u017cna znale\u017a\u0107 tylko w Bogu. Nasze decyzje nie s\u0105 wi\u0119c jedynie izolowanymi aktami, ale krokami, kt\u00f3re przybli\u017caj\u0105 nas lub oddalaj\u0105 od tego wiecznego odpoczynku w Stw\u00f3rcy.<\/p>\n\n\n\n<h3 class=\"wp-block-heading\"><strong>Historia zbawienia i wieczne przeznaczenie<\/strong><\/h3>\n\n\n\n<p class=\"wp-block-paragraph\">W ci\u0105gu historii zbawienia B\u00f3g stopniowo objawia\u0142 sw\u00f3j plan dla ludzko\u015bci. W Starym Testamencie prorocy zapowiadali przyj\u015bcie Mesjasza, kt\u00f3ry przywr\u00f3ci\u0142by relacj\u0119 mi\u0119dzy Bogiem a cz\u0142owiekiem. W Nowym Testamencie Jezus Chrystus, Syn Bo\u017cy, przedstawia si\u0119 jako droga, prawda i \u017cycie (J 14,6). Jego \u015bmier\u0107 i zmartwychwstanie otwieraj\u0105 bramy nieba, oferuj\u0105c wszystkim mo\u017cliwo\u015b\u0107 osi\u0105gni\u0119cia \u017cycia wiecznego.<\/p>\n\n\n\n<p class=\"wp-block-paragraph\">Jednak to zbawienie nie jest automatyczne. Sam Jezus ostrzega\u0142 przed znaczeniem naszych decyzji:&nbsp;<em>\u201eNie ka\u017cdy, kto m\u00f3wi Mi: \u2018Panie, Panie!\u2019, wejdzie do kr\u00f3lestwa niebieskiego, lecz ten, kto spe\u0142nia wol\u0119 mojego Ojca, kt\u00f3ry jest w niebie\u201d<\/em>&nbsp;(Mt 7,21). Te s\u0142owa podkre\u015blaj\u0105, \u017ce wiara musi przek\u0142ada\u0107 si\u0119 na czyny, na \u017cycie zgodne z Ewangeli\u0105. Wieczne przeznaczenie nie jest wi\u0119c jedynie kwesti\u0105 wiary, ale \u017cycia zgodnego z wol\u0105 Boga.<\/p>\n\n\n\n<h3 class=\"wp-block-heading\"><strong>Katechizm i wieczne przeznaczenie<\/strong><\/h3>\n\n\n\n<p class=\"wp-block-paragraph\">Katechizm Ko\u015bcio\u0142a Katolickiego (KKK) zapewnia jasne i g\u0142\u0119bokie wskaz\u00f3wki dotycz\u0105ce wiecznego przeznaczenia. W numerze 1022 przypomina nam, \u017ce&nbsp;<em>\u201eka\u017cdy cz\u0142owiek po \u015bmierci otrzymuje w swojej nie\u015bmiertelnej duszy wieczn\u0105 zap\u0142at\u0119 w szczeg\u00f3lnym s\u0105dzie przez Chrystusa, s\u0119dziego \u017cywych i umar\u0142ych.\u201d<\/em>&nbsp;Ten szczeg\u00f3lny s\u0105d to moment, w kt\u00f3rym ka\u017cda osoba staje wobec prawdy swojego \u017cycia i swoich decyzji. Nie ma tu miejsca na oszustwo czy usprawiedliwienie; tylko rzeczywisto\u015b\u0107 tego, jak odpowiedzieli\u015bmy na mi\u0142o\u015b\u0107 Boga.<\/p>\n\n\n\n<p class=\"wp-block-paragraph\">Katechizm m\u00f3wi r\u00f3wnie\u017c o dw\u00f3ch mo\u017cliwych wiecznych przeznaczeniach: niebie i piekle. Niebo to pe\u0142nia komunii z Bogiem, gdzie sprawiedliwi ciesz\u0105 si\u0119 widzeniem uszcz\u0119\u015bliwiaj\u0105cym, czyli bezpo\u015brednim ogl\u0105daniem Boga (KKK 1023). Piek\u0142o natomiast to wieczne oddzielenie od Boga, wynik \u015bwiadomego i uporczywego wyboru odrzucenia Jego mi\u0142o\u015bci (KKK 1033). Te rzeczywisto\u015bci nie s\u0105 arbitralnymi karami, ale naturalnymi konsekwencjami naszych decyzji.<\/p>\n\n\n\n<h3 class=\"wp-block-heading\"><strong>Decyzje, kt\u00f3re kszta\u0142tuj\u0105 wieczno\u015b\u0107<\/strong><\/h3>\n\n\n\n<p class=\"wp-block-paragraph\">Ka\u017cdego dnia stajemy przed decyzjami, kt\u00f3re, cho\u0107 mog\u0105 wydawa\u0107 si\u0119 ma\u0142e, maj\u0105 wieczny wp\u0142yw. Od tego, jak traktujemy naszych bliskich, po to, jak odpowiadamy na potrzeby najbardziej potrzebuj\u0105cych, nasze dzia\u0142ania s\u0105 cegie\u0142kami, kt\u00f3re buduj\u0105 nasze wieczne przeznaczenie. \u015awi\u0119ty Jan Pawe\u0142 II wyrazi\u0142 to jasno:&nbsp;<em>\u201eNiebo i piek\u0142o to rzeczywisto\u015bci, kt\u00f3re zaczynaj\u0105 si\u0119 tutaj, na ziemi, w naszych codziennych wyborach.\u201d<\/em><\/p>\n\n\n\n<p class=\"wp-block-paragraph\">Konkretnym przyk\u0142adem tego jest przypowie\u015b\u0107 o mi\u0142osiernym Samarytaninie (\u0141k 10,25-37). Podczas gdy kap\u0142an i lewita mijaj\u0105 pobitego cz\u0142owieka, Samarytanin decyduje si\u0119 zatrzyma\u0107 i mu pom\u00f3c. Ta pozornie prosta decyzja odzwierciedla serce otwarte na mi\u0142o\u015b\u0107 Boga i bli\u017aniego. W przeciwie\u0144stwie do tego oboj\u0119tno\u015b\u0107 dw\u00f3ch innych postaci ukazuje zatwardzia\u0142o\u015b\u0107 serca, kt\u00f3ra, gdyby trwa\u0142a, mog\u0142aby oddali\u0107 ich od \u017cycia wiecznego.<\/p>\n\n\n\n<h3 class=\"wp-block-heading\"><strong>Wsp\u00f3\u0142czesny kontekst: wyzwania i mo\u017cliwo\u015bci<\/strong><\/h3>\n\n\n\n<p class=\"wp-block-paragraph\">We wsp\u00f3\u0142czesnym \u015bwiecie, gdzie relatywizm i sekularyzm wydaj\u0105 si\u0119 dominowa\u0107, idea wiecznego przeznaczenia mo\u017ce wydawa\u0107 si\u0119 niewygodna lub nawet wy\u015bmiewana. Jednak to w\u0142a\u015bnie w tym kontek\u015bcie nauczanie Ko\u015bcio\u0142a staje si\u0119 bardziej aktualne. \u017byjemy w kulturze, kt\u00f3ra zach\u0119ca nas do szukania szcz\u0119\u015bcia w ulotnych przyjemno\u015bciach, materialnym sukcesie czy aprobacie innych. Ale wiara katolicka przypomina nam, \u017ce nasze prawdziwe szcz\u0119\u015bcie mo\u017cna znale\u017a\u0107 tylko w Bogu.<\/p>\n\n\n\n<p class=\"wp-block-paragraph\">Papie\u017c Franciszek by\u0142 stanowczym or\u0119downikiem tej prawdy. W swojej adhortacji apostolskiej&nbsp;<em>Gaudete et Exsultate<\/em>&nbsp;zach\u0119ca nas do \u017cycia \u015bwi\u0119to\u015bci\u0105 na co dzie\u0144, przypominaj\u0105c, \u017ce&nbsp;<em>\u201eB\u00f3g wzywa nas do \u015bwi\u0119to\u015bci nie po to, by\u015bmy byli nudni, ale by\u015bmy byli szcz\u0119\u015bliwi.\u201d<\/em>&nbsp;Ta \u015bwi\u0119to\u015b\u0107 nie polega na wielkich heroicznych gestach, ale na codziennych decyzjach mi\u0142o\u015bci, przebaczenia i s\u0142u\u017cby.<\/p>\n\n\n\n<h3 class=\"wp-block-heading\"><strong>Podsumowanie: wieczno\u015b\u0107 kszta\u0142towana przez mi\u0142o\u015b\u0107<\/strong><\/h3>\n\n\n\n<p class=\"wp-block-paragraph\">Wieczne przeznaczenie nie jest abstrakcyjnym czy odleg\u0142ym poj\u0119ciem; to rzeczywisto\u015b\u0107, kt\u00f3ra buduje si\u0119 tu i teraz, w ka\u017cdej decyzji, kt\u00f3r\u0105 podejmujemy. Ka\u017cdy akt mi\u0142o\u015bci, ka\u017cdy gest przebaczenia, ka\u017cdy wysi\u0142ek, by \u017cy\u0107 zgodnie z Ewangeli\u0105, przybli\u017ca nas troch\u0119 bardziej do nieba. I odwrotnie, ka\u017cdy egoistyczny wyb\u00f3r, ka\u017cdy akt oboj\u0119tno\u015bci, oddala nas od pe\u0142ni, kt\u00f3r\u0105 B\u00f3g pragnie dla nas.<\/p>\n\n\n\n<p class=\"wp-block-paragraph\">Jak przypomina nam Katechizm,&nbsp;<em>\u201e\u017cycie wieczne to uczestnictwo w \u017cyciu Boga\u201d<\/em>&nbsp;(KKK 1024). To uczestnictwo nie zaczyna si\u0119 po \u015bmierci, ale w momencie, gdy decydujemy si\u0119 otworzy\u0107 nasze serca na Jego mi\u0142o\u015b\u0107. W ten spos\u00f3b nasze decyzje nie tylko kszta\u0142tuj\u0105 nasz\u0105 wieczno\u015b\u0107, ale tak\u017ce pozwalaj\u0105 nam do\u015bwiadczy\u0107 ju\u017c tu i teraz przedsmaku nieba.<\/p>\n\n\n\n<p class=\"wp-block-paragraph\">Niech ten artyku\u0142 zainspiruje nas do \u017cycia z wi\u0119ksz\u0105 \u015bwiadomo\u015bci\u0105 naszego wiecznego przeznaczenia, przypominaj\u0105c, \u017ce ka\u017cda decyzja, cho\u0107by wydawa\u0142a si\u0119 ma\u0142a, jest krokiem w kierunku wieczno\u015bci. Jak m\u00f3wi nam \u015bw. Pawe\u0142:&nbsp;<em>\u201eWszystko, cokolwiek czynicie, z duszy czy\u0144cie jak dla Pana, a nie dla ludzi, wiedz\u0105c, \u017ce od Pana otrzymacie dziedzictwo jako zap\u0142at\u0119\u201d<\/em>&nbsp;(Kol 3,23-24). Niech nasze \u017cycie b\u0119dzie odzwierciedleniem tej mi\u0142o\u015bci, a nasze decyzje niech prowadz\u0105 nas ostatecznie do wiecznego odpoczynku w Bogu.<\/p>\n","protected":false},"excerpt":{"rendered":"<p>W sercu wiary katolickiej le\u017cy g\u0142\u0119boka i przemieniaj\u0105ca prawda: nasze decyzje w tym \u017cyciu nie tylko wp\u0142ywaj\u0105 na nasz\u0105 tera\u017aniejszo\u015b\u0107, ale maj\u0105 r\u00f3wnie\u017c wieczne konsekwencje. Wieczne przeznaczenie, ten ostateczny horyzont, ku kt\u00f3remu wszyscy zmierzamy, nie jest czym\u015b arbitralnie z g\u00f3ry okre\u015blonym, ale wynikiem wybor\u00f3w, kt\u00f3rych dokonujemy ka\u017cdego dnia. Ten artyku\u0142 ma na celu zbadanie, jak &hellip;<\/p>\n","protected":false},"author":3,"featured_media":2570,"comment_status":"open","ping_status":"open","sticky":false,"template":"","format":"standard","meta":{"_seopress_titles_title":"","_seopress_titles_desc":"","_seopress_robots_index":"","_seopress_robots_follow":"","_seopress_robots_imageindex":"","_seopress_robots_snippet":"","_seopress_robots_primary_cat":"","_seopress_robots_breadcrumbs":"","_seopress_robots_freeze_modified_date":"","_seopress_robots_custom_modified_date":"","_seopress_robots_canonical":"","_seopress_social_fb_title":"","_seopress_social_fb_desc":"","_seopress_social_fb_img":"","_seopress_social_fb_img_attachment_id":0,"_seopress_social_fb_img_width":0,"_seopress_social_fb_img_height":0,"_seopress_social_twitter_title":"","_seopress_social_twitter_desc":"","_seopress_social_twitter_img":"","_seopress_social_twitter_img_attachment_id":0,"_seopress_social_twitter_img_width":0,"_seopress_social_twitter_img_height":0,"_seopress_redirections_value":"","_seopress_redirections_enabled":"","_seopress_redirections_enabled_regex":"","_seopress_redirections_logged_status":"","_seopress_redirections_param":"","_seopress_redirections_type":0,"_seopress_analysis_target_kw":"","footnotes":""},"categories":[37,43],"tags":[605],"class_list":["post-2569","post","type-post","status-publish","format-standard","has-post-thumbnail","","category-doktryna-i-wiara","category-katechizm-kosciola-katolickiego","tag-wieczne-przeznaczenie"],"_links":{"self":[{"href":"https:\/\/catholicus.eu\/pl\/wp-json\/wp\/v2\/posts\/2569","targetHints":{"allow":["GET"]}}],"collection":[{"href":"https:\/\/catholicus.eu\/pl\/wp-json\/wp\/v2\/posts"}],"about":[{"href":"https:\/\/catholicus.eu\/pl\/wp-json\/wp\/v2\/types\/post"}],"author":[{"embeddable":true,"href":"https:\/\/catholicus.eu\/pl\/wp-json\/wp\/v2\/users\/3"}],"replies":[{"embeddable":true,"href":"https:\/\/catholicus.eu\/pl\/wp-json\/wp\/v2\/comments?post=2569"}],"version-history":[{"count":1,"href":"https:\/\/catholicus.eu\/pl\/wp-json\/wp\/v2\/posts\/2569\/revisions"}],"predecessor-version":[{"id":2571,"href":"https:\/\/catholicus.eu\/pl\/wp-json\/wp\/v2\/posts\/2569\/revisions\/2571"}],"wp:featuredmedia":[{"embeddable":true,"href":"https:\/\/catholicus.eu\/pl\/wp-json\/wp\/v2\/media\/2570"}],"wp:attachment":[{"href":"https:\/\/catholicus.eu\/pl\/wp-json\/wp\/v2\/media?parent=2569"}],"wp:term":[{"taxonomy":"category","embeddable":true,"href":"https:\/\/catholicus.eu\/pl\/wp-json\/wp\/v2\/categories?post=2569"},{"taxonomy":"post_tag","embeddable":true,"href":"https:\/\/catholicus.eu\/pl\/wp-json\/wp\/v2\/tags?post=2569"}],"curies":[{"name":"wp","href":"https:\/\/api.w.org\/{rel}","templated":true}]}}