{"id":2541,"date":"2025-03-09T10:22:28","date_gmt":"2025-03-09T09:22:28","guid":{"rendered":"https:\/\/catholicus.eu\/pl\/?p=2541"},"modified":"2025-03-09T10:22:29","modified_gmt":"2025-03-09T09:22:29","slug":"niebo-nie-jest-tym-co-myslisz-prawda-o-zyciu-wiecznym-ktora-moze-odmienic-twoje-zycie","status":"publish","type":"post","link":"https:\/\/catholicus.eu\/pl\/niebo-nie-jest-tym-co-myslisz-prawda-o-zyciu-wiecznym-ktora-moze-odmienic-twoje-zycie\/","title":{"rendered":"Niebo nie jest tym, co my\u015blisz: Prawda o \u017cyciu wiecznym, kt\u00f3ra mo\u017ce odmieni\u0107 twoje \u017cycie"},"content":{"rendered":"\n<p class=\"wp-block-paragraph\">Kiedy my\u015blimy o niebie, wi\u0119kszo\u015b\u0107 z nas wyobra\u017ca sobie idylliczne miejsce wysoko w chmurach, z anio\u0142ami graj\u0105cymi na harfach i niesko\u0144czonym pokojem. Cho\u0107 ten popularny obraz zawiera odrobin\u0119 prawdy, rzeczywisto\u015b\u0107 jest o wiele g\u0142\u0119bsza, pi\u0119kniejsza i bardziej zaskakuj\u0105ca, ni\u017c zwykle sobie wyobra\u017camy.<\/p>\n\n\n\n<p class=\"wp-block-paragraph\">Czego naprawd\u0119 naucza Ko\u015bci\u00f3\u0142 o \u017cyciu wiecznym? Czy niebo jest tylko przysz\u0142ym celem, czy mo\u017ce czym\u015b, czego mo\u017cemy do\u015bwiadczy\u0107 ju\u017c tu, na ziemi? W tym artykule przyjrzymy si\u0119 prawdziwemu znaczeniu nieba, jego pochodzeniu w objawieniu Bo\u017cym i temu, jak ta prawda mo\u017ce zmieni\u0107 nasze \u017cycie ju\u017c dzi\u015b.<\/p>\n\n\n\n<hr class=\"wp-block-separator has-alpha-channel-opacity\"\/>\n\n\n\n<h2 class=\"wp-block-heading\"><strong>1. Czym jest niebo wed\u0142ug wiary katolickiej?<\/strong><\/h2>\n\n\n\n<p class=\"wp-block-paragraph\">Katechizm Ko\u015bcio\u0142a Katolickiego uczy, \u017ce niebo to <strong>\u201estan najwy\u017cszego i ostatecznego szcz\u0119\u015bcia\u201d<\/strong> (KKK 1024). Nie jest to tylko miejsce fizyczne, ale rzeczywisto\u015b\u0107 duchowa, w kt\u00f3rej zbawieni ogl\u0105daj\u0105 Boga <strong>\u201etwarz\u0105 w twarz\u201d<\/strong> (1 Kor 13,12). To w\u0142a\u015bnie to ogl\u0105danie Boga, zwane <strong>\u201ewizj\u0105 uszcz\u0119\u015bliwiaj\u0105c\u0105\u201d<\/strong>, jest ostatecznym celem \u017cycia chrze\u015bcija\u0144skiego: pe\u0142n\u0105 i wieczn\u0105 komuni\u0105 z Bogiem.<\/p>\n\n\n\n<p class=\"wp-block-paragraph\">\u015awi\u0119ty Augustyn opisywa\u0142 niebo jako <strong>\u201eposiadanie Boga na wieczno\u015b\u0107 w niesko\u0144czonej rado\u015bci\u201d<\/strong>. Nie jest to tylko odpoczynek po \u015bmierci, ale pe\u0142nia mi\u0142o\u015bci, sprawiedliwo\u015bci i prawdy. W niebie nasze najg\u0142\u0119bsze pragnienia szcz\u0119\u015bcia i komunii zostan\u0105 ca\u0142kowicie zaspokojone.<\/p>\n\n\n\n<h3 class=\"wp-block-heading\"><strong>Relacja mi\u0142o\u015bci, a nie tylko miejsce<\/strong><\/h3>\n\n\n\n<p class=\"wp-block-paragraph\">Jezus powiedzia\u0142 do swoich uczni\u00f3w:<\/p>\n\n\n\n<blockquote class=\"wp-block-quote is-layout-flow wp-block-quote-is-layout-flow\">\n<p class=\"wp-block-paragraph\"><em>\u201eId\u0119 przygotowa\u0107 wam miejsce\u2026 aby\u015bcie i wy byli tam, gdzie Ja jestem\u201d (J 14,2-3).<\/em><\/p>\n<\/blockquote>\n\n\n\n<p class=\"wp-block-paragraph\">Te s\u0142owa pokazuj\u0105 nam, \u017ce niebo to nie tylko przysz\u0142y cel, ale <strong>stan jedno\u015bci z Chrystusem<\/strong>. Nie jest to po prostu \u201emiejsce\u201d, ale doskona\u0142a relacja mi\u0142o\u015bci z Bogiem.<\/p>\n\n\n\n<hr class=\"wp-block-separator has-alpha-channel-opacity\"\/>\n\n\n\n<h2 class=\"wp-block-heading\"><strong>2. Jak niebo by\u0142o rozumiane w historii zbawienia?<\/strong><\/h2>\n\n\n\n<p class=\"wp-block-paragraph\">Koncepcja nieba rozwija\u0142a si\u0119 na przestrzeni historii biblijnej i tradycji Ko\u015bcio\u0142a:<\/p>\n\n\n\n<ul class=\"wp-block-list\">\n<li><strong>W Starym Testamencie<\/strong> idea nieba nie by\u0142a tak jasna, jak dzisiaj. Izraelici m\u00f3wili o <em>Szeolu<\/em>, mrocznym miejscu, do kt\u00f3rego trafiali zmarli. Jednak z czasem B\u00f3g stopniowo objawia\u0142 nadziej\u0119 na \u017cycie wieczne z Nim. Prorok Daniel zapowiada\u0142: <em>\u201eWielu z tych, kt\u00f3rzy \u015bpi\u0105 w prochu ziemi, zbudzi si\u0119: jedni do \u017cycia wiecznego, drudzy ku ha\u0144bie i wiecznej odrazie\u201d (Dn 12,2).<\/em><\/li>\n\n\n\n<li><strong>W Nowym Testamencie<\/strong> Jezus objawia nam niebo jako dom Ojca: <em>\u201eW domu Ojca mego jest mieszka\u0144 wiele\u201d (J 14,2).<\/em> Jezus m\u00f3wi o niebie nie tylko jako o przysz\u0142ym miejscu, ale jako o czym\u015b, co zaczyna si\u0119 ju\u017c tutaj, w naszej relacji z Nim.<\/li>\n\n\n\n<li><strong>W tradycji Ko\u015bcio\u0142a<\/strong> \u015bwi\u0119ci i doktorzy opisywali niebo jako pe\u0142ni\u0119 \u015bwiat\u0142a, rado\u015bci i niewyobra\u017calnego szcz\u0119\u015bcia. \u015awi\u0119ty Tomasz z Akwinu naucza\u0142, \u017ce wizja uszcz\u0119\u015bliwiaj\u0105ca pozwoli nam <strong>uczestniczy\u0107 w samym \u017cyciu Boga<\/strong>, a \u015bwi\u0119ty Jan od Krzy\u017ca m\u00f3wi\u0142 o niebie jako <strong>o pe\u0142nej i doskona\u0142ej mi\u0142o\u015bci w Bogu<\/strong>.<\/li>\n<\/ul>\n\n\n\n<hr class=\"wp-block-separator has-alpha-channel-opacity\"\/>\n\n\n\n<h2 class=\"wp-block-heading\"><strong>3. Kiedy zaczyna si\u0119 nasze \u017cycie w niebie?<\/strong><\/h2>\n\n\n\n<p class=\"wp-block-paragraph\">Oto zaskakuj\u0105ca prawda: <strong>niebo nie zaczyna si\u0119 dopiero po \u015bmierci, ale ju\u017c teraz<\/strong>.<\/p>\n\n\n\n<p class=\"wp-block-paragraph\">Je\u015bli niebo to jedno\u015b\u0107 z Bogiem, to ka\u017cdy, kto \u017cyje w \u0142asce u\u015bwi\u0119caj\u0105cej, ju\u017c w nim uczestniczy. Kiedy kochamy, przebaczamy i \u017cyjemy w Bogu, do\u015bwiadczamy przedsmaku nieba. Jak powiedzia\u0142a \u015bwi\u0119ta Teresa z Lisieux:<\/p>\n\n\n\n<blockquote class=\"wp-block-quote is-layout-flow wp-block-quote-is-layout-flow\">\n<p class=\"wp-block-paragraph\"><em>\u201eNie umieram, wchodz\u0119 w \u017cycie.\u201d<\/em><\/p>\n<\/blockquote>\n\n\n\n<p class=\"wp-block-paragraph\">To ca\u0142kowicie zmienia nasz\u0105 wizj\u0119 nieba: <strong>nie jest ono tylko odleg\u0142ym celem, ale rzeczywisto\u015bci\u0105, kt\u00f3ra zaczyna si\u0119 tu i teraz<\/strong>.<\/p>\n\n\n\n<hr class=\"wp-block-separator has-alpha-channel-opacity\"\/>\n\n\n\n<h2 class=\"wp-block-heading\"><strong>4. Kto mo\u017ce wej\u015b\u0107 do nieba?<\/strong><\/h2>\n\n\n\n<p class=\"wp-block-paragraph\">Nauczanie Ko\u015bcio\u0142a jest jasne: <strong>niebo jest dla wszystkich, kt\u00f3rzy umieraj\u0105 w przyja\u017ani z Bogiem<\/strong>. Jezus umar\u0142, aby otworzy\u0107 nam bramy nieba, ale szanuje nasz\u0105 wolno\u015b\u0107. \u015awi\u0119ty Pawe\u0142 m\u00f3wi nam:<\/p>\n\n\n\n<blockquote class=\"wp-block-quote is-layout-flow wp-block-quote-is-layout-flow\">\n<p class=\"wp-block-paragraph\"><em>\u201eAni oko nie widzia\u0142o, ani ucho nie s\u0142ysza\u0142o, ani serce cz\u0142owieka nie zdo\u0142a\u0142o poj\u0105\u0107, co B\u00f3g przygotowa\u0142 tym, kt\u00f3rzy Go mi\u0142uj\u0105\u201d (1 Kor 2,9).<\/em><\/p>\n<\/blockquote>\n\n\n\n<h3 class=\"wp-block-heading\"><strong>Co dzieje si\u0119 z duszami, kt\u00f3re nie s\u0105 jeszcze gotowe?<\/strong><\/h3>\n\n\n\n<p class=\"wp-block-paragraph\">Tutaj pojawia si\u0119 nauka o <strong>czy\u015b\u0107cu<\/strong>, kt\u00f3ry jest stanem oczyszczenia dla dusz, kt\u00f3re umar\u0142y w stanie \u0142aski, ale nie s\u0105 jeszcze ca\u0142kowicie gotowe na spotkanie z Bogiem. Nie jest to kara, lecz wyraz Bo\u017cej mi\u0142o\u015bci, kt\u00f3ra oczyszcza nas, aby\u015bmy mogli przyj\u0105\u0107 Jego chwa\u0142\u0119.<\/p>\n\n\n\n<hr class=\"wp-block-separator has-alpha-channel-opacity\"\/>\n\n\n\n<h2 class=\"wp-block-heading\"><strong>5. Jak \u017cy\u0107 dzi\u015b z my\u015bl\u0105 o niebie?<\/strong><\/h2>\n\n\n\n<p class=\"wp-block-paragraph\">\u015awiadomo\u015b\u0107, \u017ce niebo jest naszym celem i \u017ce mo\u017cemy zacz\u0105\u0107 je prze\u017cywa\u0107 ju\u017c teraz, zach\u0119ca nas do zmiany sposobu \u017cycia. Jak mo\u017cemy to zrobi\u0107?<\/p>\n\n\n\n<h3 class=\"wp-block-heading\"><strong>1. \u017by\u0107 w \u0142asce<\/strong><\/h3>\n\n\n\n<p class=\"wp-block-paragraph\">Grzech oddziela nas od Boga, ale Jego mi\u0142osierdzie zawsze nas przywo\u0142uje. Spowied\u017a i Eucharystia to kluczowe drogi do utrzymania naszej duszy w gotowo\u015bci na wieczno\u015b\u0107.<\/p>\n\n\n\n<h3 class=\"wp-block-heading\"><strong>2. Kocha\u0107 bez granic<\/strong><\/h3>\n\n\n\n<p class=\"wp-block-paragraph\">W niebie nie b\u0119dzie urazy ani nienawi\u015bci. Dlaczego wi\u0119c nie zacz\u0105\u0107 ju\u017c teraz? Przebaczenie i mi\u0142o\u015b\u0107 bli\u017aniego s\u0105 pr\u00f3b\u0105 generaln\u0105 przed \u017cyciem wiecznym.<\/p>\n\n\n\n<h3 class=\"wp-block-heading\"><strong>3. Szuka\u0107 obecno\u015bci Boga<\/strong><\/h3>\n\n\n\n<p class=\"wp-block-paragraph\">Mo\u017cemy do\u015bwiadcza\u0107 nieba na ziemi, gdy si\u0119 modlimy, rozpoznajemy Chrystusa w innych i \u017cyjemy z nadziej\u0105.<\/p>\n\n\n\n<h3 class=\"wp-block-heading\"><strong>4. Nie ba\u0107 si\u0119 \u015bmierci<\/strong><\/h3>\n\n\n\n<p class=\"wp-block-paragraph\">\u015amier\u0107 nie jest ko\u0144cem, ale pocz\u0105tkiem prawdziwego \u017cycia. \u015awi\u0119ty Franciszek z Asy\u017cu nazywa\u0142 \u015bmier\u0107 <strong>\u201esiostr\u0105\u201d<\/strong>, poniewa\u017c prowadzi nas w obj\u0119cia Boga na wieczno\u015b\u0107.<\/p>\n\n\n\n<hr class=\"wp-block-separator has-alpha-channel-opacity\"\/>\n\n\n\n<h2 class=\"wp-block-heading\"><strong>Zako\u0144czenie: Niebo nie jest snem, ale nasz\u0105 przysz\u0142\u0105 rzeczywisto\u015bci\u0105<\/strong><\/h2>\n\n\n\n<p class=\"wp-block-paragraph\">Niebo nie jest iluzj\u0105 ani bajk\u0105 wymy\u015blon\u0105 dla pocieszenia. Jest najwi\u0119ksz\u0105 prawd\u0105 naszej wiary. To pe\u0142na komunia z Bogiem i \u015bwi\u0119tymi. To pe\u0142nia mi\u0142o\u015bci i nieko\u0144cz\u0105cego si\u0119 szcz\u0119\u015bcia.<\/p>\n\n\n\n<p class=\"wp-block-paragraph\">Je\u015bli b\u0119dziemy \u017cy\u0107 t\u0105 pewno\u015bci\u0105, nasze podej\u015bcie do mi\u0142o\u015bci, cierpienia i nadziei si\u0119 zmieni. Jezus obieca\u0142 nam niebo. Nie jest to tylko miejsce, do kt\u00f3rego p\u00f3jdziemy po \u015bmierci, ale rzeczywisto\u015b\u0107, kt\u00f3ra zaczyna si\u0119 ju\u017c teraz \u2013 w ka\u017cdym akcie mi\u0142o\u015bci, w ka\u017cdej modlitwie i w ka\u017cdym ofiarowanym Bogu wyrzeczeniu.<\/p>\n\n\n\n<p class=\"wp-block-paragraph\">Niech nasze \u017cycie na ziemi b\u0119dzie przygotowaniem do nieba, aby gdy nadejdzie chwila, nie bali\u015bmy si\u0119 przekroczy\u0107 progu, kt\u00f3ry poprowadzi nas do obecno\u015bci Boga na wieczno\u015b\u0107.<\/p>\n\n\n\n<blockquote class=\"wp-block-quote is-layout-flow wp-block-quote-is-layout-flow\">\n<p class=\"wp-block-paragraph\"><em>\u201eP\u00f3jd\u017acie, b\u0142ogos\u0142awieni Ojca mego, we\u017acie w posiadanie kr\u00f3lestwo przygotowane dla was od za\u0142o\u017cenia \u015bwiata\u201d (Mt 25,34).<\/em><\/p>\n<\/blockquote>\n","protected":false},"excerpt":{"rendered":"<p>Kiedy my\u015blimy o niebie, wi\u0119kszo\u015b\u0107 z nas wyobra\u017ca sobie idylliczne miejsce wysoko w chmurach, z anio\u0142ami graj\u0105cymi na harfach i niesko\u0144czonym pokojem. Cho\u0107 ten popularny obraz zawiera odrobin\u0119 prawdy, rzeczywisto\u015b\u0107 jest o wiele g\u0142\u0119bsza, pi\u0119kniejsza i bardziej zaskakuj\u0105ca, ni\u017c zwykle sobie wyobra\u017camy. Czego naprawd\u0119 naucza Ko\u015bci\u00f3\u0142 o \u017cyciu wiecznym? Czy niebo jest tylko przysz\u0142ym celem, &hellip;<\/p>\n","protected":false},"author":3,"featured_media":2542,"comment_status":"open","ping_status":"open","sticky":false,"template":"","format":"standard","meta":{"_seopress_titles_title":"","_seopress_titles_desc":"","_seopress_robots_index":"","_seopress_robots_follow":"","_seopress_robots_imageindex":"","_seopress_robots_snippet":"","_seopress_robots_primary_cat":"","_seopress_robots_breadcrumbs":"","_seopress_robots_freeze_modified_date":"","_seopress_robots_custom_modified_date":"","_seopress_robots_canonical":"","_seopress_social_fb_title":"","_seopress_social_fb_desc":"","_seopress_social_fb_img":"","_seopress_social_fb_img_attachment_id":0,"_seopress_social_fb_img_width":0,"_seopress_social_fb_img_height":0,"_seopress_social_twitter_title":"","_seopress_social_twitter_desc":"","_seopress_social_twitter_img":"","_seopress_social_twitter_img_attachment_id":0,"_seopress_social_twitter_img_width":0,"_seopress_social_twitter_img_height":0,"_seopress_redirections_value":"","_seopress_redirections_enabled":"","_seopress_redirections_enabled_regex":"","_seopress_redirections_logged_status":"","_seopress_redirections_param":"","_seopress_redirections_type":0,"_seopress_analysis_target_kw":"","footnotes":""},"categories":[37,43],"tags":[596],"class_list":["post-2541","post","type-post","status-publish","format-standard","has-post-thumbnail","","category-doktryna-i-wiara","category-katechizm-kosciola-katolickiego","tag-niebo"],"_links":{"self":[{"href":"https:\/\/catholicus.eu\/pl\/wp-json\/wp\/v2\/posts\/2541","targetHints":{"allow":["GET"]}}],"collection":[{"href":"https:\/\/catholicus.eu\/pl\/wp-json\/wp\/v2\/posts"}],"about":[{"href":"https:\/\/catholicus.eu\/pl\/wp-json\/wp\/v2\/types\/post"}],"author":[{"embeddable":true,"href":"https:\/\/catholicus.eu\/pl\/wp-json\/wp\/v2\/users\/3"}],"replies":[{"embeddable":true,"href":"https:\/\/catholicus.eu\/pl\/wp-json\/wp\/v2\/comments?post=2541"}],"version-history":[{"count":1,"href":"https:\/\/catholicus.eu\/pl\/wp-json\/wp\/v2\/posts\/2541\/revisions"}],"predecessor-version":[{"id":2543,"href":"https:\/\/catholicus.eu\/pl\/wp-json\/wp\/v2\/posts\/2541\/revisions\/2543"}],"wp:featuredmedia":[{"embeddable":true,"href":"https:\/\/catholicus.eu\/pl\/wp-json\/wp\/v2\/media\/2542"}],"wp:attachment":[{"href":"https:\/\/catholicus.eu\/pl\/wp-json\/wp\/v2\/media?parent=2541"}],"wp:term":[{"taxonomy":"category","embeddable":true,"href":"https:\/\/catholicus.eu\/pl\/wp-json\/wp\/v2\/categories?post=2541"},{"taxonomy":"post_tag","embeddable":true,"href":"https:\/\/catholicus.eu\/pl\/wp-json\/wp\/v2\/tags?post=2541"}],"curies":[{"name":"wp","href":"https:\/\/api.w.org\/{rel}","templated":true}]}}